{"id":5139,"date":"2023-12-11T06:51:31","date_gmt":"2023-12-11T09:51:31","guid":{"rendered":"https:\/\/minutobahia24h.com.br\/?p=5139"},"modified":"2023-12-11T06:51:32","modified_gmt":"2023-12-11T09:51:32","slug":"pesquisa-paranaense-pode-ser-1a-no-brasil-a-fazer-uso-clinico-de-substancia-psicodelica-de-cogumelo-no-combate-a-depressao-conheca","status":"publish","type":"post","link":"https:\/\/minutobahia24h.com.br\/?p=5139","title":{"rendered":"Pesquisa paranaense pode ser 1\u00aa no Brasil a fazer uso cl\u00ednico de subst\u00e2ncia psicod\u00e9lica de cogumelo no combate \u00e0 depress\u00e3o; conhe\u00e7a"},"content":{"rendered":"\n<p>Usar a subst\u00e2ncia psicod\u00e9lica chamada psilocibina para tratar pessoas com depress\u00e3o \u00e9 o objetivo de uma pesquisa que vem sendo desenvolvida por cientistas da Universidade Federal da Integra\u00e7\u00e3o Latino-Americana (Unila), em\u00a0<a class=\"\" href=\"https:\/\/g1.globo.com\/pr\/oeste-sudoeste\/cidade\/foz-do-iguacu\/\">Foz do Igua\u00e7u<\/a>, no oeste do Paran\u00e1. Estudos com a subst\u00e2ncia encontrada em cogumelos n\u00e3o s\u00e3o novidade, mas o trabalho desenvolvido no Paran\u00e1 pode se tornar o primeiro no Brasil a fazer uso cl\u00ednico da subst\u00e2ncia em seres humanos.<\/p>\n\n\n\n<p>O acad\u00eamico de medicina Gabriel Curan Pontieri, autor do projeto de pesquisa, explicou que o estudo foi aprovado pelo Comit\u00ea de \u00c9tica e Pesquisa da institui\u00e7\u00e3o, parte essencial para o in\u00edcio do ensaio cl\u00ednico em seres humanos.<\/p>\n\n\n\n<blockquote class=\"wp-block-quote is-layout-flow wp-block-quote-is-layout-flow\">\n<p>&#8220;Ent\u00e3o a gente est\u00e1 em um est\u00e1gio apenas de esperar a aprova\u00e7\u00e3o da Anvisa (Ag\u00eancia Nacional de Vigil\u00e2ncia Sanit\u00e1ria) da importa\u00e7\u00e3o do produto&#8221;, explicou.<\/p>\n<\/blockquote>\n\n\n\n<p>A subst\u00e2ncia \u00e9 de uso proibido no Brasil, mas a exce\u00e7\u00e3o para que possa ser utilizada em humanos est\u00e1, justamente, na aplica\u00e7\u00e3o dela para fins de pesquisas e trabalhos, como \u00e9 o caso do estudo.<\/p>\n\n\n\n<p>A previs\u00e3o \u00e9 que o recrutamento de volunt\u00e1rios para o ensaio cl\u00ednico ocorra entre fevereiro e mar\u00e7o de 2024, com in\u00edcio do uso da subst\u00e2ncia pelos volunt\u00e1rios a partir de maio.\u00a0<strong>Veja abaixo como deve funcionar<\/strong>.<\/p>\n\n\n\n<p>O estudo, que \u00e9 orientado pelo professor e p\u00f3s-doutor em neurofarmacologia, Francisney Nascimento, conta tamb\u00e9m com a participa\u00e7\u00e3o de outros m\u00e9dicos, psic\u00f3logos, psiquiatras, farmac\u00eauticos, bi\u00f3logos, estudantes de medicina e do mestrado em bioci\u00eancia da Unila.<\/p>\n\n\n\n<p>Dados da Organiza\u00e7\u00e3o Pan-Americana da Sa\u00fade (Opas) estimam que pelo menos 300 milh\u00f5es de pessoas sofrem com a doen\u00e7a no mundo. No Brasil, segundo a Organiza\u00e7\u00e3o Mundial da Sa\u00fade (OMS), 5,8% da popula\u00e7\u00e3o tem depress\u00e3o, o que representa cerca de 11,5 milh\u00f5es de casos.<\/p>\n\n\n<div class=\"wp-block-image\">\n<figure class=\"aligncenter size-full\"><img data-recalc-dims=\"1\" fetchpriority=\"high\" decoding=\"async\" width=\"800\" height=\"449\" src=\"https:\/\/i0.wp.com\/minutobahia24h.com.br\/wp-content\/uploads\/2023\/12\/Sem-titulo-95.jpg?resize=800%2C449&#038;ssl=1\" alt=\"\" class=\"wp-image-5141\" srcset=\"https:\/\/i0.wp.com\/minutobahia24h.com.br\/wp-content\/uploads\/2023\/12\/Sem-titulo-95.jpg?w=983&amp;ssl=1 983w, https:\/\/i0.wp.com\/minutobahia24h.com.br\/wp-content\/uploads\/2023\/12\/Sem-titulo-95.jpg?resize=300%2C168&amp;ssl=1 300w, https:\/\/i0.wp.com\/minutobahia24h.com.br\/wp-content\/uploads\/2023\/12\/Sem-titulo-95.jpg?resize=768%2C431&amp;ssl=1 768w, https:\/\/i0.wp.com\/minutobahia24h.com.br\/wp-content\/uploads\/2023\/12\/Sem-titulo-95.jpg?resize=750%2C421&amp;ssl=1 750w\" sizes=\"(max-width: 800px) 100vw, 800px\" \/><figcaption class=\"wp-element-caption\">A psilocibina \u00e9 um composto presente em cogumelos alucin\u00f3genos \u2014 Foto: Getty Images\/BBC<br><\/figcaption><\/figure>\n<\/div>\n\n\n<h2 class=\"wp-block-heading\">Benef\u00edcios da psilocibina no tratamento contra depress\u00e3o<\/h2>\n\n\n\n<p>A chamada &#8220;doen\u00e7a do s\u00e9culo&#8221; tem desafiado cientistas, especialmente pelos atuais tratamentos dispon\u00edveis que s\u00e3o limitados quanto a atua\u00e7\u00e3o qu\u00edmica, segundo o professor Francisney Nascimento.<\/p>\n\n\n\n<p>Nascimento explicou que estudos desenvolvidos com a subst\u00e2ncia psicod\u00e9lica em pa\u00edses como Estados Unidos e Inglaterra mostraram resultados promissores para tratamento de depress\u00e3o, entre eles, o al\u00edvio dos sintomas da doen\u00e7a.<\/p>\n\n\n\n<p>Outro diferencial, segundo o professor, \u00e9 o resultado r\u00e1pido no combate \u00e0 doen\u00e7a, muitas vezes com pouqu\u00edssimas ou apenas uma administra\u00e7\u00e3o de dose da subst\u00e2ncia.<\/p>\n\n\n\n<p>Este \u00e9, inclusive, um dos grande diferenciais da psilocibina em rela\u00e7\u00e3o ao medicamentos apresentados at\u00e9 o momento, segundo Nascimento.<\/p>\n\n\n\n<blockquote class=\"wp-block-quote is-layout-flow wp-block-quote-is-layout-flow\">\n<p>\u201cA maioria das pessoas tomando antidepressivo n\u00e3o est\u00e3o melhores. Os medicamentos atuais s\u00e3o muito limitados, sem contar os efeitos adversos, como perda de peso e libido ou problemas gastrointestinais muitas vezes&#8221;, destacou o neurofarmacologista.<\/p>\n<\/blockquote>\n\n\n\n<figure class=\"wp-block-image\"><img data-recalc-dims=\"1\" decoding=\"async\" src=\"https:\/\/i0.wp.com\/s2-g1.glbimg.com\/G46ebZIXRC4FsDrrxXUfHgXnerI%3D\/0x0%3A1279x704\/984x0\/smart\/filters%3Astrip_icc%28%29\/i.s3.glbimg.com\/v1\/AUTH_59edd422c0c84a879bd37670ae4f538a\/internal_photos\/bs\/2022\/z\/s\/YgCh7MTlusTxAfhtIjbg\/professor-nascimento-unila.png?w=800&#038;ssl=1\" alt=\"Nascimento explica sobre a\u00e7\u00e3o da psilocibina no tratamento contra depress\u00e3o \u2014 Foto: g1 PR\"\/><\/figure>\n\n\n\n<p>Nascimento explica sobre a\u00e7\u00e3o da psilocibina no tratamento contra depress\u00e3o \u2014 Foto: g1 PR<\/p>\n\n\n\n<p>O professor detalha, ainda, que os medicamentos dispon\u00edveis atualmente para tratamento de casos de depress\u00e3o atuam apenas bioquimicamente, aumentando n\u00edveis de neurotransmissores que s\u00e3o essenciais para o humor.<\/p>\n\n\n\n<blockquote class=\"wp-block-quote is-layout-flow wp-block-quote-is-layout-flow\">\n<p>&#8220;A psilocibina se mostra tamb\u00e9m eficaz para outras percep\u00e7\u00f5es, vis\u00f5es como uma intensa psicoterapia [&#8230;] Al\u00e9m do efeito qu\u00edmico, o paciente tamb\u00e9m tem efeitos de pensamento, introspec\u00e7\u00e3o\u201d, destacou o professor.<\/p>\n\n\n\n<h2 class=\"wp-block-heading\">Como a subst\u00e2ncia atua no corpo<\/h2>\n\n\n\n<figure class=\"wp-block-image\"><img data-recalc-dims=\"1\" decoding=\"async\" src=\"https:\/\/i0.wp.com\/s2-g1.glbimg.com\/XbleGBIAH-kLZBLfnv99UIPCzM0%3D\/0x0%3A640x360\/984x0\/smart\/filters%3Astrip_icc%28%29\/i.s3.glbimg.com\/v1\/AUTH_59edd422c0c84a879bd37670ae4f538a\/internal_photos\/bs\/2022\/j\/0\/deBcWIRLGinthLnZEBog\/thumbnail-image005-25-.jpg?w=800&#038;ssl=1\" alt=\"Conex\u00f5es entre diferentes regi\u00f5es do c\u00e9rebro aumentaram em pacientes deprimidos que receberam psilocibina \u2014 Foto: Getty Images via BBC\"\/><\/figure>\n\n\n\n<p>Conex\u00f5es entre diferentes regi\u00f5es do c\u00e9rebro aumentaram em pacientes deprimidos que receberam psilocibina \u2014 Foto: Getty Images via BBC<\/p>\n\n\n\n<p>O professor Nascimento tamb\u00e9m explica o funcionamento da subst\u00e2ncia. Na pr\u00e1tica, ela age nas prote\u00ednas receptoras presentes no c\u00e9rebro chamadas 5HT2A, tamb\u00e9m conhecidas como receptores de serotonina.<\/p>\n\n\n\n<p>Elas ficam localizadas em regi\u00f5es mais externas do enc\u00e9falo do c\u00e9rebro, como no c\u00f3rtex pr\u00e9-frontal e tamb\u00e9m em regi\u00f5es do sistema de emo\u00e7\u00f5es, chamado sistema l\u00edmbico, respons\u00e1vel por todas as respostas emocionais, como comportamentos e mem\u00f3rias.<\/p>\n\n\n\n<blockquote class=\"wp-block-quote is-layout-flow wp-block-quote-is-layout-flow\">\n<p>&#8220;O estresse, o medo e todas as quest\u00f5es que levam a depress\u00e3o, com o tempo levam a um decaimento do n\u00famero de neur\u00f4nios ativos ou sinapses, que s\u00e3o os contatos entre os neur\u00f4nios, e assim a psilocibina leva a novos dendritos, que s\u00e3o novas por\u00e7\u00f5es de neur\u00f4nios\u201d, explicou o professor.<\/p>\n<\/blockquote>\n\n\n\n<p>Quando a psilocibina est\u00e1 no organismo, completa o professor, ela tem a capacidade de agir nos neur\u00f4nios de diferentes formas, sendo um fator importante no tratamento de depress\u00e3o, uma vez que as subst\u00e2ncias geradas pela doen\u00e7a no corpo matam as c\u00e9lulas respons\u00e1veis por transmitir est\u00edmulos ao c\u00e9rebro.<\/p>\n\n\n\n<blockquote class=\"wp-block-quote is-layout-flow wp-block-quote-is-layout-flow\">\n<p>&#8220;Ela contribui assim, com serotonina [relacionada ao bem-estar], com esse transmissor importante e tamb\u00e9m fazendo um processo de regenera\u00e7\u00e3o, fortalecendo neur\u00f4nios de regi\u00f5es espec\u00edficas e que porventura estejam mortos ou doentes ou disfuncionais e isso implica no comportamento de depress\u00e3o&#8221;, afirmou Nascimento.<\/p>\n<\/blockquote>\n\n\n\n<h2 class=\"wp-block-heading\">Capacidade de adapta\u00e7\u00e3o<\/h2>\n\n\n\n<p>Outro benef\u00edcio da terapia a partir do uso da psilocibina \u00e9 o efeito de neuroplasticidade, que na pr\u00e1tica \u00e9 a capacidade do sistema nervoso central de se adaptar a novas situa\u00e7\u00f5es, efeito esse que perdura ap\u00f3s o uso da subst\u00e2ncia, segundo Gabriel Curan Pontieri, que desenvolveu a pesquisa.<\/p>\n\n\n\n<p>Para o pesquisador, um dos diferenciais do uso deste tipo de subst\u00e2ncia est\u00e1 na possibilidade de provocar neucinapses, que s\u00e3o as novas conex\u00f5es entre os neur\u00f4nios e estado mental de flexibilidade cognitiva.<\/p>\n\n\n\n<p>&#8220;No c\u00e9rebro a subst\u00e2ncia vai aumentar a capacidade de se moldar a novas situa\u00e7\u00f5es, novos pensamentos, novas concep\u00e7\u00f5es, novos aprendizados e nesse processo intuitivo \u00e9 que eles [pacientes] s\u00e3o capazes de ressignificar traumas, ressignificar cren\u00e7as disfuncionais de uma forma muito mais intensiva do que numa terapia convencional, que demoraria muito tempo&#8221;, explicou o acad\u00eamico.<\/p>\n\n\n\n<figure class=\"wp-block-image\"><img data-recalc-dims=\"1\" decoding=\"async\" src=\"https:\/\/i0.wp.com\/s2-g1.glbimg.com\/I93QRk_mmgofJQ9jVOzeDYQDM64%3D\/0x0%3A576x299\/984x0\/smart\/filters%3Astrip_icc%28%29\/i.s3.glbimg.com\/v1\/AUTH_59edd422c0c84a879bd37670ae4f538a\/internal_photos\/bs\/2023\/P\/4\/BKFpYGTOKyBaJf8n1zZw\/image-3-.png?w=800&#038;ssl=1\" alt=\"Gabriel desenvolveu projeto de pesquisa no PR para uso de psilocibina no tratamento contre depress\u00e3o \u2014 Foto: Reprodu\u00e7\u00e3o g1\"\/><\/figure>\n\n\n\n<p>Gabriel desenvolveu projeto de pesquisa no PR para uso de psilocibina no tratamento contre depress\u00e3o \u2014 Foto: Reprodu\u00e7\u00e3o g1<\/p>\n\n\n\n<h2 class=\"wp-block-heading\">Como ser\u00e1 o ensaio cl\u00ednico no Paran\u00e1<\/h2>\n\n\n\n<p>O pr\u00f3ximo passo ap\u00f3s a aprova\u00e7\u00e3o da importa\u00e7\u00e3o da psilocibina pela Anvisa ser\u00e1 o recrutamento de volunt\u00e1rios para o in\u00edcio da parte cl\u00ednica.<\/p>\n\n\n\n<p>De acordo com os pesquisadores, ser\u00e3o selecionados 40 pacientes que t\u00eam depress\u00e3o h\u00e1 alguns anos e que n\u00e3o respondem bem aos tratamentos atuais.<\/p>\n\n\n\n<p>Antes do uso da subst\u00e2ncia, os pacientes passar\u00e3o por sess\u00f5es para compreender o processo terap\u00eautico e tamb\u00e9m para que os profissionais possam conhecer melhor cada volunt\u00e1rio.<\/p>\n\n\n\n<figure class=\"wp-block-image\"><img data-recalc-dims=\"1\" decoding=\"async\" src=\"https:\/\/i0.wp.com\/s2-g1.glbimg.com\/KJeb1ORTWUnylHdG8M3fpCvW8zM%3D\/0x0%3A800x450\/984x0\/smart\/filters%3Astrip_icc%28%29\/i.s3.glbimg.com\/v1\/AUTH_59edd422c0c84a879bd37670ae4f538a\/internal_photos\/bs\/2023\/z\/0\/vaQUTsS7GIVXvD12eusA\/foto-3-normas-atuais-podem-ser-interpretadas-de-formas-diversas-devido-a-natureza-pouco-especifica-das-leis.jpg?w=800&#038;ssl=1\" alt=\"Normas atuais podem ser interpretadas de formas diversas devido \u00e0 natureza pouco espec\u00edfica das leis \u2014 Foto: Getty Images via BBC\"\/><\/figure>\n\n\n\n<p>Normas atuais podem ser interpretadas de formas diversas devido \u00e0 natureza pouco espec\u00edfica das leis \u2014 Foto: Getty Images via BBC<\/p>\n\n\n\n<p>Ap\u00f3s isso, a psilocibina ser\u00e1 oferecida em c\u00e1psulas, como nos tratamentos convencionais, em uma cl\u00ednica. Ap\u00f3s a ingest\u00e3o, o paciente ser\u00e1 assistido por oito horas por um m\u00e9dico e um psic\u00f3logo, sempre sendo um profissional do sexo masculino e outro do sexo feminino.<\/p>\n\n\n\n<blockquote class=\"wp-block-quote is-layout-flow wp-block-quote-is-layout-flow\">\n<p>&#8220;A subst\u00e2ncia vem em capsula, como medicamente e a administra\u00e7\u00e3o dessa subst\u00e2ncia vai ser dentro de consult\u00f3rio, n\u00e3o \u00e9 algo que a pessoa sai e vai tomando. [&#8230;] O efeito (da psilocibina) dura aproximadamente entre quatro a seis horas. [&#8230;] Ent\u00e3o oito horas \u00e9 para garantir que a pessoa saia sem efeito nenhum e acompanhada por alguma pessoa de confian\u00e7a dela&#8221;, explicou Gabriel.<\/p>\n<\/blockquote>\n\n\n\n<p>Ap\u00f3s os teste cl\u00ednicos, os resultados ser\u00e3o compilados para mensurar os efeitos da subst\u00e2ncia nos volunt\u00e1rios e tra\u00e7ar novos planos para quem sabe, no futuro, a popula\u00e7\u00e3o ter \u00e0 disposi\u00e7\u00e3o novas op\u00e7\u00f5es para tratar depress\u00e3o e outras patologias contempor\u00e2neas.<\/p>\n<\/blockquote>\n","protected":false},"excerpt":{"rendered":"<p>Usar a subst\u00e2ncia psicod\u00e9lica chamada psilocibina para tratar pessoas com depress\u00e3o \u00e9 o objetivo de uma pesquisa que vem sendo desenvolvida por cientistas da Universidade Federal da Integra\u00e7\u00e3o Latino-Americana (Unila), em\u00a0Foz do Igua\u00e7u, no oeste do Paran\u00e1. Estudos com a subst\u00e2ncia encontrada em cogumelos n\u00e3o s\u00e3o novidade, mas o trabalho desenvolvido no Paran\u00e1 pode se [&hellip;]<\/p>\n","protected":false},"author":2,"featured_media":5141,"comment_status":"open","ping_status":"open","sticky":false,"template":"","format":"standard","meta":{"_jetpack_memberships_contains_paid_content":false,"footnotes":""},"categories":[18],"tags":[],"class_list":["post-5139","post","type-post","status-publish","format-standard","has-post-thumbnail","hentry","category-saude"],"aioseo_notices":[],"jetpack_featured_media_url":"https:\/\/i0.wp.com\/minutobahia24h.com.br\/wp-content\/uploads\/2023\/12\/Sem-titulo-95.jpg?fit=983%2C552&ssl=1","jetpack_sharing_enabled":true,"_links":{"self":[{"href":"https:\/\/minutobahia24h.com.br\/index.php?rest_route=\/wp\/v2\/posts\/5139","targetHints":{"allow":["GET"]}}],"collection":[{"href":"https:\/\/minutobahia24h.com.br\/index.php?rest_route=\/wp\/v2\/posts"}],"about":[{"href":"https:\/\/minutobahia24h.com.br\/index.php?rest_route=\/wp\/v2\/types\/post"}],"author":[{"embeddable":true,"href":"https:\/\/minutobahia24h.com.br\/index.php?rest_route=\/wp\/v2\/users\/2"}],"replies":[{"embeddable":true,"href":"https:\/\/minutobahia24h.com.br\/index.php?rest_route=%2Fwp%2Fv2%2Fcomments&post=5139"}],"version-history":[{"count":1,"href":"https:\/\/minutobahia24h.com.br\/index.php?rest_route=\/wp\/v2\/posts\/5139\/revisions"}],"predecessor-version":[{"id":5142,"href":"https:\/\/minutobahia24h.com.br\/index.php?rest_route=\/wp\/v2\/posts\/5139\/revisions\/5142"}],"wp:featuredmedia":[{"embeddable":true,"href":"https:\/\/minutobahia24h.com.br\/index.php?rest_route=\/wp\/v2\/media\/5141"}],"wp:attachment":[{"href":"https:\/\/minutobahia24h.com.br\/index.php?rest_route=%2Fwp%2Fv2%2Fmedia&parent=5139"}],"wp:term":[{"taxonomy":"category","embeddable":true,"href":"https:\/\/minutobahia24h.com.br\/index.php?rest_route=%2Fwp%2Fv2%2Fcategories&post=5139"},{"taxonomy":"post_tag","embeddable":true,"href":"https:\/\/minutobahia24h.com.br\/index.php?rest_route=%2Fwp%2Fv2%2Ftags&post=5139"}],"curies":[{"name":"wp","href":"https:\/\/api.w.org\/{rel}","templated":true}]}}