{"id":5135,"date":"2023-12-11T06:46:44","date_gmt":"2023-12-11T09:46:44","guid":{"rendered":"https:\/\/minutobahia24h.com.br\/?p=5135"},"modified":"2023-12-11T06:46:46","modified_gmt":"2023-12-11T09:46:46","slug":"uso-prolongado-de-telas-por-criancas-e-adolescentes-preocupa-especialistas","status":"publish","type":"post","link":"https:\/\/minutobahia24h.com.br\/?p=5135","title":{"rendered":"Uso prolongado de telas por crian\u00e7as e adolescentes preocupa especialistas"},"content":{"rendered":"<div class=\"wp-block-image\">\n<figure class=\"aligncenter size-large\"><img data-recalc-dims=\"1\" fetchpriority=\"high\" decoding=\"async\" width=\"800\" height=\"479\" src=\"https:\/\/i0.wp.com\/minutobahia24h.com.br\/wp-content\/uploads\/2023\/12\/Sem-titulo-94-1024x613.jpg?resize=800%2C479&#038;ssl=1\" alt=\"\" class=\"wp-image-5137\" srcset=\"https:\/\/i0.wp.com\/minutobahia24h.com.br\/wp-content\/uploads\/2023\/12\/Sem-titulo-94.jpg?resize=1024%2C613&amp;ssl=1 1024w, https:\/\/i0.wp.com\/minutobahia24h.com.br\/wp-content\/uploads\/2023\/12\/Sem-titulo-94.jpg?resize=300%2C179&amp;ssl=1 300w, https:\/\/i0.wp.com\/minutobahia24h.com.br\/wp-content\/uploads\/2023\/12\/Sem-titulo-94.jpg?resize=768%2C459&amp;ssl=1 768w, https:\/\/i0.wp.com\/minutobahia24h.com.br\/wp-content\/uploads\/2023\/12\/Sem-titulo-94.jpg?resize=750%2C449&amp;ssl=1 750w, https:\/\/i0.wp.com\/minutobahia24h.com.br\/wp-content\/uploads\/2023\/12\/Sem-titulo-94.jpg?resize=1140%2C682&amp;ssl=1 1140w, https:\/\/i0.wp.com\/minutobahia24h.com.br\/wp-content\/uploads\/2023\/12\/Sem-titulo-94.jpg?w=1170&amp;ssl=1 1170w\" sizes=\"(max-width: 800px) 100vw, 800px\" \/><\/figure>\n<\/div>\n\n\n<p>A preocupa\u00e7\u00e3o \u00e9 com o\u00a0uso excessivo de telas e como isso impacta no desempenho escolar e na sa\u00fade mental de crian\u00e7as e adolescentes.\u00a0No Fant\u00e1stico,\u00a0<a class=\"\" href=\"https:\/\/g1.globo.com\/fantastico\/quadros\/drauzio-varella\/\"><strong>Drauzio Varella\u00a0<\/strong><\/a>explica como pesquisadores tentam responderas perguntas sobre o tema e mostra o tamanho do desafio de mudar h\u00e1bitos e promover o uso consciente das tecnologias.<\/p>\n\n\n\n<p>Neste ano, uma pesquisa revelou uma disparada no n\u00famero de crian\u00e7as brasileiras com menos de seis anos que j\u00e1 se conectaram \u00e0 internet.<strong>&nbsp;<\/strong>Quem conversou sobre este assunto foi o pediatra<strong>&nbsp;Daniel Becker,<\/strong>&nbsp;que tem acompanhado o movimento de perto.<\/p>\n\n\n\n<blockquote class=\"wp-block-quote is-layout-flow wp-block-quote-is-layout-flow\">\n<p>&#8220;Essas crian\u00e7as e adolescentes v\u00e3o perder em habilidades, em capacidades, em relacionamento, em autoconhecimento. Ele acha que est\u00e1 num grupo de milhares de amigos pertencentes, mas aquilo \u00e9 uma ilus\u00e3o&#8221;, diz o especialista.<\/p>\n<\/blockquote>\n\n\n\n<h2 class=\"wp-block-heading\">Os eletr\u00f4nicos e a mente dos jovens<\/h2>\n\n\n\n<p>Na adolesc\u00eancia, uma parte importante do c\u00e9rebro humano n\u00e3o est\u00e1 totalmente desenvolvida: o c\u00f3rtex pr\u00e9-frontal, que \u00e9 respons\u00e1vel pelo controle de impulsos, rea\u00e7\u00e3o a amea\u00e7as e recompensas. Com isso, o uso excessivo de telas e redes sociais pode levar a situa\u00e7\u00e3o para as quais o c\u00e9rebro jovem ainda n\u00e3o est\u00e1 preparado.<\/p>\n\n\n\n<figure class=\"wp-block-image\"><img data-recalc-dims=\"1\" decoding=\"async\" src=\"https:\/\/i0.wp.com\/s2-g1.glbimg.com\/CzYrpW9QRdnA6-juMPyYufd3nqM%3D\/0x0%3A767x435\/984x0\/smart\/filters%3Astrip_icc%28%29\/i.s3.glbimg.com\/v1\/AUTH_59edd422c0c84a879bd37670ae4f538a\/internal_photos\/bs\/2023\/t\/8\/qG3SE5TXmuhiR7qWcYtw\/captura-de-tela-2023-12-10-202454.png?w=800&#038;ssl=1\" alt=\"Efeito do uso excessivo de telas eletr\u00f4nicas no c\u00e9rebro dos jovens. \u2014 Foto: TV Globo\/Reprodu\u00e7\u00e3o\"\/><\/figure>\n\n\n\n<p>Efeito do uso excessivo de telas eletr\u00f4nicas no c\u00e9rebro dos jovens. \u2014 Foto: TV Globo\/Reprodu\u00e7\u00e3o<\/p>\n\n\n\n<p>Isso n\u00e3o significa que os dispositivos causar\u00e3o problemas de sa\u00fade mental a todos os usu\u00e1rios, mas eles podem ser amplificados em quem j\u00e1 est\u00e1 mais vulner\u00e1vel.<\/p>\n\n\n\n<blockquote class=\"wp-block-quote is-layout-flow wp-block-quote-is-layout-flow\">\n<p>&#8220;Voc\u00ea pega, por exemplo, uma menina de 12 ou 13 anos, que come\u00e7a a se interessar pela beleza. Ela vai come\u00e7ar a ver um v\u00eddeo de moda, maquiagem ou exerc\u00edcio. O algoritmo come\u00e7a a radicalizar esse conte\u00fado rapidamente e, em pouco tempo, est\u00e1 recebendo v\u00eddeos que estimulam ela a fazer dietas de 400 calorias por dia&#8221;, alerta Daniel, apontando que&nbsp;esse tipo de conte\u00fado pode resultar em distor\u00e7\u00e3o da autoimagem e desenvolvimento de transtornos alimentares como anorexia ou bulimia.<\/p>\n<\/blockquote>\n\n\n\n<h2 class=\"wp-block-heading\">O papel da fam\u00edlia<\/h2>\n\n\n\n<p>Questionado por&nbsp;<strong>Drauzio<\/strong>&nbsp;como a fam\u00edlia pode ajudar a coibir essa superexposi\u00e7\u00e3o, o pediatra indica que a supervis\u00e3o \u00e9 o primeiro ponto.<\/p>\n\n\n\n<p>A segunda coisa a ser feita, continua Daniel, \u00e9 criar uma alternativa atraente no mundo real. &#8220;Criar um mundo bom do lado de fora do celular. Isso \u00e9 uma tarefa essencial das fam\u00edlias, mas n\u00e3o \u00e9 f\u00e1cil tamb\u00e9m. Oferecer um mundo bacana, que compita com esse celular que \u00e9 t\u00e3o bacana para eles.<\/p>\n\n\n\n<h2 class=\"wp-block-heading\">O uso de telas na pr\u00e1tica<\/h2>\n\n\n\n<p>Para ver se essas recomenda\u00e7\u00f5es funcionam na pr\u00e1tica, o pediatra acompanhou a fam\u00edlia da Tatiara, do Marcos, do Caio e do Daniel, no&nbsp;<a class=\"\" href=\"https:\/\/g1.globo.com\/rj\/rio-de-janeiro\/cidade\/rio-de-janeiro\/\">Rio de Janeiro<\/a>. Drauzio Varella se encontrou com M\u00e1rcia, Cassius e Duda, em&nbsp;<a class=\"\" href=\"https:\/\/g1.globo.com\/sp\/sao-paulo\/cidade\/sao-paulo\/\">S\u00e3o Paulo<\/a>.<\/p>\n\n\n\n<p>A Maria Eduarda de Souza Santos, a Duda, conta que j\u00e1 checa o celular antes de ir para a escola para ver o que est\u00e1 acontecendo. &#8220;Enquanto vou me arrumando, ou at\u00e9 enquanto estou tomando caf\u00e9&#8221;, conta.<\/p>\n\n\n\n<figure class=\"wp-block-image\"><img data-recalc-dims=\"1\" decoding=\"async\" src=\"https:\/\/i0.wp.com\/s2-g1.glbimg.com\/LqWLtGtcgs-syNc77wuLQI4t0Yk%3D\/0x0%3A781x425\/984x0\/smart\/filters%3Astrip_icc%28%29\/i.s3.glbimg.com\/v1\/AUTH_59edd422c0c84a879bd37670ae4f538a\/internal_photos\/bs\/2023\/n\/i\/QA8wu7Q4KiBHAsUs88tQ\/captura-de-tela-2023-12-10-202629.png?w=800&#038;ssl=1\" alt=\"Pais tentam diminuir o tempo da filha na frente das telas. \u2014 Foto: TV Globo\/Reprodu\u00e7\u00e3o\"\/><\/figure>\n\n\n\n<p>Pais tentam diminuir o tempo da filha na frente das telas. \u2014 Foto: TV Globo\/Reprodu\u00e7\u00e3o<\/p>\n\n\n\n<p>Na volta da escola, ela se v\u00ea novamente imersa no conte\u00fado entregue pelo aparelho. A exposi\u00e7\u00e3o, muitas vezes, avan\u00e7a pela madrugada.<\/p>\n\n\n\n<p>&#8220;Tem dia que eu fico at\u00e9 seis da manh\u00e3&#8221;, diz ela, confessando que fica ansiosa quando n\u00e3o est\u00e1 com o celular na m\u00e3o.<\/p>\n\n\n\n<blockquote class=\"wp-block-quote is-layout-flow wp-block-quote-is-layout-flow\">\n<p>&#8220;No come\u00e7o era mais para comunica\u00e7\u00e3o, a\u00ed depois virou um v\u00edcio mesmo&#8221;, completa.<\/p>\n<\/blockquote>\n\n\n\n<p>A M\u00e1rcia, m\u00e3e da Duda, diz que sabe quando tudo come\u00e7ou e que o exemplo costuma vir de dentro de casa. &#8220;Mostramos para eles o que \u00e9 o celular, o que \u00e9 o computador&#8221;, conta.<\/p>\n\n\n\n<p>\ud83e\udd1d Para amenizar essa exposi\u00e7\u00e3o, Drauzio sugeriu uma redu\u00e7\u00e3o do uso. &#8220;N\u00e3o digo parar de usar. Acabou as tarefas, voc\u00ea passa duas horas por dia sem tocar no celular&#8221;, diz o m\u00e9dico para Duda, que aceita o trato.<\/p>\n\n\n\n<figure class=\"wp-block-image\"><img data-recalc-dims=\"1\" decoding=\"async\" src=\"https:\/\/i0.wp.com\/s2-g1.glbimg.com\/gqOWzI6V_K3CV4PBH8rW6HBoJjk%3D\/0x0%3A775x425\/984x0\/smart\/filters%3Astrip_icc%28%29\/i.s3.glbimg.com\/v1\/AUTH_59edd422c0c84a879bd37670ae4f538a\/internal_photos\/bs\/2023\/R\/W\/wLoTueS8CzHOl0ryA6Mg\/captura-de-tela-2023-12-10-204940.png?w=800&#038;ssl=1\" alt=\"Duda ao lado do irm\u00e3o, Jo\u00e3o Victor. \u2014 Foto: TV Globo\/Reprodu\u00e7\u00e3o\"\/><\/figure>\n\n\n\n<p>Duda ao lado do irm\u00e3o, Jo\u00e3o Victor. \u2014 Foto: TV Globo\/Reprodu\u00e7\u00e3o<\/p>\n\n\n\n<p>Agora, a Duda, que antes usava o celular para distrair o irm\u00e3o Jo\u00e3o Victor, agora usa livros. Os pais relatam que perceberam que ela est\u00e1 mais ativa, at\u00e9 fazendo caminhada.<\/p>\n\n\n\n<blockquote class=\"wp-block-quote is-layout-flow wp-block-quote-is-layout-flow\">\n<p>&#8220;Ela teve um bom Progresso a\u00ed, adorei. Adorei mesmo&#8221;, contou a m\u00e3e, M\u00e1rcia.<\/p>\n<\/blockquote>\n\n\n\n<h2 class=\"wp-block-heading\">Desentendimento familiar<\/h2>\n\n\n\n<p>No Rio, Marcos fala sobre a rotina dos filhos com os meios eletr\u00f4nicos. Caio, que estuda pela manh\u00e3, geralmente acaba indo para o computador depois da escola. &#8220;Se deixar, vai o dia todo, vira a noite no computador&#8221;, conta o pai.<\/p>\n\n\n\n<p>Daniel n\u00e3o \u00e9 diferente. &#8220;Ele s\u00f3 sai do celular quando est\u00e1 carregando&#8221;, diz a m\u00e3e, Tatiara.<\/p>\n\n\n\n<blockquote class=\"wp-block-quote is-layout-flow wp-block-quote-is-layout-flow\">\n<p>&#8220;A gente janta junto, eu e meu marido. Daniel janta com o telefone em cima da mesa e o Caio no seu no computador. Ele leva o prato e janta no computador&#8221;, relata a m\u00e3e.<\/p>\n<\/blockquote>\n\n\n\n<figure class=\"wp-block-image\"><img data-recalc-dims=\"1\" decoding=\"async\" src=\"https:\/\/i0.wp.com\/s2-g1.glbimg.com\/-PdIBBzOGqzZV9PcPf2v_HpAusQ%3D\/0x0%3A769x431\/984x0\/smart\/filters%3Astrip_icc%28%29\/i.s3.glbimg.com\/v1\/AUTH_59edd422c0c84a879bd37670ae4f538a\/internal_photos\/bs\/2023\/G\/2\/DBY53MR7asyrnr3A1Vhg\/captura-de-tela-2023-12-10-204047.png?w=800&#038;ssl=1\" alt=\"Refei\u00e7\u00f5es na frente do computador preocupam os pais. \u2014 Foto: TV Globo\/Reprodu\u00e7\u00e3o\"\/><\/figure>\n\n\n\n<p>Refei\u00e7\u00f5es na frente do computador preocupam os pais. \u2014 Foto: TV Globo\/Reprodu\u00e7\u00e3o<\/p>\n\n\n\n<p>Com cada um em sua tela, a falta de intera\u00e7\u00e3o virou uma constante na fam\u00edlia e, com o tempo, os conflitos come\u00e7aram.<\/p>\n\n\n\n<p>&#8220;J\u00e1 teve muitas discuss\u00f5es com minha m\u00e3e por conta que ela mandava sair do jogo de noite e eu n\u00e3o sa\u00eda, virava a noite&#8221;, relata Caio.<\/p>\n\n\n\n<blockquote class=\"wp-block-quote is-layout-flow wp-block-quote-is-layout-flow\">\n<p>&#8220;Eles n\u00e3o s\u00e3o de falar palavr\u00f5es assim no dia a dia, mas quando est\u00e1 no jogo, falam palavr\u00f5es direto. Ele tentou agredir um pouco a gente, n\u00e9? Foi assim uma coisa horr\u00edvel&#8221;, fala Tatiara.<\/p>\n<\/blockquote>\n\n\n\n<p>\ud83e\udd1d No caso da fam\u00edlia Nogueira,&nbsp;Daniel Becker prop\u00f5es que todos negociem as regras. &#8220;Isso vai dar trabalho, desculpa informar. Eu vou sugerir algumas coisas para voc\u00eas: voc\u00eas n\u00e3o v\u00e3o tirar ningu\u00e9m, v\u00e3o tirar a tela de voc\u00eas. N\u00e3o adianta a gente reprimir, brigar, castigar ou gritar&#8230; Ent\u00e3o, eu sugiro que voc\u00eas conversem, fa\u00e7am uma proposta. Chame as crian\u00e7as e eles v\u00e3o fazer as contrapropostas. \u00c9 como se fosse uma negocia\u00e7\u00e3o de paz&#8221;.<\/p>\n\n\n\n<figure class=\"wp-block-image\"><img data-recalc-dims=\"1\" decoding=\"async\" src=\"https:\/\/i0.wp.com\/s2-g1.glbimg.com\/IUGGELx0uIhQntpre3mye_b-vG4%3D\/0x0%3A777x437\/984x0\/smart\/filters%3Astrip_icc%28%29\/i.s3.glbimg.com\/v1\/AUTH_59edd422c0c84a879bd37670ae4f538a\/internal_photos\/bs\/2023\/Z\/t\/fkHg9pSg6gj6vVfZlWMA\/captura-de-tela-2023-12-10-204144.png?w=800&#038;ssl=1\" alt=\"Fam\u00edlia teve que conversar e criar novas regras para o conv\u00edvio. \u2014 Foto: TV Globo\/Reprodu\u00e7\u00e3o\"\/><\/figure>\n\n\n\n<p>Fam\u00edlia teve que conversar e criar novas regras para o conv\u00edvio. \u2014 Foto: TV Globo\/Reprodu\u00e7\u00e3o<\/p>\n\n\n\n<p>Ap\u00f3s a sugest\u00e3o do especialista, Tatiara conta que a primeira noite deixou as crian\u00e7as irritadas sem a presen\u00e7a do celular. Aos pouco, ela conseguiu reunir os filhos para refei\u00e7\u00f5es sem celulares e os meninos redescobriram a piscina do quintal.<\/p>\n\n\n\n<blockquote class=\"wp-block-quote is-layout-flow wp-block-quote-is-layout-flow\">\n<p>&#8220;Passava a madrugada jogando toda e ficava muito nervoso, acabava descontando meu irm\u00e3o. Agora eu dou uma pausa de tarde, vou jogar alguma coisa, jogar uma bola, toma banho de piscina&#8221;, relata Caio.<\/p>\n<\/blockquote>\n\n\n\n<p>No encontro para o balan\u00e7o final, a fam\u00edlia seguiu outra recomenda\u00e7\u00e3o e saiu para um passeio ao ar livre.<\/p>\n\n\n\n<h2 class=\"wp-block-heading\">Sa\u00fade mental em jogo<\/h2>\n\n\n\n<p>Situa\u00e7\u00f5es como as relatadas acima devem geram um sinal de alerta nos pais e podem levar a crises de sa\u00fade mental e levar ao chamado &#8220;conv\u00edvio prec\u00e1rio&#8221;. Alguns dos sinais de alerta s\u00e3o:<\/p>\n\n\n\n<ul class=\"wp-block-list\">\n<li>\ud83d\ude24irrita\u00e7\u00e3o f\u00e1cil;<\/li>\n\n\n\n<li>\ud83d\ude28ansiedade;<\/li>\n\n\n\n<li>\ud83e\udd71priva\u00e7\u00e3o do sono;<\/li>\n\n\n\n<li>\ud83d\udeaa prefer\u00eancias por ficar no quarto;<\/li>\n\n\n\n<li>\ud83c\udfc3\u200d\u2640\ufe0f falta de interesse em atividades ao ar livre;<\/li>\n\n\n\n<li>\ud83d\udc6d queda de tempo ode intera\u00e7\u00e3o presencial.<\/li>\n<\/ul>\n\n\n\n<figure class=\"wp-block-image\"><img data-recalc-dims=\"1\" decoding=\"async\" src=\"https:\/\/i0.wp.com\/s2-g1.glbimg.com\/SCg1PCiXQ-FvlNVM09YAQnlr_6k%3D\/0x0%3A769x436\/984x0\/smart\/filters%3Astrip_icc%28%29\/i.s3.glbimg.com\/v1\/AUTH_59edd422c0c84a879bd37670ae4f538a\/internal_photos\/bs\/2023\/l\/X\/OOnO1BQbOcE0cuKx0cIA\/captura-de-tela-2023-12-10-204224.png?w=800&#038;ssl=1\" alt=\"O conv\u00edvio prec\u00e1rio \u00e9 uma das preocupa\u00e7\u00f5es dos especialistas. \u2014 Foto: TV Globo\/Reprodu\u00e7\u00e3o\"\/><\/figure>\n\n\n\n<p>O conv\u00edvio prec\u00e1rio \u00e9 uma das preocupa\u00e7\u00f5es dos especialistas. \u2014 Foto: TV Globo\/Reprodu\u00e7\u00e3o<\/p>\n\n\n\n<p>A solu\u00e7\u00e3o para esse problema passa por dois pontos fundamentais: conversa e exemplo. Afinal, \u00e9 preciso estabelecer regras razo\u00e1veis e os pais precisam segui-las.<\/p>\n\n\n\n<blockquote class=\"wp-block-quote is-layout-flow wp-block-quote-is-layout-flow\">\n<p>&#8220;Pais, incentive os seus filhos a ficar menos tempo no celular. Agora nas f\u00e9rias, n\u00e3o \u00e9 curtir um pouco mais a fam\u00edlia e o lazer fora de casa no seu celular. Mesmo que seja de casa, mas deixa o celular de lado&#8221;, recomenda M\u00e1rcia, m\u00e3e da Duda.<\/p>\n<\/blockquote>\n","protected":false},"excerpt":{"rendered":"<p>A preocupa\u00e7\u00e3o \u00e9 com o\u00a0uso excessivo de telas e como isso impacta no desempenho escolar e na sa\u00fade mental de crian\u00e7as e adolescentes.\u00a0No Fant\u00e1stico,\u00a0Drauzio Varella\u00a0explica como pesquisadores tentam responderas perguntas sobre o tema e mostra o tamanho do desafio de mudar h\u00e1bitos e promover o uso consciente das tecnologias. Neste ano, uma pesquisa revelou uma [&hellip;]<\/p>\n","protected":false},"author":2,"featured_media":5137,"comment_status":"open","ping_status":"open","sticky":false,"template":"","format":"standard","meta":{"_jetpack_memberships_contains_paid_content":false,"footnotes":""},"categories":[2],"tags":[],"class_list":["post-5135","post","type-post","status-publish","format-standard","has-post-thumbnail","hentry","category-nacional"],"aioseo_notices":[],"jetpack_featured_media_url":"https:\/\/i0.wp.com\/minutobahia24h.com.br\/wp-content\/uploads\/2023\/12\/Sem-titulo-94.jpg?fit=1170%2C700&ssl=1","jetpack_sharing_enabled":true,"_links":{"self":[{"href":"https:\/\/minutobahia24h.com.br\/index.php?rest_route=\/wp\/v2\/posts\/5135","targetHints":{"allow":["GET"]}}],"collection":[{"href":"https:\/\/minutobahia24h.com.br\/index.php?rest_route=\/wp\/v2\/posts"}],"about":[{"href":"https:\/\/minutobahia24h.com.br\/index.php?rest_route=\/wp\/v2\/types\/post"}],"author":[{"embeddable":true,"href":"https:\/\/minutobahia24h.com.br\/index.php?rest_route=\/wp\/v2\/users\/2"}],"replies":[{"embeddable":true,"href":"https:\/\/minutobahia24h.com.br\/index.php?rest_route=%2Fwp%2Fv2%2Fcomments&post=5135"}],"version-history":[{"count":1,"href":"https:\/\/minutobahia24h.com.br\/index.php?rest_route=\/wp\/v2\/posts\/5135\/revisions"}],"predecessor-version":[{"id":5138,"href":"https:\/\/minutobahia24h.com.br\/index.php?rest_route=\/wp\/v2\/posts\/5135\/revisions\/5138"}],"wp:featuredmedia":[{"embeddable":true,"href":"https:\/\/minutobahia24h.com.br\/index.php?rest_route=\/wp\/v2\/media\/5137"}],"wp:attachment":[{"href":"https:\/\/minutobahia24h.com.br\/index.php?rest_route=%2Fwp%2Fv2%2Fmedia&parent=5135"}],"wp:term":[{"taxonomy":"category","embeddable":true,"href":"https:\/\/minutobahia24h.com.br\/index.php?rest_route=%2Fwp%2Fv2%2Fcategories&post=5135"},{"taxonomy":"post_tag","embeddable":true,"href":"https:\/\/minutobahia24h.com.br\/index.php?rest_route=%2Fwp%2Fv2%2Ftags&post=5135"}],"curies":[{"name":"wp","href":"https:\/\/api.w.org\/{rel}","templated":true}]}}