{"id":5024,"date":"2023-12-07T19:31:38","date_gmt":"2023-12-07T22:31:38","guid":{"rendered":"https:\/\/minutobahia24h.com.br\/?p=5024"},"modified":"2023-12-07T19:31:40","modified_gmt":"2023-12-07T22:31:40","slug":"formandos-dos-cursos-tecnicos-do-programa-saude-com-agente-celebram-conclusao-em-senhor-do-bonfim","status":"publish","type":"post","link":"https:\/\/minutobahia24h.com.br\/?p=5024","title":{"rendered":"Formandos dos cursos t\u00e9cnicos do Programa Sa\u00fade com Agente celebram conclus\u00e3o em Senhor do Bonfim"},"content":{"rendered":"<div class=\"wp-block-image\">\n<figure class=\"aligncenter size-full\"><img data-recalc-dims=\"1\" fetchpriority=\"high\" decoding=\"async\" width=\"696\" height=\"463\" src=\"https:\/\/i0.wp.com\/minutobahia24h.com.br\/wp-content\/uploads\/2023\/12\/Sem-titulo-72.jpg?resize=696%2C463&#038;ssl=1\" alt=\"\" class=\"wp-image-5026\" srcset=\"https:\/\/i0.wp.com\/minutobahia24h.com.br\/wp-content\/uploads\/2023\/12\/Sem-titulo-72.jpg?w=696&amp;ssl=1 696w, https:\/\/i0.wp.com\/minutobahia24h.com.br\/wp-content\/uploads\/2023\/12\/Sem-titulo-72.jpg?resize=300%2C200&amp;ssl=1 300w\" sizes=\"(max-width: 696px) 100vw, 696px\" \/><\/figure>\n<\/div>\n\n\n<p>Uma noite de celebra\u00e7\u00e3o marcou a conclus\u00e3o dos Cursos T\u00e9cnicos do Programa Sa\u00fade com Agente em Senhor do Bonfim. Os Agentes Comunit\u00e1rios de Sa\u00fade (ACS) e os Agentes de Combate \u00e0s Endemias (ACE) atingiram um marco importante ao finalizarem, respectivamente, os cursos t\u00e9cnicos em Agente Comunit\u00e1rio de Sa\u00fade e Vigil\u00e2ncia em Sa\u00fade com \u00eanfase no Combate \u00e0s Endemias.<\/p>\n\n\n\n<p>O evento solene aconteceu na Igreja Batista Nova Si\u00e3o na noite de quarta-feira, 06 de dezembro, e contou com a presen\u00e7a de figuras not\u00e1veis da administra\u00e7\u00e3o municipal. Entre os presentes estavam o Prefeito La\u00e9rcio J\u00fanior, a Secret\u00e1ria Municipal de Sa\u00fade Renata Merc\u00eas Maia, a Chefe de Gabinete da C\u00e2mara Municipal Damiana Duarte, a Secret\u00e1ria Municipal de Administra\u00e7\u00e3o Darlene Pinto Macedo, o Superintendente da Aten\u00e7\u00e3o B\u00e1sica e Preceptor do curso Rafael Costa da Silva, o Pastor Josim\u00e1rio Jo\u00e3o da Silva, al\u00e9m de representantes da Associa\u00e7\u00e3o Municipal dos Agentes Comunit\u00e1rios de Sa\u00fade de Senhor do Bonfim (AMACS-SB)<br>e da Associa\u00e7\u00e3o Municipal dos Agentes de Combate \u00e0s Endemias de Senhor do Bonfim, representadas respectivamente por Ros\u00e2ngela dos Santos Souza e Edson Alves da Silva.<\/p>\n\n\n\n<p>A cerim\u00f4nia foi marcada por momentos significativos, incluindo o juramento feito por Cl\u00e1udia da Silva, seguido por seus colegas formandos, e o pedido de concess\u00e3o do grau por Pedro Carvalho em nome de todos os formandos. A oradora da turma, Viviane Vitor Tavares, compartilhou palavras inspiradoras em seu discurso, e Rafael Costa da Silva, representando os preceptores, tamb\u00e9m proferiu suas considera\u00e7\u00f5es.<\/p>\n\n\n\n<p>O evento concluiu com as palavras do Prefeito La\u00e9rcio J\u00fanior, celebrando a dedica\u00e7\u00e3o dos 80 formandos e reafirmando o compromisso da administra\u00e7\u00e3o com a sa\u00fade p\u00fablica. Este momento significativo representa um avan\u00e7o na capacita\u00e7\u00e3o e na qualidade do atendimento em sa\u00fade \u00e0 comunidade de Senhor do Bonfim.<\/p>\n","protected":false},"excerpt":{"rendered":"<p>Uma noite de celebra\u00e7\u00e3o marcou a conclus\u00e3o dos Cursos T\u00e9cnicos do Programa Sa\u00fade com Agente em Senhor do Bonfim. Os Agentes Comunit\u00e1rios de Sa\u00fade (ACS) e os Agentes de Combate \u00e0s Endemias (ACE) atingiram um marco importante ao finalizarem, respectivamente, os cursos t\u00e9cnicos em Agente Comunit\u00e1rio de Sa\u00fade e Vigil\u00e2ncia em Sa\u00fade com \u00eanfase no [&hellip;]<\/p>\n","protected":false},"author":2,"featured_media":5026,"comment_status":"open","ping_status":"open","sticky":false,"template":"","format":"standard","meta":{"_jetpack_memberships_contains_paid_content":false,"footnotes":""},"categories":[17],"tags":[],"class_list":["post-5024","post","type-post","status-publish","format-standard","has-post-thumbnail","hentry","category-senhor-do-bonfim"],"aioseo_notices":[],"jetpack_featured_media_url":"https:\/\/i0.wp.com\/minutobahia24h.com.br\/wp-content\/uploads\/2023\/12\/Sem-titulo-72.jpg?fit=696%2C463&ssl=1","jetpack_sharing_enabled":true,"_links":{"self":[{"href":"https:\/\/minutobahia24h.com.br\/index.php?rest_route=\/wp\/v2\/posts\/5024","targetHints":{"allow":["GET"]}}],"collection":[{"href":"https:\/\/minutobahia24h.com.br\/index.php?rest_route=\/wp\/v2\/posts"}],"about":[{"href":"https:\/\/minutobahia24h.com.br\/index.php?rest_route=\/wp\/v2\/types\/post"}],"author":[{"embeddable":true,"href":"https:\/\/minutobahia24h.com.br\/index.php?rest_route=\/wp\/v2\/users\/2"}],"replies":[{"embeddable":true,"href":"https:\/\/minutobahia24h.com.br\/index.php?rest_route=%2Fwp%2Fv2%2Fcomments&post=5024"}],"version-history":[{"count":1,"href":"https:\/\/minutobahia24h.com.br\/index.php?rest_route=\/wp\/v2\/posts\/5024\/revisions"}],"predecessor-version":[{"id":5027,"href":"https:\/\/minutobahia24h.com.br\/index.php?rest_route=\/wp\/v2\/posts\/5024\/revisions\/5027"}],"wp:featuredmedia":[{"embeddable":true,"href":"https:\/\/minutobahia24h.com.br\/index.php?rest_route=\/wp\/v2\/media\/5026"}],"wp:attachment":[{"href":"https:\/\/minutobahia24h.com.br\/index.php?rest_route=%2Fwp%2Fv2%2Fmedia&parent=5024"}],"wp:term":[{"taxonomy":"category","embeddable":true,"href":"https:\/\/minutobahia24h.com.br\/index.php?rest_route=%2Fwp%2Fv2%2Fcategories&post=5024"},{"taxonomy":"post_tag","embeddable":true,"href":"https:\/\/minutobahia24h.com.br\/index.php?rest_route=%2Fwp%2Fv2%2Ftags&post=5024"}],"curies":[{"name":"wp","href":"https:\/\/api.w.org\/{rel}","templated":true}]}}