{"id":4999,"date":"2023-12-07T19:09:29","date_gmt":"2023-12-07T22:09:29","guid":{"rendered":"https:\/\/minutobahia24h.com.br\/?p=4999"},"modified":"2023-12-07T19:09:30","modified_gmt":"2023-12-07T22:09:30","slug":"justica-retira-ednaldo-rodrigues-da-cbf-e-nomeia-presidente-do-stjd-como-interino","status":"publish","type":"post","link":"https:\/\/minutobahia24h.com.br\/?p=4999","title":{"rendered":"Justi\u00e7a retira Ednaldo Rodrigues da CBF e nomeia presidente do STJD como interino"},"content":{"rendered":"<div class=\"wp-block-image\">\n<figure class=\"aligncenter size-full\"><img data-recalc-dims=\"1\" fetchpriority=\"high\" decoding=\"async\" width=\"800\" height=\"533\" src=\"https:\/\/i0.wp.com\/minutobahia24h.com.br\/wp-content\/uploads\/2023\/12\/Sem-titulo-66.jpg?resize=800%2C533&#038;ssl=1\" alt=\"\" class=\"wp-image-5001\" srcset=\"https:\/\/i0.wp.com\/minutobahia24h.com.br\/wp-content\/uploads\/2023\/12\/Sem-titulo-66.jpg?w=888&amp;ssl=1 888w, https:\/\/i0.wp.com\/minutobahia24h.com.br\/wp-content\/uploads\/2023\/12\/Sem-titulo-66.jpg?resize=300%2C200&amp;ssl=1 300w, https:\/\/i0.wp.com\/minutobahia24h.com.br\/wp-content\/uploads\/2023\/12\/Sem-titulo-66.jpg?resize=768%2C512&amp;ssl=1 768w, https:\/\/i0.wp.com\/minutobahia24h.com.br\/wp-content\/uploads\/2023\/12\/Sem-titulo-66.jpg?resize=750%2C500&amp;ssl=1 750w\" sizes=\"(max-width: 800px) 100vw, 800px\" \/><figcaption class=\"wp-element-caption\">Ednaldo Rodrigues, presidente da CBF \u2014 Foto: Thais Magalh\u00e3es\/CBF\/Divulga\u00e7\u00e3o<br><\/figcaption><\/figure>\n<\/div>\n\n\n<p>Ednaldo Rodrigues foi deposto do cargo de presidente da\u00a0<a class=\"\" href=\"https:\/\/oglobo.globo.com\/tudo-sobre\/organizacao-esportiva\/cbf\">CBF<\/a>. A decis\u00e3o foi tomada nesta quinta-feira pelos desembargadores da 21\u00aa C\u00e2mara de Direito Privado do Tribunal de Justi\u00e7a do Rio de Janeiro. Os magistrados determinaram ainda que o presidente do Superior Tribunal de Justi\u00e7a Desportiva (STJD), Jos\u00e9 Perdiz, assuma a CBF pelo prazo de 30 dias para que conduza uma nova elei\u00e7\u00e3o com os termos do antigo estatuto.<\/p>\n\n\n\n<p>Tamb\u00e9m foram afastados os vices-presidentes da entidade. A decis\u00e3o passa a valer assim que ela for publicada, o que deve acontecer na segunda-feira. Amanh\u00e3 \u00e9 feriado na Justi\u00e7a. E hoje a CBF j\u00e1 n\u00e3o tem funcion\u00e1rios, pois deu f\u00e9rias gerais. O STJD informou que o presidente Jos\u00e9 Perdiz estava em sess\u00e3o quando a decis\u00e3o do TJ foi tomada. O tribunal afirmou que Perdiz n\u00e3o foi comunicado oficialmente e que n\u00e3o se pronunciar\u00e1 sobre o caso por enquanto.<\/p>\n\n\n\n<p>Segundo o entendimento dos desembargadores, o Termo de Ajustamento de Contuda (TAC) assinado entre o Minist\u00e9rio P\u00fablico e a CBF, \u00e9 ilegal, pelo fato de o \u00f3rg\u00e3o n\u00e3o ter legitimidade para interferir nos assuntos internos da Confedera\u00e7\u00e3o e por se tratar de uma entidade privada. A decis\u00e3o foi un\u00e2nime e a CBF ir\u00e1 recorrer ao Superior Tribunal de Justi\u00e7a (STJ).<\/p>\n\n\n\n<p>A sugest\u00e3o de o interventor ser membro do STJD, ou seja, do ambiente esportivo, foi dada pelo desembargador Mauro Martins. Segundo disso durante o julgamento, a decis\u00e3o dada nesta quinta-feira n\u00e3o se trata de uma interfer\u00eancia externa na entidade. Sem citar, ele fez refer\u00eancia a poss\u00edvel puni\u00e7\u00e3o que a CBF pode sofrer da FIFA por causa de inger\u00eancias do estado em sua organiza\u00e7\u00e3o.<\/p>\n\n\n\n<h2 class=\"wp-block-heading\">Entenda o caso<\/h2>\n\n\n\n<p>Em 2018, o MPRJ moveu uma a\u00e7\u00e3o contra a CBF por entender que o estatuto da entidade estava em desacordo com a Lei Pel\u00e9, que previa peso igualit\u00e1rio entre federa\u00e7\u00f5es e clubes. Por\u00e9m, no meio do caminho, o ent\u00e3o presidente da CBF, Rog\u00e9rio Caboclo, foi afastado do cargo por causa de den\u00fancias de ass\u00e9dio sexual.<\/p>\n\n\n\n<p>Ednaldo Rodrigues, que era vice \u00e0 \u00e9poca, assumiu como interino e negociou o TAC com o MPRJ. A elei\u00e7\u00e3o de Caboclo foi anulada, outra marcada e o pr\u00f3prio Ednaldo eleito.<\/p>\n\n\n\n<p>O questionamento dos demais vices que faziam parte da administra\u00e7\u00e3o de Caboclo \u00e9 que eles n\u00e3o foram consultados sobre o acordo e que foram prejudicados pelo seu desdobramento, j\u00e1 que tamb\u00e9m precisaram sair de seus cargos. Al\u00e9m disso, dizem que o ju\u00edzo de 1\u00ba grau n\u00e3o tinha compet\u00eancia para homologar o acordo.<\/p>\n\n\n\n<p>A CBF diz que \u00e9 v\u00edtima de um golpe orquestrado por Marco Polo Del Nero e Ricardo Teixeira.<\/p>\n","protected":false},"excerpt":{"rendered":"<p>Ednaldo Rodrigues foi deposto do cargo de presidente da\u00a0CBF. A decis\u00e3o foi tomada nesta quinta-feira pelos desembargadores da 21\u00aa C\u00e2mara de Direito Privado do Tribunal de Justi\u00e7a do Rio de Janeiro. Os magistrados determinaram ainda que o presidente do Superior Tribunal de Justi\u00e7a Desportiva (STJD), Jos\u00e9 Perdiz, assuma a CBF pelo prazo de 30 dias [&hellip;]<\/p>\n","protected":false},"author":2,"featured_media":5001,"comment_status":"open","ping_status":"open","sticky":false,"template":"","format":"standard","meta":{"_jetpack_memberships_contains_paid_content":false,"footnotes":""},"categories":[20],"tags":[],"class_list":["post-4999","post","type-post","status-publish","format-standard","has-post-thumbnail","hentry","category-esporte"],"aioseo_notices":[],"jetpack_featured_media_url":"https:\/\/i0.wp.com\/minutobahia24h.com.br\/wp-content\/uploads\/2023\/12\/Sem-titulo-66.jpg?fit=888%2C592&ssl=1","jetpack_sharing_enabled":true,"_links":{"self":[{"href":"https:\/\/minutobahia24h.com.br\/index.php?rest_route=\/wp\/v2\/posts\/4999","targetHints":{"allow":["GET"]}}],"collection":[{"href":"https:\/\/minutobahia24h.com.br\/index.php?rest_route=\/wp\/v2\/posts"}],"about":[{"href":"https:\/\/minutobahia24h.com.br\/index.php?rest_route=\/wp\/v2\/types\/post"}],"author":[{"embeddable":true,"href":"https:\/\/minutobahia24h.com.br\/index.php?rest_route=\/wp\/v2\/users\/2"}],"replies":[{"embeddable":true,"href":"https:\/\/minutobahia24h.com.br\/index.php?rest_route=%2Fwp%2Fv2%2Fcomments&post=4999"}],"version-history":[{"count":1,"href":"https:\/\/minutobahia24h.com.br\/index.php?rest_route=\/wp\/v2\/posts\/4999\/revisions"}],"predecessor-version":[{"id":5002,"href":"https:\/\/minutobahia24h.com.br\/index.php?rest_route=\/wp\/v2\/posts\/4999\/revisions\/5002"}],"wp:featuredmedia":[{"embeddable":true,"href":"https:\/\/minutobahia24h.com.br\/index.php?rest_route=\/wp\/v2\/media\/5001"}],"wp:attachment":[{"href":"https:\/\/minutobahia24h.com.br\/index.php?rest_route=%2Fwp%2Fv2%2Fmedia&parent=4999"}],"wp:term":[{"taxonomy":"category","embeddable":true,"href":"https:\/\/minutobahia24h.com.br\/index.php?rest_route=%2Fwp%2Fv2%2Fcategories&post=4999"},{"taxonomy":"post_tag","embeddable":true,"href":"https:\/\/minutobahia24h.com.br\/index.php?rest_route=%2Fwp%2Fv2%2Ftags&post=4999"}],"curies":[{"name":"wp","href":"https:\/\/api.w.org\/{rel}","templated":true}]}}