{"id":4962,"date":"2023-12-07T07:49:07","date_gmt":"2023-12-07T10:49:07","guid":{"rendered":"https:\/\/minutobahia24h.com.br\/?p=4962"},"modified":"2023-12-07T07:49:08","modified_gmt":"2023-12-07T10:49:08","slug":"baianos-do-uniao-brasil-dizem-que-troca-de-juscelino-por-azi-teria-dedo-governista-e-negam-debate-sobre-tema","status":"publish","type":"post","link":"https:\/\/minutobahia24h.com.br\/?p=4962","title":{"rendered":"Baianos do Uni\u00e3o Brasil dizem que troca de Juscelino por Azi teria &#8220;dedo&#8221; governista e negam debate sobre tema"},"content":{"rendered":"<div class=\"wp-block-image\">\n<figure class=\"aligncenter size-large\"><img data-recalc-dims=\"1\" fetchpriority=\"high\" decoding=\"async\" width=\"800\" height=\"420\" src=\"https:\/\/i0.wp.com\/minutobahia24h.com.br\/wp-content\/uploads\/2023\/12\/Sem-titulo-57-1024x538.jpg?resize=800%2C420&#038;ssl=1\" alt=\"\" class=\"wp-image-4963\" srcset=\"https:\/\/i0.wp.com\/minutobahia24h.com.br\/wp-content\/uploads\/2023\/12\/Sem-titulo-57.jpg?resize=1024%2C538&amp;ssl=1 1024w, https:\/\/i0.wp.com\/minutobahia24h.com.br\/wp-content\/uploads\/2023\/12\/Sem-titulo-57.jpg?resize=300%2C158&amp;ssl=1 300w, https:\/\/i0.wp.com\/minutobahia24h.com.br\/wp-content\/uploads\/2023\/12\/Sem-titulo-57.jpg?resize=768%2C403&amp;ssl=1 768w, https:\/\/i0.wp.com\/minutobahia24h.com.br\/wp-content\/uploads\/2023\/12\/Sem-titulo-57.jpg?resize=750%2C394&amp;ssl=1 750w, https:\/\/i0.wp.com\/minutobahia24h.com.br\/wp-content\/uploads\/2023\/12\/Sem-titulo-57.jpg?resize=1140%2C599&amp;ssl=1 1140w, https:\/\/i0.wp.com\/minutobahia24h.com.br\/wp-content\/uploads\/2023\/12\/Sem-titulo-57.jpg?w=1200&amp;ssl=1 1200w\" sizes=\"(max-width: 800px) 100vw, 800px\" \/><figcaption class=\"wp-element-caption\">Foto: Reprodu\u00e7\u00e3o \/ Flickr Pal\u00e1cio do Planalto<br><\/figcaption><\/figure>\n<\/div>\n\n\n<p>A t\u00e3o comentada &#8220;minirreforma&#8221; ministerial do governo federal\u00a0segue colocando baianos como poss\u00edveis ministros com as altera\u00e7\u00f5es. Com o comando de Juscelino Filho, o Minist\u00e9rio das Comunica\u00e7\u00f5es pode passar por altera\u00e7\u00f5es, que incluiriam a chegada do deputado federal baiano Paulo Azi. Apesar disso, lideran\u00e7as do Uni\u00e3o Brasil indicaram ao Bahia Not\u00edcias que o tema n\u00e3o foi tratado internamente.\u00a0<\/p>\n\n\n\n<p>Recentemente, a colunista Roseann Kennedy, do Estad\u00e3o, disse que o mais cotado para assumir esse lugar, com as eventuais altera\u00e7\u00f5es na gest\u00e3o Lula, seria o deputado baiano Paulo Azi (Uni\u00e3o). A Bahia j\u00e1 conta com Rui Costa (PT) na Casa Civil e Margareth Menezes na Cultura. Dessa vez, a escolha seria por Azi ser amigo do l\u00edder do Uni\u00e3o Brasil na C\u00e2mara, o tamb\u00e9m deputado Elmar Nascimento (Uni\u00e3o), e do secret\u00e1rio-geral do partido e ex-prefeito de Salvador, ACM Neto (Uni\u00e3o).<\/p>\n\n\n\n<p>Apesar do indicativo, algumas lideran\u00e7as baianas do partido, que possuem tr\u00e2nsito em Bras\u00edlia, procuradas pelo Bahia Not\u00edcias em condi\u00e7\u00e3o de anonimato, indicaram que o n\u00e3o ocorreu &#8220;nenhum di\u00e1logo&#8221; interno sobre a tem\u00e1tica de substitui\u00e7\u00e3o. O movimento teria partido de integrantes do governo, n\u00e3o se tratando de &#8220;um ajuste do pr\u00f3prio Uni\u00e3o Brasil&#8221;.\u00a0<\/p>\n\n\n\n<p>Azi chegou a ser sondado para comandar Comunica\u00e7\u00f5es ainda na transi\u00e7\u00e3o do governo, mas as negocia\u00e7\u00f5es n\u00e3o foram adiante. Agora, como Lula pretende dar um \u201cfreio de arruma\u00e7\u00e3o\u201d e dispensar nomes considerados problem\u00e1ticos que n\u00e3o se mostraram eficazes no comando de determinadas pastas, o baiano parece uma das melhores vias para sair do turbilh\u00e3o.<\/p>\n\n\n\n<p><strong>UNI\u00c3O NA GEST\u00c3O<\/strong><\/p>\n\n\n\n<p>Com diversas figuras ligas \u00e0 oposi\u00e7\u00e3o petista no Brasil, o Uni\u00e3o Brasil alterou, de certa forma, a postura frente a gest\u00e3o do governo Lula. Com indica\u00e7\u00e3o de tr\u00eas ministros no governo Lula: no Turismo, Comunica\u00e7\u00e3o e Integra\u00e7\u00e3o, al\u00e9m de espa\u00e7o em estatais como Codevasf, Dnocs e Sudene, a legenda segue integrando o governo.\u00a0<\/p>\n\n\n\n<p>BN<\/p>\n","protected":false},"excerpt":{"rendered":"<p>A t\u00e3o comentada &#8220;minirreforma&#8221; ministerial do governo federal\u00a0segue colocando baianos como poss\u00edveis ministros com as altera\u00e7\u00f5es. Com o comando de Juscelino Filho, o Minist\u00e9rio das Comunica\u00e7\u00f5es pode passar por altera\u00e7\u00f5es, que incluiriam a chegada do deputado federal baiano Paulo Azi. Apesar disso, lideran\u00e7as do Uni\u00e3o Brasil indicaram ao Bahia Not\u00edcias que o tema n\u00e3o foi [&hellip;]<\/p>\n","protected":false},"author":2,"featured_media":4963,"comment_status":"open","ping_status":"open","sticky":false,"template":"","format":"standard","meta":{"_jetpack_memberships_contains_paid_content":false,"footnotes":""},"categories":[39],"tags":[],"class_list":["post-4962","post","type-post","status-publish","format-standard","has-post-thumbnail","hentry","category-politica"],"aioseo_notices":[],"jetpack_featured_media_url":"https:\/\/i0.wp.com\/minutobahia24h.com.br\/wp-content\/uploads\/2023\/12\/Sem-titulo-57.jpg?fit=1200%2C630&ssl=1","jetpack_sharing_enabled":true,"_links":{"self":[{"href":"https:\/\/minutobahia24h.com.br\/index.php?rest_route=\/wp\/v2\/posts\/4962","targetHints":{"allow":["GET"]}}],"collection":[{"href":"https:\/\/minutobahia24h.com.br\/index.php?rest_route=\/wp\/v2\/posts"}],"about":[{"href":"https:\/\/minutobahia24h.com.br\/index.php?rest_route=\/wp\/v2\/types\/post"}],"author":[{"embeddable":true,"href":"https:\/\/minutobahia24h.com.br\/index.php?rest_route=\/wp\/v2\/users\/2"}],"replies":[{"embeddable":true,"href":"https:\/\/minutobahia24h.com.br\/index.php?rest_route=%2Fwp%2Fv2%2Fcomments&post=4962"}],"version-history":[{"count":1,"href":"https:\/\/minutobahia24h.com.br\/index.php?rest_route=\/wp\/v2\/posts\/4962\/revisions"}],"predecessor-version":[{"id":4964,"href":"https:\/\/minutobahia24h.com.br\/index.php?rest_route=\/wp\/v2\/posts\/4962\/revisions\/4964"}],"wp:featuredmedia":[{"embeddable":true,"href":"https:\/\/minutobahia24h.com.br\/index.php?rest_route=\/wp\/v2\/media\/4963"}],"wp:attachment":[{"href":"https:\/\/minutobahia24h.com.br\/index.php?rest_route=%2Fwp%2Fv2%2Fmedia&parent=4962"}],"wp:term":[{"taxonomy":"category","embeddable":true,"href":"https:\/\/minutobahia24h.com.br\/index.php?rest_route=%2Fwp%2Fv2%2Fcategories&post=4962"},{"taxonomy":"post_tag","embeddable":true,"href":"https:\/\/minutobahia24h.com.br\/index.php?rest_route=%2Fwp%2Fv2%2Ftags&post=4962"}],"curies":[{"name":"wp","href":"https:\/\/api.w.org\/{rel}","templated":true}]}}