{"id":4953,"date":"2023-12-07T07:32:03","date_gmt":"2023-12-07T10:32:03","guid":{"rendered":"https:\/\/minutobahia24h.com.br\/?p=4953"},"modified":"2023-12-07T07:32:04","modified_gmt":"2023-12-07T10:32:04","slug":"moro-tem-depoimento-em-processo-que-pode-levar-a-cassacao-de-seu-mandato-ida-esta-sob-avaliacao","status":"publish","type":"post","link":"https:\/\/minutobahia24h.com.br\/?p=4953","title":{"rendered":"Moro tem depoimento em processo que pode levar \u00e0 cassa\u00e7\u00e3o de seu mandato; ida est\u00e1 sob avalia\u00e7\u00e3o"},"content":{"rendered":"<div class=\"wp-block-image\">\n<figure class=\"aligncenter size-full\"><img data-recalc-dims=\"1\" fetchpriority=\"high\" decoding=\"async\" width=\"800\" height=\"482\" src=\"https:\/\/i0.wp.com\/minutobahia24h.com.br\/wp-content\/uploads\/2023\/12\/Sem-titulo-54.jpg?resize=800%2C482&#038;ssl=1\" alt=\"\" class=\"wp-image-4954\" srcset=\"https:\/\/i0.wp.com\/minutobahia24h.com.br\/wp-content\/uploads\/2023\/12\/Sem-titulo-54.jpg?w=884&amp;ssl=1 884w, https:\/\/i0.wp.com\/minutobahia24h.com.br\/wp-content\/uploads\/2023\/12\/Sem-titulo-54.jpg?resize=300%2C181&amp;ssl=1 300w, https:\/\/i0.wp.com\/minutobahia24h.com.br\/wp-content\/uploads\/2023\/12\/Sem-titulo-54.jpg?resize=768%2C463&amp;ssl=1 768w, https:\/\/i0.wp.com\/minutobahia24h.com.br\/wp-content\/uploads\/2023\/12\/Sem-titulo-54.jpg?resize=750%2C452&amp;ssl=1 750w\" sizes=\"(max-width: 800px) 100vw, 800px\" \/><figcaption class=\"wp-element-caption\">Sergio Moro \u2014 Foto: Wikimedia Commons<br><\/figcaption><\/figure>\n<\/div>\n\n\n<p>O depoimento do senador\u00a0<a class=\"\" href=\"https:\/\/oglobo.globo.com\/tudo-sobre\/politico\/sergio-moro\">Sergio Moro<\/a>\u00a0(Uni\u00e3o-PR) no Tribunal Regional Eleitoral do Paran\u00e1 (TRE-PR) est\u00e1 marcado para esta quinta-feira, \u00e0s 13h. O ex-juiz da Lava-Jato deve prestar esclarecimentos presencialmente na Corte no processo que pode levar a sua cassa\u00e7\u00e3o. Fontes pr\u00f3ximas ao pol\u00edtico, no entanto, afirmam que sua ida est\u00e1 sob avalia\u00e7\u00e3o.<\/p>\n\n\n\n<p>O senador responde na Justi\u00e7a Eleitoral por abuso de poder econ\u00f4mico e pol\u00edtico por conta das elei\u00e7\u00f5es do ano passado. A a\u00e7\u00e3o movida pelo partido do ex-presidente Jair Bolsonaro (PL) e pela Federa\u00e7\u00e3o Brasil da Esperan\u00e7a (PT, PCdoB e PV).<\/p>\n\n\n\n<p>Nos autos do processo, os partidos alegam que o ex-juiz tentou driblar a legisla\u00e7\u00e3o eleitoral em dois movimentos: na desist\u00eancia em concorrer ao Pal\u00e1cio do Planalto que teria o levado a exceder o gasto limite de campanha e na migra\u00e7\u00e3o partid\u00e1ria do Podemos para o Uni\u00e3o Brasil. Sobre ter desistido de concorrer \u00e0 Presid\u00eancia, afirmam que isto teria facilitado sua vit\u00f3ria nas urnas. H\u00e1 o c\u00e1lculo de que S\u00e9rgio Moro teria gasto R$ 6,7 milh\u00f5es entre a pr\u00e9-campanha \u00e0 Presid\u00eancia e a campanha ao Senado. O limite permitido por lei \u00e9 de R$ 4, 4 milh\u00f5es.<\/p>\n\n\n\n<p>Al\u00e9m de Moro, o seu primeiro suplente no Senado, Luis Felipe Cunha, tamb\u00e9m deve prestar esclarecimento ao desembargador Luis Carrasco. A defesa do ex-juiz indicou oito testemunhas para defend\u00ea-lo no processo. At\u00e9 o momento, apenas uma de fato compareceu \u00e0 audi\u00eancia: o diretor de Instituto Paran\u00e1 Pesquisas, Murilo Hidalgo.<\/p>\n\n\n\n<p>Companheiro de trabalho na Lava-Jato, o ex-procurador Deltan Dallagnol (Novo) havia sido inicialmente arrolado no processo, mas n\u00e3o esteve em sua oitiva, que estava marcada para a \u00faltima quinta-feira (30). Articuladores dos dois pol\u00edticos alegam que a defesa de Moro solicitou a aus\u00eancia de Dallagnol, que iria depor sobre o contexto pol\u00edtico de trabalho no Podemos.<\/p>\n\n\n\n<p>A mudan\u00e7a de estrat\u00e9gia dos advogados ocorre no intuito de cal\u00e7ar os depoimentos em torno de uma narrativa de que o PL entrou com a a\u00e7\u00e3o para cassar o mandato de Moro porque o seu candidato, Paulo Martins, terminou derrotado.<\/p>\n\n\n\n<figure class=\"wp-block-image\"><img data-recalc-dims=\"1\" decoding=\"async\" src=\"https:\/\/i0.wp.com\/s2-oglobo.glbimg.com\/II12AJg9VY3KIuq2HmvcI10SCWo%3D\/0x0%3A600x400\/984x0\/smart\/filters%3Astrip_icc%28%29\/i.s3.glbimg.com\/v1\/AUTH_da025474c0c44edd99332dddb09cabe8\/internal_photos\/bs\/2023\/h\/0\/OLtI6rTLAAPj5MXBI1AQ\/mchelle-gleisi.jpg?w=800&#038;ssl=1\" alt=\"Michelle Bolsonaro e Gleisi Hoffmann \u2014 Foto: Isac N\u00f3brega\/PR e Jorge William\/Ag. O Globo\"\/><figcaption class=\"wp-element-caption\">Michelle Bolsonaro e Gleisi Hoffmann \u2014 Foto: Isac N\u00f3brega\/PR e Jorge William\/Ag. O Globo<\/figcaption><\/figure>\n\n\n\n<h2 class=\"wp-block-heading\">Esp\u00f3lio em disputa<\/h2>\n\n\n\n<p>Caso o senador seja condenado, o processo ainda seria julgado em segunda inst\u00e2ncia pela Corte local e, posteriormente, iria ao Tribunal Superior Eleitoral (TSE). Caso a condena\u00e7\u00e3o permane\u00e7a, Moro perderia sua cadeira no Congresso Nacional.<\/p>\n\n\n\n<p>Nos bastidores, a vaga do ex-juiz j\u00e1 \u00e9 disputada em uma esp\u00e9cie de campanha pr\u00e9-eleitoral. Isto porque, caso ocorra a cassa\u00e7\u00e3o, um novo pleito seria disputado. Como antecipou a colunista Bela Megale, o PL articula o nome da ex-primeira-dama&nbsp;<a class=\"\" href=\"http:\/\/oglobo.globo.com\/tudo-sobre\/personalidade\/michelle-bolsonaro\/\">Michelle Bolsonaro<\/a>.<\/p>\n\n\n\n<p>J\u00e1 no PT, a presidente nacional do partido,&nbsp;<a class=\"\" href=\"https:\/\/oglobo.globo.com\/tudo-sobre\/politico\/gleisi-hoffmann\">Gleisi Hoffmann<\/a>, desponta como nome. Em junho deste ano, em postagem no Instagram, Janja chegou a se referir \u00e0 aliada enquanto &#8220;futura senadora&#8221;.<\/p>\n\n\n\n<p>&#8220;E o dia come\u00e7ou com uma excelente conversa com essas duas mulheres maravilhosas!! Ministra Anielle Franco e a futura Senadora Gleisi&#8221;, escreveu \u00e0 \u00e9poca. Moro n\u00e3o recebeu bem a provoca\u00e7\u00e3o e afirmou que a mulher de Lula (PT) faltou com respeito com ele e &#8220;1,9 milh\u00e3o de eleitores paranaenses&#8221;.<\/p>\n\n\n\n<p>A presen\u00e7a de Michelle Bolsonaro no palanque \u00e9 tido com bons olhos pelos articuladores de Moro. O argumento \u00e9 de que o senador ganharia sobrevida sob o risco de uma integrante da fam\u00edlia Bolsonaro vir a assumir sua vaga.<\/p>\n","protected":false},"excerpt":{"rendered":"<p>O depoimento do senador\u00a0Sergio Moro\u00a0(Uni\u00e3o-PR) no Tribunal Regional Eleitoral do Paran\u00e1 (TRE-PR) est\u00e1 marcado para esta quinta-feira, \u00e0s 13h. O ex-juiz da Lava-Jato deve prestar esclarecimentos presencialmente na Corte no processo que pode levar a sua cassa\u00e7\u00e3o. Fontes pr\u00f3ximas ao pol\u00edtico, no entanto, afirmam que sua ida est\u00e1 sob avalia\u00e7\u00e3o. O senador responde na Justi\u00e7a [&hellip;]<\/p>\n","protected":false},"author":2,"featured_media":4954,"comment_status":"open","ping_status":"open","sticky":false,"template":"","format":"standard","meta":{"_jetpack_memberships_contains_paid_content":false,"footnotes":""},"categories":[39],"tags":[],"class_list":["post-4953","post","type-post","status-publish","format-standard","has-post-thumbnail","hentry","category-politica"],"aioseo_notices":[],"jetpack_featured_media_url":"https:\/\/i0.wp.com\/minutobahia24h.com.br\/wp-content\/uploads\/2023\/12\/Sem-titulo-54.jpg?fit=884%2C533&ssl=1","jetpack_sharing_enabled":true,"_links":{"self":[{"href":"https:\/\/minutobahia24h.com.br\/index.php?rest_route=\/wp\/v2\/posts\/4953","targetHints":{"allow":["GET"]}}],"collection":[{"href":"https:\/\/minutobahia24h.com.br\/index.php?rest_route=\/wp\/v2\/posts"}],"about":[{"href":"https:\/\/minutobahia24h.com.br\/index.php?rest_route=\/wp\/v2\/types\/post"}],"author":[{"embeddable":true,"href":"https:\/\/minutobahia24h.com.br\/index.php?rest_route=\/wp\/v2\/users\/2"}],"replies":[{"embeddable":true,"href":"https:\/\/minutobahia24h.com.br\/index.php?rest_route=%2Fwp%2Fv2%2Fcomments&post=4953"}],"version-history":[{"count":1,"href":"https:\/\/minutobahia24h.com.br\/index.php?rest_route=\/wp\/v2\/posts\/4953\/revisions"}],"predecessor-version":[{"id":4955,"href":"https:\/\/minutobahia24h.com.br\/index.php?rest_route=\/wp\/v2\/posts\/4953\/revisions\/4955"}],"wp:featuredmedia":[{"embeddable":true,"href":"https:\/\/minutobahia24h.com.br\/index.php?rest_route=\/wp\/v2\/media\/4954"}],"wp:attachment":[{"href":"https:\/\/minutobahia24h.com.br\/index.php?rest_route=%2Fwp%2Fv2%2Fmedia&parent=4953"}],"wp:term":[{"taxonomy":"category","embeddable":true,"href":"https:\/\/minutobahia24h.com.br\/index.php?rest_route=%2Fwp%2Fv2%2Fcategories&post=4953"},{"taxonomy":"post_tag","embeddable":true,"href":"https:\/\/minutobahia24h.com.br\/index.php?rest_route=%2Fwp%2Fv2%2Ftags&post=4953"}],"curies":[{"name":"wp","href":"https:\/\/api.w.org\/{rel}","templated":true}]}}