{"id":4912,"date":"2023-12-05T23:56:36","date_gmt":"2023-12-06T02:56:36","guid":{"rendered":"https:\/\/minutobahia24h.com.br\/?p=4912"},"modified":"2023-12-05T23:56:37","modified_gmt":"2023-12-06T02:56:37","slug":"anatel-autoriza-5g-em-paulo-afonso-jequie-cruz-das-almas-e-mais-dez-cidades-de-bahia","status":"publish","type":"post","link":"https:\/\/minutobahia24h.com.br\/?p=4912","title":{"rendered":"Anatel autoriza 5G em Paulo Afonso, Jequi\u00e9, Cruz das Almas e mais dez cidades de Bahia"},"content":{"rendered":"<div class=\"wp-block-image\">\n<figure class=\"aligncenter size-large\"><img data-recalc-dims=\"1\" fetchpriority=\"high\" decoding=\"async\" width=\"800\" height=\"450\" src=\"https:\/\/i0.wp.com\/minutobahia24h.com.br\/wp-content\/uploads\/2023\/12\/Sem-titulo-47-1024x576.jpg?resize=800%2C450&#038;ssl=1\" alt=\"\" class=\"wp-image-4914\" srcset=\"https:\/\/i0.wp.com\/minutobahia24h.com.br\/wp-content\/uploads\/2023\/12\/Sem-titulo-47.jpg?resize=1024%2C576&amp;ssl=1 1024w, https:\/\/i0.wp.com\/minutobahia24h.com.br\/wp-content\/uploads\/2023\/12\/Sem-titulo-47.jpg?resize=300%2C169&amp;ssl=1 300w, https:\/\/i0.wp.com\/minutobahia24h.com.br\/wp-content\/uploads\/2023\/12\/Sem-titulo-47.jpg?resize=768%2C432&amp;ssl=1 768w, https:\/\/i0.wp.com\/minutobahia24h.com.br\/wp-content\/uploads\/2023\/12\/Sem-titulo-47.jpg?resize=750%2C422&amp;ssl=1 750w, https:\/\/i0.wp.com\/minutobahia24h.com.br\/wp-content\/uploads\/2023\/12\/Sem-titulo-47.jpg?resize=1140%2C641&amp;ssl=1 1140w, https:\/\/i0.wp.com\/minutobahia24h.com.br\/wp-content\/uploads\/2023\/12\/Sem-titulo-47.jpg?w=1280&amp;ssl=1 1280w\" sizes=\"(max-width: 800px) 100vw, 800px\" \/><\/figure>\n<\/div>\n\n\n<p>Prestadoras que adquiriram lotes na faixa de 3,5 GHz poder\u00e3o solicitar \u00e0 Ag\u00eancia Nacional de Telecomunica\u00e7\u00f5es (Anatel) o licenciamento e ativa\u00e7\u00e3o de esta\u00e7\u00f5es de 5G nesta faixa em mais 623 munic\u00edpios.<\/p>\n\n\n\n<p>A libera\u00e7\u00e3o vale a partir desta segunda-fera (4) e segue delibera\u00e7\u00e3o ocorrida na \u00faltima-feira (29), em Reuni\u00e3o Ordin\u00e1ria do Grupo de Acompanhamento da Implanta\u00e7\u00e3o das Solu\u00e7\u00f5es para os Problemas de Interfer\u00eancia na faixa de 3.625 a 3.700 MHz (Gaispi).<\/p>\n\n\n\n<p>Com a decis\u00e3o, ser\u00e3o 3.079 os munic\u00edpios com a faixa de 3,5 GHz dispon\u00edvel para utiliza\u00e7\u00e3o por esta\u00e7\u00f5es do 5G&nbsp;<em>standalone<\/em>, perfazendo aproximadamente 172 milh\u00f5es de brasileiros, o que corresponde a cerca de 81% da popula\u00e7\u00e3o do Brasil.<\/p>\n\n\n\n<p>Na Bahia foram 13 novos munic\u00edpios podem receber a tecnologia \u2013 Barreiras, Cairu, Cruz das Almas, Itabela, Itamaraju, Jequi\u00e9, Lu\u00eds Eduardo Magalh\u00e3es, Paulo Afonso, Prado, Santo Ant\u00f4nio de Jesus, Teixeira de Freitas, Una e Valen\u00e7a.<\/p>\n\n\n\n<p>Para facilitar o acompanhamento dos munic\u00edpios liberados, o Gaispi disponibiliza&nbsp;<a href=\"https:\/\/informacoes.anatel.gov.br\/paineis\/espectro-e-orbita\/gaispi-liberacao-e-planejamento-3-5-ghz\" target=\"_blank\" rel=\"noreferrer noopener\">um painel de dados<\/a>&nbsp;apresentando os munic\u00edpios em que a faixa de 3,5 GHz j\u00e1 se encontra liberada e, tamb\u00e9m, o planejamento aprovado pelo GAISPI para as pr\u00f3ximas libera\u00e7\u00f5es. Importante ressaltar que a libera\u00e7\u00e3o da faixa n\u00e3o significa que redes do 5G ser\u00e3o instaladas de imediato nas localidades: a instala\u00e7\u00e3o antecipada de esta\u00e7\u00f5es de quinta gera\u00e7\u00e3o nessas cidades depende do planejamento individual de cada prestadora.<\/p>\n\n\n\n<p>Em breve ser\u00e1 lan\u00e7ado um hotsite com informa\u00e7\u00f5es completas do projeto e acervo documental das infovias do Programa Amaz\u00f4nia Integrada e Sustent\u00e1vel (PAIS), a ser disponibilizado no site&nbsp;<a href=\"http:\/\/www.eaf.org.br\/\" target=\"_blank\" rel=\"noreferrer noopener\">www.eaf.org.br<\/a>.<\/p>\n\n\n\n<p>A decis\u00e3o tomada pelo GAISPI segue diretrizes do Edital do 5G e abrange munic\u00edpios onde a EAF j\u00e1 iniciou a migra\u00e7\u00e3o da recep\u00e7\u00e3o do sinal de televis\u00e3o aberta e gratuita por meio de antenas parab\u00f3licas na banda C satelital para a banda Ku e concluiu as a\u00e7\u00f5es necess\u00e1rias para a desocupa\u00e7\u00e3o desta faixa por sistemas do Servi\u00e7o Fixo por Sat\u00e9lite (FSS), tendo instalado os filtros para a mitiga\u00e7\u00e3o de interfer\u00eancias em todas as esta\u00e7\u00f5es do FSS impactadas.<\/p>\n\n\n\n<p>Destaca-se tamb\u00e9m que, de acordo com o planejamento atual e o andamento das atividades de migra\u00e7\u00e3o e desocupa\u00e7\u00e3o, o Pa\u00eds chegar\u00e1 em junho de 2024 com 3.678 munic\u00edpios liberados, representando um avan\u00e7o significativo frente ao planejamento inicialmente estabelecido no Edital do 5G.<\/p>\n\n\n\n<p>&gt;<strong>Siga o CONEX\u00c3O VERDADE no&nbsp;<a href=\"https:\/\/www.instagram.com\/redeconexaoverdade\">Instagram<\/a>,&nbsp;<a href=\"https:\/\/twitter.com\/redeconexaoverdade\">Twitter<\/a>&nbsp;e pelo&nbsp;<a href=\"https:\/\/www.facebook.com\/redeconexaoverdade\">Facebook<\/a><\/strong><\/p>\n\n\n\n<p>Quem recebe as transmiss\u00f5es da TV Aberta pela antena parab\u00f3lica precisa adaptar o equipamento para evitar eventuais interfer\u00eancias. Inscritos no Cadastro \u00danico para Programas Sociais do Governo Federal (Cad\u00danico) que recebem sinal da TV aberta por parab\u00f3lica podem solicitar o kit gratuito para a adapta\u00e7\u00e3o do equipamento \u00e0 Siga Antenado, nome fantasia da EAF.<\/p>\n\n\n\n<p>\u00c9 fundamental que seja realizado agendamento para a instala\u00e7\u00e3o dos novos equipamentos. Mais informa\u00e7\u00f5es est\u00e3o dispon\u00edveis no site da&nbsp;<a href=\"https:\/\/sigaantenado.com.br\/\" target=\"_blank\" rel=\"noreferrer noopener\">Siga Antenado<\/a>. Tamb\u00e9m est\u00e1 dispon\u00edvel o telefone 0800-729-2404.<\/p>\n\n\n\n<p>Os munic\u00edpios com a faixa j\u00e1 liberada, as cidades, os bairros e a quantidade de esta\u00e7\u00f5es licenciadas do 5G\u00a0<em>standalone<\/em>\u00a0na faixa de 3,5 GHz, bem como os aparelhos celulares certificados para uso de 5G, podem ser consultados nos dashboards disponibilizados no painel de dados da Anatel.<\/p>\n\n\n\n<p>conexaoverdade<\/p>\n\n\n\n<p><a href=\"https:\/\/www.conexaoverdade.com\/2023\/12\/anatel-autoriza-5g-em-paulo-afonso.html\"><\/a><\/p>\n","protected":false},"excerpt":{"rendered":"<p>Prestadoras que adquiriram lotes na faixa de 3,5 GHz poder\u00e3o solicitar \u00e0 Ag\u00eancia Nacional de Telecomunica\u00e7\u00f5es (Anatel) o licenciamento e ativa\u00e7\u00e3o de esta\u00e7\u00f5es de 5G nesta faixa em mais 623 munic\u00edpios. A libera\u00e7\u00e3o vale a partir desta segunda-fera (4) e segue delibera\u00e7\u00e3o ocorrida na \u00faltima-feira (29), em Reuni\u00e3o Ordin\u00e1ria do Grupo de Acompanhamento da Implanta\u00e7\u00e3o [&hellip;]<\/p>\n","protected":false},"author":2,"featured_media":4914,"comment_status":"open","ping_status":"open","sticky":false,"template":"","format":"standard","meta":{"_jetpack_memberships_contains_paid_content":false,"footnotes":""},"categories":[19],"tags":[],"class_list":["post-4912","post","type-post","status-publish","format-standard","has-post-thumbnail","hentry","category-economia"],"aioseo_notices":[],"jetpack_featured_media_url":"https:\/\/i0.wp.com\/minutobahia24h.com.br\/wp-content\/uploads\/2023\/12\/Sem-titulo-47.jpg?fit=1280%2C720&ssl=1","jetpack_sharing_enabled":true,"_links":{"self":[{"href":"https:\/\/minutobahia24h.com.br\/index.php?rest_route=\/wp\/v2\/posts\/4912","targetHints":{"allow":["GET"]}}],"collection":[{"href":"https:\/\/minutobahia24h.com.br\/index.php?rest_route=\/wp\/v2\/posts"}],"about":[{"href":"https:\/\/minutobahia24h.com.br\/index.php?rest_route=\/wp\/v2\/types\/post"}],"author":[{"embeddable":true,"href":"https:\/\/minutobahia24h.com.br\/index.php?rest_route=\/wp\/v2\/users\/2"}],"replies":[{"embeddable":true,"href":"https:\/\/minutobahia24h.com.br\/index.php?rest_route=%2Fwp%2Fv2%2Fcomments&post=4912"}],"version-history":[{"count":1,"href":"https:\/\/minutobahia24h.com.br\/index.php?rest_route=\/wp\/v2\/posts\/4912\/revisions"}],"predecessor-version":[{"id":4915,"href":"https:\/\/minutobahia24h.com.br\/index.php?rest_route=\/wp\/v2\/posts\/4912\/revisions\/4915"}],"wp:featuredmedia":[{"embeddable":true,"href":"https:\/\/minutobahia24h.com.br\/index.php?rest_route=\/wp\/v2\/media\/4914"}],"wp:attachment":[{"href":"https:\/\/minutobahia24h.com.br\/index.php?rest_route=%2Fwp%2Fv2%2Fmedia&parent=4912"}],"wp:term":[{"taxonomy":"category","embeddable":true,"href":"https:\/\/minutobahia24h.com.br\/index.php?rest_route=%2Fwp%2Fv2%2Fcategories&post=4912"},{"taxonomy":"post_tag","embeddable":true,"href":"https:\/\/minutobahia24h.com.br\/index.php?rest_route=%2Fwp%2Fv2%2Ftags&post=4912"}],"curies":[{"name":"wp","href":"https:\/\/api.w.org\/{rel}","templated":true}]}}