{"id":49088,"date":"2026-09-04T09:33:24","date_gmt":"2026-09-04T12:33:24","guid":{"rendered":"https:\/\/minutobahia24h.com.br\/?p=49088"},"modified":"2026-09-04T09:33:25","modified_gmt":"2026-09-04T12:33:25","slug":"em-relatorio-pf-indica-assimetria-em-acoes-de-mendonca-contra-politicos-e-ve-alcolumbre-como-provavel-alvo-estrategico","status":"publish","type":"post","link":"https:\/\/minutobahia24h.com.br\/?p=49088","title":{"rendered":"Em relat\u00f3rio, PF indica assimetria em a\u00e7\u00f5es de Mendon\u00e7a contra pol\u00edticos e v\u00ea Alcolumbre como &#8216;prov\u00e1vel alvo estrat\u00e9gico&#8217;"},"content":{"rendered":"<div class=\"wp-block-image\">\n<figure class=\"aligncenter size-full\"><img data-recalc-dims=\"1\" fetchpriority=\"high\" decoding=\"async\" width=\"800\" height=\"532\" src=\"https:\/\/i0.wp.com\/minutobahia24h.com.br\/wp-content\/uploads\/2026\/09\/Sem-titulo-63.jpg?resize=800%2C532&#038;ssl=1\" alt=\"\" class=\"wp-image-49089\"\/><figcaption class=\"wp-element-caption\">Ministro Andr\u00e9 Mendon\u00e7a. \u2014 Foto: Luiz Roberto\/TSE<br><br><\/figcaption><\/figure>\n<\/div>\n\n\n<p class=\"wp-block-paragraph\">Em relat\u00f3rios de intelig\u00eancia enviados ao ministro Alexandre de Moraes, do Supremo Tribunal Federal (<a class=\"\" href=\"https:\/\/g1.globo.com\/tudo-sobre\/supremo-tribunal-federal\/\">STF<\/a>), a&nbsp;<a class=\"\" href=\"https:\/\/g1.globo.com\/tudo-sobre\/policia-federal\/\">Pol\u00edcia Federal<\/a>&nbsp;(PF) aponta que houve assimetria em a\u00e7\u00f5es do ministro Andr\u00e9 Mendon\u00e7a contra pol\u00edticos no \u00e2mbito do caso Master e avalia que o presidente do Senado, Davi Alcolumbre (Uni\u00e3o-AP), &#8220;constitui prov\u00e1vel alvo estrat\u00e9gico&#8221;.<\/p>\n\n\n\n<p class=\"wp-block-paragraph\">O documento, no entanto, faz a ressalva de que trata-se de um relat\u00f3rio de intelig\u00eancia de difus\u00e3o restrita, sem car\u00e1ter decis\u00f3rio e sem valor probat\u00f3rio.<\/p>\n\n\n\n<p class=\"wp-block-paragraph\">Na abertura do relat\u00f3rio de an\u00e1lise do caso, a Pol\u00edcia Federal aponta que&nbsp;<strong>Mendon\u00e7a avan\u00e7ou sobre a\u00e7\u00f5es que deveriam ser exclusivas da investiga\u00e7\u00e3o e que esse avan\u00e7o &#8220;deixou o plano da percep\u00e7\u00e3o e passou a constar de registro documental pr\u00f3prio&#8221;.<\/strong><\/p>\n\n\n\n<p class=\"wp-block-paragraph\">Em seguida,&nbsp;<strong>a Pol\u00edcia v\u00ea ind\u00edcios de que Mendon\u00e7a dava tratamento diferenciado a investiga\u00e7\u00e3o de acordo com os alvos.<\/strong><\/p>\n\n\n\n<p class=\"wp-block-paragraph\">&#8220;Os ind\u00edcios crescentes de enviesamento na condu\u00e7\u00e3o da supervis\u00e3o judicial, manifestados em direcionamento tem\u00e1tico de intensidade progressiva quanto a linha investigativa determinada&#8221;, diz a PF.<\/p>\n\n\n\n<p class=\"wp-block-paragraph\">Segundo a PF,&nbsp;houve uma varia\u00e7\u00e3o no patamar de exig\u00eancia entre os casos dos senadores Weverton Rocha (PDT-MA) e Ciro Nogueira (PP-PI).<\/p>\n\n\n\n<p class=\"wp-block-paragraph\">&#8220;O cotejo entre os dois feitos revela varia\u00e7\u00e3o relevante no patamar de exig\u00eancia probat\u00f3ria aplicado a parlamentares pelo mesmo Relator, em intervalo de pouco mais de 5 meses, com a peculiaridade de que a exig\u00eancia mais severa incidiu sobre o requerimento menos gravoso e sobre o acervo mais robusto&#8221;, diz a PF.<\/p>\n\n\n\n<p class=\"wp-block-paragraph\">No caso do senador Weverton Rocha (PDT-MA), a representa\u00e7\u00e3o sustenta que o aliado do governo exercia lideran\u00e7a da organiza\u00e7\u00e3o criminosa, mas &#8220;sem apontar ato de of\u00edcio, sem valor rastreado at\u00e9 ele e sem um \u00fanico di\u00e1logo em que figure como interlocutor&#8221;.<\/p>\n\n\n\n<p class=\"wp-block-paragraph\">Ainda aponta que o relat\u00f3rio cravava que ela tinha conhecimento da origem il\u00edcita dos valores que recebia, mas &#8220;sem localizar uma s\u00f3 comunica\u00e7\u00e3o em que ela trate do tema&#8221;.<\/p>\n\n\n\n<p class=\"wp-block-paragraph\">&#8220;As informa\u00e7\u00f5es de Pol\u00edcia Judici\u00e1ria examinadas reproduzem a mesma arquitetura: introdu\u00e7\u00e3o que antecipa conclus\u00f5es, ac\u00famulo de capturas de tela sem cruzamento que as conecte, e encerramento por assertivas categ\u00f3ricas n\u00e3o sustentadas no corpo do documento&#8221;, aponta a PF.<\/p>\n\n\n\n<blockquote class=\"wp-block-quote is-layout-flow wp-block-quote-is-layout-flow\">\n<p class=\"wp-block-paragraph\">&#8220;Quanto mais fr\u00e1gil o insumo entregue, maior o espa\u00e7o de valora\u00e7\u00e3o discricion\u00e1ria de quem decide; e quanto maior esse espa\u00e7o, menor o incentivo \u00e0 corre\u00e7\u00e3o do insumo&#8221;, finalizou a PF.<\/p>\n<\/blockquote>\n\n\n\n<p class=\"wp-block-paragraph\">Sobre o caso do senador Ciro Nogueira, a PF avalia que&nbsp;<strong>havia um conjunto mais robusto de elementos.<\/strong><\/p>\n\n\n\n<p class=\"wp-block-paragraph\">No relat\u00f3rio, a Pol\u00edcia cita a chamada \u201cemenda Master\u201d, uma proposta de altera\u00e7\u00e3o da Proposta de Emenda \u00e0 Constitui\u00e7\u00e3o (PEC) da Autonomia Financeira do Banco Central.<\/p>\n\n\n\n<p class=\"wp-block-paragraph\">O senador foi o autor da emenda, que previa aumentar o limite de cobertura do Fundo Garantidor de Cr\u00e9dito (FGC) dos atuais R$ 250 mil para R$ 1 milh\u00e3o.<\/p>\n\n\n\n<p class=\"wp-block-paragraph\">Segundo a PF, a emenda foi elaborada por pessoas vinculadas ao Banco Master e encaminhada pelo ent\u00e3o diretor jur\u00eddico do banco a Daniel Vorcaro. O documento ent\u00e3o foi encaminhado \u00e0 resid\u00eancia de Ciro e foi posteriormente protocolado no Senado.<\/p>\n\n\n\n<p class=\"wp-block-paragraph\">Em uma troca de mensagens com um terceiro, o banqueiro Daniel Vorcaro comemorou a apresenta\u00e7\u00e3o do texto.<\/p>\n\n\n\n<blockquote class=\"wp-block-quote is-layout-flow wp-block-quote-is-layout-flow\">\n<p class=\"wp-block-paragraph\">&#8220;Foi a vers\u00e3o. Que o andre me mandou. Final. Saiu exatamente como mandei&#8221;, disse Vorcaro.<\/p>\n<\/blockquote>\n\n\n\n<p class=\"wp-block-paragraph\">No relat\u00f3rio, a Pol\u00edcia Federal sustenta que houve tratamento distinto na an\u00e1lise de dois casos sob relatoria do mesmo magistrado.<\/p>\n\n\n\n<blockquote class=\"wp-block-quote is-layout-flow wp-block-quote-is-layout-flow\">\n<p class=\"wp-block-paragraph\">&#8220;No feito em que o acervo era comparativamente mais fr\u00e1gil, e a medida pretendida a mais gravosa, o Relator reconheceu &#8220;fortes ind\u00edcios&#8221; e limitou-se a indeferir a segrega\u00e7\u00e3o. No feito em que o acervo j\u00e1 continha ato de of\u00edcio documentado e a medida pretendida era a menos invasiva do ordenamento, condicionou a pr\u00f3pria an\u00e1lise da justa causa \u00e0 produ\u00e7\u00e3o pr\u00e9via de prova da contrapartida financeira&#8221;.<\/p>\n<\/blockquote>\n\n\n\n<h2 class=\"wp-block-heading\">Alcolumbre como &#8220;prov\u00e1vel alvo estrat\u00e9gico&#8221;<\/h2>\n\n\n\n<p class=\"wp-block-paragraph\">Em um dos relat\u00f3rios, a PF levanta a hip\u00f3tese de que o presidente do Senado seria um &#8220;prov\u00e1vel alvo estrat\u00e9gico&#8221;, destacando a for\u00e7a politica e favoritismo para se manter na presid\u00eancia do Senado no pr\u00f3ximo ano.<\/p>\n\n\n\n<p class=\"wp-block-paragraph\">Em despacho publicado nesta quinta-feira (3), o ministro Alexandre de Moraes, do Supremo Tribunal Federal (STF), afirmou que a Pol\u00edcia Federal (PF) identificou o direcionamento de investiga\u00e7\u00f5es por Andr\u00e9 Mendon\u00e7a contra o presidente do Senado, Davi Alcolumbre (Uni\u00e3o-AP).<\/p>\n\n\n\n<blockquote class=\"wp-block-quote is-layout-flow wp-block-quote-is-layout-flow\">\n<p class=\"wp-block-paragraph\">&#8220;Avalia-se que Davi Alcolumbre constitui prov\u00e1vel alvo estrat\u00e9gico, considerada sua for\u00e7a pol\u00edtica, o favoritismo para manter-se na presid\u00eancia do Senado Federal e o consequente controle da pauta daquela Casa, notadamente quanto ao processamento de pedidos de impeachment de ministros do Supremo Tribunal Federal&#8221;.<\/p>\n<\/blockquote>\n\n\n\n<p class=\"wp-block-paragraph\">O relat\u00f3rio tamb\u00e9m cita o hist\u00f3rico de diverg\u00eancias entre Mendon\u00e7a e o senador. De acordo com a Pol\u00edcia Federal, Alcolumbre foi visto como um dos principais obst\u00e1culos \u00e0 indica\u00e7\u00e3o do atual ministro do STF durante o governo do ex-presidente Jair Bolsonaro (PL).<\/p>\n\n\n\n<h2 class=\"wp-block-heading\">Assimetria nos prazos de aprecia\u00e7\u00e3o<\/h2>\n\n\n\n<p class=\"wp-block-paragraph\">Em um dos relat\u00f3rios, a Pol\u00edcia Federal comparou o tempo levado pelo ministro Mendon\u00e7a para analisar medidas em investiga\u00e7\u00f5es envolvendo diferentes autoridades.<\/p>\n\n\n\n<p class=\"wp-block-paragraph\">Entre os casos examinados, o menor intervalo registrado foi de nove dias, em uma medida envolvendo o senador Jaques Wagner (PT-BA). O maior chegou a 75 dias, em procedimento relacionado ao governador do Rio de Janeiro, Cl\u00e1udio Castro (PL).<\/p>\n\n\n\n<p class=\"wp-block-paragraph\"><strong>Veja abaixo:<\/strong><\/p>\n\n\n\n<ul class=\"wp-block-list\">\n<li><strong>Jaques Wagner (PT-BA):<\/strong>\u00a0mandado de busca e apreens\u00e3o \u2014 9 dias<\/li>\n\n\n\n<li><strong>Ciro Nogueira:\u00a0<\/strong>mandado de busca e apreens\u00e3o \u2014 29 dias<\/li>\n\n\n\n<li><strong>Cl\u00e1udio Castro:\u00a0<\/strong>mandado de busca e apreens\u00e3o \u2014 75 dias<\/li>\n\n\n\n<li><strong>Cl\u00e1udio Castro (2):<\/strong>\u00a0mandado de busca e apreens\u00e3o indeferido com parecer favor\u00e1vel da PGR \u2014 46 dias<\/li>\n\n\n\n<li><strong>Instuto Previd\u00eancia de Macei\u00f3:<\/strong>\u00a0cautelares \u2014 53+ dias<\/li>\n<\/ul>\n\n\n\n<p class=\"wp-block-paragraph\">O relat\u00f3rio n\u00e3o afirma que Mendon\u00e7a tenha deliberadamente acelerado ou retardado decis\u00f5es para beneficiar ou prejudicar autoridades. No entanto, a Pol\u00edcia Federal relata que houve uma diferen\u00e7a expressiva nos prazos de an\u00e1lise dos casos.<\/p>\n\n\n\n<blockquote class=\"wp-block-quote is-layout-flow wp-block-quote-is-layout-flow\">\n<p class=\"wp-block-paragraph\">&#8220;A dispers\u00e3o \u00e9 expressiva e sugere correla\u00e7\u00e3o entre tempo de aprecia\u00e7\u00e3o e perfil do investigado&#8221;, diz a PF.<\/p>\n<\/blockquote>\n\n\n\n<h2 class=\"wp-block-heading\">Pedido de investiga\u00e7\u00e3o<\/h2>\n\n\n\n<p class=\"wp-block-paragraph\">Os relat\u00f3rios foram mencionados pelo ministro Alexandre de Moraes no&nbsp;<a class=\"\" href=\"https:\/\/g1.globo.com\/politica\/noticia\/2026\/09\/03\/moraes-encaminha-a-fachin-pedido-de-investigacao-contra-mendonca.ghtml\">pedido de investiga\u00e7\u00e3o contra Mendon\u00e7a encaminhado por ele ao presidente da Corte, ministro Edson Fachin, nesta quinta-feira (3)<\/a>.<\/p>\n\n\n\n<p class=\"wp-block-paragraph\">No pedido, Moraes disse que h\u00e1 presen\u00e7a de fortes ind\u00edcios da pr\u00e1tica de improbidade administrativa, abuso de autoridade, crime de responsabilidade e favorecimento a determinados grupos pol\u00edticos no exerc\u00edcio da relatoria dos casos Master e INSS.<\/p>\n\n\n\n<p class=\"wp-block-paragraph\">Na ter\u00e7a-feira (1), Mendon\u00e7a&nbsp;<a class=\"\" href=\"https:\/\/g1.globo.com\/politica\/noticia\/2026\/09\/02\/vorcaro-e-moraes-veja-prints-de-conversas-reveladas-em-relatorio-da-pf.ghtml\">retirou o sigilo do relat\u00f3rio da Pol\u00edcia Federal (PF), feito por sua determina\u00e7\u00e3o, que exp\u00f4s mensagens e contatos entre Moraes e o ex-dono do Banco Master, Daniel Vorcaro.<\/a><\/p>\n\n\n\n<p class=\"wp-block-paragraph\">Mendon\u00e7a&nbsp;<a class=\"\" href=\"https:\/\/g1.globo.com\/politica\/noticia\/2026\/09\/01\/master-mendonca-sugere-a-ministros-que-novos-elementos-apresentados-pela-pf-sejam-analisados-em-plenario.ghtml\">sugeriu na mesma decis\u00e3o que os elementos constantes dos relat\u00f3rios da PF sobre o caso fossem avaliados pelo plen\u00e1rio da Corte.<\/a><\/p>\n\n\n\n<p class=\"wp-block-paragraph\">Nesta quinta,<a class=\"\" href=\"https:\/\/g1.globo.com\/politica\/noticia\/2026\/09\/03\/fachin-da-5-dias-para-que-mendonca-moraes-pgr-e-policia-federal-prestem-informacoes-sobre-crise-no-stf.ghtml\">&nbsp;Fachin deu 5 dias \u00fateis para que Mendon\u00e7a, Moraes, PGR e Pol\u00edcia Federal prestem informa\u00e7\u00f5es sobre todas as movimenta\u00e7\u00f5es envolvendo o caso.<\/a><\/p>\n","protected":false},"excerpt":{"rendered":"<p>Em relat\u00f3rios de intelig\u00eancia enviados ao ministro Alexandre de Moraes, do Supremo Tribunal Federal (STF), a&nbsp;Pol\u00edcia Federal&nbsp;(PF) aponta que houve assimetria em a\u00e7\u00f5es do ministro Andr\u00e9 Mendon\u00e7a contra pol\u00edticos no \u00e2mbito do caso Master e avalia que o presidente do Senado, Davi Alcolumbre (Uni\u00e3o-AP), &#8220;constitui prov\u00e1vel alvo estrat\u00e9gico&#8221;. O documento, no entanto, faz a ressalva [&hellip;]<\/p>\n","protected":false},"author":2,"featured_media":49089,"comment_status":"open","ping_status":"open","sticky":false,"template":"","format":"standard","meta":{"_jetpack_newsletter_access":"","_jetpack_dont_email_post_to_subs":false,"_jetpack_newsletter_tier_id":0,"_jetpack_memberships_contains_paywalled_content":false,"_jetpack_feature_clip_id":0,"_jetpack_memberships_contains_paid_content":false,"footnotes":"","jetpack_post_was_ever_published":false},"categories":[39],"tags":[],"class_list":["post-49088","post","type-post","status-publish","format-standard","has-post-thumbnail","hentry","category-politica"],"aioseo_notices":[],"aioseo_head":"\n\t\t<!-- All in One SEO 5.0.1.1 - aioseo.com -->\n\t<meta name=\"description\" content=\"Em relat\u00f3rios de intelig\u00eancia enviados ao ministro Alexandre de Moraes, do Supremo Tribunal Federal (STF), a Pol\u00edcia Federal (PF) aponta que houve assimetria em a\u00e7\u00f5es do ministro Andr\u00e9 Mendon\u00e7a contra pol\u00edticos no \u00e2mbito do caso Master e avalia que o presidente do Senado, Davi Alcolumbre (Uni\u00e3o-AP), &quot;constitui prov\u00e1vel alvo estrat\u00e9gico&quot;. O documento, no entanto, faz a ressalva\" \/>\n\t<meta name=\"robots\" content=\"max-image-preview:large\" \/>\n\t<meta name=\"author\" content=\"andre\"\/>\n\t<link rel=\"canonical\" href=\"https:\/\/minutobahia24h.com.br\/?p=49088\" \/>\n\t<meta name=\"generator\" content=\"All in One SEO (AIOSEO) 5.0.1.1\" \/>\n\t\t<meta property=\"og:locale\" content=\"pt_BR\" \/>\n\t\t<meta property=\"og:site_name\" content=\"Minuto Bahia 24h - O seu portal de not\u00edcias\" \/>\n\t\t<meta property=\"og:type\" content=\"article\" \/>\n\t\t<meta property=\"og:title\" content=\"Em relat\u00f3rio, PF indica assimetria em a\u00e7\u00f5es de Mendon\u00e7a contra pol\u00edticos e v\u00ea Alcolumbre como \u2018prov\u00e1vel alvo estrat\u00e9gico\u2019 - Minuto Bahia 24h\" \/>\n\t\t<meta property=\"og:description\" content=\"Em relat\u00f3rios de intelig\u00eancia enviados ao ministro Alexandre de Moraes, do Supremo Tribunal Federal (STF), a Pol\u00edcia Federal (PF) aponta que houve assimetria em a\u00e7\u00f5es do ministro Andr\u00e9 Mendon\u00e7a contra pol\u00edticos no \u00e2mbito do caso Master e avalia que o presidente do Senado, Davi Alcolumbre (Uni\u00e3o-AP), &quot;constitui prov\u00e1vel alvo estrat\u00e9gico&quot;. O documento, no entanto, faz a ressalva\" \/>\n\t\t<meta property=\"og:url\" content=\"https:\/\/minutobahia24h.com.br\/?p=49088\" \/>\n\t\t<meta property=\"og:image\" content=\"https:\/\/minutobahia24h.com.br\/wp-content\/uploads\/2026\/09\/Sem-titulo-63.jpg\" \/>\n\t\t<meta property=\"og:image:secure_url\" content=\"https:\/\/minutobahia24h.com.br\/wp-content\/uploads\/2026\/09\/Sem-titulo-63.jpg\" \/>\n\t\t<meta property=\"og:image:width\" content=\"984\" \/>\n\t\t<meta property=\"og:image:height\" content=\"654\" \/>\n\t\t<meta property=\"article:published_time\" content=\"2026-09-04T12:33:24+00:00\" \/>\n\t\t<meta property=\"article:modified_time\" content=\"2026-09-04T12:33:25+00:00\" \/>\n\t\t<meta name=\"twitter:card\" content=\"summary_large_image\" \/>\n\t\t<meta name=\"twitter:title\" content=\"Em relat\u00f3rio, PF indica assimetria em a\u00e7\u00f5es de Mendon\u00e7a contra pol\u00edticos e v\u00ea Alcolumbre como \u2018prov\u00e1vel alvo estrat\u00e9gico\u2019 - Minuto Bahia 24h\" \/>\n\t\t<meta name=\"twitter:description\" content=\"Em relat\u00f3rios de intelig\u00eancia enviados ao ministro Alexandre de Moraes, do Supremo Tribunal Federal (STF), a Pol\u00edcia Federal (PF) aponta que houve assimetria em a\u00e7\u00f5es do ministro Andr\u00e9 Mendon\u00e7a contra pol\u00edticos no \u00e2mbito do caso Master e avalia que o presidente do Senado, Davi Alcolumbre (Uni\u00e3o-AP), &quot;constitui prov\u00e1vel alvo estrat\u00e9gico&quot;. O documento, no entanto, faz a ressalva\" \/>\n\t\t<meta name=\"twitter:image\" content=\"https:\/\/minutobahia24h.com.br\/wp-content\/uploads\/2026\/09\/Sem-titulo-63.jpg\" \/>\n\t\t<script type=\"application\/ld+json\" class=\"aioseo-schema\">\n\t\t\t{\"@context\":\"https:\\\/\\\/schema.org\",\"@graph\":[{\"@type\":\"BlogPosting\",\"@id\":\"https:\\\/\\\/minutobahia24h.com.br\\\/?p=49088#blogposting\",\"name\":\"Em relat\\u00f3rio, PF indica assimetria em a\\u00e7\\u00f5es de Mendon\\u00e7a contra pol\\u00edticos e v\\u00ea Alcolumbre como \\u2018prov\\u00e1vel alvo estrat\\u00e9gico\\u2019 - Minuto Bahia 24h\",\"headline\":\"Em relat\\u00f3rio, PF indica assimetria em a\\u00e7\\u00f5es de Mendon\\u00e7a contra pol\\u00edticos e v\\u00ea Alcolumbre como &#8216;prov\\u00e1vel alvo estrat\\u00e9gico&#8217;\",\"author\":{\"@id\":\"https:\\\/\\\/minutobahia24h.com.br\\\/?author=2#author\"},\"publisher\":{\"@id\":\"https:\\\/\\\/minutobahia24h.com.br\\\/#organization\"},\"image\":{\"@type\":\"ImageObject\",\"url\":\"https:\\\/\\\/i0.wp.com\\\/minutobahia24h.com.br\\\/wp-content\\\/uploads\\\/2026\\\/09\\\/Sem-titulo-63.jpg?fit=984%2C654&ssl=1\",\"width\":984,\"height\":654},\"datePublished\":\"2026-09-04T09:33:24-03:00\",\"dateModified\":\"2026-09-04T09:33:25-03:00\",\"inLanguage\":\"pt-BR\",\"mainEntityOfPage\":{\"@id\":\"https:\\\/\\\/minutobahia24h.com.br\\\/?p=49088#webpage\"},\"isPartOf\":{\"@id\":\"https:\\\/\\\/minutobahia24h.com.br\\\/?p=49088#webpage\"},\"articleSection\":\"Pol\\u00edtica\"},{\"@type\":\"BreadcrumbList\",\"@id\":\"https:\\\/\\\/minutobahia24h.com.br\\\/?p=49088#breadcrumblist\",\"itemListElement\":[{\"@type\":\"ListItem\",\"@id\":\"https:\\\/\\\/minutobahia24h.com.br#listItem\",\"position\":1,\"name\":\"In\\u00edcio\",\"item\":\"https:\\\/\\\/minutobahia24h.com.br\",\"nextItem\":{\"@type\":\"ListItem\",\"@id\":\"https:\\\/\\\/minutobahia24h.com.br\\\/?cat=39#listItem\",\"name\":\"Pol\\u00edtica\"}},{\"@type\":\"ListItem\",\"@id\":\"https:\\\/\\\/minutobahia24h.com.br\\\/?cat=39#listItem\",\"position\":2,\"name\":\"Pol\\u00edtica\",\"item\":\"https:\\\/\\\/minutobahia24h.com.br\\\/?cat=39\",\"nextItem\":{\"@type\":\"ListItem\",\"@id\":\"https:\\\/\\\/minutobahia24h.com.br\\\/?p=49088#listItem\",\"name\":\"Em relat\\u00f3rio, PF indica assimetria em a\\u00e7\\u00f5es de Mendon\\u00e7a contra pol\\u00edticos e v\\u00ea Alcolumbre como &#8216;prov\\u00e1vel alvo estrat\\u00e9gico&#8217;\"},\"previousItem\":{\"@type\":\"ListItem\",\"@id\":\"https:\\\/\\\/minutobahia24h.com.br#listItem\",\"name\":\"In\\u00edcio\"}},{\"@type\":\"ListItem\",\"@id\":\"https:\\\/\\\/minutobahia24h.com.br\\\/?p=49088#listItem\",\"position\":3,\"name\":\"Em relat\\u00f3rio, PF indica assimetria em a\\u00e7\\u00f5es de Mendon\\u00e7a contra pol\\u00edticos e v\\u00ea Alcolumbre como &#8216;prov\\u00e1vel alvo estrat\\u00e9gico&#8217;\",\"previousItem\":{\"@type\":\"ListItem\",\"@id\":\"https:\\\/\\\/minutobahia24h.com.br\\\/?cat=39#listItem\",\"name\":\"Pol\\u00edtica\"}}]},{\"@type\":\"Organization\",\"@id\":\"https:\\\/\\\/minutobahia24h.com.br\\\/#organization\",\"name\":\"Minuto Bahia 24h\",\"description\":\"O seu portal de not\\u00edcias\",\"url\":\"https:\\\/\\\/minutobahia24h.com.br\\\/\",\"logo\":{\"@type\":\"ImageObject\",\"url\":\"https:\\\/\\\/i0.wp.com\\\/minutobahia24h.com.br\\\/wp-content\\\/uploads\\\/2023\\\/09\\\/cropped-minutoba.png?fit=457%2C119&ssl=1\",\"@id\":\"https:\\\/\\\/minutobahia24h.com.br\\\/?p=49088\\\/#organizationLogo\",\"width\":457,\"height\":119},\"image\":{\"@id\":\"https:\\\/\\\/minutobahia24h.com.br\\\/?p=49088\\\/#organizationLogo\"}},{\"@type\":\"Person\",\"@id\":\"https:\\\/\\\/minutobahia24h.com.br\\\/?author=2#author\",\"url\":\"https:\\\/\\\/minutobahia24h.com.br\\\/?author=2\",\"name\":\"andre\",\"image\":{\"@type\":\"ImageObject\",\"@id\":\"https:\\\/\\\/minutobahia24h.com.br\\\/?p=49088#authorImage\",\"url\":\"https:\\\/\\\/secure.gravatar.com\\\/avatar\\\/0ec5eafed5f3925c321625d79a680d589901b94bca787ae396a35f6c4a960922?s=96&d=mm&r=g\",\"width\":96,\"height\":96,\"caption\":\"andre\"}},{\"@type\":\"WebPage\",\"@id\":\"https:\\\/\\\/minutobahia24h.com.br\\\/?p=49088#webpage\",\"url\":\"https:\\\/\\\/minutobahia24h.com.br\\\/?p=49088\",\"name\":\"Em relat\\u00f3rio, PF indica assimetria em a\\u00e7\\u00f5es de Mendon\\u00e7a contra pol\\u00edticos e v\\u00ea Alcolumbre como \\u2018prov\\u00e1vel alvo estrat\\u00e9gico\\u2019 - Minuto Bahia 24h\",\"description\":\"Em relat\\u00f3rios de intelig\\u00eancia enviados ao ministro Alexandre de Moraes, do Supremo Tribunal Federal (STF), a Pol\\u00edcia Federal (PF) aponta que houve assimetria em a\\u00e7\\u00f5es do ministro Andr\\u00e9 Mendon\\u00e7a contra pol\\u00edticos no \\u00e2mbito do caso Master e avalia que o presidente do Senado, Davi Alcolumbre (Uni\\u00e3o-AP), \\\"constitui prov\\u00e1vel alvo estrat\\u00e9gico\\\". O documento, no entanto, faz a ressalva\",\"inLanguage\":\"pt-BR\",\"isPartOf\":{\"@id\":\"https:\\\/\\\/minutobahia24h.com.br\\\/#website\"},\"breadcrumb\":{\"@id\":\"https:\\\/\\\/minutobahia24h.com.br\\\/?p=49088#breadcrumblist\"},\"author\":{\"@id\":\"https:\\\/\\\/minutobahia24h.com.br\\\/?author=2#author\"},\"creator\":{\"@id\":\"https:\\\/\\\/minutobahia24h.com.br\\\/?author=2#author\"},\"image\":{\"@type\":\"ImageObject\",\"url\":\"https:\\\/\\\/i0.wp.com\\\/minutobahia24h.com.br\\\/wp-content\\\/uploads\\\/2026\\\/09\\\/Sem-titulo-63.jpg?fit=984%2C654&ssl=1\",\"@id\":\"https:\\\/\\\/minutobahia24h.com.br\\\/?p=49088\\\/#mainImage\",\"width\":984,\"height\":654},\"primaryImageOfPage\":{\"@id\":\"https:\\\/\\\/minutobahia24h.com.br\\\/?p=49088#mainImage\"},\"datePublished\":\"2026-09-04T09:33:24-03:00\",\"dateModified\":\"2026-09-04T09:33:25-03:00\"},{\"@type\":\"WebSite\",\"@id\":\"https:\\\/\\\/minutobahia24h.com.br\\\/#website\",\"url\":\"https:\\\/\\\/minutobahia24h.com.br\\\/\",\"name\":\"Minuto Bahia 24h\",\"description\":\"O seu portal de not\\u00edcias\",\"inLanguage\":\"pt-BR\",\"publisher\":{\"@id\":\"https:\\\/\\\/minutobahia24h.com.br\\\/#organization\"}}]}\n\t\t<\/script>\n\t\t<!-- All in One SEO -->\n\n","aioseo_head_json":{"title":"Em relat\u00f3rio, PF indica assimetria em a\u00e7\u00f5es de Mendon\u00e7a contra pol\u00edticos e v\u00ea Alcolumbre como \u2018prov\u00e1vel alvo estrat\u00e9gico\u2019 - Minuto Bahia 24h","description":"Em relat\u00f3rios de intelig\u00eancia enviados ao ministro Alexandre de Moraes, do Supremo Tribunal Federal (STF), a Pol\u00edcia Federal (PF) aponta que houve assimetria em a\u00e7\u00f5es do ministro Andr\u00e9 Mendon\u00e7a contra pol\u00edticos no \u00e2mbito do caso Master e avalia que o presidente do Senado, Davi Alcolumbre (Uni\u00e3o-AP), \"constitui prov\u00e1vel alvo estrat\u00e9gico\". O documento, no entanto, faz a ressalva","canonical_url":"https:\/\/minutobahia24h.com.br\/?p=49088","robots":"max-image-preview:large","keywords":"","webmasterTools":{"miscellaneous":""},"schema":{"@context":"https:\/\/schema.org","@graph":[{"@type":"BlogPosting","@id":"https:\/\/minutobahia24h.com.br\/?p=49088#blogposting","name":"Em relat\u00f3rio, PF indica assimetria em a\u00e7\u00f5es de Mendon\u00e7a contra pol\u00edticos e v\u00ea Alcolumbre como \u2018prov\u00e1vel alvo estrat\u00e9gico\u2019 - Minuto Bahia 24h","headline":"Em relat\u00f3rio, PF indica assimetria em a\u00e7\u00f5es de Mendon\u00e7a contra pol\u00edticos e v\u00ea Alcolumbre como &#8216;prov\u00e1vel alvo estrat\u00e9gico&#8217;","author":{"@id":"https:\/\/minutobahia24h.com.br\/?author=2#author"},"publisher":{"@id":"https:\/\/minutobahia24h.com.br\/#organization"},"image":{"@type":"ImageObject","url":"https:\/\/i0.wp.com\/minutobahia24h.com.br\/wp-content\/uploads\/2026\/09\/Sem-titulo-63.jpg?fit=984%2C654&ssl=1","width":984,"height":654},"datePublished":"2026-09-04T09:33:24-03:00","dateModified":"2026-09-04T09:33:25-03:00","inLanguage":"pt-BR","mainEntityOfPage":{"@id":"https:\/\/minutobahia24h.com.br\/?p=49088#webpage"},"isPartOf":{"@id":"https:\/\/minutobahia24h.com.br\/?p=49088#webpage"},"articleSection":"Pol\u00edtica"},{"@type":"BreadcrumbList","@id":"https:\/\/minutobahia24h.com.br\/?p=49088#breadcrumblist","itemListElement":[{"@type":"ListItem","@id":"https:\/\/minutobahia24h.com.br#listItem","position":1,"name":"In\u00edcio","item":"https:\/\/minutobahia24h.com.br","nextItem":{"@type":"ListItem","@id":"https:\/\/minutobahia24h.com.br\/?cat=39#listItem","name":"Pol\u00edtica"}},{"@type":"ListItem","@id":"https:\/\/minutobahia24h.com.br\/?cat=39#listItem","position":2,"name":"Pol\u00edtica","item":"https:\/\/minutobahia24h.com.br\/?cat=39","nextItem":{"@type":"ListItem","@id":"https:\/\/minutobahia24h.com.br\/?p=49088#listItem","name":"Em relat\u00f3rio, PF indica assimetria em a\u00e7\u00f5es de Mendon\u00e7a contra pol\u00edticos e v\u00ea Alcolumbre como &#8216;prov\u00e1vel alvo estrat\u00e9gico&#8217;"},"previousItem":{"@type":"ListItem","@id":"https:\/\/minutobahia24h.com.br#listItem","name":"In\u00edcio"}},{"@type":"ListItem","@id":"https:\/\/minutobahia24h.com.br\/?p=49088#listItem","position":3,"name":"Em relat\u00f3rio, PF indica assimetria em a\u00e7\u00f5es de Mendon\u00e7a contra pol\u00edticos e v\u00ea Alcolumbre como &#8216;prov\u00e1vel alvo estrat\u00e9gico&#8217;","previousItem":{"@type":"ListItem","@id":"https:\/\/minutobahia24h.com.br\/?cat=39#listItem","name":"Pol\u00edtica"}}]},{"@type":"Organization","@id":"https:\/\/minutobahia24h.com.br\/#organization","name":"Minuto Bahia 24h","description":"O seu portal de not\u00edcias","url":"https:\/\/minutobahia24h.com.br\/","logo":{"@type":"ImageObject","url":"https:\/\/i0.wp.com\/minutobahia24h.com.br\/wp-content\/uploads\/2023\/09\/cropped-minutoba.png?fit=457%2C119&ssl=1","@id":"https:\/\/minutobahia24h.com.br\/?p=49088\/#organizationLogo","width":457,"height":119},"image":{"@id":"https:\/\/minutobahia24h.com.br\/?p=49088\/#organizationLogo"}},{"@type":"Person","@id":"https:\/\/minutobahia24h.com.br\/?author=2#author","url":"https:\/\/minutobahia24h.com.br\/?author=2","name":"andre","image":{"@type":"ImageObject","@id":"https:\/\/minutobahia24h.com.br\/?p=49088#authorImage","url":"https:\/\/secure.gravatar.com\/avatar\/0ec5eafed5f3925c321625d79a680d589901b94bca787ae396a35f6c4a960922?s=96&d=mm&r=g","width":96,"height":96,"caption":"andre"}},{"@type":"WebPage","@id":"https:\/\/minutobahia24h.com.br\/?p=49088#webpage","url":"https:\/\/minutobahia24h.com.br\/?p=49088","name":"Em relat\u00f3rio, PF indica assimetria em a\u00e7\u00f5es de Mendon\u00e7a contra pol\u00edticos e v\u00ea Alcolumbre como \u2018prov\u00e1vel alvo estrat\u00e9gico\u2019 - Minuto Bahia 24h","description":"Em relat\u00f3rios de intelig\u00eancia enviados ao ministro Alexandre de Moraes, do Supremo Tribunal Federal (STF), a Pol\u00edcia Federal (PF) aponta que houve assimetria em a\u00e7\u00f5es do ministro Andr\u00e9 Mendon\u00e7a contra pol\u00edticos no \u00e2mbito do caso Master e avalia que o presidente do Senado, Davi Alcolumbre (Uni\u00e3o-AP), \"constitui prov\u00e1vel alvo estrat\u00e9gico\". O documento, no entanto, faz a ressalva","inLanguage":"pt-BR","isPartOf":{"@id":"https:\/\/minutobahia24h.com.br\/#website"},"breadcrumb":{"@id":"https:\/\/minutobahia24h.com.br\/?p=49088#breadcrumblist"},"author":{"@id":"https:\/\/minutobahia24h.com.br\/?author=2#author"},"creator":{"@id":"https:\/\/minutobahia24h.com.br\/?author=2#author"},"image":{"@type":"ImageObject","url":"https:\/\/i0.wp.com\/minutobahia24h.com.br\/wp-content\/uploads\/2026\/09\/Sem-titulo-63.jpg?fit=984%2C654&ssl=1","@id":"https:\/\/minutobahia24h.com.br\/?p=49088\/#mainImage","width":984,"height":654},"primaryImageOfPage":{"@id":"https:\/\/minutobahia24h.com.br\/?p=49088#mainImage"},"datePublished":"2026-09-04T09:33:24-03:00","dateModified":"2026-09-04T09:33:25-03:00"},{"@type":"WebSite","@id":"https:\/\/minutobahia24h.com.br\/#website","url":"https:\/\/minutobahia24h.com.br\/","name":"Minuto Bahia 24h","description":"O seu portal de not\u00edcias","inLanguage":"pt-BR","publisher":{"@id":"https:\/\/minutobahia24h.com.br\/#organization"}}]},"og:locale":"pt_BR","og:site_name":"Minuto Bahia 24h - O seu portal de not\u00edcias","og:type":"article","og:title":"Em relat\u00f3rio, PF indica assimetria em a\u00e7\u00f5es de Mendon\u00e7a contra pol\u00edticos e v\u00ea Alcolumbre como \u2018prov\u00e1vel alvo estrat\u00e9gico\u2019 - Minuto Bahia 24h","og:description":"Em relat\u00f3rios de intelig\u00eancia enviados ao ministro Alexandre de Moraes, do Supremo Tribunal Federal (STF), a Pol\u00edcia Federal (PF) aponta que houve assimetria em a\u00e7\u00f5es do ministro Andr\u00e9 Mendon\u00e7a contra pol\u00edticos no \u00e2mbito do caso Master e avalia que o presidente do Senado, Davi Alcolumbre (Uni\u00e3o-AP), &quot;constitui prov\u00e1vel alvo estrat\u00e9gico&quot;. O documento, no entanto, faz a ressalva","og:url":"https:\/\/minutobahia24h.com.br\/?p=49088","og:image":"https:\/\/minutobahia24h.com.br\/wp-content\/uploads\/2026\/09\/Sem-titulo-63.jpg","og:image:secure_url":"https:\/\/minutobahia24h.com.br\/wp-content\/uploads\/2026\/09\/Sem-titulo-63.jpg","og:image:width":984,"og:image:height":654,"article:published_time":"2026-09-04T12:33:24+00:00","article:modified_time":"2026-09-04T12:33:25+00:00","twitter:card":"summary_large_image","twitter:title":"Em relat\u00f3rio, PF indica assimetria em a\u00e7\u00f5es de Mendon\u00e7a contra pol\u00edticos e v\u00ea Alcolumbre como \u2018prov\u00e1vel alvo estrat\u00e9gico\u2019 - Minuto Bahia 24h","twitter:description":"Em relat\u00f3rios de intelig\u00eancia enviados ao ministro Alexandre de Moraes, do Supremo Tribunal Federal (STF), a Pol\u00edcia Federal (PF) aponta que houve assimetria em a\u00e7\u00f5es do ministro Andr\u00e9 Mendon\u00e7a contra pol\u00edticos no \u00e2mbito do caso Master e avalia que o presidente do Senado, Davi Alcolumbre (Uni\u00e3o-AP), &quot;constitui prov\u00e1vel alvo estrat\u00e9gico&quot;. O documento, no entanto, faz a ressalva","twitter:image":"https:\/\/minutobahia24h.com.br\/wp-content\/uploads\/2026\/09\/Sem-titulo-63.jpg"},"aioseo_meta_data":{"post_id":"49088","title":null,"description":null,"keywords":null,"keyphrases":{"focus":{"keyphrase":"","score":0,"analysis":{"keyphraseInTitle":{"score":0,"maxScore":9,"error":1}}},"additional":[]},"primary_term":null,"canonical_url":null,"og_title":null,"og_description":null,"og_object_type":"default","og_image_type":"default","og_image_url":null,"og_image_width":null,"og_image_height":null,"og_image_custom_url":null,"og_image_custom_fields":null,"og_video":"","og_custom_url":null,"og_article_section":null,"og_article_tags":null,"twitter_use_og":true,"twitter_card":"default","twitter_image_type":"default","twitter_image_url":null,"twitter_image_custom_url":null,"twitter_image_custom_fields":null,"twitter_title":null,"twitter_description":null,"schema":{"blockGraphs":[],"customGraphs":[],"default":{"data":{"Article":[],"Course":[],"Dataset":[],"FAQPage":[],"Movie":[],"Person":[],"Product":[],"ProductReview":[],"Car":[],"Recipe":[],"Service":[],"SoftwareApplication":[],"WebPage":[]},"graphName":"BlogPosting","isEnabled":true},"graphs":[]},"schema_type":"default","schema_type_options":null,"pillar_content":false,"robots_default":true,"robots_noindex":false,"robots_noarchive":false,"robots_nosnippet":false,"robots_nofollow":false,"robots_noimageindex":false,"robots_noodp":false,"robots_notranslate":false,"robots_max_snippet":"-1","robots_max_videopreview":"-1","robots_max_imagepreview":"large","priority":null,"frequency":"default","local_seo":null,"breadcrumb_settings":null,"limit_modified_date":false,"ai":{"faqs":[],"keyPoints":[],"schemas":[],"titles":[],"descriptions":[],"socialPosts":{"email":{"subject":"","preview":"","content":""},"linkedin":[],"twitter":[],"facebook":[],"instagram":[]}},"created":"2026-09-04 12:33:25","updated":"2026-09-04 14:16:36","seo_analyzer_scan_date":null,"focus_keyword":null,"additional_keywords":null,"truseo_locale":null},"aioseo_breadcrumb":"<div class=\"aioseo-breadcrumbs\"><span class=\"aioseo-breadcrumb\">\n\t\t\t<a href=\"https:\/\/minutobahia24h.com.br\" title=\"In\u00edcio\">In\u00edcio<\/a>\n\t\t<\/span><span class=\"aioseo-breadcrumb-separator\">&raquo;<\/span><span class=\"aioseo-breadcrumb\">\n\t\t\t<a href=\"https:\/\/minutobahia24h.com.br\/?cat=39\" title=\"Pol\u00edtica\">Pol\u00edtica<\/a>\n\t\t<\/span><span class=\"aioseo-breadcrumb-separator\">&raquo;<\/span><span class=\"aioseo-breadcrumb\">\n\t\t\tEm relat\u00f3rio, PF indica assimetria em a\u00e7\u00f5es de Mendon\u00e7a contra pol\u00edticos e v\u00ea Alcolumbre como \u2018prov\u00e1vel alvo estrat\u00e9gico\u2019\n\t\t<\/span><\/div>","aioseo_breadcrumb_json":[{"label":"In\u00edcio","link":"https:\/\/minutobahia24h.com.br"},{"label":"Pol\u00edtica","link":"https:\/\/minutobahia24h.com.br\/?cat=39"},{"label":"Em relat\u00f3rio, PF indica assimetria em a\u00e7\u00f5es de Mendon\u00e7a contra pol\u00edticos e v\u00ea Alcolumbre como &#8216;prov\u00e1vel alvo estrat\u00e9gico&#8217;","link":"https:\/\/minutobahia24h.com.br\/?p=49088"}],"jetpack_sharing_enabled":true,"jetpack_featured_media_url":"https:\/\/i0.wp.com\/minutobahia24h.com.br\/wp-content\/uploads\/2026\/09\/Sem-titulo-63.jpg?fit=984%2C654&ssl=1","_links":{"self":[{"href":"https:\/\/minutobahia24h.com.br\/index.php?rest_route=\/wp\/v2\/posts\/49088","targetHints":{"allow":["GET"]}}],"collection":[{"href":"https:\/\/minutobahia24h.com.br\/index.php?rest_route=\/wp\/v2\/posts"}],"about":[{"href":"https:\/\/minutobahia24h.com.br\/index.php?rest_route=\/wp\/v2\/types\/post"}],"author":[{"embeddable":true,"href":"https:\/\/minutobahia24h.com.br\/index.php?rest_route=\/wp\/v2\/users\/2"}],"replies":[{"embeddable":true,"href":"https:\/\/minutobahia24h.com.br\/index.php?rest_route=%2Fwp%2Fv2%2Fcomments&post=49088"}],"version-history":[{"count":1,"href":"https:\/\/minutobahia24h.com.br\/index.php?rest_route=\/wp\/v2\/posts\/49088\/revisions"}],"predecessor-version":[{"id":49090,"href":"https:\/\/minutobahia24h.com.br\/index.php?rest_route=\/wp\/v2\/posts\/49088\/revisions\/49090"}],"wp:featuredmedia":[{"embeddable":true,"href":"https:\/\/minutobahia24h.com.br\/index.php?rest_route=\/wp\/v2\/media\/49089"}],"wp:attachment":[{"href":"https:\/\/minutobahia24h.com.br\/index.php?rest_route=%2Fwp%2Fv2%2Fmedia&parent=49088"}],"wp:term":[{"taxonomy":"category","embeddable":true,"href":"https:\/\/minutobahia24h.com.br\/index.php?rest_route=%2Fwp%2Fv2%2Fcategories&post=49088"},{"taxonomy":"post_tag","embeddable":true,"href":"https:\/\/minutobahia24h.com.br\/index.php?rest_route=%2Fwp%2Fv2%2Ftags&post=49088"}],"curies":[{"name":"wp","href":"https:\/\/api.w.org\/{rel}","templated":true}]}}