{"id":49061,"date":"2026-09-04T08:03:56","date_gmt":"2026-09-04T11:03:56","guid":{"rendered":"https:\/\/minutobahia24h.com.br\/?p=49061"},"modified":"2026-09-04T08:03:57","modified_gmt":"2026-09-04T11:03:57","slug":"acusado-de-matar-idoso-e-preso-em-acao-da-policia-civil-em-jaguarari","status":"publish","type":"post","link":"https:\/\/minutobahia24h.com.br\/?p=49061","title":{"rendered":"Acusado de matar idoso \u00e9 preso em a\u00e7\u00e3o da Pol\u00edcia Civil em Jaguarari"},"content":{"rendered":"<div class=\"wp-block-image\">\n<figure class=\"aligncenter size-full\"><img data-recalc-dims=\"1\" fetchpriority=\"high\" decoding=\"async\" width=\"640\" height=\"450\" src=\"https:\/\/i0.wp.com\/minutobahia24h.com.br\/wp-content\/uploads\/2026\/09\/Sem-titulo-55.jpg?resize=640%2C450&#038;ssl=1\" alt=\"\" class=\"wp-image-49063\"\/><\/figure>\n<\/div>\n\n\n<p class=\"wp-block-paragraph\">Um homem identificado pelas iniciais W.E.N.B.S., de 20 anos, foi preso preventivamente na tarde desta quinta-feira (03\/09), por volta das 14h50, durante uma a\u00e7\u00e3o da Pol\u00edcia Civil em Jaguarari. Ele \u00e9 acusado de envolvimento no assassinato do idoso Jos\u00e9 Ferreira da Silva, conhecido popularmente como \u201cZ\u00e9 Pop\u00f4\u201d, de 87 anos.<\/p>\n\n\n\n<p class=\"wp-block-paragraph\">A v\u00edtima foi encontrada morta na tarde do dia 02 de agosto, em uma estrada vicinal entre o povoado de Aroeira e o bairro Laranjeiras. Segundo as informa\u00e7\u00f5es, o idoso apresentava les\u00f5es na cabe\u00e7a. No local do crime, os policiais tamb\u00e9m encontraram uma pedra com manchas de sangue.<\/p>\n\n\n\n<p class=\"wp-block-paragraph\">Ap\u00f3s um trabalho de investiga\u00e7\u00e3o, que envolveu dilig\u00eancias e a\u00e7\u00f5es de intelig\u00eancia, policiais civis da Delegacia Territorial de Jaguarari identificaram o suspeito.&nbsp; Ele foi localizado nas proximidades de sua resid\u00eancia, no bairro Laranjeiras. O im\u00f3vel tamb\u00e9m foi alvo de um mandado de busca e apreens\u00e3o pelos agentes. As medidas judiciais foram cumpridas pelo Delegado Titular e os investigadores do munic\u00edpio.<\/p>\n\n\n\n<p class=\"wp-block-paragraph\">Depois da pris\u00e3o, o acusado foi apresentado na delegacia e ouvido pela autoridade policial. Em seguida, foi encaminhado ao DPT para a realiza\u00e7\u00e3o de exames periciais e, posteriormente, levado ao Conjunto Penal de Juazeiro, onde permanece \u00e0 disposi\u00e7\u00e3o da Justi\u00e7a.<\/p>\n\n\n\n<p class=\"wp-block-paragraph\">A Delegacia Territorial de Jaguarari segue com as investiga\u00e7\u00f5es para esclarecer completamente as circunst\u00e2ncias do crime. A a\u00e7\u00e3o representa uma resposta da Pol\u00edcia Civil \u00e0 sociedade ap\u00f3s um trabalho intenso de investiga\u00e7\u00e3o, um m\u00eas ap\u00f3s a ocorr\u00eancia do homic\u00eddio que gerou forte como\u00e7\u00e3o na cidade.<\/p>\n\n\n\n<p class=\"wp-block-paragraph\"><strong><em>Portal Jaguarari<\/em><\/strong>&nbsp;<\/p>\n","protected":false},"excerpt":{"rendered":"<p>Um homem identificado pelas iniciais W.E.N.B.S., de 20 anos, foi preso preventivamente na tarde desta quinta-feira (03\/09), por volta das 14h50, durante uma a\u00e7\u00e3o da Pol\u00edcia Civil em Jaguarari. Ele \u00e9 acusado de envolvimento no assassinato do idoso Jos\u00e9 Ferreira da Silva, conhecido popularmente como \u201cZ\u00e9 Pop\u00f4\u201d, de 87 anos. A v\u00edtima foi encontrada morta [&hellip;]<\/p>\n","protected":false},"author":2,"featured_media":49063,"comment_status":"open","ping_status":"open","sticky":false,"template":"","format":"standard","meta":{"_jetpack_newsletter_access":"","_jetpack_dont_email_post_to_subs":false,"_jetpack_newsletter_tier_id":0,"_jetpack_memberships_contains_paywalled_content":false,"_jetpack_feature_clip_id":0,"_jetpack_memberships_contains_paid_content":false,"footnotes":"","jetpack_post_was_ever_published":false},"categories":[3],"tags":[],"class_list":["post-49061","post","type-post","status-publish","format-standard","has-post-thumbnail","hentry","category-regional"],"aioseo_notices":[],"aioseo_head":"\n\t\t<!-- All in One SEO 5.0.1.1 - aioseo.com -->\n\t<meta name=\"description\" content=\"Um homem identificado pelas iniciais W.E.N.B.S., de 20 anos, foi preso preventivamente na tarde desta quinta-feira (03\/09), por volta das 14h50, durante uma a\u00e7\u00e3o da Pol\u00edcia Civil em Jaguarari. Ele \u00e9 acusado de envolvimento no assassinato do idoso Jos\u00e9 Ferreira da Silva, conhecido popularmente como \u201cZ\u00e9 Pop\u00f4\u201d, de 87 anos. A v\u00edtima foi encontrada morta\" \/>\n\t<meta name=\"robots\" content=\"max-image-preview:large\" \/>\n\t<meta name=\"author\" content=\"andre\"\/>\n\t<link rel=\"canonical\" href=\"https:\/\/minutobahia24h.com.br\/?p=49061\" \/>\n\t<meta name=\"generator\" content=\"All in One SEO (AIOSEO) 5.0.1.1\" \/>\n\t\t<meta property=\"og:locale\" content=\"pt_BR\" \/>\n\t\t<meta property=\"og:site_name\" content=\"Minuto Bahia 24h - O seu portal de not\u00edcias\" \/>\n\t\t<meta property=\"og:type\" content=\"article\" \/>\n\t\t<meta property=\"og:title\" content=\"Acusado de matar idoso \u00e9 preso em a\u00e7\u00e3o da Pol\u00edcia Civil em Jaguarari - Minuto Bahia 24h\" \/>\n\t\t<meta property=\"og:description\" content=\"Um homem identificado pelas iniciais W.E.N.B.S., de 20 anos, foi preso preventivamente na tarde desta quinta-feira (03\/09), por volta das 14h50, durante uma a\u00e7\u00e3o da Pol\u00edcia Civil em Jaguarari. Ele \u00e9 acusado de envolvimento no assassinato do idoso Jos\u00e9 Ferreira da Silva, conhecido popularmente como \u201cZ\u00e9 Pop\u00f4\u201d, de 87 anos. A v\u00edtima foi encontrada morta\" \/>\n\t\t<meta property=\"og:url\" content=\"https:\/\/minutobahia24h.com.br\/?p=49061\" \/>\n\t\t<meta property=\"og:image\" content=\"https:\/\/minutobahia24h.com.br\/wp-content\/uploads\/2026\/09\/Sem-titulo-55.jpg\" \/>\n\t\t<meta property=\"og:image:secure_url\" content=\"https:\/\/minutobahia24h.com.br\/wp-content\/uploads\/2026\/09\/Sem-titulo-55.jpg\" \/>\n\t\t<meta property=\"og:image:width\" content=\"640\" \/>\n\t\t<meta property=\"og:image:height\" content=\"450\" \/>\n\t\t<meta property=\"article:published_time\" content=\"2026-09-04T11:03:56+00:00\" \/>\n\t\t<meta property=\"article:modified_time\" content=\"2026-09-04T11:03:57+00:00\" \/>\n\t\t<meta name=\"twitter:card\" content=\"summary_large_image\" \/>\n\t\t<meta name=\"twitter:title\" content=\"Acusado de matar idoso \u00e9 preso em a\u00e7\u00e3o da Pol\u00edcia Civil em Jaguarari - Minuto Bahia 24h\" \/>\n\t\t<meta name=\"twitter:description\" content=\"Um homem identificado pelas iniciais W.E.N.B.S., de 20 anos, foi preso preventivamente na tarde desta quinta-feira (03\/09), por volta das 14h50, durante uma a\u00e7\u00e3o da Pol\u00edcia Civil em Jaguarari. Ele \u00e9 acusado de envolvimento no assassinato do idoso Jos\u00e9 Ferreira da Silva, conhecido popularmente como \u201cZ\u00e9 Pop\u00f4\u201d, de 87 anos. A v\u00edtima foi encontrada morta\" \/>\n\t\t<meta name=\"twitter:image\" content=\"https:\/\/minutobahia24h.com.br\/wp-content\/uploads\/2026\/09\/Sem-titulo-55.jpg\" \/>\n\t\t<script type=\"application\/ld+json\" class=\"aioseo-schema\">\n\t\t\t{\"@context\":\"https:\\\/\\\/schema.org\",\"@graph\":[{\"@type\":\"BlogPosting\",\"@id\":\"https:\\\/\\\/minutobahia24h.com.br\\\/?p=49061#blogposting\",\"name\":\"Acusado de matar idoso \\u00e9 preso em a\\u00e7\\u00e3o da Pol\\u00edcia Civil em Jaguarari - Minuto Bahia 24h\",\"headline\":\"Acusado de matar idoso \\u00e9 preso em a\\u00e7\\u00e3o da Pol\\u00edcia Civil em Jaguarari\",\"author\":{\"@id\":\"https:\\\/\\\/minutobahia24h.com.br\\\/?author=2#author\"},\"publisher\":{\"@id\":\"https:\\\/\\\/minutobahia24h.com.br\\\/#organization\"},\"image\":{\"@type\":\"ImageObject\",\"url\":\"https:\\\/\\\/i0.wp.com\\\/minutobahia24h.com.br\\\/wp-content\\\/uploads\\\/2026\\\/09\\\/Sem-titulo-55.jpg?fit=640%2C450&ssl=1\",\"width\":640,\"height\":450},\"datePublished\":\"2026-09-04T08:03:56-03:00\",\"dateModified\":\"2026-09-04T08:03:57-03:00\",\"inLanguage\":\"pt-BR\",\"mainEntityOfPage\":{\"@id\":\"https:\\\/\\\/minutobahia24h.com.br\\\/?p=49061#webpage\"},\"isPartOf\":{\"@id\":\"https:\\\/\\\/minutobahia24h.com.br\\\/?p=49061#webpage\"},\"articleSection\":\"Regional\"},{\"@type\":\"BreadcrumbList\",\"@id\":\"https:\\\/\\\/minutobahia24h.com.br\\\/?p=49061#breadcrumblist\",\"itemListElement\":[{\"@type\":\"ListItem\",\"@id\":\"https:\\\/\\\/minutobahia24h.com.br#listItem\",\"position\":1,\"name\":\"In\\u00edcio\",\"item\":\"https:\\\/\\\/minutobahia24h.com.br\",\"nextItem\":{\"@type\":\"ListItem\",\"@id\":\"https:\\\/\\\/minutobahia24h.com.br\\\/?cat=3#listItem\",\"name\":\"Regional\"}},{\"@type\":\"ListItem\",\"@id\":\"https:\\\/\\\/minutobahia24h.com.br\\\/?cat=3#listItem\",\"position\":2,\"name\":\"Regional\",\"item\":\"https:\\\/\\\/minutobahia24h.com.br\\\/?cat=3\",\"nextItem\":{\"@type\":\"ListItem\",\"@id\":\"https:\\\/\\\/minutobahia24h.com.br\\\/?p=49061#listItem\",\"name\":\"Acusado de matar idoso \\u00e9 preso em a\\u00e7\\u00e3o da Pol\\u00edcia Civil em Jaguarari\"},\"previousItem\":{\"@type\":\"ListItem\",\"@id\":\"https:\\\/\\\/minutobahia24h.com.br#listItem\",\"name\":\"In\\u00edcio\"}},{\"@type\":\"ListItem\",\"@id\":\"https:\\\/\\\/minutobahia24h.com.br\\\/?p=49061#listItem\",\"position\":3,\"name\":\"Acusado de matar idoso \\u00e9 preso em a\\u00e7\\u00e3o da Pol\\u00edcia Civil em Jaguarari\",\"previousItem\":{\"@type\":\"ListItem\",\"@id\":\"https:\\\/\\\/minutobahia24h.com.br\\\/?cat=3#listItem\",\"name\":\"Regional\"}}]},{\"@type\":\"Organization\",\"@id\":\"https:\\\/\\\/minutobahia24h.com.br\\\/#organization\",\"name\":\"Minuto Bahia 24h\",\"description\":\"O seu portal de not\\u00edcias\",\"url\":\"https:\\\/\\\/minutobahia24h.com.br\\\/\",\"logo\":{\"@type\":\"ImageObject\",\"url\":\"https:\\\/\\\/i0.wp.com\\\/minutobahia24h.com.br\\\/wp-content\\\/uploads\\\/2023\\\/09\\\/cropped-minutoba.png?fit=457%2C119&ssl=1\",\"@id\":\"https:\\\/\\\/minutobahia24h.com.br\\\/?p=49061\\\/#organizationLogo\",\"width\":457,\"height\":119},\"image\":{\"@id\":\"https:\\\/\\\/minutobahia24h.com.br\\\/?p=49061\\\/#organizationLogo\"}},{\"@type\":\"Person\",\"@id\":\"https:\\\/\\\/minutobahia24h.com.br\\\/?author=2#author\",\"url\":\"https:\\\/\\\/minutobahia24h.com.br\\\/?author=2\",\"name\":\"andre\",\"image\":{\"@type\":\"ImageObject\",\"@id\":\"https:\\\/\\\/minutobahia24h.com.br\\\/?p=49061#authorImage\",\"url\":\"https:\\\/\\\/secure.gravatar.com\\\/avatar\\\/0ec5eafed5f3925c321625d79a680d589901b94bca787ae396a35f6c4a960922?s=96&d=mm&r=g\",\"width\":96,\"height\":96,\"caption\":\"andre\"}},{\"@type\":\"WebPage\",\"@id\":\"https:\\\/\\\/minutobahia24h.com.br\\\/?p=49061#webpage\",\"url\":\"https:\\\/\\\/minutobahia24h.com.br\\\/?p=49061\",\"name\":\"Acusado de matar idoso \\u00e9 preso em a\\u00e7\\u00e3o da Pol\\u00edcia Civil em Jaguarari - Minuto Bahia 24h\",\"description\":\"Um homem identificado pelas iniciais W.E.N.B.S., de 20 anos, foi preso preventivamente na tarde desta quinta-feira (03\\\/09), por volta das 14h50, durante uma a\\u00e7\\u00e3o da Pol\\u00edcia Civil em Jaguarari. Ele \\u00e9 acusado de envolvimento no assassinato do idoso Jos\\u00e9 Ferreira da Silva, conhecido popularmente como \\u201cZ\\u00e9 Pop\\u00f4\\u201d, de 87 anos. A v\\u00edtima foi encontrada morta\",\"inLanguage\":\"pt-BR\",\"isPartOf\":{\"@id\":\"https:\\\/\\\/minutobahia24h.com.br\\\/#website\"},\"breadcrumb\":{\"@id\":\"https:\\\/\\\/minutobahia24h.com.br\\\/?p=49061#breadcrumblist\"},\"author\":{\"@id\":\"https:\\\/\\\/minutobahia24h.com.br\\\/?author=2#author\"},\"creator\":{\"@id\":\"https:\\\/\\\/minutobahia24h.com.br\\\/?author=2#author\"},\"image\":{\"@type\":\"ImageObject\",\"url\":\"https:\\\/\\\/i0.wp.com\\\/minutobahia24h.com.br\\\/wp-content\\\/uploads\\\/2026\\\/09\\\/Sem-titulo-55.jpg?fit=640%2C450&ssl=1\",\"@id\":\"https:\\\/\\\/minutobahia24h.com.br\\\/?p=49061\\\/#mainImage\",\"width\":640,\"height\":450},\"primaryImageOfPage\":{\"@id\":\"https:\\\/\\\/minutobahia24h.com.br\\\/?p=49061#mainImage\"},\"datePublished\":\"2026-09-04T08:03:56-03:00\",\"dateModified\":\"2026-09-04T08:03:57-03:00\"},{\"@type\":\"WebSite\",\"@id\":\"https:\\\/\\\/minutobahia24h.com.br\\\/#website\",\"url\":\"https:\\\/\\\/minutobahia24h.com.br\\\/\",\"name\":\"Minuto Bahia 24h\",\"description\":\"O seu portal de not\\u00edcias\",\"inLanguage\":\"pt-BR\",\"publisher\":{\"@id\":\"https:\\\/\\\/minutobahia24h.com.br\\\/#organization\"}}]}\n\t\t<\/script>\n\t\t<!-- All in One SEO -->\n\n","aioseo_head_json":{"title":"Acusado de matar idoso \u00e9 preso em a\u00e7\u00e3o da Pol\u00edcia Civil em Jaguarari - Minuto Bahia 24h","description":"Um homem identificado pelas iniciais W.E.N.B.S., de 20 anos, foi preso preventivamente na tarde desta quinta-feira (03\/09), por volta das 14h50, durante uma a\u00e7\u00e3o da Pol\u00edcia Civil em Jaguarari. Ele \u00e9 acusado de envolvimento no assassinato do idoso Jos\u00e9 Ferreira da Silva, conhecido popularmente como \u201cZ\u00e9 Pop\u00f4\u201d, de 87 anos. A v\u00edtima foi encontrada morta","canonical_url":"https:\/\/minutobahia24h.com.br\/?p=49061","robots":"max-image-preview:large","keywords":"","webmasterTools":{"miscellaneous":""},"schema":{"@context":"https:\/\/schema.org","@graph":[{"@type":"BlogPosting","@id":"https:\/\/minutobahia24h.com.br\/?p=49061#blogposting","name":"Acusado de matar idoso \u00e9 preso em a\u00e7\u00e3o da Pol\u00edcia Civil em Jaguarari - Minuto Bahia 24h","headline":"Acusado de matar idoso \u00e9 preso em a\u00e7\u00e3o da Pol\u00edcia Civil em Jaguarari","author":{"@id":"https:\/\/minutobahia24h.com.br\/?author=2#author"},"publisher":{"@id":"https:\/\/minutobahia24h.com.br\/#organization"},"image":{"@type":"ImageObject","url":"https:\/\/i0.wp.com\/minutobahia24h.com.br\/wp-content\/uploads\/2026\/09\/Sem-titulo-55.jpg?fit=640%2C450&ssl=1","width":640,"height":450},"datePublished":"2026-09-04T08:03:56-03:00","dateModified":"2026-09-04T08:03:57-03:00","inLanguage":"pt-BR","mainEntityOfPage":{"@id":"https:\/\/minutobahia24h.com.br\/?p=49061#webpage"},"isPartOf":{"@id":"https:\/\/minutobahia24h.com.br\/?p=49061#webpage"},"articleSection":"Regional"},{"@type":"BreadcrumbList","@id":"https:\/\/minutobahia24h.com.br\/?p=49061#breadcrumblist","itemListElement":[{"@type":"ListItem","@id":"https:\/\/minutobahia24h.com.br#listItem","position":1,"name":"In\u00edcio","item":"https:\/\/minutobahia24h.com.br","nextItem":{"@type":"ListItem","@id":"https:\/\/minutobahia24h.com.br\/?cat=3#listItem","name":"Regional"}},{"@type":"ListItem","@id":"https:\/\/minutobahia24h.com.br\/?cat=3#listItem","position":2,"name":"Regional","item":"https:\/\/minutobahia24h.com.br\/?cat=3","nextItem":{"@type":"ListItem","@id":"https:\/\/minutobahia24h.com.br\/?p=49061#listItem","name":"Acusado de matar idoso \u00e9 preso em a\u00e7\u00e3o da Pol\u00edcia Civil em Jaguarari"},"previousItem":{"@type":"ListItem","@id":"https:\/\/minutobahia24h.com.br#listItem","name":"In\u00edcio"}},{"@type":"ListItem","@id":"https:\/\/minutobahia24h.com.br\/?p=49061#listItem","position":3,"name":"Acusado de matar idoso \u00e9 preso em a\u00e7\u00e3o da Pol\u00edcia Civil em Jaguarari","previousItem":{"@type":"ListItem","@id":"https:\/\/minutobahia24h.com.br\/?cat=3#listItem","name":"Regional"}}]},{"@type":"Organization","@id":"https:\/\/minutobahia24h.com.br\/#organization","name":"Minuto Bahia 24h","description":"O seu portal de not\u00edcias","url":"https:\/\/minutobahia24h.com.br\/","logo":{"@type":"ImageObject","url":"https:\/\/i0.wp.com\/minutobahia24h.com.br\/wp-content\/uploads\/2023\/09\/cropped-minutoba.png?fit=457%2C119&ssl=1","@id":"https:\/\/minutobahia24h.com.br\/?p=49061\/#organizationLogo","width":457,"height":119},"image":{"@id":"https:\/\/minutobahia24h.com.br\/?p=49061\/#organizationLogo"}},{"@type":"Person","@id":"https:\/\/minutobahia24h.com.br\/?author=2#author","url":"https:\/\/minutobahia24h.com.br\/?author=2","name":"andre","image":{"@type":"ImageObject","@id":"https:\/\/minutobahia24h.com.br\/?p=49061#authorImage","url":"https:\/\/secure.gravatar.com\/avatar\/0ec5eafed5f3925c321625d79a680d589901b94bca787ae396a35f6c4a960922?s=96&d=mm&r=g","width":96,"height":96,"caption":"andre"}},{"@type":"WebPage","@id":"https:\/\/minutobahia24h.com.br\/?p=49061#webpage","url":"https:\/\/minutobahia24h.com.br\/?p=49061","name":"Acusado de matar idoso \u00e9 preso em a\u00e7\u00e3o da Pol\u00edcia Civil em Jaguarari - Minuto Bahia 24h","description":"Um homem identificado pelas iniciais W.E.N.B.S., de 20 anos, foi preso preventivamente na tarde desta quinta-feira (03\/09), por volta das 14h50, durante uma a\u00e7\u00e3o da Pol\u00edcia Civil em Jaguarari. Ele \u00e9 acusado de envolvimento no assassinato do idoso Jos\u00e9 Ferreira da Silva, conhecido popularmente como \u201cZ\u00e9 Pop\u00f4\u201d, de 87 anos. A v\u00edtima foi encontrada morta","inLanguage":"pt-BR","isPartOf":{"@id":"https:\/\/minutobahia24h.com.br\/#website"},"breadcrumb":{"@id":"https:\/\/minutobahia24h.com.br\/?p=49061#breadcrumblist"},"author":{"@id":"https:\/\/minutobahia24h.com.br\/?author=2#author"},"creator":{"@id":"https:\/\/minutobahia24h.com.br\/?author=2#author"},"image":{"@type":"ImageObject","url":"https:\/\/i0.wp.com\/minutobahia24h.com.br\/wp-content\/uploads\/2026\/09\/Sem-titulo-55.jpg?fit=640%2C450&ssl=1","@id":"https:\/\/minutobahia24h.com.br\/?p=49061\/#mainImage","width":640,"height":450},"primaryImageOfPage":{"@id":"https:\/\/minutobahia24h.com.br\/?p=49061#mainImage"},"datePublished":"2026-09-04T08:03:56-03:00","dateModified":"2026-09-04T08:03:57-03:00"},{"@type":"WebSite","@id":"https:\/\/minutobahia24h.com.br\/#website","url":"https:\/\/minutobahia24h.com.br\/","name":"Minuto Bahia 24h","description":"O seu portal de not\u00edcias","inLanguage":"pt-BR","publisher":{"@id":"https:\/\/minutobahia24h.com.br\/#organization"}}]},"og:locale":"pt_BR","og:site_name":"Minuto Bahia 24h - O seu portal de not\u00edcias","og:type":"article","og:title":"Acusado de matar idoso \u00e9 preso em a\u00e7\u00e3o da Pol\u00edcia Civil em Jaguarari - Minuto Bahia 24h","og:description":"Um homem identificado pelas iniciais W.E.N.B.S., de 20 anos, foi preso preventivamente na tarde desta quinta-feira (03\/09), por volta das 14h50, durante uma a\u00e7\u00e3o da Pol\u00edcia Civil em Jaguarari. Ele \u00e9 acusado de envolvimento no assassinato do idoso Jos\u00e9 Ferreira da Silva, conhecido popularmente como \u201cZ\u00e9 Pop\u00f4\u201d, de 87 anos. A v\u00edtima foi encontrada morta","og:url":"https:\/\/minutobahia24h.com.br\/?p=49061","og:image":"https:\/\/minutobahia24h.com.br\/wp-content\/uploads\/2026\/09\/Sem-titulo-55.jpg","og:image:secure_url":"https:\/\/minutobahia24h.com.br\/wp-content\/uploads\/2026\/09\/Sem-titulo-55.jpg","og:image:width":640,"og:image:height":450,"article:published_time":"2026-09-04T11:03:56+00:00","article:modified_time":"2026-09-04T11:03:57+00:00","twitter:card":"summary_large_image","twitter:title":"Acusado de matar idoso \u00e9 preso em a\u00e7\u00e3o da Pol\u00edcia Civil em Jaguarari - Minuto Bahia 24h","twitter:description":"Um homem identificado pelas iniciais W.E.N.B.S., de 20 anos, foi preso preventivamente na tarde desta quinta-feira (03\/09), por volta das 14h50, durante uma a\u00e7\u00e3o da Pol\u00edcia Civil em Jaguarari. Ele \u00e9 acusado de envolvimento no assassinato do idoso Jos\u00e9 Ferreira da Silva, conhecido popularmente como \u201cZ\u00e9 Pop\u00f4\u201d, de 87 anos. A v\u00edtima foi encontrada morta","twitter:image":"https:\/\/minutobahia24h.com.br\/wp-content\/uploads\/2026\/09\/Sem-titulo-55.jpg"},"aioseo_meta_data":{"post_id":"49061","title":null,"description":null,"keywords":null,"keyphrases":{"focus":{"keyphrase":"","score":0,"analysis":{"keyphraseInTitle":{"score":0,"maxScore":9,"error":1}}},"additional":[]},"primary_term":null,"canonical_url":null,"og_title":null,"og_description":null,"og_object_type":"default","og_image_type":"default","og_image_url":null,"og_image_width":null,"og_image_height":null,"og_image_custom_url":null,"og_image_custom_fields":null,"og_video":"","og_custom_url":null,"og_article_section":null,"og_article_tags":null,"twitter_use_og":true,"twitter_card":"default","twitter_image_type":"default","twitter_image_url":null,"twitter_image_custom_url":null,"twitter_image_custom_fields":null,"twitter_title":null,"twitter_description":null,"schema":{"blockGraphs":[],"customGraphs":[],"default":{"data":{"Article":[],"Course":[],"Dataset":[],"FAQPage":[],"Movie":[],"Person":[],"Product":[],"ProductReview":[],"Car":[],"Recipe":[],"Service":[],"SoftwareApplication":[],"WebPage":[]},"graphName":"BlogPosting","isEnabled":true},"graphs":[]},"schema_type":"default","schema_type_options":null,"pillar_content":false,"robots_default":true,"robots_noindex":false,"robots_noarchive":false,"robots_nosnippet":false,"robots_nofollow":false,"robots_noimageindex":false,"robots_noodp":false,"robots_notranslate":false,"robots_max_snippet":"-1","robots_max_videopreview":"-1","robots_max_imagepreview":"large","priority":null,"frequency":"default","local_seo":null,"breadcrumb_settings":null,"limit_modified_date":false,"ai":{"faqs":[],"keyPoints":[],"schemas":[],"titles":[],"descriptions":[],"socialPosts":{"email":{"subject":"","preview":"","content":""},"linkedin":[],"twitter":[],"facebook":[],"instagram":[]}},"created":"2026-09-04 11:03:57","updated":"2026-09-04 11:14:35","seo_analyzer_scan_date":null,"focus_keyword":null,"additional_keywords":null,"truseo_locale":null},"aioseo_breadcrumb":"<div class=\"aioseo-breadcrumbs\"><span class=\"aioseo-breadcrumb\">\n\t\t\t<a href=\"https:\/\/minutobahia24h.com.br\" title=\"In\u00edcio\">In\u00edcio<\/a>\n\t\t<\/span><span class=\"aioseo-breadcrumb-separator\">&raquo;<\/span><span class=\"aioseo-breadcrumb\">\n\t\t\t<a href=\"https:\/\/minutobahia24h.com.br\/?cat=3\" title=\"Regional\">Regional<\/a>\n\t\t<\/span><span class=\"aioseo-breadcrumb-separator\">&raquo;<\/span><span class=\"aioseo-breadcrumb\">\n\t\t\tAcusado de matar idoso \u00e9 preso em a\u00e7\u00e3o da Pol\u00edcia Civil em Jaguarari\n\t\t<\/span><\/div>","aioseo_breadcrumb_json":[{"label":"In\u00edcio","link":"https:\/\/minutobahia24h.com.br"},{"label":"Regional","link":"https:\/\/minutobahia24h.com.br\/?cat=3"},{"label":"Acusado de matar idoso \u00e9 preso em a\u00e7\u00e3o da Pol\u00edcia Civil em Jaguarari","link":"https:\/\/minutobahia24h.com.br\/?p=49061"}],"jetpack_sharing_enabled":true,"jetpack_featured_media_url":"https:\/\/i0.wp.com\/minutobahia24h.com.br\/wp-content\/uploads\/2026\/09\/Sem-titulo-55.jpg?fit=640%2C450&ssl=1","_links":{"self":[{"href":"https:\/\/minutobahia24h.com.br\/index.php?rest_route=\/wp\/v2\/posts\/49061","targetHints":{"allow":["GET"]}}],"collection":[{"href":"https:\/\/minutobahia24h.com.br\/index.php?rest_route=\/wp\/v2\/posts"}],"about":[{"href":"https:\/\/minutobahia24h.com.br\/index.php?rest_route=\/wp\/v2\/types\/post"}],"author":[{"embeddable":true,"href":"https:\/\/minutobahia24h.com.br\/index.php?rest_route=\/wp\/v2\/users\/2"}],"replies":[{"embeddable":true,"href":"https:\/\/minutobahia24h.com.br\/index.php?rest_route=%2Fwp%2Fv2%2Fcomments&post=49061"}],"version-history":[{"count":1,"href":"https:\/\/minutobahia24h.com.br\/index.php?rest_route=\/wp\/v2\/posts\/49061\/revisions"}],"predecessor-version":[{"id":49064,"href":"https:\/\/minutobahia24h.com.br\/index.php?rest_route=\/wp\/v2\/posts\/49061\/revisions\/49064"}],"wp:featuredmedia":[{"embeddable":true,"href":"https:\/\/minutobahia24h.com.br\/index.php?rest_route=\/wp\/v2\/media\/49063"}],"wp:attachment":[{"href":"https:\/\/minutobahia24h.com.br\/index.php?rest_route=%2Fwp%2Fv2%2Fmedia&parent=49061"}],"wp:term":[{"taxonomy":"category","embeddable":true,"href":"https:\/\/minutobahia24h.com.br\/index.php?rest_route=%2Fwp%2Fv2%2Fcategories&post=49061"},{"taxonomy":"post_tag","embeddable":true,"href":"https:\/\/minutobahia24h.com.br\/index.php?rest_route=%2Fwp%2Fv2%2Ftags&post=49061"}],"curies":[{"name":"wp","href":"https:\/\/api.w.org\/{rel}","templated":true}]}}