{"id":49049,"date":"2026-09-04T07:51:24","date_gmt":"2026-09-04T10:51:24","guid":{"rendered":"https:\/\/minutobahia24h.com.br\/?p=49049"},"modified":"2026-09-04T07:51:25","modified_gmt":"2026-09-04T10:51:25","slug":"luciano-do-carro-de-som-e-encontrado-morto-em-sua-residencia-em-saude","status":"publish","type":"post","link":"https:\/\/minutobahia24h.com.br\/?p=49049","title":{"rendered":"Luciano do carro de som \u00e9 encontrado morto em sua resid\u00eancia em Sa\u00fade"},"content":{"rendered":"<div class=\"wp-block-image\">\n<figure class=\"aligncenter size-full\"><img data-recalc-dims=\"1\" fetchpriority=\"high\" decoding=\"async\" width=\"640\" height=\"352\" src=\"https:\/\/i0.wp.com\/minutobahia24h.com.br\/wp-content\/uploads\/2026\/09\/Sem-titulo-50.jpg?resize=640%2C352&#038;ssl=1\" alt=\"\" class=\"wp-image-49050\"\/><\/figure>\n<\/div>\n\n\n<p class=\"wp-block-paragraph\">Na madrugada desta quinta-feira, 3 de setembro de 2026, Luciano Silva, conhecido como \u201cLuciano do Carro de Som\u201d, foi encontrado sem sinais vitais em sua resid\u00eancia, localizada na Rua das Populares, nas proximidades da Embasa, em Sa\u00fade, no norte da Bahia.<\/p>\n\n\n\n<p class=\"wp-block-paragraph\">Segundo informa\u00e7\u00f5es preliminares, h\u00e1 suspeita de que Luciano tenha des1stid0 da pr\u00f3pria v1d@, por 3nforc@ment0. A circunst\u00e2ncia da morte no entanto, dever\u00e1 ser oficialmente esclarecida pelas autoridades respons\u00e1veis pela investiga\u00e7\u00e3o.<\/p>\n\n\n\n<p class=\"wp-block-paragraph\">A Pol\u00edcia Militar foi acionada e solicitou a presen\u00e7a do Departamento de Pol\u00edcia T\u00e9cnica (DPT), que realizou o levantamento cadav\u00e9rico. Posteriormente, o corpo foi encaminhado ao Instituto M\u00e9dico Legal (IML) de Jacobina, onde ser\u00e3o realizados os procedimentos necess\u00e1rios.<\/p>\n\n\n\n<p class=\"wp-block-paragraph\">A not\u00edcia causou como\u00e7\u00e3o entre moradores. Um cidad\u00e3o relatou que havia visto Luciano no final da tarde de quarta-feira (2), na porta de sua resid\u00eancia, sorrindo e na companhia dos filhos e da esposa. Na ocasi\u00e3o, ele utilizava um carrinho de m\u00e3o para transportar materiais de constru\u00e7\u00e3o para dentro da casa.<\/p>\n\n\n\n<p class=\"wp-block-paragraph\">\u201c\u00c9 lament\u00e1vel o que ocorreu\u201d, comentou o morador.<\/p>\n\n\n\n<p class=\"wp-block-paragraph\">Fonte: Augusto Urgente<\/p>\n","protected":false},"excerpt":{"rendered":"<p>Na madrugada desta quinta-feira, 3 de setembro de 2026, Luciano Silva, conhecido como \u201cLuciano do Carro de Som\u201d, foi encontrado sem sinais vitais em sua resid\u00eancia, localizada na Rua das Populares, nas proximidades da Embasa, em Sa\u00fade, no norte da Bahia. Segundo informa\u00e7\u00f5es preliminares, h\u00e1 suspeita de que Luciano tenha des1stid0 da pr\u00f3pria v1d@, por [&hellip;]<\/p>\n","protected":false},"author":2,"featured_media":49050,"comment_status":"open","ping_status":"open","sticky":false,"template":"","format":"standard","meta":{"_jetpack_newsletter_access":"","_jetpack_dont_email_post_to_subs":false,"_jetpack_newsletter_tier_id":0,"_jetpack_memberships_contains_paywalled_content":false,"_jetpack_feature_clip_id":0,"_jetpack_memberships_contains_paid_content":false,"footnotes":"","jetpack_post_was_ever_published":false},"categories":[3],"tags":[],"class_list":["post-49049","post","type-post","status-publish","format-standard","has-post-thumbnail","hentry","category-regional"],"aioseo_notices":[],"aioseo_head":"\n\t\t<!-- All in One SEO 5.0.1.1 - aioseo.com -->\n\t<meta name=\"description\" content=\"Na madrugada desta quinta-feira, 3 de setembro de 2026, Luciano Silva, conhecido como \u201cLuciano do Carro de Som\u201d, foi encontrado sem sinais vitais em sua resid\u00eancia, localizada na Rua das Populares, nas proximidades da Embasa, em Sa\u00fade, no norte da Bahia. Segundo informa\u00e7\u00f5es preliminares, h\u00e1 suspeita de que Luciano tenha des1stid0 da pr\u00f3pria v1d@, por\" \/>\n\t<meta name=\"robots\" content=\"max-image-preview:large\" \/>\n\t<meta name=\"author\" content=\"andre\"\/>\n\t<link rel=\"canonical\" href=\"https:\/\/minutobahia24h.com.br\/?p=49049\" \/>\n\t<meta name=\"generator\" content=\"All in One SEO (AIOSEO) 5.0.1.1\" \/>\n\t\t<meta property=\"og:locale\" content=\"pt_BR\" \/>\n\t\t<meta property=\"og:site_name\" content=\"Minuto Bahia 24h - O seu portal de not\u00edcias\" \/>\n\t\t<meta property=\"og:type\" content=\"article\" \/>\n\t\t<meta property=\"og:title\" content=\"Luciano do carro de som \u00e9 encontrado morto em sua resid\u00eancia em Sa\u00fade - Minuto Bahia 24h\" \/>\n\t\t<meta property=\"og:description\" content=\"Na madrugada desta quinta-feira, 3 de setembro de 2026, Luciano Silva, conhecido como \u201cLuciano do Carro de Som\u201d, foi encontrado sem sinais vitais em sua resid\u00eancia, localizada na Rua das Populares, nas proximidades da Embasa, em Sa\u00fade, no norte da Bahia. Segundo informa\u00e7\u00f5es preliminares, h\u00e1 suspeita de que Luciano tenha des1stid0 da pr\u00f3pria v1d@, por\" \/>\n\t\t<meta property=\"og:url\" content=\"https:\/\/minutobahia24h.com.br\/?p=49049\" \/>\n\t\t<meta property=\"og:image\" content=\"https:\/\/minutobahia24h.com.br\/wp-content\/uploads\/2026\/09\/Sem-titulo-50.jpg\" \/>\n\t\t<meta property=\"og:image:secure_url\" content=\"https:\/\/minutobahia24h.com.br\/wp-content\/uploads\/2026\/09\/Sem-titulo-50.jpg\" \/>\n\t\t<meta property=\"og:image:width\" content=\"640\" \/>\n\t\t<meta property=\"og:image:height\" content=\"352\" \/>\n\t\t<meta property=\"article:published_time\" content=\"2026-09-04T10:51:24+00:00\" \/>\n\t\t<meta property=\"article:modified_time\" content=\"2026-09-04T10:51:25+00:00\" \/>\n\t\t<meta name=\"twitter:card\" content=\"summary_large_image\" \/>\n\t\t<meta name=\"twitter:title\" content=\"Luciano do carro de som \u00e9 encontrado morto em sua resid\u00eancia em Sa\u00fade - Minuto Bahia 24h\" \/>\n\t\t<meta name=\"twitter:description\" content=\"Na madrugada desta quinta-feira, 3 de setembro de 2026, Luciano Silva, conhecido como \u201cLuciano do Carro de Som\u201d, foi encontrado sem sinais vitais em sua resid\u00eancia, localizada na Rua das Populares, nas proximidades da Embasa, em Sa\u00fade, no norte da Bahia. Segundo informa\u00e7\u00f5es preliminares, h\u00e1 suspeita de que Luciano tenha des1stid0 da pr\u00f3pria v1d@, por\" \/>\n\t\t<meta name=\"twitter:image\" content=\"https:\/\/minutobahia24h.com.br\/wp-content\/uploads\/2026\/09\/Sem-titulo-50.jpg\" \/>\n\t\t<script type=\"application\/ld+json\" class=\"aioseo-schema\">\n\t\t\t{\"@context\":\"https:\\\/\\\/schema.org\",\"@graph\":[{\"@type\":\"BlogPosting\",\"@id\":\"https:\\\/\\\/minutobahia24h.com.br\\\/?p=49049#blogposting\",\"name\":\"Luciano do carro de som \\u00e9 encontrado morto em sua resid\\u00eancia em Sa\\u00fade - Minuto Bahia 24h\",\"headline\":\"Luciano do carro de som \\u00e9 encontrado morto em sua resid\\u00eancia em Sa\\u00fade\",\"author\":{\"@id\":\"https:\\\/\\\/minutobahia24h.com.br\\\/?author=2#author\"},\"publisher\":{\"@id\":\"https:\\\/\\\/minutobahia24h.com.br\\\/#organization\"},\"image\":{\"@type\":\"ImageObject\",\"url\":\"https:\\\/\\\/i0.wp.com\\\/minutobahia24h.com.br\\\/wp-content\\\/uploads\\\/2026\\\/09\\\/Sem-titulo-50.jpg?fit=640%2C352&ssl=1\",\"width\":640,\"height\":352},\"datePublished\":\"2026-09-04T07:51:24-03:00\",\"dateModified\":\"2026-09-04T07:51:25-03:00\",\"inLanguage\":\"pt-BR\",\"mainEntityOfPage\":{\"@id\":\"https:\\\/\\\/minutobahia24h.com.br\\\/?p=49049#webpage\"},\"isPartOf\":{\"@id\":\"https:\\\/\\\/minutobahia24h.com.br\\\/?p=49049#webpage\"},\"articleSection\":\"Regional\"},{\"@type\":\"BreadcrumbList\",\"@id\":\"https:\\\/\\\/minutobahia24h.com.br\\\/?p=49049#breadcrumblist\",\"itemListElement\":[{\"@type\":\"ListItem\",\"@id\":\"https:\\\/\\\/minutobahia24h.com.br#listItem\",\"position\":1,\"name\":\"In\\u00edcio\",\"item\":\"https:\\\/\\\/minutobahia24h.com.br\",\"nextItem\":{\"@type\":\"ListItem\",\"@id\":\"https:\\\/\\\/minutobahia24h.com.br\\\/?cat=3#listItem\",\"name\":\"Regional\"}},{\"@type\":\"ListItem\",\"@id\":\"https:\\\/\\\/minutobahia24h.com.br\\\/?cat=3#listItem\",\"position\":2,\"name\":\"Regional\",\"item\":\"https:\\\/\\\/minutobahia24h.com.br\\\/?cat=3\",\"nextItem\":{\"@type\":\"ListItem\",\"@id\":\"https:\\\/\\\/minutobahia24h.com.br\\\/?p=49049#listItem\",\"name\":\"Luciano do carro de som \\u00e9 encontrado morto em sua resid\\u00eancia em Sa\\u00fade\"},\"previousItem\":{\"@type\":\"ListItem\",\"@id\":\"https:\\\/\\\/minutobahia24h.com.br#listItem\",\"name\":\"In\\u00edcio\"}},{\"@type\":\"ListItem\",\"@id\":\"https:\\\/\\\/minutobahia24h.com.br\\\/?p=49049#listItem\",\"position\":3,\"name\":\"Luciano do carro de som \\u00e9 encontrado morto em sua resid\\u00eancia em Sa\\u00fade\",\"previousItem\":{\"@type\":\"ListItem\",\"@id\":\"https:\\\/\\\/minutobahia24h.com.br\\\/?cat=3#listItem\",\"name\":\"Regional\"}}]},{\"@type\":\"Organization\",\"@id\":\"https:\\\/\\\/minutobahia24h.com.br\\\/#organization\",\"name\":\"Minuto Bahia 24h\",\"description\":\"O seu portal de not\\u00edcias\",\"url\":\"https:\\\/\\\/minutobahia24h.com.br\\\/\",\"logo\":{\"@type\":\"ImageObject\",\"url\":\"https:\\\/\\\/i0.wp.com\\\/minutobahia24h.com.br\\\/wp-content\\\/uploads\\\/2023\\\/09\\\/cropped-minutoba.png?fit=457%2C119&ssl=1\",\"@id\":\"https:\\\/\\\/minutobahia24h.com.br\\\/?p=49049\\\/#organizationLogo\",\"width\":457,\"height\":119},\"image\":{\"@id\":\"https:\\\/\\\/minutobahia24h.com.br\\\/?p=49049\\\/#organizationLogo\"}},{\"@type\":\"Person\",\"@id\":\"https:\\\/\\\/minutobahia24h.com.br\\\/?author=2#author\",\"url\":\"https:\\\/\\\/minutobahia24h.com.br\\\/?author=2\",\"name\":\"andre\",\"image\":{\"@type\":\"ImageObject\",\"@id\":\"https:\\\/\\\/minutobahia24h.com.br\\\/?p=49049#authorImage\",\"url\":\"https:\\\/\\\/secure.gravatar.com\\\/avatar\\\/0ec5eafed5f3925c321625d79a680d589901b94bca787ae396a35f6c4a960922?s=96&d=mm&r=g\",\"width\":96,\"height\":96,\"caption\":\"andre\"}},{\"@type\":\"WebPage\",\"@id\":\"https:\\\/\\\/minutobahia24h.com.br\\\/?p=49049#webpage\",\"url\":\"https:\\\/\\\/minutobahia24h.com.br\\\/?p=49049\",\"name\":\"Luciano do carro de som \\u00e9 encontrado morto em sua resid\\u00eancia em Sa\\u00fade - Minuto Bahia 24h\",\"description\":\"Na madrugada desta quinta-feira, 3 de setembro de 2026, Luciano Silva, conhecido como \\u201cLuciano do Carro de Som\\u201d, foi encontrado sem sinais vitais em sua resid\\u00eancia, localizada na Rua das Populares, nas proximidades da Embasa, em Sa\\u00fade, no norte da Bahia. Segundo informa\\u00e7\\u00f5es preliminares, h\\u00e1 suspeita de que Luciano tenha des1stid0 da pr\\u00f3pria v1d@, por\",\"inLanguage\":\"pt-BR\",\"isPartOf\":{\"@id\":\"https:\\\/\\\/minutobahia24h.com.br\\\/#website\"},\"breadcrumb\":{\"@id\":\"https:\\\/\\\/minutobahia24h.com.br\\\/?p=49049#breadcrumblist\"},\"author\":{\"@id\":\"https:\\\/\\\/minutobahia24h.com.br\\\/?author=2#author\"},\"creator\":{\"@id\":\"https:\\\/\\\/minutobahia24h.com.br\\\/?author=2#author\"},\"image\":{\"@type\":\"ImageObject\",\"url\":\"https:\\\/\\\/i0.wp.com\\\/minutobahia24h.com.br\\\/wp-content\\\/uploads\\\/2026\\\/09\\\/Sem-titulo-50.jpg?fit=640%2C352&ssl=1\",\"@id\":\"https:\\\/\\\/minutobahia24h.com.br\\\/?p=49049\\\/#mainImage\",\"width\":640,\"height\":352},\"primaryImageOfPage\":{\"@id\":\"https:\\\/\\\/minutobahia24h.com.br\\\/?p=49049#mainImage\"},\"datePublished\":\"2026-09-04T07:51:24-03:00\",\"dateModified\":\"2026-09-04T07:51:25-03:00\"},{\"@type\":\"WebSite\",\"@id\":\"https:\\\/\\\/minutobahia24h.com.br\\\/#website\",\"url\":\"https:\\\/\\\/minutobahia24h.com.br\\\/\",\"name\":\"Minuto Bahia 24h\",\"description\":\"O seu portal de not\\u00edcias\",\"inLanguage\":\"pt-BR\",\"publisher\":{\"@id\":\"https:\\\/\\\/minutobahia24h.com.br\\\/#organization\"}}]}\n\t\t<\/script>\n\t\t<!-- All in One SEO -->\n\n","aioseo_head_json":{"title":"Luciano do carro de som \u00e9 encontrado morto em sua resid\u00eancia em Sa\u00fade - Minuto Bahia 24h","description":"Na madrugada desta quinta-feira, 3 de setembro de 2026, Luciano Silva, conhecido como \u201cLuciano do Carro de Som\u201d, foi encontrado sem sinais vitais em sua resid\u00eancia, localizada na Rua das Populares, nas proximidades da Embasa, em Sa\u00fade, no norte da Bahia. Segundo informa\u00e7\u00f5es preliminares, h\u00e1 suspeita de que Luciano tenha des1stid0 da pr\u00f3pria v1d@, por","canonical_url":"https:\/\/minutobahia24h.com.br\/?p=49049","robots":"max-image-preview:large","keywords":"","webmasterTools":{"miscellaneous":""},"schema":{"@context":"https:\/\/schema.org","@graph":[{"@type":"BlogPosting","@id":"https:\/\/minutobahia24h.com.br\/?p=49049#blogposting","name":"Luciano do carro de som \u00e9 encontrado morto em sua resid\u00eancia em Sa\u00fade - Minuto Bahia 24h","headline":"Luciano do carro de som \u00e9 encontrado morto em sua resid\u00eancia em Sa\u00fade","author":{"@id":"https:\/\/minutobahia24h.com.br\/?author=2#author"},"publisher":{"@id":"https:\/\/minutobahia24h.com.br\/#organization"},"image":{"@type":"ImageObject","url":"https:\/\/i0.wp.com\/minutobahia24h.com.br\/wp-content\/uploads\/2026\/09\/Sem-titulo-50.jpg?fit=640%2C352&ssl=1","width":640,"height":352},"datePublished":"2026-09-04T07:51:24-03:00","dateModified":"2026-09-04T07:51:25-03:00","inLanguage":"pt-BR","mainEntityOfPage":{"@id":"https:\/\/minutobahia24h.com.br\/?p=49049#webpage"},"isPartOf":{"@id":"https:\/\/minutobahia24h.com.br\/?p=49049#webpage"},"articleSection":"Regional"},{"@type":"BreadcrumbList","@id":"https:\/\/minutobahia24h.com.br\/?p=49049#breadcrumblist","itemListElement":[{"@type":"ListItem","@id":"https:\/\/minutobahia24h.com.br#listItem","position":1,"name":"In\u00edcio","item":"https:\/\/minutobahia24h.com.br","nextItem":{"@type":"ListItem","@id":"https:\/\/minutobahia24h.com.br\/?cat=3#listItem","name":"Regional"}},{"@type":"ListItem","@id":"https:\/\/minutobahia24h.com.br\/?cat=3#listItem","position":2,"name":"Regional","item":"https:\/\/minutobahia24h.com.br\/?cat=3","nextItem":{"@type":"ListItem","@id":"https:\/\/minutobahia24h.com.br\/?p=49049#listItem","name":"Luciano do carro de som \u00e9 encontrado morto em sua resid\u00eancia em Sa\u00fade"},"previousItem":{"@type":"ListItem","@id":"https:\/\/minutobahia24h.com.br#listItem","name":"In\u00edcio"}},{"@type":"ListItem","@id":"https:\/\/minutobahia24h.com.br\/?p=49049#listItem","position":3,"name":"Luciano do carro de som \u00e9 encontrado morto em sua resid\u00eancia em Sa\u00fade","previousItem":{"@type":"ListItem","@id":"https:\/\/minutobahia24h.com.br\/?cat=3#listItem","name":"Regional"}}]},{"@type":"Organization","@id":"https:\/\/minutobahia24h.com.br\/#organization","name":"Minuto Bahia 24h","description":"O seu portal de not\u00edcias","url":"https:\/\/minutobahia24h.com.br\/","logo":{"@type":"ImageObject","url":"https:\/\/i0.wp.com\/minutobahia24h.com.br\/wp-content\/uploads\/2023\/09\/cropped-minutoba.png?fit=457%2C119&ssl=1","@id":"https:\/\/minutobahia24h.com.br\/?p=49049\/#organizationLogo","width":457,"height":119},"image":{"@id":"https:\/\/minutobahia24h.com.br\/?p=49049\/#organizationLogo"}},{"@type":"Person","@id":"https:\/\/minutobahia24h.com.br\/?author=2#author","url":"https:\/\/minutobahia24h.com.br\/?author=2","name":"andre","image":{"@type":"ImageObject","@id":"https:\/\/minutobahia24h.com.br\/?p=49049#authorImage","url":"https:\/\/secure.gravatar.com\/avatar\/0ec5eafed5f3925c321625d79a680d589901b94bca787ae396a35f6c4a960922?s=96&d=mm&r=g","width":96,"height":96,"caption":"andre"}},{"@type":"WebPage","@id":"https:\/\/minutobahia24h.com.br\/?p=49049#webpage","url":"https:\/\/minutobahia24h.com.br\/?p=49049","name":"Luciano do carro de som \u00e9 encontrado morto em sua resid\u00eancia em Sa\u00fade - Minuto Bahia 24h","description":"Na madrugada desta quinta-feira, 3 de setembro de 2026, Luciano Silva, conhecido como \u201cLuciano do Carro de Som\u201d, foi encontrado sem sinais vitais em sua resid\u00eancia, localizada na Rua das Populares, nas proximidades da Embasa, em Sa\u00fade, no norte da Bahia. Segundo informa\u00e7\u00f5es preliminares, h\u00e1 suspeita de que Luciano tenha des1stid0 da pr\u00f3pria v1d@, por","inLanguage":"pt-BR","isPartOf":{"@id":"https:\/\/minutobahia24h.com.br\/#website"},"breadcrumb":{"@id":"https:\/\/minutobahia24h.com.br\/?p=49049#breadcrumblist"},"author":{"@id":"https:\/\/minutobahia24h.com.br\/?author=2#author"},"creator":{"@id":"https:\/\/minutobahia24h.com.br\/?author=2#author"},"image":{"@type":"ImageObject","url":"https:\/\/i0.wp.com\/minutobahia24h.com.br\/wp-content\/uploads\/2026\/09\/Sem-titulo-50.jpg?fit=640%2C352&ssl=1","@id":"https:\/\/minutobahia24h.com.br\/?p=49049\/#mainImage","width":640,"height":352},"primaryImageOfPage":{"@id":"https:\/\/minutobahia24h.com.br\/?p=49049#mainImage"},"datePublished":"2026-09-04T07:51:24-03:00","dateModified":"2026-09-04T07:51:25-03:00"},{"@type":"WebSite","@id":"https:\/\/minutobahia24h.com.br\/#website","url":"https:\/\/minutobahia24h.com.br\/","name":"Minuto Bahia 24h","description":"O seu portal de not\u00edcias","inLanguage":"pt-BR","publisher":{"@id":"https:\/\/minutobahia24h.com.br\/#organization"}}]},"og:locale":"pt_BR","og:site_name":"Minuto Bahia 24h - O seu portal de not\u00edcias","og:type":"article","og:title":"Luciano do carro de som \u00e9 encontrado morto em sua resid\u00eancia em Sa\u00fade - Minuto Bahia 24h","og:description":"Na madrugada desta quinta-feira, 3 de setembro de 2026, Luciano Silva, conhecido como \u201cLuciano do Carro de Som\u201d, foi encontrado sem sinais vitais em sua resid\u00eancia, localizada na Rua das Populares, nas proximidades da Embasa, em Sa\u00fade, no norte da Bahia. Segundo informa\u00e7\u00f5es preliminares, h\u00e1 suspeita de que Luciano tenha des1stid0 da pr\u00f3pria v1d@, por","og:url":"https:\/\/minutobahia24h.com.br\/?p=49049","og:image":"https:\/\/minutobahia24h.com.br\/wp-content\/uploads\/2026\/09\/Sem-titulo-50.jpg","og:image:secure_url":"https:\/\/minutobahia24h.com.br\/wp-content\/uploads\/2026\/09\/Sem-titulo-50.jpg","og:image:width":640,"og:image:height":352,"article:published_time":"2026-09-04T10:51:24+00:00","article:modified_time":"2026-09-04T10:51:25+00:00","twitter:card":"summary_large_image","twitter:title":"Luciano do carro de som \u00e9 encontrado morto em sua resid\u00eancia em Sa\u00fade - Minuto Bahia 24h","twitter:description":"Na madrugada desta quinta-feira, 3 de setembro de 2026, Luciano Silva, conhecido como \u201cLuciano do Carro de Som\u201d, foi encontrado sem sinais vitais em sua resid\u00eancia, localizada na Rua das Populares, nas proximidades da Embasa, em Sa\u00fade, no norte da Bahia. Segundo informa\u00e7\u00f5es preliminares, h\u00e1 suspeita de que Luciano tenha des1stid0 da pr\u00f3pria v1d@, por","twitter:image":"https:\/\/minutobahia24h.com.br\/wp-content\/uploads\/2026\/09\/Sem-titulo-50.jpg"},"aioseo_meta_data":{"post_id":"49049","title":null,"description":null,"keywords":null,"keyphrases":{"focus":{"keyphrase":"","score":0,"analysis":{"keyphraseInTitle":{"score":0,"maxScore":9,"error":1}}},"additional":[]},"primary_term":null,"canonical_url":null,"og_title":null,"og_description":null,"og_object_type":"default","og_image_type":"default","og_image_url":null,"og_image_width":null,"og_image_height":null,"og_image_custom_url":null,"og_image_custom_fields":null,"og_video":"","og_custom_url":null,"og_article_section":null,"og_article_tags":null,"twitter_use_og":true,"twitter_card":"default","twitter_image_type":"default","twitter_image_url":null,"twitter_image_custom_url":null,"twitter_image_custom_fields":null,"twitter_title":null,"twitter_description":null,"schema":{"blockGraphs":[],"customGraphs":[],"default":{"data":{"Article":[],"Course":[],"Dataset":[],"FAQPage":[],"Movie":[],"Person":[],"Product":[],"ProductReview":[],"Car":[],"Recipe":[],"Service":[],"SoftwareApplication":[],"WebPage":[]},"graphName":"BlogPosting","isEnabled":true},"graphs":[]},"schema_type":"default","schema_type_options":null,"pillar_content":false,"robots_default":true,"robots_noindex":false,"robots_noarchive":false,"robots_nosnippet":false,"robots_nofollow":false,"robots_noimageindex":false,"robots_noodp":false,"robots_notranslate":false,"robots_max_snippet":"-1","robots_max_videopreview":"-1","robots_max_imagepreview":"large","priority":null,"frequency":"default","local_seo":null,"breadcrumb_settings":null,"limit_modified_date":false,"ai":{"faqs":[],"keyPoints":[],"schemas":[],"titles":[],"descriptions":[],"socialPosts":{"email":{"subject":"","preview":"","content":""},"linkedin":[],"twitter":[],"facebook":[],"instagram":[]}},"created":"2026-09-04 10:51:25","updated":"2026-09-04 11:14:35","seo_analyzer_scan_date":null,"focus_keyword":null,"additional_keywords":null,"truseo_locale":null},"aioseo_breadcrumb":"<div class=\"aioseo-breadcrumbs\"><span class=\"aioseo-breadcrumb\">\n\t\t\t<a href=\"https:\/\/minutobahia24h.com.br\" title=\"In\u00edcio\">In\u00edcio<\/a>\n\t\t<\/span><span class=\"aioseo-breadcrumb-separator\">&raquo;<\/span><span class=\"aioseo-breadcrumb\">\n\t\t\t<a href=\"https:\/\/minutobahia24h.com.br\/?cat=3\" title=\"Regional\">Regional<\/a>\n\t\t<\/span><span class=\"aioseo-breadcrumb-separator\">&raquo;<\/span><span class=\"aioseo-breadcrumb\">\n\t\t\tLuciano do carro de som \u00e9 encontrado morto em sua resid\u00eancia em Sa\u00fade\n\t\t<\/span><\/div>","aioseo_breadcrumb_json":[{"label":"In\u00edcio","link":"https:\/\/minutobahia24h.com.br"},{"label":"Regional","link":"https:\/\/minutobahia24h.com.br\/?cat=3"},{"label":"Luciano do carro de som \u00e9 encontrado morto em sua resid\u00eancia em Sa\u00fade","link":"https:\/\/minutobahia24h.com.br\/?p=49049"}],"jetpack_sharing_enabled":true,"jetpack_featured_media_url":"https:\/\/i0.wp.com\/minutobahia24h.com.br\/wp-content\/uploads\/2026\/09\/Sem-titulo-50.jpg?fit=640%2C352&ssl=1","_links":{"self":[{"href":"https:\/\/minutobahia24h.com.br\/index.php?rest_route=\/wp\/v2\/posts\/49049","targetHints":{"allow":["GET"]}}],"collection":[{"href":"https:\/\/minutobahia24h.com.br\/index.php?rest_route=\/wp\/v2\/posts"}],"about":[{"href":"https:\/\/minutobahia24h.com.br\/index.php?rest_route=\/wp\/v2\/types\/post"}],"author":[{"embeddable":true,"href":"https:\/\/minutobahia24h.com.br\/index.php?rest_route=\/wp\/v2\/users\/2"}],"replies":[{"embeddable":true,"href":"https:\/\/minutobahia24h.com.br\/index.php?rest_route=%2Fwp%2Fv2%2Fcomments&post=49049"}],"version-history":[{"count":1,"href":"https:\/\/minutobahia24h.com.br\/index.php?rest_route=\/wp\/v2\/posts\/49049\/revisions"}],"predecessor-version":[{"id":49051,"href":"https:\/\/minutobahia24h.com.br\/index.php?rest_route=\/wp\/v2\/posts\/49049\/revisions\/49051"}],"wp:featuredmedia":[{"embeddable":true,"href":"https:\/\/minutobahia24h.com.br\/index.php?rest_route=\/wp\/v2\/media\/49050"}],"wp:attachment":[{"href":"https:\/\/minutobahia24h.com.br\/index.php?rest_route=%2Fwp%2Fv2%2Fmedia&parent=49049"}],"wp:term":[{"taxonomy":"category","embeddable":true,"href":"https:\/\/minutobahia24h.com.br\/index.php?rest_route=%2Fwp%2Fv2%2Fcategories&post=49049"},{"taxonomy":"post_tag","embeddable":true,"href":"https:\/\/minutobahia24h.com.br\/index.php?rest_route=%2Fwp%2Fv2%2Ftags&post=49049"}],"curies":[{"name":"wp","href":"https:\/\/api.w.org\/{rel}","templated":true}]}}