{"id":49039,"date":"2026-09-04T07:40:20","date_gmt":"2026-09-04T10:40:20","guid":{"rendered":"https:\/\/minutobahia24h.com.br\/?p=49039"},"modified":"2026-09-04T07:40:21","modified_gmt":"2026-09-04T10:40:21","slug":"camera-flagrou-menores-investigados-por-estupro-coletivo-em-queimadas","status":"publish","type":"post","link":"https:\/\/minutobahia24h.com.br\/?p=49039","title":{"rendered":"C\u00e2mera flagrou menores investigados por estupro coletivo em Queimadas"},"content":{"rendered":"<div class=\"wp-block-image\">\n<figure class=\"aligncenter size-full\"><img data-recalc-dims=\"1\" fetchpriority=\"high\" decoding=\"async\" width=\"699\" height=\"601\" src=\"https:\/\/i0.wp.com\/minutobahia24h.com.br\/wp-content\/uploads\/2026\/09\/Sem-titulo-47.jpg?resize=699%2C601&#038;ssl=1\" alt=\"\" class=\"wp-image-49040\"\/><figcaption class=\"wp-element-caption\">Foto: redes sociais<br><br><\/figcaption><\/figure>\n<\/div>\n\n\n<p class=\"wp-block-paragraph\">V\u00eddeo obtido pelo rep\u00f3rter\u00a0<strong>Jean Mendes e pelo Regi\u00e3o em Pauta<\/strong>\u00a0mostra as crian\u00e7as que, para a Pol\u00edcia Civil,\u00a0participaram do estupro coletivo ocorrido no Distrito do Espanta Gado, em Queimadas, Nordeste da Bahia. O caso ganhou repercuss\u00e3o nesta semana ap\u00f3s o Regi\u00e3o em Pauta informar, com exclusividade, que agentes da Delegacia Territorial de Queimadas apreenderam dois adolescentes, de 13 anos, que teriam cometido a a\u00e7\u00e3o. A v\u00edtima foi uma garota de 12 anos.<\/p>\n\n\n\n<p class=\"wp-block-paragraph\">A imagem mostra v\u00e1rias crian\u00e7as saindo de um campo de futebol, em dire\u00e7\u00e3o \u00e0 outra \u00e1rea. Para os investigadores, foi ali que o estupro ocorreu.<\/p>\n\n\n\n<p class=\"wp-block-paragraph\">Segundo as apura\u00e7\u00f5es, al\u00e9m dos menores apreendidos, outros oito \u2013 entre 10 e 11 anos \u2013 assistiram \u00e0 cena. As roupas da menina foram jogadas em um buraco na sequ\u00eancia.<\/p>\n\n\n\n<p class=\"wp-block-paragraph\">regiaoempauta<\/p>\n","protected":false},"excerpt":{"rendered":"<p>V\u00eddeo obtido pelo rep\u00f3rter\u00a0Jean Mendes e pelo Regi\u00e3o em Pauta\u00a0mostra as crian\u00e7as que, para a Pol\u00edcia Civil,\u00a0participaram do estupro coletivo ocorrido no Distrito do Espanta Gado, em Queimadas, Nordeste da Bahia. O caso ganhou repercuss\u00e3o nesta semana ap\u00f3s o Regi\u00e3o em Pauta informar, com exclusividade, que agentes da Delegacia Territorial de Queimadas apreenderam dois adolescentes, [&hellip;]<\/p>\n","protected":false},"author":2,"featured_media":49040,"comment_status":"open","ping_status":"open","sticky":false,"template":"","format":"standard","meta":{"_jetpack_newsletter_access":"","_jetpack_dont_email_post_to_subs":false,"_jetpack_newsletter_tier_id":0,"_jetpack_memberships_contains_paywalled_content":false,"_jetpack_feature_clip_id":0,"_jetpack_memberships_contains_paid_content":false,"footnotes":"","jetpack_post_was_ever_published":false},"categories":[3],"tags":[],"class_list":["post-49039","post","type-post","status-publish","format-standard","has-post-thumbnail","hentry","category-regional"],"aioseo_notices":[],"aioseo_head":"\n\t\t<!-- All in One SEO 5.0.1.1 - aioseo.com -->\n\t<meta name=\"description\" content=\"V\u00eddeo obtido pelo rep\u00f3rter Jean Mendes e pelo Regi\u00e3o em Pauta mostra as crian\u00e7as que, para a Pol\u00edcia Civil, participaram do estupro coletivo ocorrido no Distrito do Espanta Gado, em Queimadas, Nordeste da Bahia. O caso ganhou repercuss\u00e3o nesta semana ap\u00f3s o Regi\u00e3o em Pauta informar, com exclusividade, que agentes da Delegacia Territorial de Queimadas apreenderam dois adolescentes,\" \/>\n\t<meta name=\"robots\" content=\"max-image-preview:large\" \/>\n\t<meta name=\"author\" content=\"andre\"\/>\n\t<link rel=\"canonical\" href=\"https:\/\/minutobahia24h.com.br\/?p=49039\" \/>\n\t<meta name=\"generator\" content=\"All in One SEO (AIOSEO) 5.0.1.1\" \/>\n\t\t<meta property=\"og:locale\" content=\"pt_BR\" \/>\n\t\t<meta property=\"og:site_name\" content=\"Minuto Bahia 24h - O seu portal de not\u00edcias\" \/>\n\t\t<meta property=\"og:type\" content=\"article\" \/>\n\t\t<meta property=\"og:title\" content=\"C\u00e2mera flagrou menores investigados por estupro coletivo em Queimadas - Minuto Bahia 24h\" \/>\n\t\t<meta property=\"og:description\" content=\"V\u00eddeo obtido pelo rep\u00f3rter Jean Mendes e pelo Regi\u00e3o em Pauta mostra as crian\u00e7as que, para a Pol\u00edcia Civil, participaram do estupro coletivo ocorrido no Distrito do Espanta Gado, em Queimadas, Nordeste da Bahia. O caso ganhou repercuss\u00e3o nesta semana ap\u00f3s o Regi\u00e3o em Pauta informar, com exclusividade, que agentes da Delegacia Territorial de Queimadas apreenderam dois adolescentes,\" \/>\n\t\t<meta property=\"og:url\" content=\"https:\/\/minutobahia24h.com.br\/?p=49039\" \/>\n\t\t<meta property=\"og:image\" content=\"https:\/\/minutobahia24h.com.br\/wp-content\/uploads\/2026\/09\/Sem-titulo-47.jpg\" \/>\n\t\t<meta property=\"og:image:secure_url\" content=\"https:\/\/minutobahia24h.com.br\/wp-content\/uploads\/2026\/09\/Sem-titulo-47.jpg\" \/>\n\t\t<meta property=\"og:image:width\" content=\"699\" \/>\n\t\t<meta property=\"og:image:height\" content=\"601\" \/>\n\t\t<meta property=\"article:published_time\" content=\"2026-09-04T10:40:20+00:00\" \/>\n\t\t<meta property=\"article:modified_time\" content=\"2026-09-04T10:40:21+00:00\" \/>\n\t\t<meta name=\"twitter:card\" content=\"summary_large_image\" \/>\n\t\t<meta name=\"twitter:title\" content=\"C\u00e2mera flagrou menores investigados por estupro coletivo em Queimadas - Minuto Bahia 24h\" \/>\n\t\t<meta name=\"twitter:description\" content=\"V\u00eddeo obtido pelo rep\u00f3rter Jean Mendes e pelo Regi\u00e3o em Pauta mostra as crian\u00e7as que, para a Pol\u00edcia Civil, participaram do estupro coletivo ocorrido no Distrito do Espanta Gado, em Queimadas, Nordeste da Bahia. O caso ganhou repercuss\u00e3o nesta semana ap\u00f3s o Regi\u00e3o em Pauta informar, com exclusividade, que agentes da Delegacia Territorial de Queimadas apreenderam dois adolescentes,\" \/>\n\t\t<meta name=\"twitter:image\" content=\"https:\/\/minutobahia24h.com.br\/wp-content\/uploads\/2026\/09\/Sem-titulo-47.jpg\" \/>\n\t\t<script type=\"application\/ld+json\" class=\"aioseo-schema\">\n\t\t\t{\"@context\":\"https:\\\/\\\/schema.org\",\"@graph\":[{\"@type\":\"BlogPosting\",\"@id\":\"https:\\\/\\\/minutobahia24h.com.br\\\/?p=49039#blogposting\",\"name\":\"C\\u00e2mera flagrou menores investigados por estupro coletivo em Queimadas - Minuto Bahia 24h\",\"headline\":\"C\\u00e2mera flagrou menores investigados por estupro coletivo em Queimadas\",\"author\":{\"@id\":\"https:\\\/\\\/minutobahia24h.com.br\\\/?author=2#author\"},\"publisher\":{\"@id\":\"https:\\\/\\\/minutobahia24h.com.br\\\/#organization\"},\"image\":{\"@type\":\"ImageObject\",\"url\":\"https:\\\/\\\/i0.wp.com\\\/minutobahia24h.com.br\\\/wp-content\\\/uploads\\\/2026\\\/09\\\/Sem-titulo-47.jpg?fit=699%2C601&ssl=1\",\"width\":699,\"height\":601},\"datePublished\":\"2026-09-04T07:40:20-03:00\",\"dateModified\":\"2026-09-04T07:40:21-03:00\",\"inLanguage\":\"pt-BR\",\"mainEntityOfPage\":{\"@id\":\"https:\\\/\\\/minutobahia24h.com.br\\\/?p=49039#webpage\"},\"isPartOf\":{\"@id\":\"https:\\\/\\\/minutobahia24h.com.br\\\/?p=49039#webpage\"},\"articleSection\":\"Regional\"},{\"@type\":\"BreadcrumbList\",\"@id\":\"https:\\\/\\\/minutobahia24h.com.br\\\/?p=49039#breadcrumblist\",\"itemListElement\":[{\"@type\":\"ListItem\",\"@id\":\"https:\\\/\\\/minutobahia24h.com.br#listItem\",\"position\":1,\"name\":\"In\\u00edcio\",\"item\":\"https:\\\/\\\/minutobahia24h.com.br\",\"nextItem\":{\"@type\":\"ListItem\",\"@id\":\"https:\\\/\\\/minutobahia24h.com.br\\\/?cat=3#listItem\",\"name\":\"Regional\"}},{\"@type\":\"ListItem\",\"@id\":\"https:\\\/\\\/minutobahia24h.com.br\\\/?cat=3#listItem\",\"position\":2,\"name\":\"Regional\",\"item\":\"https:\\\/\\\/minutobahia24h.com.br\\\/?cat=3\",\"nextItem\":{\"@type\":\"ListItem\",\"@id\":\"https:\\\/\\\/minutobahia24h.com.br\\\/?p=49039#listItem\",\"name\":\"C\\u00e2mera flagrou menores investigados por estupro coletivo em Queimadas\"},\"previousItem\":{\"@type\":\"ListItem\",\"@id\":\"https:\\\/\\\/minutobahia24h.com.br#listItem\",\"name\":\"In\\u00edcio\"}},{\"@type\":\"ListItem\",\"@id\":\"https:\\\/\\\/minutobahia24h.com.br\\\/?p=49039#listItem\",\"position\":3,\"name\":\"C\\u00e2mera flagrou menores investigados por estupro coletivo em Queimadas\",\"previousItem\":{\"@type\":\"ListItem\",\"@id\":\"https:\\\/\\\/minutobahia24h.com.br\\\/?cat=3#listItem\",\"name\":\"Regional\"}}]},{\"@type\":\"Organization\",\"@id\":\"https:\\\/\\\/minutobahia24h.com.br\\\/#organization\",\"name\":\"Minuto Bahia 24h\",\"description\":\"O seu portal de not\\u00edcias\",\"url\":\"https:\\\/\\\/minutobahia24h.com.br\\\/\",\"logo\":{\"@type\":\"ImageObject\",\"url\":\"https:\\\/\\\/i0.wp.com\\\/minutobahia24h.com.br\\\/wp-content\\\/uploads\\\/2023\\\/09\\\/cropped-minutoba.png?fit=457%2C119&ssl=1\",\"@id\":\"https:\\\/\\\/minutobahia24h.com.br\\\/?p=49039\\\/#organizationLogo\",\"width\":457,\"height\":119},\"image\":{\"@id\":\"https:\\\/\\\/minutobahia24h.com.br\\\/?p=49039\\\/#organizationLogo\"}},{\"@type\":\"Person\",\"@id\":\"https:\\\/\\\/minutobahia24h.com.br\\\/?author=2#author\",\"url\":\"https:\\\/\\\/minutobahia24h.com.br\\\/?author=2\",\"name\":\"andre\",\"image\":{\"@type\":\"ImageObject\",\"@id\":\"https:\\\/\\\/minutobahia24h.com.br\\\/?p=49039#authorImage\",\"url\":\"https:\\\/\\\/secure.gravatar.com\\\/avatar\\\/0ec5eafed5f3925c321625d79a680d589901b94bca787ae396a35f6c4a960922?s=96&d=mm&r=g\",\"width\":96,\"height\":96,\"caption\":\"andre\"}},{\"@type\":\"WebPage\",\"@id\":\"https:\\\/\\\/minutobahia24h.com.br\\\/?p=49039#webpage\",\"url\":\"https:\\\/\\\/minutobahia24h.com.br\\\/?p=49039\",\"name\":\"C\\u00e2mera flagrou menores investigados por estupro coletivo em Queimadas - Minuto Bahia 24h\",\"description\":\"V\\u00eddeo obtido pelo rep\\u00f3rter Jean Mendes e pelo Regi\\u00e3o em Pauta mostra as crian\\u00e7as que, para a Pol\\u00edcia Civil, participaram do estupro coletivo ocorrido no Distrito do Espanta Gado, em Queimadas, Nordeste da Bahia. O caso ganhou repercuss\\u00e3o nesta semana ap\\u00f3s o Regi\\u00e3o em Pauta informar, com exclusividade, que agentes da Delegacia Territorial de Queimadas apreenderam dois adolescentes,\",\"inLanguage\":\"pt-BR\",\"isPartOf\":{\"@id\":\"https:\\\/\\\/minutobahia24h.com.br\\\/#website\"},\"breadcrumb\":{\"@id\":\"https:\\\/\\\/minutobahia24h.com.br\\\/?p=49039#breadcrumblist\"},\"author\":{\"@id\":\"https:\\\/\\\/minutobahia24h.com.br\\\/?author=2#author\"},\"creator\":{\"@id\":\"https:\\\/\\\/minutobahia24h.com.br\\\/?author=2#author\"},\"image\":{\"@type\":\"ImageObject\",\"url\":\"https:\\\/\\\/i0.wp.com\\\/minutobahia24h.com.br\\\/wp-content\\\/uploads\\\/2026\\\/09\\\/Sem-titulo-47.jpg?fit=699%2C601&ssl=1\",\"@id\":\"https:\\\/\\\/minutobahia24h.com.br\\\/?p=49039\\\/#mainImage\",\"width\":699,\"height\":601},\"primaryImageOfPage\":{\"@id\":\"https:\\\/\\\/minutobahia24h.com.br\\\/?p=49039#mainImage\"},\"datePublished\":\"2026-09-04T07:40:20-03:00\",\"dateModified\":\"2026-09-04T07:40:21-03:00\"},{\"@type\":\"WebSite\",\"@id\":\"https:\\\/\\\/minutobahia24h.com.br\\\/#website\",\"url\":\"https:\\\/\\\/minutobahia24h.com.br\\\/\",\"name\":\"Minuto Bahia 24h\",\"description\":\"O seu portal de not\\u00edcias\",\"inLanguage\":\"pt-BR\",\"publisher\":{\"@id\":\"https:\\\/\\\/minutobahia24h.com.br\\\/#organization\"}}]}\n\t\t<\/script>\n\t\t<!-- All in One SEO -->\n\n","aioseo_head_json":{"title":"C\u00e2mera flagrou menores investigados por estupro coletivo em Queimadas - Minuto Bahia 24h","description":"V\u00eddeo obtido pelo rep\u00f3rter Jean Mendes e pelo Regi\u00e3o em Pauta mostra as crian\u00e7as que, para a Pol\u00edcia Civil, participaram do estupro coletivo ocorrido no Distrito do Espanta Gado, em Queimadas, Nordeste da Bahia. O caso ganhou repercuss\u00e3o nesta semana ap\u00f3s o Regi\u00e3o em Pauta informar, com exclusividade, que agentes da Delegacia Territorial de Queimadas apreenderam dois adolescentes,","canonical_url":"https:\/\/minutobahia24h.com.br\/?p=49039","robots":"max-image-preview:large","keywords":"","webmasterTools":{"miscellaneous":""},"schema":{"@context":"https:\/\/schema.org","@graph":[{"@type":"BlogPosting","@id":"https:\/\/minutobahia24h.com.br\/?p=49039#blogposting","name":"C\u00e2mera flagrou menores investigados por estupro coletivo em Queimadas - Minuto Bahia 24h","headline":"C\u00e2mera flagrou menores investigados por estupro coletivo em Queimadas","author":{"@id":"https:\/\/minutobahia24h.com.br\/?author=2#author"},"publisher":{"@id":"https:\/\/minutobahia24h.com.br\/#organization"},"image":{"@type":"ImageObject","url":"https:\/\/i0.wp.com\/minutobahia24h.com.br\/wp-content\/uploads\/2026\/09\/Sem-titulo-47.jpg?fit=699%2C601&ssl=1","width":699,"height":601},"datePublished":"2026-09-04T07:40:20-03:00","dateModified":"2026-09-04T07:40:21-03:00","inLanguage":"pt-BR","mainEntityOfPage":{"@id":"https:\/\/minutobahia24h.com.br\/?p=49039#webpage"},"isPartOf":{"@id":"https:\/\/minutobahia24h.com.br\/?p=49039#webpage"},"articleSection":"Regional"},{"@type":"BreadcrumbList","@id":"https:\/\/minutobahia24h.com.br\/?p=49039#breadcrumblist","itemListElement":[{"@type":"ListItem","@id":"https:\/\/minutobahia24h.com.br#listItem","position":1,"name":"In\u00edcio","item":"https:\/\/minutobahia24h.com.br","nextItem":{"@type":"ListItem","@id":"https:\/\/minutobahia24h.com.br\/?cat=3#listItem","name":"Regional"}},{"@type":"ListItem","@id":"https:\/\/minutobahia24h.com.br\/?cat=3#listItem","position":2,"name":"Regional","item":"https:\/\/minutobahia24h.com.br\/?cat=3","nextItem":{"@type":"ListItem","@id":"https:\/\/minutobahia24h.com.br\/?p=49039#listItem","name":"C\u00e2mera flagrou menores investigados por estupro coletivo em Queimadas"},"previousItem":{"@type":"ListItem","@id":"https:\/\/minutobahia24h.com.br#listItem","name":"In\u00edcio"}},{"@type":"ListItem","@id":"https:\/\/minutobahia24h.com.br\/?p=49039#listItem","position":3,"name":"C\u00e2mera flagrou menores investigados por estupro coletivo em Queimadas","previousItem":{"@type":"ListItem","@id":"https:\/\/minutobahia24h.com.br\/?cat=3#listItem","name":"Regional"}}]},{"@type":"Organization","@id":"https:\/\/minutobahia24h.com.br\/#organization","name":"Minuto Bahia 24h","description":"O seu portal de not\u00edcias","url":"https:\/\/minutobahia24h.com.br\/","logo":{"@type":"ImageObject","url":"https:\/\/i0.wp.com\/minutobahia24h.com.br\/wp-content\/uploads\/2023\/09\/cropped-minutoba.png?fit=457%2C119&ssl=1","@id":"https:\/\/minutobahia24h.com.br\/?p=49039\/#organizationLogo","width":457,"height":119},"image":{"@id":"https:\/\/minutobahia24h.com.br\/?p=49039\/#organizationLogo"}},{"@type":"Person","@id":"https:\/\/minutobahia24h.com.br\/?author=2#author","url":"https:\/\/minutobahia24h.com.br\/?author=2","name":"andre","image":{"@type":"ImageObject","@id":"https:\/\/minutobahia24h.com.br\/?p=49039#authorImage","url":"https:\/\/secure.gravatar.com\/avatar\/0ec5eafed5f3925c321625d79a680d589901b94bca787ae396a35f6c4a960922?s=96&d=mm&r=g","width":96,"height":96,"caption":"andre"}},{"@type":"WebPage","@id":"https:\/\/minutobahia24h.com.br\/?p=49039#webpage","url":"https:\/\/minutobahia24h.com.br\/?p=49039","name":"C\u00e2mera flagrou menores investigados por estupro coletivo em Queimadas - Minuto Bahia 24h","description":"V\u00eddeo obtido pelo rep\u00f3rter Jean Mendes e pelo Regi\u00e3o em Pauta mostra as crian\u00e7as que, para a Pol\u00edcia Civil, participaram do estupro coletivo ocorrido no Distrito do Espanta Gado, em Queimadas, Nordeste da Bahia. O caso ganhou repercuss\u00e3o nesta semana ap\u00f3s o Regi\u00e3o em Pauta informar, com exclusividade, que agentes da Delegacia Territorial de Queimadas apreenderam dois adolescentes,","inLanguage":"pt-BR","isPartOf":{"@id":"https:\/\/minutobahia24h.com.br\/#website"},"breadcrumb":{"@id":"https:\/\/minutobahia24h.com.br\/?p=49039#breadcrumblist"},"author":{"@id":"https:\/\/minutobahia24h.com.br\/?author=2#author"},"creator":{"@id":"https:\/\/minutobahia24h.com.br\/?author=2#author"},"image":{"@type":"ImageObject","url":"https:\/\/i0.wp.com\/minutobahia24h.com.br\/wp-content\/uploads\/2026\/09\/Sem-titulo-47.jpg?fit=699%2C601&ssl=1","@id":"https:\/\/minutobahia24h.com.br\/?p=49039\/#mainImage","width":699,"height":601},"primaryImageOfPage":{"@id":"https:\/\/minutobahia24h.com.br\/?p=49039#mainImage"},"datePublished":"2026-09-04T07:40:20-03:00","dateModified":"2026-09-04T07:40:21-03:00"},{"@type":"WebSite","@id":"https:\/\/minutobahia24h.com.br\/#website","url":"https:\/\/minutobahia24h.com.br\/","name":"Minuto Bahia 24h","description":"O seu portal de not\u00edcias","inLanguage":"pt-BR","publisher":{"@id":"https:\/\/minutobahia24h.com.br\/#organization"}}]},"og:locale":"pt_BR","og:site_name":"Minuto Bahia 24h - O seu portal de not\u00edcias","og:type":"article","og:title":"C\u00e2mera flagrou menores investigados por estupro coletivo em Queimadas - Minuto Bahia 24h","og:description":"V\u00eddeo obtido pelo rep\u00f3rter Jean Mendes e pelo Regi\u00e3o em Pauta mostra as crian\u00e7as que, para a Pol\u00edcia Civil, participaram do estupro coletivo ocorrido no Distrito do Espanta Gado, em Queimadas, Nordeste da Bahia. O caso ganhou repercuss\u00e3o nesta semana ap\u00f3s o Regi\u00e3o em Pauta informar, com exclusividade, que agentes da Delegacia Territorial de Queimadas apreenderam dois adolescentes,","og:url":"https:\/\/minutobahia24h.com.br\/?p=49039","og:image":"https:\/\/minutobahia24h.com.br\/wp-content\/uploads\/2026\/09\/Sem-titulo-47.jpg","og:image:secure_url":"https:\/\/minutobahia24h.com.br\/wp-content\/uploads\/2026\/09\/Sem-titulo-47.jpg","og:image:width":699,"og:image:height":601,"article:published_time":"2026-09-04T10:40:20+00:00","article:modified_time":"2026-09-04T10:40:21+00:00","twitter:card":"summary_large_image","twitter:title":"C\u00e2mera flagrou menores investigados por estupro coletivo em Queimadas - Minuto Bahia 24h","twitter:description":"V\u00eddeo obtido pelo rep\u00f3rter Jean Mendes e pelo Regi\u00e3o em Pauta mostra as crian\u00e7as que, para a Pol\u00edcia Civil, participaram do estupro coletivo ocorrido no Distrito do Espanta Gado, em Queimadas, Nordeste da Bahia. O caso ganhou repercuss\u00e3o nesta semana ap\u00f3s o Regi\u00e3o em Pauta informar, com exclusividade, que agentes da Delegacia Territorial de Queimadas apreenderam dois adolescentes,","twitter:image":"https:\/\/minutobahia24h.com.br\/wp-content\/uploads\/2026\/09\/Sem-titulo-47.jpg"},"aioseo_meta_data":{"post_id":"49039","title":null,"description":null,"keywords":null,"keyphrases":{"focus":{"keyphrase":"","score":0,"analysis":{"keyphraseInTitle":{"score":0,"maxScore":9,"error":1}}},"additional":[]},"primary_term":null,"canonical_url":null,"og_title":null,"og_description":null,"og_object_type":"default","og_image_type":"default","og_image_url":null,"og_image_width":null,"og_image_height":null,"og_image_custom_url":null,"og_image_custom_fields":null,"og_video":"","og_custom_url":null,"og_article_section":null,"og_article_tags":null,"twitter_use_og":true,"twitter_card":"default","twitter_image_type":"default","twitter_image_url":null,"twitter_image_custom_url":null,"twitter_image_custom_fields":null,"twitter_title":null,"twitter_description":null,"schema":{"blockGraphs":[],"customGraphs":[],"default":{"data":{"Article":[],"Course":[],"Dataset":[],"FAQPage":[],"Movie":[],"Person":[],"Product":[],"ProductReview":[],"Car":[],"Recipe":[],"Service":[],"SoftwareApplication":[],"WebPage":[]},"graphName":"BlogPosting","isEnabled":true},"graphs":[]},"schema_type":"default","schema_type_options":null,"pillar_content":false,"robots_default":true,"robots_noindex":false,"robots_noarchive":false,"robots_nosnippet":false,"robots_nofollow":false,"robots_noimageindex":false,"robots_noodp":false,"robots_notranslate":false,"robots_max_snippet":"-1","robots_max_videopreview":"-1","robots_max_imagepreview":"large","priority":null,"frequency":"default","local_seo":null,"breadcrumb_settings":null,"limit_modified_date":false,"ai":{"faqs":[],"keyPoints":[],"schemas":[],"titles":[],"descriptions":[],"socialPosts":{"email":{"subject":"","preview":"","content":""},"linkedin":[],"twitter":[],"facebook":[],"instagram":[]}},"created":"2026-09-04 10:40:21","updated":"2026-09-04 11:14:35","seo_analyzer_scan_date":null,"focus_keyword":null,"additional_keywords":null,"truseo_locale":null},"aioseo_breadcrumb":"<div class=\"aioseo-breadcrumbs\"><span class=\"aioseo-breadcrumb\">\n\t\t\t<a href=\"https:\/\/minutobahia24h.com.br\" title=\"In\u00edcio\">In\u00edcio<\/a>\n\t\t<\/span><span class=\"aioseo-breadcrumb-separator\">&raquo;<\/span><span class=\"aioseo-breadcrumb\">\n\t\t\t<a href=\"https:\/\/minutobahia24h.com.br\/?cat=3\" title=\"Regional\">Regional<\/a>\n\t\t<\/span><span class=\"aioseo-breadcrumb-separator\">&raquo;<\/span><span class=\"aioseo-breadcrumb\">\n\t\t\tC\u00e2mera flagrou menores investigados por estupro coletivo em Queimadas\n\t\t<\/span><\/div>","aioseo_breadcrumb_json":[{"label":"In\u00edcio","link":"https:\/\/minutobahia24h.com.br"},{"label":"Regional","link":"https:\/\/minutobahia24h.com.br\/?cat=3"},{"label":"C\u00e2mera flagrou menores investigados por estupro coletivo em Queimadas","link":"https:\/\/minutobahia24h.com.br\/?p=49039"}],"jetpack_sharing_enabled":true,"jetpack_featured_media_url":"https:\/\/i0.wp.com\/minutobahia24h.com.br\/wp-content\/uploads\/2026\/09\/Sem-titulo-47.jpg?fit=699%2C601&ssl=1","_links":{"self":[{"href":"https:\/\/minutobahia24h.com.br\/index.php?rest_route=\/wp\/v2\/posts\/49039","targetHints":{"allow":["GET"]}}],"collection":[{"href":"https:\/\/minutobahia24h.com.br\/index.php?rest_route=\/wp\/v2\/posts"}],"about":[{"href":"https:\/\/minutobahia24h.com.br\/index.php?rest_route=\/wp\/v2\/types\/post"}],"author":[{"embeddable":true,"href":"https:\/\/minutobahia24h.com.br\/index.php?rest_route=\/wp\/v2\/users\/2"}],"replies":[{"embeddable":true,"href":"https:\/\/minutobahia24h.com.br\/index.php?rest_route=%2Fwp%2Fv2%2Fcomments&post=49039"}],"version-history":[{"count":1,"href":"https:\/\/minutobahia24h.com.br\/index.php?rest_route=\/wp\/v2\/posts\/49039\/revisions"}],"predecessor-version":[{"id":49041,"href":"https:\/\/minutobahia24h.com.br\/index.php?rest_route=\/wp\/v2\/posts\/49039\/revisions\/49041"}],"wp:featuredmedia":[{"embeddable":true,"href":"https:\/\/minutobahia24h.com.br\/index.php?rest_route=\/wp\/v2\/media\/49040"}],"wp:attachment":[{"href":"https:\/\/minutobahia24h.com.br\/index.php?rest_route=%2Fwp%2Fv2%2Fmedia&parent=49039"}],"wp:term":[{"taxonomy":"category","embeddable":true,"href":"https:\/\/minutobahia24h.com.br\/index.php?rest_route=%2Fwp%2Fv2%2Fcategories&post=49039"},{"taxonomy":"post_tag","embeddable":true,"href":"https:\/\/minutobahia24h.com.br\/index.php?rest_route=%2Fwp%2Fv2%2Ftags&post=49039"}],"curies":[{"name":"wp","href":"https:\/\/api.w.org\/{rel}","templated":true}]}}