{"id":49019,"date":"2026-09-03T09:50:44","date_gmt":"2026-09-03T12:50:44","guid":{"rendered":"https:\/\/minutobahia24h.com.br\/?p=49019"},"modified":"2026-09-03T09:50:45","modified_gmt":"2026-09-03T12:50:45","slug":"vorcaro-achava-que-tinha-construido-um-sistema-para-me-proteger-e-tudo-se-virou-contra-mim","status":"publish","type":"post","link":"https:\/\/minutobahia24h.com.br\/?p=49019","title":{"rendered":"Vorcaro: \u2018Achava que tinha constru\u00eddo um sistema para me proteger, e tudo se virou contra mim\u2019"},"content":{"rendered":"<div class=\"wp-block-image\">\n<figure class=\"aligncenter size-full\"><img data-recalc-dims=\"1\" fetchpriority=\"high\" decoding=\"async\" width=\"800\" height=\"533\" src=\"https:\/\/i0.wp.com\/minutobahia24h.com.br\/wp-content\/uploads\/2026\/09\/Sem-titulo-44.jpg?resize=800%2C533&#038;ssl=1\" alt=\"\" class=\"wp-image-49021\"\/><figcaption class=\"wp-element-caption\">Daniel Vorcaro \u2014 Foto: Ana Paula Paiva\/Valor\/Ag\u00eancia O Globo<br><br><\/figcaption><\/figure>\n<\/div>\n\n\n<p class=\"wp-block-paragraph\">No depoimento que concedeu ao gabinete do ministro do Supremo Tribunal (STF) Andr\u00e9 Mendon\u00e7a na semana passada, o banqueiro Daniel Vorcaro afirmou que, antes de ser preso, acreditava que havia constru\u00eddo \u201cum sistema\u201d para proteg\u00ea-lo, mas que \u201ctudo se virou\u201d contra ele. A oitiva, revelada pela colunista Bela Megale, foi solicitada pela pr\u00f3pria defesa do dono do Banco Master, que alegou estar sofrendo &#8220;graves intimida\u00e7\u00f5es&#8221;. De acordo com a transcri\u00e7\u00e3o obtida pela equipe da coluna, ele tamb\u00e9m relatou que a m\u00e3e e a irm\u00e3 t\u00eam sofrido \u201cin\u00fameras amea\u00e7as de morte\u201d, mas n\u00e3o apresentou provas. Nesta quarta-feira \u00e0 noite, a procuradoria-geral da Rep\u00fablica pediu o arquivamento da den\u00fancia.<\/p>\n\n\n\n<p class=\"wp-block-paragraph\">\u201cEu queria ter a oportunidade de falar, porque hoje eu sei por que tudo aconteceu. Porque eu estava com esse sistema ali, que eu achava que tinha constru\u00eddo um sistema para me proteger e, de repente, todo esse sistema se virou contra mim\u201d, disse Vorcaro a um juiz auxiliar do gabinete de Mendon\u00e7a, respons\u00e1vel por colher o depoimento, realizado sem a presen\u00e7a da Pol\u00edcia Federal.<\/p>\n\n\n\n<p class=\"wp-block-paragraph\">Em outro momento da audi\u00eancia, o banqueiro afirmou que \u201cexistem pessoas no n\u00facleo do poder\u201d que \u201cn\u00e3o querem\u201d que ele fa\u00e7a um acordo de colabora\u00e7\u00e3o premiada, mas n\u00e3o elencou quais. Como mostrou a coluna, a defesa de Vorcaro avalia que, ap\u00f3s as sucessivas recusas, n\u00e3o \u00e9 mais poss\u00edvel fechar um acordo de colabora\u00e7\u00e3o com a Pol\u00edcia Federal (PF).<\/p>\n\n\n\n<p class=\"wp-block-paragraph\">Vorcaro relatou ao gabinete de Mendon\u00e7a que \u201cse incomodou\u201d com a postura da PF no caso, que n\u00e3o teria demonstrado inten\u00e7\u00e3o em ouvi-lo. Ele citou a rela\u00e7\u00e3o que construiu com o diretor-geral da institui\u00e7\u00e3o, Andrei Rodrigues, e chegou a sugerir que essa seria uma das raz\u00f5es para acreditar na suposta falta de interesse da PF em avan\u00e7ar nas negocia\u00e7\u00f5es de um acordo de colabora\u00e7\u00e3o premiada.<\/p>\n\n\n\n<p class=\"wp-block-paragraph\">\u201cTem motiva\u00e7\u00f5es pol\u00edticas por tr\u00e1s dessa virada contra mim, e de tudo que foi feito depois para me deixar preso e calado no m\u00ednimo at\u00e9 passar todos os interesses pol\u00edticos com o passar do tempo\u201d, disse Vorcaro em outro momento.<\/p>\n\n\n\n<p class=\"wp-block-paragraph\">Apesar dessas afirma\u00e7\u00f5es, por\u00e9m, o ex-banqueiro manteve a mesma postura demonstrada desde que foi preso pela segunda vez, em mar\u00e7o deste ano, se recusando a admitir crimes e alegando ser alvo de persegui\u00e7\u00e3o. Essa atitude fez com que ele tenha tido duas propostas de dela\u00e7\u00e3o premiada rejeitadas pela PF e pela Procuradoria-Geral da Rep\u00fablica (PGR). Na avalia\u00e7\u00e3o dos investigadores, Vorcaro tentava fazer uma dela\u00e7\u00e3o seletiva, preservando pessoas e omitindo informa\u00e7\u00f5es cruciais do processo.<\/p>\n\n\n\n<p class=\"wp-block-paragraph\">\u201cEu cometi erros, mas n\u00e3o s\u00e3o esses que est\u00e3o sendo expostos a\u00ed na m\u00eddia. O personagem criado ali n\u00e3o \u00e9 a verdade. N\u00e3o sou eu. E \u00e9 uma cortina de fuma\u00e7a para que a verdade n\u00e3o seja exposta\u201d, afirmou ele, criticado pelos investigadores justamente por n\u00e3o contribuir com o aprofundamento das apura\u00e7\u00f5es.<\/p>\n\n\n\n<p class=\"wp-block-paragraph\">Preso na Papudinha, ele insistiu na linha de defesa de que se tornou alvo de \u201cretalia\u00e7\u00e3o\u201d do Banco Central, \u201cataque maci\u00e7o\u201d e \u201cpersegui\u00e7\u00e3o econ\u00f4mica\u201d.<\/p>\n\n\n\n<p class=\"wp-block-paragraph\">Vorcaro tamb\u00e9m relatou ter suspeitas de que as supostas intimida\u00e7\u00f5es que sofre fazem parte de uma tentativa de esconder \u201cn\u00e3o s\u00f3 ilicitudes, mas atos que n\u00e3o tem um padr\u00e3o de moralidade ou que podem criar ou afetar quest\u00f5es pol\u00edticas\u201d.<\/p>\n\n\n\n<p class=\"wp-block-paragraph\">Em rela\u00e7\u00e3o \u00e0s amea\u00e7as aos familiares, o banqueiro afirma que elas foram feitas por e-mail de forma an\u00f4nima, sem entregar o material nem dar mais detalhes. Queixou-se, tamb\u00e9m, pelo fato de sua fam\u00edlia estar \u201csem homens\u201d, j\u00e1 que seu pai, Henrique Vorcaro, o primo, Felipe, e o cunhado, Fabiano Zettel, est\u00e3o presos.<\/p>\n\n\n\n<h2 class=\"wp-block-heading\">Prote\u00e7\u00e3o<\/h2>\n\n\n\n<p class=\"wp-block-paragraph\">Nesta ter\u00e7a-feira (1), Mendon\u00e7a retirou o sigilo de um relat\u00f3rio da Pol\u00edcia Federal, feito a partir do conte\u00fado extra\u00eddo do celular de Vorcaro, que detalha conversas dele com o ministro Alexandre de Moraes, do Supremo Tribunal Federal (STF).<\/p>\n\n\n\n<p class=\"wp-block-paragraph\">Nas mensagens, ele diz a Moraes que precisa da prote\u00e7\u00e3o de \u201cAndrei e Paulo\u201d, uma refer\u00eancia ao diretor-geral da PF, Andrei Rodrigues, e ao procurador-geral da Rep\u00fablica, Paulo Gonet.<\/p>\n\n\n\n<p class=\"wp-block-paragraph\">\u201cSe o Andrei conseguir atrasar pra outra semana, pois tem feriado, o banco n\u00e3o quebra. Tenta chamar ele e sensibilizar isso se achar poss\u00edvel\u201d, escreveu Vorcaro a Moraes uma semana antes da primeira pris\u00e3o dele, em novembro de 2025, segundo informa\u00e7\u00f5es publicadas inicialmente pelo Estad\u00e3o e confirmadas pela equipe da coluna.<\/p>\n\n\n\n<p class=\"wp-block-paragraph\">Um dia antes do pedido para adiar a opera\u00e7\u00e3o, o banqueiro tamb\u00e9m fez um desabafo ao ministro do Supremo: \u201cN\u00e3o conseguimos reverter isso com Paulo ou Andrei? Muita sacanagem isso\u201d, lamentou, segundo a investiga\u00e7\u00e3o.<\/p>\n\n\n\n<p class=\"wp-block-paragraph\">No dia 17 de novembro, uma segunda-feira, Vorcaro acabaria preso no Aeroporto Internacional de Guarulhos, em S\u00e3o Paulo, quando tentava embarcar em um jato particular para Dubai, com escala em Malta.<\/p>\n\n\n\n<p class=\"wp-block-paragraph\">As mensagens obtidas pela PF no bojo das investiga\u00e7\u00f5es do caso Banco Master tamb\u00e9m revelam que o banqueiro mantinha uma rotina de reuni\u00f5es reservadas com Alexandre de Moraes, conforme mostrou o blog.<\/p>\n\n\n\n<h2 class=\"wp-block-heading\">\u2018Gal\u00edpolo est\u00e1 sabendo?\u2019<\/h2>\n\n\n\n<p class=\"wp-block-paragraph\">Dois dias antes de ser preso pela primeira vez, Vorcaro tamb\u00e9m consultou o magistrado sobre a possibilidade de deixar o pa\u00eds para frustrar as dilig\u00eancias da primeira fase da Opera\u00e7\u00e3o Compliance Zero. Ele voltou a questionar a a\u00e7\u00e3o da pol\u00edcia \u201cbem na semana\u201d em que estaria \u201cresolvendo tudo\u201d, al\u00e9m de perguntar se o presidente do Banco Central, Gabriel Gal\u00edpolo, estava ciente do andamento do caso.<\/p>\n\n\n\n<p class=\"wp-block-paragraph\">\u201cQue loucura, bem na semana que estou resolvendo tudo\u201d, disse Vorcaro a Moraes. \u201cO Gal\u00edpolo est\u00e1 sabendo? Conseguimos fazer algo? Acha que segunda-feira (17\/11) j\u00e1 tenho que estar fora?\u201d, completou.<\/p>\n","protected":false},"excerpt":{"rendered":"<p>No depoimento que concedeu ao gabinete do ministro do Supremo Tribunal (STF) Andr\u00e9 Mendon\u00e7a na semana passada, o banqueiro Daniel Vorcaro afirmou que, antes de ser preso, acreditava que havia constru\u00eddo \u201cum sistema\u201d para proteg\u00ea-lo, mas que \u201ctudo se virou\u201d contra ele. A oitiva, revelada pela colunista Bela Megale, foi solicitada pela pr\u00f3pria defesa do [&hellip;]<\/p>\n","protected":false},"author":2,"featured_media":49021,"comment_status":"open","ping_status":"open","sticky":false,"template":"","format":"standard","meta":{"_jetpack_newsletter_access":"","_jetpack_dont_email_post_to_subs":false,"_jetpack_newsletter_tier_id":0,"_jetpack_memberships_contains_paywalled_content":false,"_jetpack_feature_clip_id":0,"_jetpack_memberships_contains_paid_content":false,"footnotes":"","jetpack_post_was_ever_published":false},"categories":[46],"tags":[],"class_list":["post-49019","post","type-post","status-publish","format-standard","has-post-thumbnail","hentry","category-noticia"],"aioseo_notices":[],"aioseo_head":"\n\t\t<!-- All in One SEO 5.0.1.1 - aioseo.com -->\n\t<meta name=\"description\" content=\"No depoimento que concedeu ao gabinete do ministro do Supremo Tribunal (STF) Andr\u00e9 Mendon\u00e7a na semana passada, o banqueiro Daniel Vorcaro afirmou que, antes de ser preso, acreditava que havia constru\u00eddo \u201cum sistema\u201d para proteg\u00ea-lo, mas que \u201ctudo se virou\u201d contra ele. A oitiva, revelada pela colunista Bela Megale, foi solicitada pela pr\u00f3pria defesa do\" \/>\n\t<meta name=\"robots\" content=\"max-image-preview:large\" \/>\n\t<meta name=\"author\" content=\"andre\"\/>\n\t<link rel=\"canonical\" href=\"https:\/\/minutobahia24h.com.br\/?p=49019\" \/>\n\t<meta name=\"generator\" content=\"All in One SEO (AIOSEO) 5.0.1.1\" \/>\n\t\t<meta property=\"og:locale\" content=\"pt_BR\" \/>\n\t\t<meta property=\"og:site_name\" content=\"Minuto Bahia 24h - O seu portal de not\u00edcias\" \/>\n\t\t<meta property=\"og:type\" content=\"article\" \/>\n\t\t<meta property=\"og:title\" content=\"Vorcaro: \u2018Achava que tinha constru\u00eddo um sistema para me proteger, e tudo se virou contra mim\u2019 - Minuto Bahia 24h\" \/>\n\t\t<meta property=\"og:description\" content=\"No depoimento que concedeu ao gabinete do ministro do Supremo Tribunal (STF) Andr\u00e9 Mendon\u00e7a na semana passada, o banqueiro Daniel Vorcaro afirmou que, antes de ser preso, acreditava que havia constru\u00eddo \u201cum sistema\u201d para proteg\u00ea-lo, mas que \u201ctudo se virou\u201d contra ele. A oitiva, revelada pela colunista Bela Megale, foi solicitada pela pr\u00f3pria defesa do\" \/>\n\t\t<meta property=\"og:url\" content=\"https:\/\/minutobahia24h.com.br\/?p=49019\" \/>\n\t\t<meta property=\"og:image\" content=\"https:\/\/minutobahia24h.com.br\/wp-content\/uploads\/2026\/09\/Sem-titulo-44.jpg\" \/>\n\t\t<meta property=\"og:image:secure_url\" content=\"https:\/\/minutobahia24h.com.br\/wp-content\/uploads\/2026\/09\/Sem-titulo-44.jpg\" \/>\n\t\t<meta property=\"og:image:width\" content=\"888\" \/>\n\t\t<meta property=\"og:image:height\" content=\"592\" \/>\n\t\t<meta property=\"article:published_time\" content=\"2026-09-03T12:50:44+00:00\" \/>\n\t\t<meta property=\"article:modified_time\" content=\"2026-09-03T12:50:45+00:00\" \/>\n\t\t<meta name=\"twitter:card\" content=\"summary_large_image\" \/>\n\t\t<meta name=\"twitter:title\" content=\"Vorcaro: \u2018Achava que tinha constru\u00eddo um sistema para me proteger, e tudo se virou contra mim\u2019 - Minuto Bahia 24h\" \/>\n\t\t<meta name=\"twitter:description\" content=\"No depoimento que concedeu ao gabinete do ministro do Supremo Tribunal (STF) Andr\u00e9 Mendon\u00e7a na semana passada, o banqueiro Daniel Vorcaro afirmou que, antes de ser preso, acreditava que havia constru\u00eddo \u201cum sistema\u201d para proteg\u00ea-lo, mas que \u201ctudo se virou\u201d contra ele. A oitiva, revelada pela colunista Bela Megale, foi solicitada pela pr\u00f3pria defesa do\" \/>\n\t\t<meta name=\"twitter:image\" content=\"https:\/\/minutobahia24h.com.br\/wp-content\/uploads\/2026\/09\/Sem-titulo-44.jpg\" \/>\n\t\t<script type=\"application\/ld+json\" class=\"aioseo-schema\">\n\t\t\t{\"@context\":\"https:\\\/\\\/schema.org\",\"@graph\":[{\"@type\":\"BlogPosting\",\"@id\":\"https:\\\/\\\/minutobahia24h.com.br\\\/?p=49019#blogposting\",\"name\":\"Vorcaro: \\u2018Achava que tinha constru\\u00eddo um sistema para me proteger, e tudo se virou contra mim\\u2019 - Minuto Bahia 24h\",\"headline\":\"Vorcaro: \\u2018Achava que tinha constru\\u00eddo um sistema para me proteger, e tudo se virou contra mim\\u2019\",\"author\":{\"@id\":\"https:\\\/\\\/minutobahia24h.com.br\\\/?author=2#author\"},\"publisher\":{\"@id\":\"https:\\\/\\\/minutobahia24h.com.br\\\/#organization\"},\"image\":{\"@type\":\"ImageObject\",\"url\":\"https:\\\/\\\/i0.wp.com\\\/minutobahia24h.com.br\\\/wp-content\\\/uploads\\\/2026\\\/09\\\/Sem-titulo-44.jpg?fit=888%2C592&ssl=1\",\"width\":888,\"height\":592},\"datePublished\":\"2026-09-03T09:50:44-03:00\",\"dateModified\":\"2026-09-03T09:50:45-03:00\",\"inLanguage\":\"pt-BR\",\"mainEntityOfPage\":{\"@id\":\"https:\\\/\\\/minutobahia24h.com.br\\\/?p=49019#webpage\"},\"isPartOf\":{\"@id\":\"https:\\\/\\\/minutobahia24h.com.br\\\/?p=49019#webpage\"},\"articleSection\":\"Not\\u00edcia\"},{\"@type\":\"BreadcrumbList\",\"@id\":\"https:\\\/\\\/minutobahia24h.com.br\\\/?p=49019#breadcrumblist\",\"itemListElement\":[{\"@type\":\"ListItem\",\"@id\":\"https:\\\/\\\/minutobahia24h.com.br#listItem\",\"position\":1,\"name\":\"In\\u00edcio\",\"item\":\"https:\\\/\\\/minutobahia24h.com.br\",\"nextItem\":{\"@type\":\"ListItem\",\"@id\":\"https:\\\/\\\/minutobahia24h.com.br\\\/?cat=46#listItem\",\"name\":\"Not\\u00edcia\"}},{\"@type\":\"ListItem\",\"@id\":\"https:\\\/\\\/minutobahia24h.com.br\\\/?cat=46#listItem\",\"position\":2,\"name\":\"Not\\u00edcia\",\"item\":\"https:\\\/\\\/minutobahia24h.com.br\\\/?cat=46\",\"nextItem\":{\"@type\":\"ListItem\",\"@id\":\"https:\\\/\\\/minutobahia24h.com.br\\\/?p=49019#listItem\",\"name\":\"Vorcaro: \\u2018Achava que tinha constru\\u00eddo um sistema para me proteger, e tudo se virou contra mim\\u2019\"},\"previousItem\":{\"@type\":\"ListItem\",\"@id\":\"https:\\\/\\\/minutobahia24h.com.br#listItem\",\"name\":\"In\\u00edcio\"}},{\"@type\":\"ListItem\",\"@id\":\"https:\\\/\\\/minutobahia24h.com.br\\\/?p=49019#listItem\",\"position\":3,\"name\":\"Vorcaro: \\u2018Achava que tinha constru\\u00eddo um sistema para me proteger, e tudo se virou contra mim\\u2019\",\"previousItem\":{\"@type\":\"ListItem\",\"@id\":\"https:\\\/\\\/minutobahia24h.com.br\\\/?cat=46#listItem\",\"name\":\"Not\\u00edcia\"}}]},{\"@type\":\"Organization\",\"@id\":\"https:\\\/\\\/minutobahia24h.com.br\\\/#organization\",\"name\":\"Minuto Bahia 24h\",\"description\":\"O seu portal de not\\u00edcias\",\"url\":\"https:\\\/\\\/minutobahia24h.com.br\\\/\",\"logo\":{\"@type\":\"ImageObject\",\"url\":\"https:\\\/\\\/i0.wp.com\\\/minutobahia24h.com.br\\\/wp-content\\\/uploads\\\/2023\\\/09\\\/cropped-minutoba.png?fit=457%2C119&ssl=1\",\"@id\":\"https:\\\/\\\/minutobahia24h.com.br\\\/?p=49019\\\/#organizationLogo\",\"width\":457,\"height\":119},\"image\":{\"@id\":\"https:\\\/\\\/minutobahia24h.com.br\\\/?p=49019\\\/#organizationLogo\"}},{\"@type\":\"Person\",\"@id\":\"https:\\\/\\\/minutobahia24h.com.br\\\/?author=2#author\",\"url\":\"https:\\\/\\\/minutobahia24h.com.br\\\/?author=2\",\"name\":\"andre\",\"image\":{\"@type\":\"ImageObject\",\"@id\":\"https:\\\/\\\/minutobahia24h.com.br\\\/?p=49019#authorImage\",\"url\":\"https:\\\/\\\/secure.gravatar.com\\\/avatar\\\/0ec5eafed5f3925c321625d79a680d589901b94bca787ae396a35f6c4a960922?s=96&d=mm&r=g\",\"width\":96,\"height\":96,\"caption\":\"andre\"}},{\"@type\":\"WebPage\",\"@id\":\"https:\\\/\\\/minutobahia24h.com.br\\\/?p=49019#webpage\",\"url\":\"https:\\\/\\\/minutobahia24h.com.br\\\/?p=49019\",\"name\":\"Vorcaro: \\u2018Achava que tinha constru\\u00eddo um sistema para me proteger, e tudo se virou contra mim\\u2019 - Minuto Bahia 24h\",\"description\":\"No depoimento que concedeu ao gabinete do ministro do Supremo Tribunal (STF) Andr\\u00e9 Mendon\\u00e7a na semana passada, o banqueiro Daniel Vorcaro afirmou que, antes de ser preso, acreditava que havia constru\\u00eddo \\u201cum sistema\\u201d para proteg\\u00ea-lo, mas que \\u201ctudo se virou\\u201d contra ele. A oitiva, revelada pela colunista Bela Megale, foi solicitada pela pr\\u00f3pria defesa do\",\"inLanguage\":\"pt-BR\",\"isPartOf\":{\"@id\":\"https:\\\/\\\/minutobahia24h.com.br\\\/#website\"},\"breadcrumb\":{\"@id\":\"https:\\\/\\\/minutobahia24h.com.br\\\/?p=49019#breadcrumblist\"},\"author\":{\"@id\":\"https:\\\/\\\/minutobahia24h.com.br\\\/?author=2#author\"},\"creator\":{\"@id\":\"https:\\\/\\\/minutobahia24h.com.br\\\/?author=2#author\"},\"image\":{\"@type\":\"ImageObject\",\"url\":\"https:\\\/\\\/i0.wp.com\\\/minutobahia24h.com.br\\\/wp-content\\\/uploads\\\/2026\\\/09\\\/Sem-titulo-44.jpg?fit=888%2C592&ssl=1\",\"@id\":\"https:\\\/\\\/minutobahia24h.com.br\\\/?p=49019\\\/#mainImage\",\"width\":888,\"height\":592},\"primaryImageOfPage\":{\"@id\":\"https:\\\/\\\/minutobahia24h.com.br\\\/?p=49019#mainImage\"},\"datePublished\":\"2026-09-03T09:50:44-03:00\",\"dateModified\":\"2026-09-03T09:50:45-03:00\"},{\"@type\":\"WebSite\",\"@id\":\"https:\\\/\\\/minutobahia24h.com.br\\\/#website\",\"url\":\"https:\\\/\\\/minutobahia24h.com.br\\\/\",\"name\":\"Minuto Bahia 24h\",\"description\":\"O seu portal de not\\u00edcias\",\"inLanguage\":\"pt-BR\",\"publisher\":{\"@id\":\"https:\\\/\\\/minutobahia24h.com.br\\\/#organization\"}}]}\n\t\t<\/script>\n\t\t<!-- All in One SEO -->\n\n","aioseo_head_json":{"title":"Vorcaro: \u2018Achava que tinha constru\u00eddo um sistema para me proteger, e tudo se virou contra mim\u2019 - Minuto Bahia 24h","description":"No depoimento que concedeu ao gabinete do ministro do Supremo Tribunal (STF) Andr\u00e9 Mendon\u00e7a na semana passada, o banqueiro Daniel Vorcaro afirmou que, antes de ser preso, acreditava que havia constru\u00eddo \u201cum sistema\u201d para proteg\u00ea-lo, mas que \u201ctudo se virou\u201d contra ele. A oitiva, revelada pela colunista Bela Megale, foi solicitada pela pr\u00f3pria defesa do","canonical_url":"https:\/\/minutobahia24h.com.br\/?p=49019","robots":"max-image-preview:large","keywords":"","webmasterTools":{"miscellaneous":""},"schema":{"@context":"https:\/\/schema.org","@graph":[{"@type":"BlogPosting","@id":"https:\/\/minutobahia24h.com.br\/?p=49019#blogposting","name":"Vorcaro: \u2018Achava que tinha constru\u00eddo um sistema para me proteger, e tudo se virou contra mim\u2019 - Minuto Bahia 24h","headline":"Vorcaro: \u2018Achava que tinha constru\u00eddo um sistema para me proteger, e tudo se virou contra mim\u2019","author":{"@id":"https:\/\/minutobahia24h.com.br\/?author=2#author"},"publisher":{"@id":"https:\/\/minutobahia24h.com.br\/#organization"},"image":{"@type":"ImageObject","url":"https:\/\/i0.wp.com\/minutobahia24h.com.br\/wp-content\/uploads\/2026\/09\/Sem-titulo-44.jpg?fit=888%2C592&ssl=1","width":888,"height":592},"datePublished":"2026-09-03T09:50:44-03:00","dateModified":"2026-09-03T09:50:45-03:00","inLanguage":"pt-BR","mainEntityOfPage":{"@id":"https:\/\/minutobahia24h.com.br\/?p=49019#webpage"},"isPartOf":{"@id":"https:\/\/minutobahia24h.com.br\/?p=49019#webpage"},"articleSection":"Not\u00edcia"},{"@type":"BreadcrumbList","@id":"https:\/\/minutobahia24h.com.br\/?p=49019#breadcrumblist","itemListElement":[{"@type":"ListItem","@id":"https:\/\/minutobahia24h.com.br#listItem","position":1,"name":"In\u00edcio","item":"https:\/\/minutobahia24h.com.br","nextItem":{"@type":"ListItem","@id":"https:\/\/minutobahia24h.com.br\/?cat=46#listItem","name":"Not\u00edcia"}},{"@type":"ListItem","@id":"https:\/\/minutobahia24h.com.br\/?cat=46#listItem","position":2,"name":"Not\u00edcia","item":"https:\/\/minutobahia24h.com.br\/?cat=46","nextItem":{"@type":"ListItem","@id":"https:\/\/minutobahia24h.com.br\/?p=49019#listItem","name":"Vorcaro: \u2018Achava que tinha constru\u00eddo um sistema para me proteger, e tudo se virou contra mim\u2019"},"previousItem":{"@type":"ListItem","@id":"https:\/\/minutobahia24h.com.br#listItem","name":"In\u00edcio"}},{"@type":"ListItem","@id":"https:\/\/minutobahia24h.com.br\/?p=49019#listItem","position":3,"name":"Vorcaro: \u2018Achava que tinha constru\u00eddo um sistema para me proteger, e tudo se virou contra mim\u2019","previousItem":{"@type":"ListItem","@id":"https:\/\/minutobahia24h.com.br\/?cat=46#listItem","name":"Not\u00edcia"}}]},{"@type":"Organization","@id":"https:\/\/minutobahia24h.com.br\/#organization","name":"Minuto Bahia 24h","description":"O seu portal de not\u00edcias","url":"https:\/\/minutobahia24h.com.br\/","logo":{"@type":"ImageObject","url":"https:\/\/i0.wp.com\/minutobahia24h.com.br\/wp-content\/uploads\/2023\/09\/cropped-minutoba.png?fit=457%2C119&ssl=1","@id":"https:\/\/minutobahia24h.com.br\/?p=49019\/#organizationLogo","width":457,"height":119},"image":{"@id":"https:\/\/minutobahia24h.com.br\/?p=49019\/#organizationLogo"}},{"@type":"Person","@id":"https:\/\/minutobahia24h.com.br\/?author=2#author","url":"https:\/\/minutobahia24h.com.br\/?author=2","name":"andre","image":{"@type":"ImageObject","@id":"https:\/\/minutobahia24h.com.br\/?p=49019#authorImage","url":"https:\/\/secure.gravatar.com\/avatar\/0ec5eafed5f3925c321625d79a680d589901b94bca787ae396a35f6c4a960922?s=96&d=mm&r=g","width":96,"height":96,"caption":"andre"}},{"@type":"WebPage","@id":"https:\/\/minutobahia24h.com.br\/?p=49019#webpage","url":"https:\/\/minutobahia24h.com.br\/?p=49019","name":"Vorcaro: \u2018Achava que tinha constru\u00eddo um sistema para me proteger, e tudo se virou contra mim\u2019 - Minuto Bahia 24h","description":"No depoimento que concedeu ao gabinete do ministro do Supremo Tribunal (STF) Andr\u00e9 Mendon\u00e7a na semana passada, o banqueiro Daniel Vorcaro afirmou que, antes de ser preso, acreditava que havia constru\u00eddo \u201cum sistema\u201d para proteg\u00ea-lo, mas que \u201ctudo se virou\u201d contra ele. A oitiva, revelada pela colunista Bela Megale, foi solicitada pela pr\u00f3pria defesa do","inLanguage":"pt-BR","isPartOf":{"@id":"https:\/\/minutobahia24h.com.br\/#website"},"breadcrumb":{"@id":"https:\/\/minutobahia24h.com.br\/?p=49019#breadcrumblist"},"author":{"@id":"https:\/\/minutobahia24h.com.br\/?author=2#author"},"creator":{"@id":"https:\/\/minutobahia24h.com.br\/?author=2#author"},"image":{"@type":"ImageObject","url":"https:\/\/i0.wp.com\/minutobahia24h.com.br\/wp-content\/uploads\/2026\/09\/Sem-titulo-44.jpg?fit=888%2C592&ssl=1","@id":"https:\/\/minutobahia24h.com.br\/?p=49019\/#mainImage","width":888,"height":592},"primaryImageOfPage":{"@id":"https:\/\/minutobahia24h.com.br\/?p=49019#mainImage"},"datePublished":"2026-09-03T09:50:44-03:00","dateModified":"2026-09-03T09:50:45-03:00"},{"@type":"WebSite","@id":"https:\/\/minutobahia24h.com.br\/#website","url":"https:\/\/minutobahia24h.com.br\/","name":"Minuto Bahia 24h","description":"O seu portal de not\u00edcias","inLanguage":"pt-BR","publisher":{"@id":"https:\/\/minutobahia24h.com.br\/#organization"}}]},"og:locale":"pt_BR","og:site_name":"Minuto Bahia 24h - O seu portal de not\u00edcias","og:type":"article","og:title":"Vorcaro: \u2018Achava que tinha constru\u00eddo um sistema para me proteger, e tudo se virou contra mim\u2019 - Minuto Bahia 24h","og:description":"No depoimento que concedeu ao gabinete do ministro do Supremo Tribunal (STF) Andr\u00e9 Mendon\u00e7a na semana passada, o banqueiro Daniel Vorcaro afirmou que, antes de ser preso, acreditava que havia constru\u00eddo \u201cum sistema\u201d para proteg\u00ea-lo, mas que \u201ctudo se virou\u201d contra ele. A oitiva, revelada pela colunista Bela Megale, foi solicitada pela pr\u00f3pria defesa do","og:url":"https:\/\/minutobahia24h.com.br\/?p=49019","og:image":"https:\/\/minutobahia24h.com.br\/wp-content\/uploads\/2026\/09\/Sem-titulo-44.jpg","og:image:secure_url":"https:\/\/minutobahia24h.com.br\/wp-content\/uploads\/2026\/09\/Sem-titulo-44.jpg","og:image:width":888,"og:image:height":592,"article:published_time":"2026-09-03T12:50:44+00:00","article:modified_time":"2026-09-03T12:50:45+00:00","twitter:card":"summary_large_image","twitter:title":"Vorcaro: \u2018Achava que tinha constru\u00eddo um sistema para me proteger, e tudo se virou contra mim\u2019 - Minuto Bahia 24h","twitter:description":"No depoimento que concedeu ao gabinete do ministro do Supremo Tribunal (STF) Andr\u00e9 Mendon\u00e7a na semana passada, o banqueiro Daniel Vorcaro afirmou que, antes de ser preso, acreditava que havia constru\u00eddo \u201cum sistema\u201d para proteg\u00ea-lo, mas que \u201ctudo se virou\u201d contra ele. A oitiva, revelada pela colunista Bela Megale, foi solicitada pela pr\u00f3pria defesa do","twitter:image":"https:\/\/minutobahia24h.com.br\/wp-content\/uploads\/2026\/09\/Sem-titulo-44.jpg"},"aioseo_meta_data":{"post_id":"49019","title":null,"description":null,"keywords":null,"keyphrases":{"focus":{"keyphrase":"","score":0,"analysis":{"keyphraseInTitle":{"score":0,"maxScore":9,"error":1}}},"additional":[]},"primary_term":null,"canonical_url":null,"og_title":null,"og_description":null,"og_object_type":"default","og_image_type":"default","og_image_url":null,"og_image_width":null,"og_image_height":null,"og_image_custom_url":null,"og_image_custom_fields":null,"og_video":"","og_custom_url":null,"og_article_section":null,"og_article_tags":null,"twitter_use_og":true,"twitter_card":"default","twitter_image_type":"default","twitter_image_url":null,"twitter_image_custom_url":null,"twitter_image_custom_fields":null,"twitter_title":null,"twitter_description":null,"schema":{"blockGraphs":[],"customGraphs":[],"default":{"data":{"Article":[],"Course":[],"Dataset":[],"FAQPage":[],"Movie":[],"Person":[],"Product":[],"ProductReview":[],"Car":[],"Recipe":[],"Service":[],"SoftwareApplication":[],"WebPage":[]},"graphName":"BlogPosting","isEnabled":true},"graphs":[]},"schema_type":"default","schema_type_options":null,"pillar_content":false,"robots_default":true,"robots_noindex":false,"robots_noarchive":false,"robots_nosnippet":false,"robots_nofollow":false,"robots_noimageindex":false,"robots_noodp":false,"robots_notranslate":false,"robots_max_snippet":"-1","robots_max_videopreview":"-1","robots_max_imagepreview":"large","priority":null,"frequency":"default","local_seo":null,"breadcrumb_settings":null,"limit_modified_date":false,"ai":{"faqs":[],"keyPoints":[],"schemas":[],"titles":[],"descriptions":[],"socialPosts":{"email":{"subject":"","preview":"","content":""},"linkedin":[],"twitter":[],"facebook":[],"instagram":[]}},"created":"2026-09-03 12:50:45","updated":"2026-09-03 12:55:26","seo_analyzer_scan_date":null,"focus_keyword":null,"additional_keywords":null,"truseo_locale":null},"aioseo_breadcrumb":"<div class=\"aioseo-breadcrumbs\"><span class=\"aioseo-breadcrumb\">\n\t\t\t<a href=\"https:\/\/minutobahia24h.com.br\" title=\"In\u00edcio\">In\u00edcio<\/a>\n\t\t<\/span><span class=\"aioseo-breadcrumb-separator\">&raquo;<\/span><span class=\"aioseo-breadcrumb\">\n\t\t\t<a href=\"https:\/\/minutobahia24h.com.br\/?cat=46\" title=\"Not\u00edcia\">Not\u00edcia<\/a>\n\t\t<\/span><span class=\"aioseo-breadcrumb-separator\">&raquo;<\/span><span class=\"aioseo-breadcrumb\">\n\t\t\tVorcaro: \u2018Achava que tinha constru\u00eddo um sistema para me proteger, e tudo se virou contra mim\u2019\n\t\t<\/span><\/div>","aioseo_breadcrumb_json":[{"label":"In\u00edcio","link":"https:\/\/minutobahia24h.com.br"},{"label":"Not\u00edcia","link":"https:\/\/minutobahia24h.com.br\/?cat=46"},{"label":"Vorcaro: \u2018Achava que tinha constru\u00eddo um sistema para me proteger, e tudo se virou contra mim\u2019","link":"https:\/\/minutobahia24h.com.br\/?p=49019"}],"jetpack_sharing_enabled":true,"jetpack_featured_media_url":"https:\/\/i0.wp.com\/minutobahia24h.com.br\/wp-content\/uploads\/2026\/09\/Sem-titulo-44.jpg?fit=888%2C592&ssl=1","_links":{"self":[{"href":"https:\/\/minutobahia24h.com.br\/index.php?rest_route=\/wp\/v2\/posts\/49019","targetHints":{"allow":["GET"]}}],"collection":[{"href":"https:\/\/minutobahia24h.com.br\/index.php?rest_route=\/wp\/v2\/posts"}],"about":[{"href":"https:\/\/minutobahia24h.com.br\/index.php?rest_route=\/wp\/v2\/types\/post"}],"author":[{"embeddable":true,"href":"https:\/\/minutobahia24h.com.br\/index.php?rest_route=\/wp\/v2\/users\/2"}],"replies":[{"embeddable":true,"href":"https:\/\/minutobahia24h.com.br\/index.php?rest_route=%2Fwp%2Fv2%2Fcomments&post=49019"}],"version-history":[{"count":1,"href":"https:\/\/minutobahia24h.com.br\/index.php?rest_route=\/wp\/v2\/posts\/49019\/revisions"}],"predecessor-version":[{"id":49022,"href":"https:\/\/minutobahia24h.com.br\/index.php?rest_route=\/wp\/v2\/posts\/49019\/revisions\/49022"}],"wp:featuredmedia":[{"embeddable":true,"href":"https:\/\/minutobahia24h.com.br\/index.php?rest_route=\/wp\/v2\/media\/49021"}],"wp:attachment":[{"href":"https:\/\/minutobahia24h.com.br\/index.php?rest_route=%2Fwp%2Fv2%2Fmedia&parent=49019"}],"wp:term":[{"taxonomy":"category","embeddable":true,"href":"https:\/\/minutobahia24h.com.br\/index.php?rest_route=%2Fwp%2Fv2%2Fcategories&post=49019"},{"taxonomy":"post_tag","embeddable":true,"href":"https:\/\/minutobahia24h.com.br\/index.php?rest_route=%2Fwp%2Fv2%2Ftags&post=49019"}],"curies":[{"name":"wp","href":"https:\/\/api.w.org\/{rel}","templated":true}]}}