{"id":49010,"date":"2026-09-03T09:31:26","date_gmt":"2026-09-03T12:31:26","guid":{"rendered":"https:\/\/minutobahia24h.com.br\/?p=49010"},"modified":"2026-09-03T09:31:27","modified_gmt":"2026-09-03T12:31:27","slug":"ministros-do-stf-vivem-impasse-sobre-elo-moraes-vorcaro-e-decisao-inedita-desafia-aliancas-internas","status":"publish","type":"post","link":"https:\/\/minutobahia24h.com.br\/?p=49010","title":{"rendered":"Ministros do STF vivem impasse sobre elo Moraes-Vorcaro, e decis\u00e3o in\u00e9dita desafia alian\u00e7as internas"},"content":{"rendered":"<div class=\"wp-block-image\">\n<figure class=\"aligncenter size-large\"><img data-recalc-dims=\"1\" height=\"420\" width=\"800\" decoding=\"async\" src=\"https:\/\/i0.wp.com\/minutobahia24h.com.br\/wp-content\/uploads\/2026\/09\/Sem-titulo-41-1024x538.jpg?resize=800%2C420&#038;ssl=1\" alt=\"\" class=\"wp-image-49011\"\/><figcaption class=\"wp-element-caption\">Foto: SCO \/ STF<br><br><\/figcaption><\/figure>\n<\/div>\n\n\n<p class=\"wp-block-paragraph\">Os novos di\u00e1logos entre o ex-banqueiro Daniel Vorcaro e um interlocutor apontado como o ministro Alexandre de Moraes, do STF (Supremo Tribunal Federal), trouxeram um impasse para magistrados da corte sobre como enfrentar uma crise in\u00e9dita, e a gravidade das suspeitas contra o colega pode reconfigurar as alian\u00e7as que hoje existem no tribunal. \u00a0<\/p>\n\n\n\n<p class=\"wp-block-paragraph\">Ao mesmo tempo, o presidente do Supremo, Edson Fachin, foi aconselhado a deixar a temperatura baixar e a n\u00e3o pautar de imediato a sess\u00e3o que pode resultar ou na abertura de uma investiga\u00e7\u00e3o formal contra Moraes, ou na declara\u00e7\u00e3o de nulidade dos atos do ministro Andr\u00e9 Mendon\u00e7a, relator das apura\u00e7\u00f5es sobre o Banco Master.\u00a0<\/p>\n\n\n\n<p class=\"wp-block-paragraph\">A leitura de cinco pessoas que acompanham de perto a correla\u00e7\u00e3o de for\u00e7as no STF \u00e9 de que, neste momento, o \u00fanico voto certo em apoio a Mendon\u00e7a \u00e9 o do ministro Luiz Fux. Na outra dire\u00e7\u00e3o, ao lado de Moraes e contra os m\u00e9todos adotados at\u00e9 aqui pelo relator, est\u00e3o fechados os ministros Fl\u00e1vio Dino, Cristiano Zanin e Gilmar Mendes.\u00a0<\/p>\n\n\n\n<p class=\"wp-block-paragraph\">As d\u00favidas recaem sobre o ministro Kassio Nunes Marques, a ministra C\u00e1rmen L\u00facia e o pr\u00f3prio Fachin. Na divis\u00e3o atual da corte, os tr\u00eas est\u00e3o no grupo de Mendon\u00e7a \u2014em defesa, por exemplo, da implementa\u00e7\u00e3o de um c\u00f3digo de conduta. Seus interlocutores, contudo, dizem que o alinhamento ao relator do Master n\u00e3o \u00e9 irrestrito.<\/p>\n\n\n\n<p class=\"wp-block-paragraph\">Esses auxiliares dizem que as mensagens s\u00e3o graves, mas que h\u00e1 um peso institucional que deve ser levado em conta, diante de um potencial impacto catastr\u00f3fico para o Supremo. Eles se preocupam com o recado que a corte pode passar \u00e0 sociedade caso alivie para Moraes, mas tamb\u00e9m n\u00e3o ignoram que Mendon\u00e7a possa ter atropelado os ritos formais.\u00a0<\/p>\n\n\n\n<p class=\"wp-block-paragraph\">De acordo com um assessor da c\u00fapula do STF, Moraes n\u00e3o participaria da vota\u00e7\u00e3o porque est\u00e1 diretamente implicado. O ministro Dias Toffoli tamb\u00e9m ficaria de fora, j\u00e1 que se declarou suspeito de atuar em casos do Master. Ele n\u00e3o votou, por exemplo, na sess\u00e3o que analisou a legalidade da decis\u00e3o de Mendon\u00e7a que levou \u00e0 pris\u00e3o de Vorcaro.\u00a0<\/p>\n\n\n\n<p class=\"wp-block-paragraph\">O julgamento sobre o relat\u00f3rio da PF (Pol\u00edcia Federal) deve ocorrer, portanto, com qu\u00f3rum de apenas oito ministros. O Supremo est\u00e1 com um integrante a menos na sua composi\u00e7\u00e3o desde a aposentadoria do ent\u00e3o ministro Lu\u00eds Roberto Barroso, h\u00e1 quase um ano, e a derrota do nome de Jorge Messias pelo Senado Federal.<\/p>\n\n\n\n<p class=\"wp-block-paragraph\">A ala que defende Moraes avalia que Mendon\u00e7a mandou investigar o colega \u00e0 revelia de decis\u00e3o pr\u00e9via do plen\u00e1rio, contrariando o regimento da corte. Esse grupo tem comparado os expedientes do relator com os da Opera\u00e7\u00e3o Lava Jato. Gilmar, por exemplo, j\u00e1 disse ter preocupa\u00e7\u00e3o com decis\u00f5es arbitr\u00e1rias tomadas a pretexto da &#8220;pacifica\u00e7\u00e3o social&#8221;.\u00a0<\/p>\n\n\n\n<p class=\"wp-block-paragraph\">Nessa mesma linha, se manifestou o procurador-geral da Rep\u00fablica, Paulo Gonet, ao pedir a anula\u00e7\u00e3o do relat\u00f3rio da PF que aponta para um elo entre Vorcaro e Moraes. Segundo Gonet, Mendon\u00e7a &#8220;se valeu da pol\u00edcia&#8221; para &#8220;impor a investiga\u00e7\u00e3o&#8221; do ministro, exercendo uma atribui\u00e7\u00e3o que n\u00e3o lhe cabe nesse momento do processo.<\/p>\n\n\n\n<p class=\"wp-block-paragraph\">O pr\u00f3prio Gonet \u00e9 mencionado no documento. Na investiga\u00e7\u00e3o da PF, h\u00e1 di\u00e1logos em que um advogado encaminha a Vorcaro mensagens atribu\u00eddas ao procurador-geral. Gonet, no entanto, n\u00e3o entrou no m\u00e9rito das cita\u00e7\u00f5es a seu respeito, nem se manifestou publicamente sobre o caso.\u00a0<\/p>\n\n\n\n<p class=\"wp-block-paragraph\">J\u00e1 o entorno de Mendon\u00e7a diz que n\u00e3o houve ato investigat\u00f3rio, apenas uma determina\u00e7\u00e3o para que a PF identificasse o interlocutor de Vorcaro. Ao levantar o sigilo do material, o relator do caso Master disse que o plen\u00e1rio do Supremo \u00e9 o &#8220;caminho inevit\u00e1vel&#8221; para debater o tema. Ele deve liberar o processo para julgamento na pr\u00f3xima semana.\u00a0<\/p>\n\n\n\n<p class=\"wp-block-paragraph\">Apesar do apelo de Mendon\u00e7a por uma sess\u00e3o p\u00fablica, Fachin n\u00e3o descarta convocar uma nova reuni\u00e3o privada entre os ministros, para que o problema seja discutido longe dos holofotes e com a posterior divulga\u00e7\u00e3o do resultado, aos moldes do que ocorreu quando Toffoli se afastou da relatoria do Master, em fevereiro.\u00a0<\/p>\n\n\n\n<p class=\"wp-block-paragraph\">A avalia\u00e7\u00e3o de auxiliares do presidente do STF \u00e9 de que a situa\u00e7\u00e3o n\u00e3o tem precedentes e deve ser tratada com o m\u00e1ximo de prud\u00eancia, visando a preserva\u00e7\u00e3o da institui\u00e7\u00e3o. A crise na corte foi assunto de uma conversa de Fachin com o presidente Lula (PT) na ter\u00e7a (1\u00ba). No mesmo dia, o chefe do Executivo tamb\u00e9m tratou do tema com o decano do STF, Gilmar Mendes.\u00a0<\/p>\n\n\n\n<p class=\"wp-block-paragraph\">Desde a eclos\u00e3o do novo cap\u00edtulo da crise, Fachin tem procurado os magistrados para conversas individuais, as quais ele classificou a um interlocutor como &#8220;discretas e republicanas&#8221;.\u00a0<\/p>\n\n\n\n<p class=\"wp-block-paragraph\">Ele preferiu fazer sua primeira manifesta\u00e7\u00e3o p\u00fablica a respeito dos desgastes em um evento acad\u00eamico na manh\u00e3 desta quarta-feira (2), e n\u00e3o na sess\u00e3o plen\u00e1ria que ocorreria horas depois, na presen\u00e7a de todos os envolvidos na crise. Fachin disse que tomar\u00e1 as medidas &#8220;cab\u00edveis e necess\u00e1rias&#8221; nos pr\u00f3ximos dias.\u00a0<\/p>\n\n\n\n<p class=\"wp-block-paragraph\">&#8220;Os ind\u00edcios reclamam o devido encaminhamento institucional. Circunst\u00e2ncias relacionadas, de um lado, \u00e0 atua\u00e7\u00e3o processual e, de outro, a s\u00e9rios elementos de fatos que exigem desta presid\u00eancia serenidade, responsabilidade e firmeza&#8221;, disse, sem citar Mendon\u00e7a nem Moraes.\u00a0<\/p>\n\n\n\n<p class=\"wp-block-paragraph\">&#8220;A elevada autoridade do cargo n\u00e3o confere privil\u00e9gio, mas imp\u00f5e deveres.&#8221;\u00a0<\/p>\n\n\n\n<p class=\"wp-block-paragraph\">De acordo com dois aliados de Fachin, na constru\u00e7\u00e3o de uma solu\u00e7\u00e3o para o impasse h\u00e1 espa\u00e7o para que o ministro volte a colocar na mesa pautas institucionais que lhe s\u00e3o caras, como a implementa\u00e7\u00e3o do c\u00f3digo de \u00e9tica para o Supremo e o encerramento do inqu\u00e9rito das fake news.\u00a0<\/p>\n\n\n\n<p class=\"wp-block-paragraph\">A sess\u00e3o do STF desta quarta marcou o primeiro encontro entre Moraes e Mendon\u00e7a desde que vieram \u00e0 tona as novas mensagens de Vorcaro. Na configura\u00e7\u00e3o das cadeiras do plen\u00e1rio, os dois sentam lado a lado, mas n\u00e3o se falaram. A corte ignorou o assunto e a pauta de julgamentos foi seguida normalmente, a come\u00e7ar por um processo tribut\u00e1rio.<\/p>\n\n\n\n<p class=\"wp-block-paragraph\">BN<\/p>\n","protected":false},"excerpt":{"rendered":"<p>Os novos di\u00e1logos entre o ex-banqueiro Daniel Vorcaro e um interlocutor apontado como o ministro Alexandre de Moraes, do STF (Supremo Tribunal Federal), trouxeram um impasse para magistrados da corte sobre como enfrentar uma crise in\u00e9dita, e a gravidade das suspeitas contra o colega pode reconfigurar as alian\u00e7as que hoje existem no tribunal. \u00a0 Ao [&hellip;]<\/p>\n","protected":false},"author":2,"featured_media":49011,"comment_status":"open","ping_status":"open","sticky":false,"template":"","format":"standard","meta":{"_jetpack_newsletter_access":"","_jetpack_dont_email_post_to_subs":false,"_jetpack_newsletter_tier_id":0,"_jetpack_memberships_contains_paywalled_content":false,"_jetpack_feature_clip_id":0,"_jetpack_memberships_contains_paid_content":false,"footnotes":"","jetpack_post_was_ever_published":false},"categories":[46],"tags":[],"class_list":["post-49010","post","type-post","status-publish","format-standard","has-post-thumbnail","hentry","category-noticia"],"aioseo_notices":[],"aioseo_head":"\n\t\t<!-- All in One SEO 5.0.1.1 - aioseo.com -->\n\t<meta name=\"description\" content=\"Os novos di\u00e1logos entre o ex-banqueiro Daniel Vorcaro e um interlocutor apontado como o ministro Alexandre de Moraes, do STF (Supremo Tribunal Federal), trouxeram um impasse para magistrados da corte sobre como enfrentar uma crise in\u00e9dita, e a gravidade das suspeitas contra o colega pode reconfigurar as alian\u00e7as que hoje existem no tribunal. Ao\" \/>\n\t<meta name=\"robots\" content=\"max-image-preview:large\" \/>\n\t<meta name=\"author\" content=\"andre\"\/>\n\t<link rel=\"canonical\" href=\"https:\/\/minutobahia24h.com.br\/?p=49010\" \/>\n\t<meta name=\"generator\" content=\"All in One SEO (AIOSEO) 5.0.1.1\" \/>\n\t\t<meta property=\"og:locale\" content=\"pt_BR\" \/>\n\t\t<meta property=\"og:site_name\" content=\"Minuto Bahia 24h - O seu portal de not\u00edcias\" \/>\n\t\t<meta property=\"og:type\" content=\"article\" \/>\n\t\t<meta property=\"og:title\" content=\"Ministros do STF vivem impasse sobre elo Moraes-Vorcaro, e decis\u00e3o in\u00e9dita desafia alian\u00e7as internas - Minuto Bahia 24h\" \/>\n\t\t<meta property=\"og:description\" content=\"Os novos di\u00e1logos entre o ex-banqueiro Daniel Vorcaro e um interlocutor apontado como o ministro Alexandre de Moraes, do STF (Supremo Tribunal Federal), trouxeram um impasse para magistrados da corte sobre como enfrentar uma crise in\u00e9dita, e a gravidade das suspeitas contra o colega pode reconfigurar as alian\u00e7as que hoje existem no tribunal. Ao\" \/>\n\t\t<meta property=\"og:url\" content=\"https:\/\/minutobahia24h.com.br\/?p=49010\" \/>\n\t\t<meta property=\"og:image\" content=\"https:\/\/minutobahia24h.com.br\/wp-content\/uploads\/2026\/09\/Sem-titulo-41.jpg\" \/>\n\t\t<meta property=\"og:image:secure_url\" content=\"https:\/\/minutobahia24h.com.br\/wp-content\/uploads\/2026\/09\/Sem-titulo-41.jpg\" \/>\n\t\t<meta property=\"og:image:width\" content=\"1200\" \/>\n\t\t<meta property=\"og:image:height\" content=\"630\" \/>\n\t\t<meta property=\"article:published_time\" content=\"2026-09-03T12:31:26+00:00\" \/>\n\t\t<meta property=\"article:modified_time\" content=\"2026-09-03T12:31:27+00:00\" \/>\n\t\t<meta name=\"twitter:card\" content=\"summary_large_image\" \/>\n\t\t<meta name=\"twitter:title\" content=\"Ministros do STF vivem impasse sobre elo Moraes-Vorcaro, e decis\u00e3o in\u00e9dita desafia alian\u00e7as internas - Minuto Bahia 24h\" \/>\n\t\t<meta name=\"twitter:description\" content=\"Os novos di\u00e1logos entre o ex-banqueiro Daniel Vorcaro e um interlocutor apontado como o ministro Alexandre de Moraes, do STF (Supremo Tribunal Federal), trouxeram um impasse para magistrados da corte sobre como enfrentar uma crise in\u00e9dita, e a gravidade das suspeitas contra o colega pode reconfigurar as alian\u00e7as que hoje existem no tribunal. Ao\" \/>\n\t\t<meta name=\"twitter:image\" content=\"https:\/\/minutobahia24h.com.br\/wp-content\/uploads\/2026\/09\/Sem-titulo-41.jpg\" \/>\n\t\t<script type=\"application\/ld+json\" class=\"aioseo-schema\">\n\t\t\t{\"@context\":\"https:\\\/\\\/schema.org\",\"@graph\":[{\"@type\":\"BlogPosting\",\"@id\":\"https:\\\/\\\/minutobahia24h.com.br\\\/?p=49010#blogposting\",\"name\":\"Ministros do STF vivem impasse sobre elo Moraes-Vorcaro, e decis\\u00e3o in\\u00e9dita desafia alian\\u00e7as internas - Minuto Bahia 24h\",\"headline\":\"Ministros do STF vivem impasse sobre elo Moraes-Vorcaro, e decis\\u00e3o in\\u00e9dita desafia alian\\u00e7as internas\",\"author\":{\"@id\":\"https:\\\/\\\/minutobahia24h.com.br\\\/?author=2#author\"},\"publisher\":{\"@id\":\"https:\\\/\\\/minutobahia24h.com.br\\\/#organization\"},\"image\":{\"@type\":\"ImageObject\",\"url\":\"https:\\\/\\\/i0.wp.com\\\/minutobahia24h.com.br\\\/wp-content\\\/uploads\\\/2026\\\/09\\\/Sem-titulo-41.jpg?fit=1200%2C630&ssl=1\",\"width\":1200,\"height\":630},\"datePublished\":\"2026-09-03T09:31:26-03:00\",\"dateModified\":\"2026-09-03T09:31:27-03:00\",\"inLanguage\":\"pt-BR\",\"mainEntityOfPage\":{\"@id\":\"https:\\\/\\\/minutobahia24h.com.br\\\/?p=49010#webpage\"},\"isPartOf\":{\"@id\":\"https:\\\/\\\/minutobahia24h.com.br\\\/?p=49010#webpage\"},\"articleSection\":\"Not\\u00edcia\"},{\"@type\":\"BreadcrumbList\",\"@id\":\"https:\\\/\\\/minutobahia24h.com.br\\\/?p=49010#breadcrumblist\",\"itemListElement\":[{\"@type\":\"ListItem\",\"@id\":\"https:\\\/\\\/minutobahia24h.com.br#listItem\",\"position\":1,\"name\":\"In\\u00edcio\",\"item\":\"https:\\\/\\\/minutobahia24h.com.br\",\"nextItem\":{\"@type\":\"ListItem\",\"@id\":\"https:\\\/\\\/minutobahia24h.com.br\\\/?cat=46#listItem\",\"name\":\"Not\\u00edcia\"}},{\"@type\":\"ListItem\",\"@id\":\"https:\\\/\\\/minutobahia24h.com.br\\\/?cat=46#listItem\",\"position\":2,\"name\":\"Not\\u00edcia\",\"item\":\"https:\\\/\\\/minutobahia24h.com.br\\\/?cat=46\",\"nextItem\":{\"@type\":\"ListItem\",\"@id\":\"https:\\\/\\\/minutobahia24h.com.br\\\/?p=49010#listItem\",\"name\":\"Ministros do STF vivem impasse sobre elo Moraes-Vorcaro, e decis\\u00e3o in\\u00e9dita desafia alian\\u00e7as internas\"},\"previousItem\":{\"@type\":\"ListItem\",\"@id\":\"https:\\\/\\\/minutobahia24h.com.br#listItem\",\"name\":\"In\\u00edcio\"}},{\"@type\":\"ListItem\",\"@id\":\"https:\\\/\\\/minutobahia24h.com.br\\\/?p=49010#listItem\",\"position\":3,\"name\":\"Ministros do STF vivem impasse sobre elo Moraes-Vorcaro, e decis\\u00e3o in\\u00e9dita desafia alian\\u00e7as internas\",\"previousItem\":{\"@type\":\"ListItem\",\"@id\":\"https:\\\/\\\/minutobahia24h.com.br\\\/?cat=46#listItem\",\"name\":\"Not\\u00edcia\"}}]},{\"@type\":\"Organization\",\"@id\":\"https:\\\/\\\/minutobahia24h.com.br\\\/#organization\",\"name\":\"Minuto Bahia 24h\",\"description\":\"O seu portal de not\\u00edcias\",\"url\":\"https:\\\/\\\/minutobahia24h.com.br\\\/\",\"logo\":{\"@type\":\"ImageObject\",\"url\":\"https:\\\/\\\/i0.wp.com\\\/minutobahia24h.com.br\\\/wp-content\\\/uploads\\\/2023\\\/09\\\/cropped-minutoba.png?fit=457%2C119&ssl=1\",\"@id\":\"https:\\\/\\\/minutobahia24h.com.br\\\/?p=49010\\\/#organizationLogo\",\"width\":457,\"height\":119},\"image\":{\"@id\":\"https:\\\/\\\/minutobahia24h.com.br\\\/?p=49010\\\/#organizationLogo\"}},{\"@type\":\"Person\",\"@id\":\"https:\\\/\\\/minutobahia24h.com.br\\\/?author=2#author\",\"url\":\"https:\\\/\\\/minutobahia24h.com.br\\\/?author=2\",\"name\":\"andre\",\"image\":{\"@type\":\"ImageObject\",\"@id\":\"https:\\\/\\\/minutobahia24h.com.br\\\/?p=49010#authorImage\",\"url\":\"https:\\\/\\\/secure.gravatar.com\\\/avatar\\\/0ec5eafed5f3925c321625d79a680d589901b94bca787ae396a35f6c4a960922?s=96&d=mm&r=g\",\"width\":96,\"height\":96,\"caption\":\"andre\"}},{\"@type\":\"WebPage\",\"@id\":\"https:\\\/\\\/minutobahia24h.com.br\\\/?p=49010#webpage\",\"url\":\"https:\\\/\\\/minutobahia24h.com.br\\\/?p=49010\",\"name\":\"Ministros do STF vivem impasse sobre elo Moraes-Vorcaro, e decis\\u00e3o in\\u00e9dita desafia alian\\u00e7as internas - Minuto Bahia 24h\",\"description\":\"Os novos di\\u00e1logos entre o ex-banqueiro Daniel Vorcaro e um interlocutor apontado como o ministro Alexandre de Moraes, do STF (Supremo Tribunal Federal), trouxeram um impasse para magistrados da corte sobre como enfrentar uma crise in\\u00e9dita, e a gravidade das suspeitas contra o colega pode reconfigurar as alian\\u00e7as que hoje existem no tribunal. Ao\",\"inLanguage\":\"pt-BR\",\"isPartOf\":{\"@id\":\"https:\\\/\\\/minutobahia24h.com.br\\\/#website\"},\"breadcrumb\":{\"@id\":\"https:\\\/\\\/minutobahia24h.com.br\\\/?p=49010#breadcrumblist\"},\"author\":{\"@id\":\"https:\\\/\\\/minutobahia24h.com.br\\\/?author=2#author\"},\"creator\":{\"@id\":\"https:\\\/\\\/minutobahia24h.com.br\\\/?author=2#author\"},\"image\":{\"@type\":\"ImageObject\",\"url\":\"https:\\\/\\\/i0.wp.com\\\/minutobahia24h.com.br\\\/wp-content\\\/uploads\\\/2026\\\/09\\\/Sem-titulo-41.jpg?fit=1200%2C630&ssl=1\",\"@id\":\"https:\\\/\\\/minutobahia24h.com.br\\\/?p=49010\\\/#mainImage\",\"width\":1200,\"height\":630},\"primaryImageOfPage\":{\"@id\":\"https:\\\/\\\/minutobahia24h.com.br\\\/?p=49010#mainImage\"},\"datePublished\":\"2026-09-03T09:31:26-03:00\",\"dateModified\":\"2026-09-03T09:31:27-03:00\"},{\"@type\":\"WebSite\",\"@id\":\"https:\\\/\\\/minutobahia24h.com.br\\\/#website\",\"url\":\"https:\\\/\\\/minutobahia24h.com.br\\\/\",\"name\":\"Minuto Bahia 24h\",\"description\":\"O seu portal de not\\u00edcias\",\"inLanguage\":\"pt-BR\",\"publisher\":{\"@id\":\"https:\\\/\\\/minutobahia24h.com.br\\\/#organization\"}}]}\n\t\t<\/script>\n\t\t<!-- All in One SEO -->\n\n","aioseo_head_json":{"title":"Ministros do STF vivem impasse sobre elo Moraes-Vorcaro, e decis\u00e3o in\u00e9dita desafia alian\u00e7as internas - Minuto Bahia 24h","description":"Os novos di\u00e1logos entre o ex-banqueiro Daniel Vorcaro e um interlocutor apontado como o ministro Alexandre de Moraes, do STF (Supremo Tribunal Federal), trouxeram um impasse para magistrados da corte sobre como enfrentar uma crise in\u00e9dita, e a gravidade das suspeitas contra o colega pode reconfigurar as alian\u00e7as que hoje existem no tribunal. Ao","canonical_url":"https:\/\/minutobahia24h.com.br\/?p=49010","robots":"max-image-preview:large","keywords":"","webmasterTools":{"miscellaneous":""},"schema":{"@context":"https:\/\/schema.org","@graph":[{"@type":"BlogPosting","@id":"https:\/\/minutobahia24h.com.br\/?p=49010#blogposting","name":"Ministros do STF vivem impasse sobre elo Moraes-Vorcaro, e decis\u00e3o in\u00e9dita desafia alian\u00e7as internas - Minuto Bahia 24h","headline":"Ministros do STF vivem impasse sobre elo Moraes-Vorcaro, e decis\u00e3o in\u00e9dita desafia alian\u00e7as internas","author":{"@id":"https:\/\/minutobahia24h.com.br\/?author=2#author"},"publisher":{"@id":"https:\/\/minutobahia24h.com.br\/#organization"},"image":{"@type":"ImageObject","url":"https:\/\/i0.wp.com\/minutobahia24h.com.br\/wp-content\/uploads\/2026\/09\/Sem-titulo-41.jpg?fit=1200%2C630&ssl=1","width":1200,"height":630},"datePublished":"2026-09-03T09:31:26-03:00","dateModified":"2026-09-03T09:31:27-03:00","inLanguage":"pt-BR","mainEntityOfPage":{"@id":"https:\/\/minutobahia24h.com.br\/?p=49010#webpage"},"isPartOf":{"@id":"https:\/\/minutobahia24h.com.br\/?p=49010#webpage"},"articleSection":"Not\u00edcia"},{"@type":"BreadcrumbList","@id":"https:\/\/minutobahia24h.com.br\/?p=49010#breadcrumblist","itemListElement":[{"@type":"ListItem","@id":"https:\/\/minutobahia24h.com.br#listItem","position":1,"name":"In\u00edcio","item":"https:\/\/minutobahia24h.com.br","nextItem":{"@type":"ListItem","@id":"https:\/\/minutobahia24h.com.br\/?cat=46#listItem","name":"Not\u00edcia"}},{"@type":"ListItem","@id":"https:\/\/minutobahia24h.com.br\/?cat=46#listItem","position":2,"name":"Not\u00edcia","item":"https:\/\/minutobahia24h.com.br\/?cat=46","nextItem":{"@type":"ListItem","@id":"https:\/\/minutobahia24h.com.br\/?p=49010#listItem","name":"Ministros do STF vivem impasse sobre elo Moraes-Vorcaro, e decis\u00e3o in\u00e9dita desafia alian\u00e7as internas"},"previousItem":{"@type":"ListItem","@id":"https:\/\/minutobahia24h.com.br#listItem","name":"In\u00edcio"}},{"@type":"ListItem","@id":"https:\/\/minutobahia24h.com.br\/?p=49010#listItem","position":3,"name":"Ministros do STF vivem impasse sobre elo Moraes-Vorcaro, e decis\u00e3o in\u00e9dita desafia alian\u00e7as internas","previousItem":{"@type":"ListItem","@id":"https:\/\/minutobahia24h.com.br\/?cat=46#listItem","name":"Not\u00edcia"}}]},{"@type":"Organization","@id":"https:\/\/minutobahia24h.com.br\/#organization","name":"Minuto Bahia 24h","description":"O seu portal de not\u00edcias","url":"https:\/\/minutobahia24h.com.br\/","logo":{"@type":"ImageObject","url":"https:\/\/i0.wp.com\/minutobahia24h.com.br\/wp-content\/uploads\/2023\/09\/cropped-minutoba.png?fit=457%2C119&ssl=1","@id":"https:\/\/minutobahia24h.com.br\/?p=49010\/#organizationLogo","width":457,"height":119},"image":{"@id":"https:\/\/minutobahia24h.com.br\/?p=49010\/#organizationLogo"}},{"@type":"Person","@id":"https:\/\/minutobahia24h.com.br\/?author=2#author","url":"https:\/\/minutobahia24h.com.br\/?author=2","name":"andre","image":{"@type":"ImageObject","@id":"https:\/\/minutobahia24h.com.br\/?p=49010#authorImage","url":"https:\/\/secure.gravatar.com\/avatar\/0ec5eafed5f3925c321625d79a680d589901b94bca787ae396a35f6c4a960922?s=96&d=mm&r=g","width":96,"height":96,"caption":"andre"}},{"@type":"WebPage","@id":"https:\/\/minutobahia24h.com.br\/?p=49010#webpage","url":"https:\/\/minutobahia24h.com.br\/?p=49010","name":"Ministros do STF vivem impasse sobre elo Moraes-Vorcaro, e decis\u00e3o in\u00e9dita desafia alian\u00e7as internas - Minuto Bahia 24h","description":"Os novos di\u00e1logos entre o ex-banqueiro Daniel Vorcaro e um interlocutor apontado como o ministro Alexandre de Moraes, do STF (Supremo Tribunal Federal), trouxeram um impasse para magistrados da corte sobre como enfrentar uma crise in\u00e9dita, e a gravidade das suspeitas contra o colega pode reconfigurar as alian\u00e7as que hoje existem no tribunal. Ao","inLanguage":"pt-BR","isPartOf":{"@id":"https:\/\/minutobahia24h.com.br\/#website"},"breadcrumb":{"@id":"https:\/\/minutobahia24h.com.br\/?p=49010#breadcrumblist"},"author":{"@id":"https:\/\/minutobahia24h.com.br\/?author=2#author"},"creator":{"@id":"https:\/\/minutobahia24h.com.br\/?author=2#author"},"image":{"@type":"ImageObject","url":"https:\/\/i0.wp.com\/minutobahia24h.com.br\/wp-content\/uploads\/2026\/09\/Sem-titulo-41.jpg?fit=1200%2C630&ssl=1","@id":"https:\/\/minutobahia24h.com.br\/?p=49010\/#mainImage","width":1200,"height":630},"primaryImageOfPage":{"@id":"https:\/\/minutobahia24h.com.br\/?p=49010#mainImage"},"datePublished":"2026-09-03T09:31:26-03:00","dateModified":"2026-09-03T09:31:27-03:00"},{"@type":"WebSite","@id":"https:\/\/minutobahia24h.com.br\/#website","url":"https:\/\/minutobahia24h.com.br\/","name":"Minuto Bahia 24h","description":"O seu portal de not\u00edcias","inLanguage":"pt-BR","publisher":{"@id":"https:\/\/minutobahia24h.com.br\/#organization"}}]},"og:locale":"pt_BR","og:site_name":"Minuto Bahia 24h - O seu portal de not\u00edcias","og:type":"article","og:title":"Ministros do STF vivem impasse sobre elo Moraes-Vorcaro, e decis\u00e3o in\u00e9dita desafia alian\u00e7as internas - Minuto Bahia 24h","og:description":"Os novos di\u00e1logos entre o ex-banqueiro Daniel Vorcaro e um interlocutor apontado como o ministro Alexandre de Moraes, do STF (Supremo Tribunal Federal), trouxeram um impasse para magistrados da corte sobre como enfrentar uma crise in\u00e9dita, e a gravidade das suspeitas contra o colega pode reconfigurar as alian\u00e7as que hoje existem no tribunal. Ao","og:url":"https:\/\/minutobahia24h.com.br\/?p=49010","og:image":"https:\/\/minutobahia24h.com.br\/wp-content\/uploads\/2026\/09\/Sem-titulo-41.jpg","og:image:secure_url":"https:\/\/minutobahia24h.com.br\/wp-content\/uploads\/2026\/09\/Sem-titulo-41.jpg","og:image:width":1200,"og:image:height":630,"article:published_time":"2026-09-03T12:31:26+00:00","article:modified_time":"2026-09-03T12:31:27+00:00","twitter:card":"summary_large_image","twitter:title":"Ministros do STF vivem impasse sobre elo Moraes-Vorcaro, e decis\u00e3o in\u00e9dita desafia alian\u00e7as internas - Minuto Bahia 24h","twitter:description":"Os novos di\u00e1logos entre o ex-banqueiro Daniel Vorcaro e um interlocutor apontado como o ministro Alexandre de Moraes, do STF (Supremo Tribunal Federal), trouxeram um impasse para magistrados da corte sobre como enfrentar uma crise in\u00e9dita, e a gravidade das suspeitas contra o colega pode reconfigurar as alian\u00e7as que hoje existem no tribunal. Ao","twitter:image":"https:\/\/minutobahia24h.com.br\/wp-content\/uploads\/2026\/09\/Sem-titulo-41.jpg"},"aioseo_meta_data":{"post_id":"49010","title":null,"description":null,"keywords":null,"keyphrases":{"focus":{"keyphrase":"","score":0,"analysis":{"keyphraseInTitle":{"score":0,"maxScore":9,"error":1}}},"additional":[]},"primary_term":null,"canonical_url":null,"og_title":null,"og_description":null,"og_object_type":"default","og_image_type":"default","og_image_url":null,"og_image_width":null,"og_image_height":null,"og_image_custom_url":null,"og_image_custom_fields":null,"og_video":"","og_custom_url":null,"og_article_section":null,"og_article_tags":null,"twitter_use_og":true,"twitter_card":"default","twitter_image_type":"default","twitter_image_url":null,"twitter_image_custom_url":null,"twitter_image_custom_fields":null,"twitter_title":null,"twitter_description":null,"schema":{"blockGraphs":[],"customGraphs":[],"default":{"data":{"Article":[],"Course":[],"Dataset":[],"FAQPage":[],"Movie":[],"Person":[],"Product":[],"ProductReview":[],"Car":[],"Recipe":[],"Service":[],"SoftwareApplication":[],"WebPage":[]},"graphName":"BlogPosting","isEnabled":true},"graphs":[]},"schema_type":"default","schema_type_options":null,"pillar_content":false,"robots_default":true,"robots_noindex":false,"robots_noarchive":false,"robots_nosnippet":false,"robots_nofollow":false,"robots_noimageindex":false,"robots_noodp":false,"robots_notranslate":false,"robots_max_snippet":"-1","robots_max_videopreview":"-1","robots_max_imagepreview":"large","priority":null,"frequency":"default","local_seo":null,"breadcrumb_settings":null,"limit_modified_date":false,"ai":{"faqs":[],"keyPoints":[],"schemas":[],"titles":[],"descriptions":[],"socialPosts":{"email":{"subject":"","preview":"","content":""},"linkedin":[],"twitter":[],"facebook":[],"instagram":[]}},"created":"2026-09-03 12:31:27","updated":"2026-09-03 12:53:38","seo_analyzer_scan_date":null,"focus_keyword":null,"additional_keywords":null,"truseo_locale":null},"aioseo_breadcrumb":"<div class=\"aioseo-breadcrumbs\"><span class=\"aioseo-breadcrumb\">\n\t\t\t<a href=\"https:\/\/minutobahia24h.com.br\" title=\"In\u00edcio\">In\u00edcio<\/a>\n\t\t<\/span><span class=\"aioseo-breadcrumb-separator\">&raquo;<\/span><span class=\"aioseo-breadcrumb\">\n\t\t\t<a href=\"https:\/\/minutobahia24h.com.br\/?cat=46\" title=\"Not\u00edcia\">Not\u00edcia<\/a>\n\t\t<\/span><span class=\"aioseo-breadcrumb-separator\">&raquo;<\/span><span class=\"aioseo-breadcrumb\">\n\t\t\tMinistros do STF vivem impasse sobre elo Moraes-Vorcaro, e decis\u00e3o in\u00e9dita desafia alian\u00e7as internas\n\t\t<\/span><\/div>","aioseo_breadcrumb_json":[{"label":"In\u00edcio","link":"https:\/\/minutobahia24h.com.br"},{"label":"Not\u00edcia","link":"https:\/\/minutobahia24h.com.br\/?cat=46"},{"label":"Ministros do STF vivem impasse sobre elo Moraes-Vorcaro, e decis\u00e3o in\u00e9dita desafia alian\u00e7as internas","link":"https:\/\/minutobahia24h.com.br\/?p=49010"}],"jetpack_sharing_enabled":true,"jetpack_featured_media_url":"https:\/\/i0.wp.com\/minutobahia24h.com.br\/wp-content\/uploads\/2026\/09\/Sem-titulo-41.jpg?fit=1200%2C630&ssl=1","_links":{"self":[{"href":"https:\/\/minutobahia24h.com.br\/index.php?rest_route=\/wp\/v2\/posts\/49010","targetHints":{"allow":["GET"]}}],"collection":[{"href":"https:\/\/minutobahia24h.com.br\/index.php?rest_route=\/wp\/v2\/posts"}],"about":[{"href":"https:\/\/minutobahia24h.com.br\/index.php?rest_route=\/wp\/v2\/types\/post"}],"author":[{"embeddable":true,"href":"https:\/\/minutobahia24h.com.br\/index.php?rest_route=\/wp\/v2\/users\/2"}],"replies":[{"embeddable":true,"href":"https:\/\/minutobahia24h.com.br\/index.php?rest_route=%2Fwp%2Fv2%2Fcomments&post=49010"}],"version-history":[{"count":1,"href":"https:\/\/minutobahia24h.com.br\/index.php?rest_route=\/wp\/v2\/posts\/49010\/revisions"}],"predecessor-version":[{"id":49012,"href":"https:\/\/minutobahia24h.com.br\/index.php?rest_route=\/wp\/v2\/posts\/49010\/revisions\/49012"}],"wp:featuredmedia":[{"embeddable":true,"href":"https:\/\/minutobahia24h.com.br\/index.php?rest_route=\/wp\/v2\/media\/49011"}],"wp:attachment":[{"href":"https:\/\/minutobahia24h.com.br\/index.php?rest_route=%2Fwp%2Fv2%2Fmedia&parent=49010"}],"wp:term":[{"taxonomy":"category","embeddable":true,"href":"https:\/\/minutobahia24h.com.br\/index.php?rest_route=%2Fwp%2Fv2%2Fcategories&post=49010"},{"taxonomy":"post_tag","embeddable":true,"href":"https:\/\/minutobahia24h.com.br\/index.php?rest_route=%2Fwp%2Fv2%2Ftags&post=49010"}],"curies":[{"name":"wp","href":"https:\/\/api.w.org\/{rel}","templated":true}]}}