{"id":49007,"date":"2026-09-03T09:26:35","date_gmt":"2026-09-03T12:26:35","guid":{"rendered":"https:\/\/minutobahia24h.com.br\/?p=49007"},"modified":"2026-09-03T09:26:35","modified_gmt":"2026-09-03T12:26:35","slug":"diagnosticado-com-doenca-rara-lito-sousa-recebe-alta-e-dara-continuidade-aos-cuidados-paliativos-em-casa","status":"publish","type":"post","link":"https:\/\/minutobahia24h.com.br\/?p=49007","title":{"rendered":"Diagnosticado com doen\u00e7a rara, Lito Sousa recebe alta e dar\u00e1 continuidade aos cuidados paliativos em casa"},"content":{"rendered":"<div class=\"wp-block-image\">\n<figure class=\"aligncenter size-large\"><img data-recalc-dims=\"1\" height=\"420\" width=\"800\" decoding=\"async\" src=\"https:\/\/i0.wp.com\/minutobahia24h.com.br\/wp-content\/uploads\/2026\/09\/Sem-titulo-40-1024x538.jpg?resize=800%2C420&#038;ssl=1\" alt=\"\" class=\"wp-image-49008\"\/><figcaption class=\"wp-element-caption\">Foto: Record TV<br><br><\/figcaption><\/figure>\n<\/div>\n\n\n<p class=\"wp-block-paragraph\">O criador de conte\u00fado e mec\u00e2nico de avi\u00f5es Lito Sousa, deixou o hospital na \u00faltima ter\u00e7a-feira (1\u00ba), para dar continuidade aos cuidados paliativos em casa. Diagnosticado com a doen\u00e7a de Creutzfeldt-Jakob, condi\u00e7\u00e3o neurol\u00f3gica rara e de evolu\u00e7\u00e3o r\u00e1pida, Lito est\u00e1 sendo acompanhado pela fam\u00edlia, que busca um tratamento alternativo atrav\u00e9s de pesquisas.<\/p>\n\n\n\n<p class=\"wp-block-paragraph\">Em entrevista ao site Splash, Mila Seidl, esposa do criador de conte\u00fado, falou sobre a nova realidade da fam\u00edlia. Segundo Mila, apesar de ter recebido alta para ir para casa, Lito est\u00e1 em alerta para qualquer mudan\u00e7a.<\/p>\n\n\n\n<p class=\"wp-block-paragraph\">&#8220;A casa passou por muitas outras prepara\u00e7\u00f5es, porque ele n\u00e3o est\u00e1 de alta hospitalar. Ent\u00e3o, a casa tem que se mostrar segura o suficiente para manter o mesmo padr\u00e3o de atendimento, de suporte que ele teria no hospital. \u00c9 \u00f3bvio que, em casos de intercorr\u00eancia, ele vai para um hospital. Mas para os cuidados do dia a dia, do suporte, de todas as necessidades, a gente precisou trazer tudo isso que existe dentro de um ambiente hospitalar para ficar dentro de casa.&#8221;<\/p>\n\n\n\n<p class=\"wp-block-paragraph\">O influenciador estava internado no Hospital Israelita Albert Einstein, em S\u00e3o Paulo. De acordo com Mila, Lito j\u00e1 perdeu grande parte dos movimentos e n\u00e3o anda sozinho.<\/p>\n\n\n\n<p class=\"wp-block-paragraph\">A fam\u00edlia segue em campanha para fazer com que Lito seja inclu\u00eddo em estudos experimentais da doen\u00e7a. O ministro da Sa\u00fade, Alexandre Padilha, afirmou ter formalizado a solicita\u00e7\u00e3o com pesquisadores internacionais, para a inclus\u00e3o de Lito em estudos.<\/p>\n\n\n\n<p class=\"wp-block-paragraph\">BN<\/p>\n","protected":false},"excerpt":{"rendered":"<p>O criador de conte\u00fado e mec\u00e2nico de avi\u00f5es Lito Sousa, deixou o hospital na \u00faltima ter\u00e7a-feira (1\u00ba), para dar continuidade aos cuidados paliativos em casa. Diagnosticado com a doen\u00e7a de Creutzfeldt-Jakob, condi\u00e7\u00e3o neurol\u00f3gica rara e de evolu\u00e7\u00e3o r\u00e1pida, Lito est\u00e1 sendo acompanhado pela fam\u00edlia, que busca um tratamento alternativo atrav\u00e9s de pesquisas. Em entrevista ao [&hellip;]<\/p>\n","protected":false},"author":2,"featured_media":49008,"comment_status":"open","ping_status":"open","sticky":false,"template":"","format":"standard","meta":{"_jetpack_newsletter_access":"","_jetpack_dont_email_post_to_subs":false,"_jetpack_newsletter_tier_id":0,"_jetpack_memberships_contains_paywalled_content":false,"_jetpack_feature_clip_id":0,"_jetpack_memberships_contains_paid_content":false,"footnotes":"","jetpack_post_was_ever_published":false},"categories":[46],"tags":[],"class_list":["post-49007","post","type-post","status-publish","format-standard","has-post-thumbnail","hentry","category-noticia"],"aioseo_notices":[],"aioseo_head":"\n\t\t<!-- All in One SEO 5.0.1.1 - aioseo.com -->\n\t<meta name=\"description\" content=\"O criador de conte\u00fado e mec\u00e2nico de avi\u00f5es Lito Sousa, deixou o hospital na \u00faltima ter\u00e7a-feira (1\u00ba), para dar continuidade aos cuidados paliativos em casa. Diagnosticado com a doen\u00e7a de Creutzfeldt-Jakob, condi\u00e7\u00e3o neurol\u00f3gica rara e de evolu\u00e7\u00e3o r\u00e1pida, Lito est\u00e1 sendo acompanhado pela fam\u00edlia, que busca um tratamento alternativo atrav\u00e9s de pesquisas. Em entrevista ao\" \/>\n\t<meta name=\"robots\" content=\"max-image-preview:large\" \/>\n\t<meta name=\"author\" content=\"andre\"\/>\n\t<link rel=\"canonical\" href=\"https:\/\/minutobahia24h.com.br\/?p=49007\" \/>\n\t<meta name=\"generator\" content=\"All in One SEO (AIOSEO) 5.0.1.1\" \/>\n\t\t<meta property=\"og:locale\" content=\"pt_BR\" \/>\n\t\t<meta property=\"og:site_name\" content=\"Minuto Bahia 24h - O seu portal de not\u00edcias\" \/>\n\t\t<meta property=\"og:type\" content=\"article\" \/>\n\t\t<meta property=\"og:title\" content=\"Diagnosticado com doen\u00e7a rara, Lito Sousa recebe alta e dar\u00e1 continuidade aos cuidados paliativos em casa - Minuto Bahia 24h\" \/>\n\t\t<meta property=\"og:description\" content=\"O criador de conte\u00fado e mec\u00e2nico de avi\u00f5es Lito Sousa, deixou o hospital na \u00faltima ter\u00e7a-feira (1\u00ba), para dar continuidade aos cuidados paliativos em casa. Diagnosticado com a doen\u00e7a de Creutzfeldt-Jakob, condi\u00e7\u00e3o neurol\u00f3gica rara e de evolu\u00e7\u00e3o r\u00e1pida, Lito est\u00e1 sendo acompanhado pela fam\u00edlia, que busca um tratamento alternativo atrav\u00e9s de pesquisas. Em entrevista ao\" \/>\n\t\t<meta property=\"og:url\" content=\"https:\/\/minutobahia24h.com.br\/?p=49007\" \/>\n\t\t<meta property=\"og:image\" content=\"https:\/\/minutobahia24h.com.br\/wp-content\/uploads\/2026\/09\/Sem-titulo-40.jpg\" \/>\n\t\t<meta property=\"og:image:secure_url\" content=\"https:\/\/minutobahia24h.com.br\/wp-content\/uploads\/2026\/09\/Sem-titulo-40.jpg\" \/>\n\t\t<meta property=\"og:image:width\" content=\"1200\" \/>\n\t\t<meta property=\"og:image:height\" content=\"630\" \/>\n\t\t<meta property=\"article:published_time\" content=\"2026-09-03T12:26:35+00:00\" \/>\n\t\t<meta property=\"article:modified_time\" content=\"2026-09-03T12:26:35+00:00\" \/>\n\t\t<meta name=\"twitter:card\" content=\"summary_large_image\" \/>\n\t\t<meta name=\"twitter:title\" content=\"Diagnosticado com doen\u00e7a rara, Lito Sousa recebe alta e dar\u00e1 continuidade aos cuidados paliativos em casa - Minuto Bahia 24h\" \/>\n\t\t<meta name=\"twitter:description\" content=\"O criador de conte\u00fado e mec\u00e2nico de avi\u00f5es Lito Sousa, deixou o hospital na \u00faltima ter\u00e7a-feira (1\u00ba), para dar continuidade aos cuidados paliativos em casa. Diagnosticado com a doen\u00e7a de Creutzfeldt-Jakob, condi\u00e7\u00e3o neurol\u00f3gica rara e de evolu\u00e7\u00e3o r\u00e1pida, Lito est\u00e1 sendo acompanhado pela fam\u00edlia, que busca um tratamento alternativo atrav\u00e9s de pesquisas. Em entrevista ao\" \/>\n\t\t<meta name=\"twitter:image\" content=\"https:\/\/minutobahia24h.com.br\/wp-content\/uploads\/2026\/09\/Sem-titulo-40.jpg\" \/>\n\t\t<script type=\"application\/ld+json\" class=\"aioseo-schema\">\n\t\t\t{\"@context\":\"https:\\\/\\\/schema.org\",\"@graph\":[{\"@type\":\"BlogPosting\",\"@id\":\"https:\\\/\\\/minutobahia24h.com.br\\\/?p=49007#blogposting\",\"name\":\"Diagnosticado com doen\\u00e7a rara, Lito Sousa recebe alta e dar\\u00e1 continuidade aos cuidados paliativos em casa - Minuto Bahia 24h\",\"headline\":\"Diagnosticado com doen\\u00e7a rara, Lito Sousa recebe alta e dar\\u00e1 continuidade aos cuidados paliativos em casa\",\"author\":{\"@id\":\"https:\\\/\\\/minutobahia24h.com.br\\\/?author=2#author\"},\"publisher\":{\"@id\":\"https:\\\/\\\/minutobahia24h.com.br\\\/#organization\"},\"image\":{\"@type\":\"ImageObject\",\"url\":\"https:\\\/\\\/i0.wp.com\\\/minutobahia24h.com.br\\\/wp-content\\\/uploads\\\/2026\\\/09\\\/Sem-titulo-40.jpg?fit=1200%2C630&ssl=1\",\"width\":1200,\"height\":630},\"datePublished\":\"2026-09-03T09:26:35-03:00\",\"dateModified\":\"2026-09-03T09:26:35-03:00\",\"inLanguage\":\"pt-BR\",\"mainEntityOfPage\":{\"@id\":\"https:\\\/\\\/minutobahia24h.com.br\\\/?p=49007#webpage\"},\"isPartOf\":{\"@id\":\"https:\\\/\\\/minutobahia24h.com.br\\\/?p=49007#webpage\"},\"articleSection\":\"Not\\u00edcia\"},{\"@type\":\"BreadcrumbList\",\"@id\":\"https:\\\/\\\/minutobahia24h.com.br\\\/?p=49007#breadcrumblist\",\"itemListElement\":[{\"@type\":\"ListItem\",\"@id\":\"https:\\\/\\\/minutobahia24h.com.br#listItem\",\"position\":1,\"name\":\"In\\u00edcio\",\"item\":\"https:\\\/\\\/minutobahia24h.com.br\",\"nextItem\":{\"@type\":\"ListItem\",\"@id\":\"https:\\\/\\\/minutobahia24h.com.br\\\/?cat=46#listItem\",\"name\":\"Not\\u00edcia\"}},{\"@type\":\"ListItem\",\"@id\":\"https:\\\/\\\/minutobahia24h.com.br\\\/?cat=46#listItem\",\"position\":2,\"name\":\"Not\\u00edcia\",\"item\":\"https:\\\/\\\/minutobahia24h.com.br\\\/?cat=46\",\"nextItem\":{\"@type\":\"ListItem\",\"@id\":\"https:\\\/\\\/minutobahia24h.com.br\\\/?p=49007#listItem\",\"name\":\"Diagnosticado com doen\\u00e7a rara, Lito Sousa recebe alta e dar\\u00e1 continuidade aos cuidados paliativos em casa\"},\"previousItem\":{\"@type\":\"ListItem\",\"@id\":\"https:\\\/\\\/minutobahia24h.com.br#listItem\",\"name\":\"In\\u00edcio\"}},{\"@type\":\"ListItem\",\"@id\":\"https:\\\/\\\/minutobahia24h.com.br\\\/?p=49007#listItem\",\"position\":3,\"name\":\"Diagnosticado com doen\\u00e7a rara, Lito Sousa recebe alta e dar\\u00e1 continuidade aos cuidados paliativos em casa\",\"previousItem\":{\"@type\":\"ListItem\",\"@id\":\"https:\\\/\\\/minutobahia24h.com.br\\\/?cat=46#listItem\",\"name\":\"Not\\u00edcia\"}}]},{\"@type\":\"Organization\",\"@id\":\"https:\\\/\\\/minutobahia24h.com.br\\\/#organization\",\"name\":\"Minuto Bahia 24h\",\"description\":\"O seu portal de not\\u00edcias\",\"url\":\"https:\\\/\\\/minutobahia24h.com.br\\\/\",\"logo\":{\"@type\":\"ImageObject\",\"url\":\"https:\\\/\\\/i0.wp.com\\\/minutobahia24h.com.br\\\/wp-content\\\/uploads\\\/2023\\\/09\\\/cropped-minutoba.png?fit=457%2C119&ssl=1\",\"@id\":\"https:\\\/\\\/minutobahia24h.com.br\\\/?p=49007\\\/#organizationLogo\",\"width\":457,\"height\":119},\"image\":{\"@id\":\"https:\\\/\\\/minutobahia24h.com.br\\\/?p=49007\\\/#organizationLogo\"}},{\"@type\":\"Person\",\"@id\":\"https:\\\/\\\/minutobahia24h.com.br\\\/?author=2#author\",\"url\":\"https:\\\/\\\/minutobahia24h.com.br\\\/?author=2\",\"name\":\"andre\",\"image\":{\"@type\":\"ImageObject\",\"@id\":\"https:\\\/\\\/minutobahia24h.com.br\\\/?p=49007#authorImage\",\"url\":\"https:\\\/\\\/secure.gravatar.com\\\/avatar\\\/0ec5eafed5f3925c321625d79a680d589901b94bca787ae396a35f6c4a960922?s=96&d=mm&r=g\",\"width\":96,\"height\":96,\"caption\":\"andre\"}},{\"@type\":\"WebPage\",\"@id\":\"https:\\\/\\\/minutobahia24h.com.br\\\/?p=49007#webpage\",\"url\":\"https:\\\/\\\/minutobahia24h.com.br\\\/?p=49007\",\"name\":\"Diagnosticado com doen\\u00e7a rara, Lito Sousa recebe alta e dar\\u00e1 continuidade aos cuidados paliativos em casa - Minuto Bahia 24h\",\"description\":\"O criador de conte\\u00fado e mec\\u00e2nico de avi\\u00f5es Lito Sousa, deixou o hospital na \\u00faltima ter\\u00e7a-feira (1\\u00ba), para dar continuidade aos cuidados paliativos em casa. Diagnosticado com a doen\\u00e7a de Creutzfeldt-Jakob, condi\\u00e7\\u00e3o neurol\\u00f3gica rara e de evolu\\u00e7\\u00e3o r\\u00e1pida, Lito est\\u00e1 sendo acompanhado pela fam\\u00edlia, que busca um tratamento alternativo atrav\\u00e9s de pesquisas. Em entrevista ao\",\"inLanguage\":\"pt-BR\",\"isPartOf\":{\"@id\":\"https:\\\/\\\/minutobahia24h.com.br\\\/#website\"},\"breadcrumb\":{\"@id\":\"https:\\\/\\\/minutobahia24h.com.br\\\/?p=49007#breadcrumblist\"},\"author\":{\"@id\":\"https:\\\/\\\/minutobahia24h.com.br\\\/?author=2#author\"},\"creator\":{\"@id\":\"https:\\\/\\\/minutobahia24h.com.br\\\/?author=2#author\"},\"image\":{\"@type\":\"ImageObject\",\"url\":\"https:\\\/\\\/i0.wp.com\\\/minutobahia24h.com.br\\\/wp-content\\\/uploads\\\/2026\\\/09\\\/Sem-titulo-40.jpg?fit=1200%2C630&ssl=1\",\"@id\":\"https:\\\/\\\/minutobahia24h.com.br\\\/?p=49007\\\/#mainImage\",\"width\":1200,\"height\":630},\"primaryImageOfPage\":{\"@id\":\"https:\\\/\\\/minutobahia24h.com.br\\\/?p=49007#mainImage\"},\"datePublished\":\"2026-09-03T09:26:35-03:00\",\"dateModified\":\"2026-09-03T09:26:35-03:00\"},{\"@type\":\"WebSite\",\"@id\":\"https:\\\/\\\/minutobahia24h.com.br\\\/#website\",\"url\":\"https:\\\/\\\/minutobahia24h.com.br\\\/\",\"name\":\"Minuto Bahia 24h\",\"description\":\"O seu portal de not\\u00edcias\",\"inLanguage\":\"pt-BR\",\"publisher\":{\"@id\":\"https:\\\/\\\/minutobahia24h.com.br\\\/#organization\"}}]}\n\t\t<\/script>\n\t\t<!-- All in One SEO -->\n\n","aioseo_head_json":{"title":"Diagnosticado com doen\u00e7a rara, Lito Sousa recebe alta e dar\u00e1 continuidade aos cuidados paliativos em casa - Minuto Bahia 24h","description":"O criador de conte\u00fado e mec\u00e2nico de avi\u00f5es Lito Sousa, deixou o hospital na \u00faltima ter\u00e7a-feira (1\u00ba), para dar continuidade aos cuidados paliativos em casa. Diagnosticado com a doen\u00e7a de Creutzfeldt-Jakob, condi\u00e7\u00e3o neurol\u00f3gica rara e de evolu\u00e7\u00e3o r\u00e1pida, Lito est\u00e1 sendo acompanhado pela fam\u00edlia, que busca um tratamento alternativo atrav\u00e9s de pesquisas. Em entrevista ao","canonical_url":"https:\/\/minutobahia24h.com.br\/?p=49007","robots":"max-image-preview:large","keywords":"","webmasterTools":{"miscellaneous":""},"schema":{"@context":"https:\/\/schema.org","@graph":[{"@type":"BlogPosting","@id":"https:\/\/minutobahia24h.com.br\/?p=49007#blogposting","name":"Diagnosticado com doen\u00e7a rara, Lito Sousa recebe alta e dar\u00e1 continuidade aos cuidados paliativos em casa - Minuto Bahia 24h","headline":"Diagnosticado com doen\u00e7a rara, Lito Sousa recebe alta e dar\u00e1 continuidade aos cuidados paliativos em casa","author":{"@id":"https:\/\/minutobahia24h.com.br\/?author=2#author"},"publisher":{"@id":"https:\/\/minutobahia24h.com.br\/#organization"},"image":{"@type":"ImageObject","url":"https:\/\/i0.wp.com\/minutobahia24h.com.br\/wp-content\/uploads\/2026\/09\/Sem-titulo-40.jpg?fit=1200%2C630&ssl=1","width":1200,"height":630},"datePublished":"2026-09-03T09:26:35-03:00","dateModified":"2026-09-03T09:26:35-03:00","inLanguage":"pt-BR","mainEntityOfPage":{"@id":"https:\/\/minutobahia24h.com.br\/?p=49007#webpage"},"isPartOf":{"@id":"https:\/\/minutobahia24h.com.br\/?p=49007#webpage"},"articleSection":"Not\u00edcia"},{"@type":"BreadcrumbList","@id":"https:\/\/minutobahia24h.com.br\/?p=49007#breadcrumblist","itemListElement":[{"@type":"ListItem","@id":"https:\/\/minutobahia24h.com.br#listItem","position":1,"name":"In\u00edcio","item":"https:\/\/minutobahia24h.com.br","nextItem":{"@type":"ListItem","@id":"https:\/\/minutobahia24h.com.br\/?cat=46#listItem","name":"Not\u00edcia"}},{"@type":"ListItem","@id":"https:\/\/minutobahia24h.com.br\/?cat=46#listItem","position":2,"name":"Not\u00edcia","item":"https:\/\/minutobahia24h.com.br\/?cat=46","nextItem":{"@type":"ListItem","@id":"https:\/\/minutobahia24h.com.br\/?p=49007#listItem","name":"Diagnosticado com doen\u00e7a rara, Lito Sousa recebe alta e dar\u00e1 continuidade aos cuidados paliativos em casa"},"previousItem":{"@type":"ListItem","@id":"https:\/\/minutobahia24h.com.br#listItem","name":"In\u00edcio"}},{"@type":"ListItem","@id":"https:\/\/minutobahia24h.com.br\/?p=49007#listItem","position":3,"name":"Diagnosticado com doen\u00e7a rara, Lito Sousa recebe alta e dar\u00e1 continuidade aos cuidados paliativos em casa","previousItem":{"@type":"ListItem","@id":"https:\/\/minutobahia24h.com.br\/?cat=46#listItem","name":"Not\u00edcia"}}]},{"@type":"Organization","@id":"https:\/\/minutobahia24h.com.br\/#organization","name":"Minuto Bahia 24h","description":"O seu portal de not\u00edcias","url":"https:\/\/minutobahia24h.com.br\/","logo":{"@type":"ImageObject","url":"https:\/\/i0.wp.com\/minutobahia24h.com.br\/wp-content\/uploads\/2023\/09\/cropped-minutoba.png?fit=457%2C119&ssl=1","@id":"https:\/\/minutobahia24h.com.br\/?p=49007\/#organizationLogo","width":457,"height":119},"image":{"@id":"https:\/\/minutobahia24h.com.br\/?p=49007\/#organizationLogo"}},{"@type":"Person","@id":"https:\/\/minutobahia24h.com.br\/?author=2#author","url":"https:\/\/minutobahia24h.com.br\/?author=2","name":"andre","image":{"@type":"ImageObject","@id":"https:\/\/minutobahia24h.com.br\/?p=49007#authorImage","url":"https:\/\/secure.gravatar.com\/avatar\/0ec5eafed5f3925c321625d79a680d589901b94bca787ae396a35f6c4a960922?s=96&d=mm&r=g","width":96,"height":96,"caption":"andre"}},{"@type":"WebPage","@id":"https:\/\/minutobahia24h.com.br\/?p=49007#webpage","url":"https:\/\/minutobahia24h.com.br\/?p=49007","name":"Diagnosticado com doen\u00e7a rara, Lito Sousa recebe alta e dar\u00e1 continuidade aos cuidados paliativos em casa - Minuto Bahia 24h","description":"O criador de conte\u00fado e mec\u00e2nico de avi\u00f5es Lito Sousa, deixou o hospital na \u00faltima ter\u00e7a-feira (1\u00ba), para dar continuidade aos cuidados paliativos em casa. Diagnosticado com a doen\u00e7a de Creutzfeldt-Jakob, condi\u00e7\u00e3o neurol\u00f3gica rara e de evolu\u00e7\u00e3o r\u00e1pida, Lito est\u00e1 sendo acompanhado pela fam\u00edlia, que busca um tratamento alternativo atrav\u00e9s de pesquisas. Em entrevista ao","inLanguage":"pt-BR","isPartOf":{"@id":"https:\/\/minutobahia24h.com.br\/#website"},"breadcrumb":{"@id":"https:\/\/minutobahia24h.com.br\/?p=49007#breadcrumblist"},"author":{"@id":"https:\/\/minutobahia24h.com.br\/?author=2#author"},"creator":{"@id":"https:\/\/minutobahia24h.com.br\/?author=2#author"},"image":{"@type":"ImageObject","url":"https:\/\/i0.wp.com\/minutobahia24h.com.br\/wp-content\/uploads\/2026\/09\/Sem-titulo-40.jpg?fit=1200%2C630&ssl=1","@id":"https:\/\/minutobahia24h.com.br\/?p=49007\/#mainImage","width":1200,"height":630},"primaryImageOfPage":{"@id":"https:\/\/minutobahia24h.com.br\/?p=49007#mainImage"},"datePublished":"2026-09-03T09:26:35-03:00","dateModified":"2026-09-03T09:26:35-03:00"},{"@type":"WebSite","@id":"https:\/\/minutobahia24h.com.br\/#website","url":"https:\/\/minutobahia24h.com.br\/","name":"Minuto Bahia 24h","description":"O seu portal de not\u00edcias","inLanguage":"pt-BR","publisher":{"@id":"https:\/\/minutobahia24h.com.br\/#organization"}}]},"og:locale":"pt_BR","og:site_name":"Minuto Bahia 24h - O seu portal de not\u00edcias","og:type":"article","og:title":"Diagnosticado com doen\u00e7a rara, Lito Sousa recebe alta e dar\u00e1 continuidade aos cuidados paliativos em casa - Minuto Bahia 24h","og:description":"O criador de conte\u00fado e mec\u00e2nico de avi\u00f5es Lito Sousa, deixou o hospital na \u00faltima ter\u00e7a-feira (1\u00ba), para dar continuidade aos cuidados paliativos em casa. Diagnosticado com a doen\u00e7a de Creutzfeldt-Jakob, condi\u00e7\u00e3o neurol\u00f3gica rara e de evolu\u00e7\u00e3o r\u00e1pida, Lito est\u00e1 sendo acompanhado pela fam\u00edlia, que busca um tratamento alternativo atrav\u00e9s de pesquisas. Em entrevista ao","og:url":"https:\/\/minutobahia24h.com.br\/?p=49007","og:image":"https:\/\/minutobahia24h.com.br\/wp-content\/uploads\/2026\/09\/Sem-titulo-40.jpg","og:image:secure_url":"https:\/\/minutobahia24h.com.br\/wp-content\/uploads\/2026\/09\/Sem-titulo-40.jpg","og:image:width":1200,"og:image:height":630,"article:published_time":"2026-09-03T12:26:35+00:00","article:modified_time":"2026-09-03T12:26:35+00:00","twitter:card":"summary_large_image","twitter:title":"Diagnosticado com doen\u00e7a rara, Lito Sousa recebe alta e dar\u00e1 continuidade aos cuidados paliativos em casa - Minuto Bahia 24h","twitter:description":"O criador de conte\u00fado e mec\u00e2nico de avi\u00f5es Lito Sousa, deixou o hospital na \u00faltima ter\u00e7a-feira (1\u00ba), para dar continuidade aos cuidados paliativos em casa. Diagnosticado com a doen\u00e7a de Creutzfeldt-Jakob, condi\u00e7\u00e3o neurol\u00f3gica rara e de evolu\u00e7\u00e3o r\u00e1pida, Lito est\u00e1 sendo acompanhado pela fam\u00edlia, que busca um tratamento alternativo atrav\u00e9s de pesquisas. Em entrevista ao","twitter:image":"https:\/\/minutobahia24h.com.br\/wp-content\/uploads\/2026\/09\/Sem-titulo-40.jpg"},"aioseo_meta_data":{"post_id":"49007","title":null,"description":null,"keywords":null,"keyphrases":{"focus":{"keyphrase":"","score":0,"analysis":{"keyphraseInTitle":{"score":0,"maxScore":9,"error":1}}},"additional":[]},"primary_term":null,"canonical_url":null,"og_title":null,"og_description":null,"og_object_type":"default","og_image_type":"default","og_image_url":null,"og_image_width":null,"og_image_height":null,"og_image_custom_url":null,"og_image_custom_fields":null,"og_video":"","og_custom_url":null,"og_article_section":null,"og_article_tags":null,"twitter_use_og":true,"twitter_card":"default","twitter_image_type":"default","twitter_image_url":null,"twitter_image_custom_url":null,"twitter_image_custom_fields":null,"twitter_title":null,"twitter_description":null,"schema":{"blockGraphs":[],"customGraphs":[],"default":{"data":{"Article":[],"Course":[],"Dataset":[],"FAQPage":[],"Movie":[],"Person":[],"Product":[],"ProductReview":[],"Car":[],"Recipe":[],"Service":[],"SoftwareApplication":[],"WebPage":[]},"graphName":"BlogPosting","isEnabled":true},"graphs":[]},"schema_type":"default","schema_type_options":null,"pillar_content":false,"robots_default":true,"robots_noindex":false,"robots_noarchive":false,"robots_nosnippet":false,"robots_nofollow":false,"robots_noimageindex":false,"robots_noodp":false,"robots_notranslate":false,"robots_max_snippet":"-1","robots_max_videopreview":"-1","robots_max_imagepreview":"large","priority":null,"frequency":"default","local_seo":null,"breadcrumb_settings":null,"limit_modified_date":false,"ai":{"faqs":[],"keyPoints":[],"schemas":[],"titles":[],"descriptions":[],"socialPosts":{"email":{"subject":"","preview":"","content":""},"linkedin":[],"twitter":[],"facebook":[],"instagram":[]}},"created":"2026-09-03 12:26:35","updated":"2026-09-03 12:53:38","seo_analyzer_scan_date":null,"focus_keyword":null,"additional_keywords":null,"truseo_locale":null},"aioseo_breadcrumb":"<div class=\"aioseo-breadcrumbs\"><span class=\"aioseo-breadcrumb\">\n\t\t\t<a href=\"https:\/\/minutobahia24h.com.br\" title=\"In\u00edcio\">In\u00edcio<\/a>\n\t\t<\/span><span class=\"aioseo-breadcrumb-separator\">&raquo;<\/span><span class=\"aioseo-breadcrumb\">\n\t\t\t<a href=\"https:\/\/minutobahia24h.com.br\/?cat=46\" title=\"Not\u00edcia\">Not\u00edcia<\/a>\n\t\t<\/span><span class=\"aioseo-breadcrumb-separator\">&raquo;<\/span><span class=\"aioseo-breadcrumb\">\n\t\t\tDiagnosticado com doen\u00e7a rara, Lito Sousa recebe alta e dar\u00e1 continuidade aos cuidados paliativos em casa\n\t\t<\/span><\/div>","aioseo_breadcrumb_json":[{"label":"In\u00edcio","link":"https:\/\/minutobahia24h.com.br"},{"label":"Not\u00edcia","link":"https:\/\/minutobahia24h.com.br\/?cat=46"},{"label":"Diagnosticado com doen\u00e7a rara, Lito Sousa recebe alta e dar\u00e1 continuidade aos cuidados paliativos em casa","link":"https:\/\/minutobahia24h.com.br\/?p=49007"}],"jetpack_sharing_enabled":true,"jetpack_featured_media_url":"https:\/\/i0.wp.com\/minutobahia24h.com.br\/wp-content\/uploads\/2026\/09\/Sem-titulo-40.jpg?fit=1200%2C630&ssl=1","_links":{"self":[{"href":"https:\/\/minutobahia24h.com.br\/index.php?rest_route=\/wp\/v2\/posts\/49007","targetHints":{"allow":["GET"]}}],"collection":[{"href":"https:\/\/minutobahia24h.com.br\/index.php?rest_route=\/wp\/v2\/posts"}],"about":[{"href":"https:\/\/minutobahia24h.com.br\/index.php?rest_route=\/wp\/v2\/types\/post"}],"author":[{"embeddable":true,"href":"https:\/\/minutobahia24h.com.br\/index.php?rest_route=\/wp\/v2\/users\/2"}],"replies":[{"embeddable":true,"href":"https:\/\/minutobahia24h.com.br\/index.php?rest_route=%2Fwp%2Fv2%2Fcomments&post=49007"}],"version-history":[{"count":1,"href":"https:\/\/minutobahia24h.com.br\/index.php?rest_route=\/wp\/v2\/posts\/49007\/revisions"}],"predecessor-version":[{"id":49009,"href":"https:\/\/minutobahia24h.com.br\/index.php?rest_route=\/wp\/v2\/posts\/49007\/revisions\/49009"}],"wp:featuredmedia":[{"embeddable":true,"href":"https:\/\/minutobahia24h.com.br\/index.php?rest_route=\/wp\/v2\/media\/49008"}],"wp:attachment":[{"href":"https:\/\/minutobahia24h.com.br\/index.php?rest_route=%2Fwp%2Fv2%2Fmedia&parent=49007"}],"wp:term":[{"taxonomy":"category","embeddable":true,"href":"https:\/\/minutobahia24h.com.br\/index.php?rest_route=%2Fwp%2Fv2%2Fcategories&post=49007"},{"taxonomy":"post_tag","embeddable":true,"href":"https:\/\/minutobahia24h.com.br\/index.php?rest_route=%2Fwp%2Fv2%2Ftags&post=49007"}],"curies":[{"name":"wp","href":"https:\/\/api.w.org\/{rel}","templated":true}]}}