{"id":48985,"date":"2026-09-03T07:17:54","date_gmt":"2026-09-03T10:17:54","guid":{"rendered":"https:\/\/minutobahia24h.com.br\/?p=48985"},"modified":"2026-09-03T07:17:56","modified_gmt":"2026-09-03T10:17:56","slug":"xanddy-harmonia-wesley-safadao-e-tarcisio-do-acordeon-sao-anunciados-para-festa-de-todos-os-santos-em-monte-santo","status":"publish","type":"post","link":"https:\/\/minutobahia24h.com.br\/?p=48985","title":{"rendered":"Xanddy Harmonia, Wesley Safad\u00e3o e Tarc\u00edsio do Acordeon s\u00e3o anunciados para Festa de Todos os Santos em Monte Santo"},"content":{"rendered":"<div class=\"wp-block-image\">\n<figure class=\"aligncenter size-full\"><img data-recalc-dims=\"1\" fetchpriority=\"high\" decoding=\"async\" width=\"699\" height=\"465\" src=\"https:\/\/i0.wp.com\/minutobahia24h.com.br\/wp-content\/uploads\/2026\/09\/Sem-titulo-33.jpg?resize=699%2C465&#038;ssl=1\" alt=\"\" class=\"wp-image-48986\"\/><\/figure>\n<\/div>\n\n\n<p class=\"wp-block-paragraph\">Faltando praticamente dois meses para a Festa de Todos os Santos, a Prefeitura de Monte Santo j\u00e1 come\u00e7ou a aumentar a expectativa do p\u00fablico ao anunciar tr\u00eas grandes atra\u00e7\u00f5es para a edi\u00e7\u00e3o deste ano: Xanddy Harmonia, Wesley Safad\u00e3o e Tarc\u00edsio do Acordeon.<\/p>\n\n\n\n<p class=\"wp-block-paragraph\">Os tr\u00eas artistas possuem forte presen\u00e7a nos grandes eventos realizados na Bahia e no Brasil e devem contribuir para atrair milhares de pessoas de Monte Santo e de munic\u00edpios da regi\u00e3o durante os festejos.<\/p>\n\n\n\n<p class=\"wp-block-paragraph\">A programa\u00e7\u00e3o tamb\u00e9m ter\u00e1 um nome que dispensa apresenta\u00e7\u00e3o para os montesantenses. Nelson Nascimento, conhecido como o Rei da Pisadinha, est\u00e1 confirmado e representa a for\u00e7a da prata da casa em meio \u00e0s atra\u00e7\u00f5es de proje\u00e7\u00e3o nacional.<\/p>\n\n\n\n<p class=\"wp-block-paragraph\">Natural de Monte Santo, Nelson construiu uma trajet\u00f3ria marcada principalmente pela pisadinha e tornou-se um dos artistas mais populares do g\u00eanero. Mesmo depois de conquistar p\u00fablico muito al\u00e9m das fronteiras do munic\u00edpio, mant\u00e9m uma rela\u00e7\u00e3o especial com sua terra natal.<\/p>\n\n\n\n<p class=\"wp-block-paragraph\">E quando toca em casa, essa rela\u00e7\u00e3o fica ainda mais evidente. Nelson costuma atrair grandes multid\u00f5es em suas apresenta\u00e7\u00f5es em Monte Santo, fazendo com que seu nome tenha peso pr\u00f3prio na programa\u00e7\u00e3o. Assim, apesar da presen\u00e7a de Xanddy Harmonia, Wesley Safad\u00e3o e Tarc\u00edsio do Acordeon, o Rei da Pisadinha aparece naturalmente entre os shows que prometem maior participa\u00e7\u00e3o popular.<\/p>\n\n\n\n<p class=\"wp-block-paragraph\">A Festa de Todos os Santos est\u00e1 entre os eventos mais tradicionais do calend\u00e1rio de Monte Santo, reunindo a programa\u00e7\u00e3o religiosa que d\u00e1 origem \u00e0 celebra\u00e7\u00e3o e os grandes shows populares.<\/p>\n\n\n\n<p class=\"wp-block-paragraph\">Com anteced\u00eancia de quase dois meses, quatro nomes j\u00e1 est\u00e3o na grade, sendo tr\u00eas atra\u00e7\u00f5es de proje\u00e7\u00e3o nacional e um leg\u00edtimo representante da m\u00fasica montesantense. A expectativa agora fica para os pr\u00f3ximos an\u00fancios da Prefeitura e a defini\u00e7\u00e3o da programa\u00e7\u00e3o completa da festa.<\/p>\n\n\n\n<p class=\"wp-block-paragraph\">calilanoticias<\/p>\n","protected":false},"excerpt":{"rendered":"<p>Faltando praticamente dois meses para a Festa de Todos os Santos, a Prefeitura de Monte Santo j\u00e1 come\u00e7ou a aumentar a expectativa do p\u00fablico ao anunciar tr\u00eas grandes atra\u00e7\u00f5es para a edi\u00e7\u00e3o deste ano: Xanddy Harmonia, Wesley Safad\u00e3o e Tarc\u00edsio do Acordeon. Os tr\u00eas artistas possuem forte presen\u00e7a nos grandes eventos realizados na Bahia e [&hellip;]<\/p>\n","protected":false},"author":2,"featured_media":48986,"comment_status":"open","ping_status":"open","sticky":false,"template":"","format":"standard","meta":{"_jetpack_newsletter_access":"","_jetpack_dont_email_post_to_subs":false,"_jetpack_newsletter_tier_id":0,"_jetpack_memberships_contains_paywalled_content":false,"_jetpack_feature_clip_id":0,"_jetpack_memberships_contains_paid_content":false,"footnotes":"","jetpack_post_was_ever_published":false},"categories":[3],"tags":[],"class_list":["post-48985","post","type-post","status-publish","format-standard","has-post-thumbnail","hentry","category-regional"],"aioseo_notices":[],"aioseo_head":"\n\t\t<!-- All in One SEO 5.0.1.1 - aioseo.com -->\n\t<meta name=\"description\" content=\"Faltando praticamente dois meses para a Festa de Todos os Santos, a Prefeitura de Monte Santo j\u00e1 come\u00e7ou a aumentar a expectativa do p\u00fablico ao anunciar tr\u00eas grandes atra\u00e7\u00f5es para a edi\u00e7\u00e3o deste ano: Xanddy Harmonia, Wesley Safad\u00e3o e Tarc\u00edsio do Acordeon. Os tr\u00eas artistas possuem forte presen\u00e7a nos grandes eventos realizados na Bahia e\" \/>\n\t<meta name=\"robots\" content=\"max-image-preview:large\" \/>\n\t<meta name=\"author\" content=\"andre\"\/>\n\t<link rel=\"canonical\" href=\"https:\/\/minutobahia24h.com.br\/?p=48985\" \/>\n\t<meta name=\"generator\" content=\"All in One SEO (AIOSEO) 5.0.1.1\" \/>\n\t\t<meta property=\"og:locale\" content=\"pt_BR\" \/>\n\t\t<meta property=\"og:site_name\" content=\"Minuto Bahia 24h - O seu portal de not\u00edcias\" \/>\n\t\t<meta property=\"og:type\" content=\"article\" \/>\n\t\t<meta property=\"og:title\" content=\"Xanddy Harmonia, Wesley Safad\u00e3o e Tarc\u00edsio do Acordeon s\u00e3o anunciados para Festa de Todos os Santos em Monte Santo - Minuto Bahia 24h\" \/>\n\t\t<meta property=\"og:description\" content=\"Faltando praticamente dois meses para a Festa de Todos os Santos, a Prefeitura de Monte Santo j\u00e1 come\u00e7ou a aumentar a expectativa do p\u00fablico ao anunciar tr\u00eas grandes atra\u00e7\u00f5es para a edi\u00e7\u00e3o deste ano: Xanddy Harmonia, Wesley Safad\u00e3o e Tarc\u00edsio do Acordeon. Os tr\u00eas artistas possuem forte presen\u00e7a nos grandes eventos realizados na Bahia e\" \/>\n\t\t<meta property=\"og:url\" content=\"https:\/\/minutobahia24h.com.br\/?p=48985\" \/>\n\t\t<meta property=\"og:image\" content=\"https:\/\/minutobahia24h.com.br\/wp-content\/uploads\/2026\/09\/Sem-titulo-33.jpg\" \/>\n\t\t<meta property=\"og:image:secure_url\" content=\"https:\/\/minutobahia24h.com.br\/wp-content\/uploads\/2026\/09\/Sem-titulo-33.jpg\" \/>\n\t\t<meta property=\"og:image:width\" content=\"699\" \/>\n\t\t<meta property=\"og:image:height\" content=\"465\" \/>\n\t\t<meta property=\"article:published_time\" content=\"2026-09-03T10:17:54+00:00\" \/>\n\t\t<meta property=\"article:modified_time\" content=\"2026-09-03T10:17:56+00:00\" \/>\n\t\t<meta name=\"twitter:card\" content=\"summary_large_image\" \/>\n\t\t<meta name=\"twitter:title\" content=\"Xanddy Harmonia, Wesley Safad\u00e3o e Tarc\u00edsio do Acordeon s\u00e3o anunciados para Festa de Todos os Santos em Monte Santo - Minuto Bahia 24h\" \/>\n\t\t<meta name=\"twitter:description\" content=\"Faltando praticamente dois meses para a Festa de Todos os Santos, a Prefeitura de Monte Santo j\u00e1 come\u00e7ou a aumentar a expectativa do p\u00fablico ao anunciar tr\u00eas grandes atra\u00e7\u00f5es para a edi\u00e7\u00e3o deste ano: Xanddy Harmonia, Wesley Safad\u00e3o e Tarc\u00edsio do Acordeon. Os tr\u00eas artistas possuem forte presen\u00e7a nos grandes eventos realizados na Bahia e\" \/>\n\t\t<meta name=\"twitter:image\" content=\"https:\/\/minutobahia24h.com.br\/wp-content\/uploads\/2026\/09\/Sem-titulo-33.jpg\" \/>\n\t\t<script type=\"application\/ld+json\" class=\"aioseo-schema\">\n\t\t\t{\"@context\":\"https:\\\/\\\/schema.org\",\"@graph\":[{\"@type\":\"BlogPosting\",\"@id\":\"https:\\\/\\\/minutobahia24h.com.br\\\/?p=48985#blogposting\",\"name\":\"Xanddy Harmonia, Wesley Safad\\u00e3o e Tarc\\u00edsio do Acordeon s\\u00e3o anunciados para Festa de Todos os Santos em Monte Santo - Minuto Bahia 24h\",\"headline\":\"Xanddy Harmonia, Wesley Safad\\u00e3o e Tarc\\u00edsio do Acordeon s\\u00e3o anunciados para Festa de Todos os Santos em Monte Santo\",\"author\":{\"@id\":\"https:\\\/\\\/minutobahia24h.com.br\\\/?author=2#author\"},\"publisher\":{\"@id\":\"https:\\\/\\\/minutobahia24h.com.br\\\/#organization\"},\"image\":{\"@type\":\"ImageObject\",\"url\":\"https:\\\/\\\/i0.wp.com\\\/minutobahia24h.com.br\\\/wp-content\\\/uploads\\\/2026\\\/09\\\/Sem-titulo-33.jpg?fit=699%2C465&ssl=1\",\"width\":699,\"height\":465},\"datePublished\":\"2026-09-03T07:17:54-03:00\",\"dateModified\":\"2026-09-03T07:17:56-03:00\",\"inLanguage\":\"pt-BR\",\"mainEntityOfPage\":{\"@id\":\"https:\\\/\\\/minutobahia24h.com.br\\\/?p=48985#webpage\"},\"isPartOf\":{\"@id\":\"https:\\\/\\\/minutobahia24h.com.br\\\/?p=48985#webpage\"},\"articleSection\":\"Regional\"},{\"@type\":\"BreadcrumbList\",\"@id\":\"https:\\\/\\\/minutobahia24h.com.br\\\/?p=48985#breadcrumblist\",\"itemListElement\":[{\"@type\":\"ListItem\",\"@id\":\"https:\\\/\\\/minutobahia24h.com.br#listItem\",\"position\":1,\"name\":\"In\\u00edcio\",\"item\":\"https:\\\/\\\/minutobahia24h.com.br\",\"nextItem\":{\"@type\":\"ListItem\",\"@id\":\"https:\\\/\\\/minutobahia24h.com.br\\\/?cat=3#listItem\",\"name\":\"Regional\"}},{\"@type\":\"ListItem\",\"@id\":\"https:\\\/\\\/minutobahia24h.com.br\\\/?cat=3#listItem\",\"position\":2,\"name\":\"Regional\",\"item\":\"https:\\\/\\\/minutobahia24h.com.br\\\/?cat=3\",\"nextItem\":{\"@type\":\"ListItem\",\"@id\":\"https:\\\/\\\/minutobahia24h.com.br\\\/?p=48985#listItem\",\"name\":\"Xanddy Harmonia, Wesley Safad\\u00e3o e Tarc\\u00edsio do Acordeon s\\u00e3o anunciados para Festa de Todos os Santos em Monte Santo\"},\"previousItem\":{\"@type\":\"ListItem\",\"@id\":\"https:\\\/\\\/minutobahia24h.com.br#listItem\",\"name\":\"In\\u00edcio\"}},{\"@type\":\"ListItem\",\"@id\":\"https:\\\/\\\/minutobahia24h.com.br\\\/?p=48985#listItem\",\"position\":3,\"name\":\"Xanddy Harmonia, Wesley Safad\\u00e3o e Tarc\\u00edsio do Acordeon s\\u00e3o anunciados para Festa de Todos os Santos em Monte Santo\",\"previousItem\":{\"@type\":\"ListItem\",\"@id\":\"https:\\\/\\\/minutobahia24h.com.br\\\/?cat=3#listItem\",\"name\":\"Regional\"}}]},{\"@type\":\"Organization\",\"@id\":\"https:\\\/\\\/minutobahia24h.com.br\\\/#organization\",\"name\":\"Minuto Bahia 24h\",\"description\":\"O seu portal de not\\u00edcias\",\"url\":\"https:\\\/\\\/minutobahia24h.com.br\\\/\",\"logo\":{\"@type\":\"ImageObject\",\"url\":\"https:\\\/\\\/i0.wp.com\\\/minutobahia24h.com.br\\\/wp-content\\\/uploads\\\/2023\\\/09\\\/cropped-minutoba.png?fit=457%2C119&ssl=1\",\"@id\":\"https:\\\/\\\/minutobahia24h.com.br\\\/?p=48985\\\/#organizationLogo\",\"width\":457,\"height\":119},\"image\":{\"@id\":\"https:\\\/\\\/minutobahia24h.com.br\\\/?p=48985\\\/#organizationLogo\"}},{\"@type\":\"Person\",\"@id\":\"https:\\\/\\\/minutobahia24h.com.br\\\/?author=2#author\",\"url\":\"https:\\\/\\\/minutobahia24h.com.br\\\/?author=2\",\"name\":\"andre\",\"image\":{\"@type\":\"ImageObject\",\"@id\":\"https:\\\/\\\/minutobahia24h.com.br\\\/?p=48985#authorImage\",\"url\":\"https:\\\/\\\/secure.gravatar.com\\\/avatar\\\/0ec5eafed5f3925c321625d79a680d589901b94bca787ae396a35f6c4a960922?s=96&d=mm&r=g\",\"width\":96,\"height\":96,\"caption\":\"andre\"}},{\"@type\":\"WebPage\",\"@id\":\"https:\\\/\\\/minutobahia24h.com.br\\\/?p=48985#webpage\",\"url\":\"https:\\\/\\\/minutobahia24h.com.br\\\/?p=48985\",\"name\":\"Xanddy Harmonia, Wesley Safad\\u00e3o e Tarc\\u00edsio do Acordeon s\\u00e3o anunciados para Festa de Todos os Santos em Monte Santo - Minuto Bahia 24h\",\"description\":\"Faltando praticamente dois meses para a Festa de Todos os Santos, a Prefeitura de Monte Santo j\\u00e1 come\\u00e7ou a aumentar a expectativa do p\\u00fablico ao anunciar tr\\u00eas grandes atra\\u00e7\\u00f5es para a edi\\u00e7\\u00e3o deste ano: Xanddy Harmonia, Wesley Safad\\u00e3o e Tarc\\u00edsio do Acordeon. Os tr\\u00eas artistas possuem forte presen\\u00e7a nos grandes eventos realizados na Bahia e\",\"inLanguage\":\"pt-BR\",\"isPartOf\":{\"@id\":\"https:\\\/\\\/minutobahia24h.com.br\\\/#website\"},\"breadcrumb\":{\"@id\":\"https:\\\/\\\/minutobahia24h.com.br\\\/?p=48985#breadcrumblist\"},\"author\":{\"@id\":\"https:\\\/\\\/minutobahia24h.com.br\\\/?author=2#author\"},\"creator\":{\"@id\":\"https:\\\/\\\/minutobahia24h.com.br\\\/?author=2#author\"},\"image\":{\"@type\":\"ImageObject\",\"url\":\"https:\\\/\\\/i0.wp.com\\\/minutobahia24h.com.br\\\/wp-content\\\/uploads\\\/2026\\\/09\\\/Sem-titulo-33.jpg?fit=699%2C465&ssl=1\",\"@id\":\"https:\\\/\\\/minutobahia24h.com.br\\\/?p=48985\\\/#mainImage\",\"width\":699,\"height\":465},\"primaryImageOfPage\":{\"@id\":\"https:\\\/\\\/minutobahia24h.com.br\\\/?p=48985#mainImage\"},\"datePublished\":\"2026-09-03T07:17:54-03:00\",\"dateModified\":\"2026-09-03T07:17:56-03:00\"},{\"@type\":\"WebSite\",\"@id\":\"https:\\\/\\\/minutobahia24h.com.br\\\/#website\",\"url\":\"https:\\\/\\\/minutobahia24h.com.br\\\/\",\"name\":\"Minuto Bahia 24h\",\"description\":\"O seu portal de not\\u00edcias\",\"inLanguage\":\"pt-BR\",\"publisher\":{\"@id\":\"https:\\\/\\\/minutobahia24h.com.br\\\/#organization\"}}]}\n\t\t<\/script>\n\t\t<!-- All in One SEO -->\n\n","aioseo_head_json":{"title":"Xanddy Harmonia, Wesley Safad\u00e3o e Tarc\u00edsio do Acordeon s\u00e3o anunciados para Festa de Todos os Santos em Monte Santo - Minuto Bahia 24h","description":"Faltando praticamente dois meses para a Festa de Todos os Santos, a Prefeitura de Monte Santo j\u00e1 come\u00e7ou a aumentar a expectativa do p\u00fablico ao anunciar tr\u00eas grandes atra\u00e7\u00f5es para a edi\u00e7\u00e3o deste ano: Xanddy Harmonia, Wesley Safad\u00e3o e Tarc\u00edsio do Acordeon. Os tr\u00eas artistas possuem forte presen\u00e7a nos grandes eventos realizados na Bahia e","canonical_url":"https:\/\/minutobahia24h.com.br\/?p=48985","robots":"max-image-preview:large","keywords":"","webmasterTools":{"miscellaneous":""},"schema":{"@context":"https:\/\/schema.org","@graph":[{"@type":"BlogPosting","@id":"https:\/\/minutobahia24h.com.br\/?p=48985#blogposting","name":"Xanddy Harmonia, Wesley Safad\u00e3o e Tarc\u00edsio do Acordeon s\u00e3o anunciados para Festa de Todos os Santos em Monte Santo - Minuto Bahia 24h","headline":"Xanddy Harmonia, Wesley Safad\u00e3o e Tarc\u00edsio do Acordeon s\u00e3o anunciados para Festa de Todos os Santos em Monte Santo","author":{"@id":"https:\/\/minutobahia24h.com.br\/?author=2#author"},"publisher":{"@id":"https:\/\/minutobahia24h.com.br\/#organization"},"image":{"@type":"ImageObject","url":"https:\/\/i0.wp.com\/minutobahia24h.com.br\/wp-content\/uploads\/2026\/09\/Sem-titulo-33.jpg?fit=699%2C465&ssl=1","width":699,"height":465},"datePublished":"2026-09-03T07:17:54-03:00","dateModified":"2026-09-03T07:17:56-03:00","inLanguage":"pt-BR","mainEntityOfPage":{"@id":"https:\/\/minutobahia24h.com.br\/?p=48985#webpage"},"isPartOf":{"@id":"https:\/\/minutobahia24h.com.br\/?p=48985#webpage"},"articleSection":"Regional"},{"@type":"BreadcrumbList","@id":"https:\/\/minutobahia24h.com.br\/?p=48985#breadcrumblist","itemListElement":[{"@type":"ListItem","@id":"https:\/\/minutobahia24h.com.br#listItem","position":1,"name":"In\u00edcio","item":"https:\/\/minutobahia24h.com.br","nextItem":{"@type":"ListItem","@id":"https:\/\/minutobahia24h.com.br\/?cat=3#listItem","name":"Regional"}},{"@type":"ListItem","@id":"https:\/\/minutobahia24h.com.br\/?cat=3#listItem","position":2,"name":"Regional","item":"https:\/\/minutobahia24h.com.br\/?cat=3","nextItem":{"@type":"ListItem","@id":"https:\/\/minutobahia24h.com.br\/?p=48985#listItem","name":"Xanddy Harmonia, Wesley Safad\u00e3o e Tarc\u00edsio do Acordeon s\u00e3o anunciados para Festa de Todos os Santos em Monte Santo"},"previousItem":{"@type":"ListItem","@id":"https:\/\/minutobahia24h.com.br#listItem","name":"In\u00edcio"}},{"@type":"ListItem","@id":"https:\/\/minutobahia24h.com.br\/?p=48985#listItem","position":3,"name":"Xanddy Harmonia, Wesley Safad\u00e3o e Tarc\u00edsio do Acordeon s\u00e3o anunciados para Festa de Todos os Santos em Monte Santo","previousItem":{"@type":"ListItem","@id":"https:\/\/minutobahia24h.com.br\/?cat=3#listItem","name":"Regional"}}]},{"@type":"Organization","@id":"https:\/\/minutobahia24h.com.br\/#organization","name":"Minuto Bahia 24h","description":"O seu portal de not\u00edcias","url":"https:\/\/minutobahia24h.com.br\/","logo":{"@type":"ImageObject","url":"https:\/\/i0.wp.com\/minutobahia24h.com.br\/wp-content\/uploads\/2023\/09\/cropped-minutoba.png?fit=457%2C119&ssl=1","@id":"https:\/\/minutobahia24h.com.br\/?p=48985\/#organizationLogo","width":457,"height":119},"image":{"@id":"https:\/\/minutobahia24h.com.br\/?p=48985\/#organizationLogo"}},{"@type":"Person","@id":"https:\/\/minutobahia24h.com.br\/?author=2#author","url":"https:\/\/minutobahia24h.com.br\/?author=2","name":"andre","image":{"@type":"ImageObject","@id":"https:\/\/minutobahia24h.com.br\/?p=48985#authorImage","url":"https:\/\/secure.gravatar.com\/avatar\/0ec5eafed5f3925c321625d79a680d589901b94bca787ae396a35f6c4a960922?s=96&d=mm&r=g","width":96,"height":96,"caption":"andre"}},{"@type":"WebPage","@id":"https:\/\/minutobahia24h.com.br\/?p=48985#webpage","url":"https:\/\/minutobahia24h.com.br\/?p=48985","name":"Xanddy Harmonia, Wesley Safad\u00e3o e Tarc\u00edsio do Acordeon s\u00e3o anunciados para Festa de Todos os Santos em Monte Santo - Minuto Bahia 24h","description":"Faltando praticamente dois meses para a Festa de Todos os Santos, a Prefeitura de Monte Santo j\u00e1 come\u00e7ou a aumentar a expectativa do p\u00fablico ao anunciar tr\u00eas grandes atra\u00e7\u00f5es para a edi\u00e7\u00e3o deste ano: Xanddy Harmonia, Wesley Safad\u00e3o e Tarc\u00edsio do Acordeon. Os tr\u00eas artistas possuem forte presen\u00e7a nos grandes eventos realizados na Bahia e","inLanguage":"pt-BR","isPartOf":{"@id":"https:\/\/minutobahia24h.com.br\/#website"},"breadcrumb":{"@id":"https:\/\/minutobahia24h.com.br\/?p=48985#breadcrumblist"},"author":{"@id":"https:\/\/minutobahia24h.com.br\/?author=2#author"},"creator":{"@id":"https:\/\/minutobahia24h.com.br\/?author=2#author"},"image":{"@type":"ImageObject","url":"https:\/\/i0.wp.com\/minutobahia24h.com.br\/wp-content\/uploads\/2026\/09\/Sem-titulo-33.jpg?fit=699%2C465&ssl=1","@id":"https:\/\/minutobahia24h.com.br\/?p=48985\/#mainImage","width":699,"height":465},"primaryImageOfPage":{"@id":"https:\/\/minutobahia24h.com.br\/?p=48985#mainImage"},"datePublished":"2026-09-03T07:17:54-03:00","dateModified":"2026-09-03T07:17:56-03:00"},{"@type":"WebSite","@id":"https:\/\/minutobahia24h.com.br\/#website","url":"https:\/\/minutobahia24h.com.br\/","name":"Minuto Bahia 24h","description":"O seu portal de not\u00edcias","inLanguage":"pt-BR","publisher":{"@id":"https:\/\/minutobahia24h.com.br\/#organization"}}]},"og:locale":"pt_BR","og:site_name":"Minuto Bahia 24h - O seu portal de not\u00edcias","og:type":"article","og:title":"Xanddy Harmonia, Wesley Safad\u00e3o e Tarc\u00edsio do Acordeon s\u00e3o anunciados para Festa de Todos os Santos em Monte Santo - Minuto Bahia 24h","og:description":"Faltando praticamente dois meses para a Festa de Todos os Santos, a Prefeitura de Monte Santo j\u00e1 come\u00e7ou a aumentar a expectativa do p\u00fablico ao anunciar tr\u00eas grandes atra\u00e7\u00f5es para a edi\u00e7\u00e3o deste ano: Xanddy Harmonia, Wesley Safad\u00e3o e Tarc\u00edsio do Acordeon. Os tr\u00eas artistas possuem forte presen\u00e7a nos grandes eventos realizados na Bahia e","og:url":"https:\/\/minutobahia24h.com.br\/?p=48985","og:image":"https:\/\/minutobahia24h.com.br\/wp-content\/uploads\/2026\/09\/Sem-titulo-33.jpg","og:image:secure_url":"https:\/\/minutobahia24h.com.br\/wp-content\/uploads\/2026\/09\/Sem-titulo-33.jpg","og:image:width":699,"og:image:height":465,"article:published_time":"2026-09-03T10:17:54+00:00","article:modified_time":"2026-09-03T10:17:56+00:00","twitter:card":"summary_large_image","twitter:title":"Xanddy Harmonia, Wesley Safad\u00e3o e Tarc\u00edsio do Acordeon s\u00e3o anunciados para Festa de Todos os Santos em Monte Santo - Minuto Bahia 24h","twitter:description":"Faltando praticamente dois meses para a Festa de Todos os Santos, a Prefeitura de Monte Santo j\u00e1 come\u00e7ou a aumentar a expectativa do p\u00fablico ao anunciar tr\u00eas grandes atra\u00e7\u00f5es para a edi\u00e7\u00e3o deste ano: Xanddy Harmonia, Wesley Safad\u00e3o e Tarc\u00edsio do Acordeon. Os tr\u00eas artistas possuem forte presen\u00e7a nos grandes eventos realizados na Bahia e","twitter:image":"https:\/\/minutobahia24h.com.br\/wp-content\/uploads\/2026\/09\/Sem-titulo-33.jpg"},"aioseo_meta_data":{"post_id":"48985","title":null,"description":null,"keywords":null,"keyphrases":{"focus":{"keyphrase":"","score":0,"analysis":{"keyphraseInTitle":{"score":0,"maxScore":9,"error":1}}},"additional":[]},"primary_term":null,"canonical_url":null,"og_title":null,"og_description":null,"og_object_type":"default","og_image_type":"default","og_image_url":null,"og_image_width":null,"og_image_height":null,"og_image_custom_url":null,"og_image_custom_fields":null,"og_video":"","og_custom_url":null,"og_article_section":null,"og_article_tags":null,"twitter_use_og":true,"twitter_card":"default","twitter_image_type":"default","twitter_image_url":null,"twitter_image_custom_url":null,"twitter_image_custom_fields":null,"twitter_title":null,"twitter_description":null,"schema":{"blockGraphs":[],"customGraphs":[],"default":{"data":{"Article":[],"Course":[],"Dataset":[],"FAQPage":[],"Movie":[],"Person":[],"Product":[],"ProductReview":[],"Car":[],"Recipe":[],"Service":[],"SoftwareApplication":[],"WebPage":[]},"graphName":"BlogPosting","isEnabled":true},"graphs":[]},"schema_type":"default","schema_type_options":null,"pillar_content":false,"robots_default":true,"robots_noindex":false,"robots_noarchive":false,"robots_nosnippet":false,"robots_nofollow":false,"robots_noimageindex":false,"robots_noodp":false,"robots_notranslate":false,"robots_max_snippet":"-1","robots_max_videopreview":"-1","robots_max_imagepreview":"large","priority":null,"frequency":"default","local_seo":null,"breadcrumb_settings":null,"limit_modified_date":false,"ai":{"faqs":[],"keyPoints":[],"schemas":[],"titles":[],"descriptions":[],"socialPosts":{"email":{"subject":"","preview":"","content":""},"linkedin":[],"twitter":[],"facebook":[],"instagram":[]}},"created":"2026-09-03 10:17:56","updated":"2026-09-03 10:36:34","seo_analyzer_scan_date":null,"focus_keyword":null,"additional_keywords":null,"truseo_locale":null},"aioseo_breadcrumb":"<div class=\"aioseo-breadcrumbs\"><span class=\"aioseo-breadcrumb\">\n\t\t\t<a href=\"https:\/\/minutobahia24h.com.br\" title=\"In\u00edcio\">In\u00edcio<\/a>\n\t\t<\/span><span class=\"aioseo-breadcrumb-separator\">&raquo;<\/span><span class=\"aioseo-breadcrumb\">\n\t\t\t<a href=\"https:\/\/minutobahia24h.com.br\/?cat=3\" title=\"Regional\">Regional<\/a>\n\t\t<\/span><span class=\"aioseo-breadcrumb-separator\">&raquo;<\/span><span class=\"aioseo-breadcrumb\">\n\t\t\tXanddy Harmonia, Wesley Safad\u00e3o e Tarc\u00edsio do Acordeon s\u00e3o anunciados para Festa de Todos os Santos em Monte Santo\n\t\t<\/span><\/div>","aioseo_breadcrumb_json":[{"label":"In\u00edcio","link":"https:\/\/minutobahia24h.com.br"},{"label":"Regional","link":"https:\/\/minutobahia24h.com.br\/?cat=3"},{"label":"Xanddy Harmonia, Wesley Safad\u00e3o e Tarc\u00edsio do Acordeon s\u00e3o anunciados para Festa de Todos os Santos em Monte Santo","link":"https:\/\/minutobahia24h.com.br\/?p=48985"}],"jetpack_sharing_enabled":true,"jetpack_featured_media_url":"https:\/\/i0.wp.com\/minutobahia24h.com.br\/wp-content\/uploads\/2026\/09\/Sem-titulo-33.jpg?fit=699%2C465&ssl=1","_links":{"self":[{"href":"https:\/\/minutobahia24h.com.br\/index.php?rest_route=\/wp\/v2\/posts\/48985","targetHints":{"allow":["GET"]}}],"collection":[{"href":"https:\/\/minutobahia24h.com.br\/index.php?rest_route=\/wp\/v2\/posts"}],"about":[{"href":"https:\/\/minutobahia24h.com.br\/index.php?rest_route=\/wp\/v2\/types\/post"}],"author":[{"embeddable":true,"href":"https:\/\/minutobahia24h.com.br\/index.php?rest_route=\/wp\/v2\/users\/2"}],"replies":[{"embeddable":true,"href":"https:\/\/minutobahia24h.com.br\/index.php?rest_route=%2Fwp%2Fv2%2Fcomments&post=48985"}],"version-history":[{"count":1,"href":"https:\/\/minutobahia24h.com.br\/index.php?rest_route=\/wp\/v2\/posts\/48985\/revisions"}],"predecessor-version":[{"id":48987,"href":"https:\/\/minutobahia24h.com.br\/index.php?rest_route=\/wp\/v2\/posts\/48985\/revisions\/48987"}],"wp:featuredmedia":[{"embeddable":true,"href":"https:\/\/minutobahia24h.com.br\/index.php?rest_route=\/wp\/v2\/media\/48986"}],"wp:attachment":[{"href":"https:\/\/minutobahia24h.com.br\/index.php?rest_route=%2Fwp%2Fv2%2Fmedia&parent=48985"}],"wp:term":[{"taxonomy":"category","embeddable":true,"href":"https:\/\/minutobahia24h.com.br\/index.php?rest_route=%2Fwp%2Fv2%2Fcategories&post=48985"},{"taxonomy":"post_tag","embeddable":true,"href":"https:\/\/minutobahia24h.com.br\/index.php?rest_route=%2Fwp%2Fv2%2Ftags&post=48985"}],"curies":[{"name":"wp","href":"https:\/\/api.w.org\/{rel}","templated":true}]}}