{"id":48982,"date":"2026-09-03T07:15:34","date_gmt":"2026-09-03T10:15:34","guid":{"rendered":"https:\/\/minutobahia24h.com.br\/?p=48982"},"modified":"2026-09-03T07:15:35","modified_gmt":"2026-09-03T10:15:35","slug":"laudo-confirma-que-homem-encontrado-morto-em-estrada-de-areia-em-coite-foi-vitima-de-estrangulamento","status":"publish","type":"post","link":"https:\/\/minutobahia24h.com.br\/?p=48982","title":{"rendered":"Laudo confirma que homem encontrado morto em estrada de areia em Coit\u00e9 foi v\u00edtima de estrangulamento"},"content":{"rendered":"<div class=\"wp-block-image\">\n<figure class=\"aligncenter size-full\"><img data-recalc-dims=\"1\" fetchpriority=\"high\" decoding=\"async\" width=\"796\" height=\"569\" src=\"https:\/\/i0.wp.com\/minutobahia24h.com.br\/wp-content\/uploads\/2026\/09\/Sem-titulo-32.jpg?resize=796%2C569&#038;ssl=1\" alt=\"\" class=\"wp-image-48983\"\/><\/figure>\n<\/div>\n\n\n<p class=\"wp-block-paragraph\">O homem encontrado morto no dia 12 de agosto, \u00e0s margens de uma estrada de areia na regi\u00e3o do bairro Casas Populares, em Concei\u00e7\u00e3o do Coit\u00e9, foi v\u00edtima de morte violenta por estrangulamento.<\/p>\n\n\n\n<p class=\"wp-block-paragraph\">A informa\u00e7\u00e3o foi confirmada ap\u00f3s o Calila Not\u00edcias ter acesso, nesta quarta-feira (2), a parte do relat\u00f3rio da investiga\u00e7\u00e3o que apresenta os resultados do exame pericial realizado no corpo da v\u00edtima, identificada como Guiomario Carneiro Pereira. A idade dele n\u00e3o foi informada.<\/p>\n\n\n\n<p class=\"wp-block-paragraph\">Quando o corpo foi encontrado,&nbsp;<a href=\"https:\/\/calilanoticias.com\/2026\/08\/homem-e-encontrado-morto-em-estrada-vicinal-de-conceicao-do-coite\"><strong>o CN noticiou o caso sem apontar a causa da morte, j\u00e1 que n\u00e3o havia confirma\u00e7\u00e3o oficial de homic\u00eddio.<\/strong>&nbsp;<\/a>Posteriormente, come\u00e7aram a circular informa\u00e7\u00f5es de que \u201cVivinha\u201d como era conhecida a v\u00edtima, teria sido assassinada. Procurada pela reportagem naquele momento, a Pol\u00edcia Civil informou que aguardava o laudo do Departamento de Pol\u00edcia T\u00e9cnica (DPT) para esclarecer as circunst\u00e2ncias da morte.<\/p>\n\n\n\n<p class=\"wp-block-paragraph\">O documento ao qual o CN teve acesso confirma que Guiomario sofreu agress\u00f5es e morreu por asfixia mec\u00e2nica provocada por estrangulamento. A per\u00edcia encontrou marcas no pesco\u00e7o compat\u00edveis com compress\u00e3o e tamb\u00e9m identificou hematomas em outras partes do corpo.<\/p>\n\n\n\n<p class=\"wp-block-paragraph\">O relat\u00f3rio apresenta ainda ind\u00edcios de que o local onde Guiomario foi encontrado pode n\u00e3o ter sido onde ocorreu a morte, levantando a possibilidade de o corpo ter sido levado posteriormente para a \u00e1rea onde acabou localizado.<\/p>\n\n\n\n<p class=\"wp-block-paragraph\">A investiga\u00e7\u00e3o segue sob responsabilidade da Pol\u00edcia Civil, que trabalha para esclarecer as circunst\u00e2ncias do crime e identificar o respons\u00e1vel ou os respons\u00e1veis pela morte de Guiomario.<\/p>\n\n\n\n<p class=\"wp-block-paragraph\">calilanoticias<\/p>\n","protected":false},"excerpt":{"rendered":"<p>O homem encontrado morto no dia 12 de agosto, \u00e0s margens de uma estrada de areia na regi\u00e3o do bairro Casas Populares, em Concei\u00e7\u00e3o do Coit\u00e9, foi v\u00edtima de morte violenta por estrangulamento. A informa\u00e7\u00e3o foi confirmada ap\u00f3s o Calila Not\u00edcias ter acesso, nesta quarta-feira (2), a parte do relat\u00f3rio da investiga\u00e7\u00e3o que apresenta os [&hellip;]<\/p>\n","protected":false},"author":2,"featured_media":48983,"comment_status":"open","ping_status":"open","sticky":false,"template":"","format":"standard","meta":{"_jetpack_newsletter_access":"","_jetpack_dont_email_post_to_subs":false,"_jetpack_newsletter_tier_id":0,"_jetpack_memberships_contains_paywalled_content":false,"_jetpack_feature_clip_id":0,"_jetpack_memberships_contains_paid_content":false,"footnotes":"","jetpack_post_was_ever_published":false},"categories":[3],"tags":[],"class_list":["post-48982","post","type-post","status-publish","format-standard","has-post-thumbnail","hentry","category-regional"],"aioseo_notices":[],"aioseo_head":"\n\t\t<!-- All in One SEO 5.0.1.1 - aioseo.com -->\n\t<meta name=\"description\" content=\"O homem encontrado morto no dia 12 de agosto, \u00e0s margens de uma estrada de areia na regi\u00e3o do bairro Casas Populares, em Concei\u00e7\u00e3o do Coit\u00e9, foi v\u00edtima de morte violenta por estrangulamento. A informa\u00e7\u00e3o foi confirmada ap\u00f3s o Calila Not\u00edcias ter acesso, nesta quarta-feira (2), a parte do relat\u00f3rio da investiga\u00e7\u00e3o que apresenta os\" \/>\n\t<meta name=\"robots\" content=\"max-image-preview:large\" \/>\n\t<meta name=\"author\" content=\"andre\"\/>\n\t<link rel=\"canonical\" href=\"https:\/\/minutobahia24h.com.br\/?p=48982\" \/>\n\t<meta name=\"generator\" content=\"All in One SEO (AIOSEO) 5.0.1.1\" \/>\n\t\t<meta property=\"og:locale\" content=\"pt_BR\" \/>\n\t\t<meta property=\"og:site_name\" content=\"Minuto Bahia 24h - O seu portal de not\u00edcias\" \/>\n\t\t<meta property=\"og:type\" content=\"article\" \/>\n\t\t<meta property=\"og:title\" content=\"Laudo confirma que homem encontrado morto em estrada de areia em Coit\u00e9 foi v\u00edtima de estrangulamento - Minuto Bahia 24h\" \/>\n\t\t<meta property=\"og:description\" content=\"O homem encontrado morto no dia 12 de agosto, \u00e0s margens de uma estrada de areia na regi\u00e3o do bairro Casas Populares, em Concei\u00e7\u00e3o do Coit\u00e9, foi v\u00edtima de morte violenta por estrangulamento. A informa\u00e7\u00e3o foi confirmada ap\u00f3s o Calila Not\u00edcias ter acesso, nesta quarta-feira (2), a parte do relat\u00f3rio da investiga\u00e7\u00e3o que apresenta os\" \/>\n\t\t<meta property=\"og:url\" content=\"https:\/\/minutobahia24h.com.br\/?p=48982\" \/>\n\t\t<meta property=\"og:image\" content=\"https:\/\/minutobahia24h.com.br\/wp-content\/uploads\/2026\/09\/Sem-titulo-32.jpg\" \/>\n\t\t<meta property=\"og:image:secure_url\" content=\"https:\/\/minutobahia24h.com.br\/wp-content\/uploads\/2026\/09\/Sem-titulo-32.jpg\" \/>\n\t\t<meta property=\"og:image:width\" content=\"796\" \/>\n\t\t<meta property=\"og:image:height\" content=\"569\" \/>\n\t\t<meta property=\"article:published_time\" content=\"2026-09-03T10:15:34+00:00\" \/>\n\t\t<meta property=\"article:modified_time\" content=\"2026-09-03T10:15:35+00:00\" \/>\n\t\t<meta name=\"twitter:card\" content=\"summary_large_image\" \/>\n\t\t<meta name=\"twitter:title\" content=\"Laudo confirma que homem encontrado morto em estrada de areia em Coit\u00e9 foi v\u00edtima de estrangulamento - Minuto Bahia 24h\" \/>\n\t\t<meta name=\"twitter:description\" content=\"O homem encontrado morto no dia 12 de agosto, \u00e0s margens de uma estrada de areia na regi\u00e3o do bairro Casas Populares, em Concei\u00e7\u00e3o do Coit\u00e9, foi v\u00edtima de morte violenta por estrangulamento. A informa\u00e7\u00e3o foi confirmada ap\u00f3s o Calila Not\u00edcias ter acesso, nesta quarta-feira (2), a parte do relat\u00f3rio da investiga\u00e7\u00e3o que apresenta os\" \/>\n\t\t<meta name=\"twitter:image\" content=\"https:\/\/minutobahia24h.com.br\/wp-content\/uploads\/2026\/09\/Sem-titulo-32.jpg\" \/>\n\t\t<script type=\"application\/ld+json\" class=\"aioseo-schema\">\n\t\t\t{\"@context\":\"https:\\\/\\\/schema.org\",\"@graph\":[{\"@type\":\"BlogPosting\",\"@id\":\"https:\\\/\\\/minutobahia24h.com.br\\\/?p=48982#blogposting\",\"name\":\"Laudo confirma que homem encontrado morto em estrada de areia em Coit\\u00e9 foi v\\u00edtima de estrangulamento - Minuto Bahia 24h\",\"headline\":\"Laudo confirma que homem encontrado morto em estrada de areia em Coit\\u00e9 foi v\\u00edtima de estrangulamento\",\"author\":{\"@id\":\"https:\\\/\\\/minutobahia24h.com.br\\\/?author=2#author\"},\"publisher\":{\"@id\":\"https:\\\/\\\/minutobahia24h.com.br\\\/#organization\"},\"image\":{\"@type\":\"ImageObject\",\"url\":\"https:\\\/\\\/i0.wp.com\\\/minutobahia24h.com.br\\\/wp-content\\\/uploads\\\/2026\\\/09\\\/Sem-titulo-32.jpg?fit=796%2C569&ssl=1\",\"width\":796,\"height\":569},\"datePublished\":\"2026-09-03T07:15:34-03:00\",\"dateModified\":\"2026-09-03T07:15:35-03:00\",\"inLanguage\":\"pt-BR\",\"mainEntityOfPage\":{\"@id\":\"https:\\\/\\\/minutobahia24h.com.br\\\/?p=48982#webpage\"},\"isPartOf\":{\"@id\":\"https:\\\/\\\/minutobahia24h.com.br\\\/?p=48982#webpage\"},\"articleSection\":\"Regional\"},{\"@type\":\"BreadcrumbList\",\"@id\":\"https:\\\/\\\/minutobahia24h.com.br\\\/?p=48982#breadcrumblist\",\"itemListElement\":[{\"@type\":\"ListItem\",\"@id\":\"https:\\\/\\\/minutobahia24h.com.br#listItem\",\"position\":1,\"name\":\"In\\u00edcio\",\"item\":\"https:\\\/\\\/minutobahia24h.com.br\",\"nextItem\":{\"@type\":\"ListItem\",\"@id\":\"https:\\\/\\\/minutobahia24h.com.br\\\/?cat=3#listItem\",\"name\":\"Regional\"}},{\"@type\":\"ListItem\",\"@id\":\"https:\\\/\\\/minutobahia24h.com.br\\\/?cat=3#listItem\",\"position\":2,\"name\":\"Regional\",\"item\":\"https:\\\/\\\/minutobahia24h.com.br\\\/?cat=3\",\"nextItem\":{\"@type\":\"ListItem\",\"@id\":\"https:\\\/\\\/minutobahia24h.com.br\\\/?p=48982#listItem\",\"name\":\"Laudo confirma que homem encontrado morto em estrada de areia em Coit\\u00e9 foi v\\u00edtima de estrangulamento\"},\"previousItem\":{\"@type\":\"ListItem\",\"@id\":\"https:\\\/\\\/minutobahia24h.com.br#listItem\",\"name\":\"In\\u00edcio\"}},{\"@type\":\"ListItem\",\"@id\":\"https:\\\/\\\/minutobahia24h.com.br\\\/?p=48982#listItem\",\"position\":3,\"name\":\"Laudo confirma que homem encontrado morto em estrada de areia em Coit\\u00e9 foi v\\u00edtima de estrangulamento\",\"previousItem\":{\"@type\":\"ListItem\",\"@id\":\"https:\\\/\\\/minutobahia24h.com.br\\\/?cat=3#listItem\",\"name\":\"Regional\"}}]},{\"@type\":\"Organization\",\"@id\":\"https:\\\/\\\/minutobahia24h.com.br\\\/#organization\",\"name\":\"Minuto Bahia 24h\",\"description\":\"O seu portal de not\\u00edcias\",\"url\":\"https:\\\/\\\/minutobahia24h.com.br\\\/\",\"logo\":{\"@type\":\"ImageObject\",\"url\":\"https:\\\/\\\/i0.wp.com\\\/minutobahia24h.com.br\\\/wp-content\\\/uploads\\\/2023\\\/09\\\/cropped-minutoba.png?fit=457%2C119&ssl=1\",\"@id\":\"https:\\\/\\\/minutobahia24h.com.br\\\/?p=48982\\\/#organizationLogo\",\"width\":457,\"height\":119},\"image\":{\"@id\":\"https:\\\/\\\/minutobahia24h.com.br\\\/?p=48982\\\/#organizationLogo\"}},{\"@type\":\"Person\",\"@id\":\"https:\\\/\\\/minutobahia24h.com.br\\\/?author=2#author\",\"url\":\"https:\\\/\\\/minutobahia24h.com.br\\\/?author=2\",\"name\":\"andre\",\"image\":{\"@type\":\"ImageObject\",\"@id\":\"https:\\\/\\\/minutobahia24h.com.br\\\/?p=48982#authorImage\",\"url\":\"https:\\\/\\\/secure.gravatar.com\\\/avatar\\\/0ec5eafed5f3925c321625d79a680d589901b94bca787ae396a35f6c4a960922?s=96&d=mm&r=g\",\"width\":96,\"height\":96,\"caption\":\"andre\"}},{\"@type\":\"WebPage\",\"@id\":\"https:\\\/\\\/minutobahia24h.com.br\\\/?p=48982#webpage\",\"url\":\"https:\\\/\\\/minutobahia24h.com.br\\\/?p=48982\",\"name\":\"Laudo confirma que homem encontrado morto em estrada de areia em Coit\\u00e9 foi v\\u00edtima de estrangulamento - Minuto Bahia 24h\",\"description\":\"O homem encontrado morto no dia 12 de agosto, \\u00e0s margens de uma estrada de areia na regi\\u00e3o do bairro Casas Populares, em Concei\\u00e7\\u00e3o do Coit\\u00e9, foi v\\u00edtima de morte violenta por estrangulamento. A informa\\u00e7\\u00e3o foi confirmada ap\\u00f3s o Calila Not\\u00edcias ter acesso, nesta quarta-feira (2), a parte do relat\\u00f3rio da investiga\\u00e7\\u00e3o que apresenta os\",\"inLanguage\":\"pt-BR\",\"isPartOf\":{\"@id\":\"https:\\\/\\\/minutobahia24h.com.br\\\/#website\"},\"breadcrumb\":{\"@id\":\"https:\\\/\\\/minutobahia24h.com.br\\\/?p=48982#breadcrumblist\"},\"author\":{\"@id\":\"https:\\\/\\\/minutobahia24h.com.br\\\/?author=2#author\"},\"creator\":{\"@id\":\"https:\\\/\\\/minutobahia24h.com.br\\\/?author=2#author\"},\"image\":{\"@type\":\"ImageObject\",\"url\":\"https:\\\/\\\/i0.wp.com\\\/minutobahia24h.com.br\\\/wp-content\\\/uploads\\\/2026\\\/09\\\/Sem-titulo-32.jpg?fit=796%2C569&ssl=1\",\"@id\":\"https:\\\/\\\/minutobahia24h.com.br\\\/?p=48982\\\/#mainImage\",\"width\":796,\"height\":569},\"primaryImageOfPage\":{\"@id\":\"https:\\\/\\\/minutobahia24h.com.br\\\/?p=48982#mainImage\"},\"datePublished\":\"2026-09-03T07:15:34-03:00\",\"dateModified\":\"2026-09-03T07:15:35-03:00\"},{\"@type\":\"WebSite\",\"@id\":\"https:\\\/\\\/minutobahia24h.com.br\\\/#website\",\"url\":\"https:\\\/\\\/minutobahia24h.com.br\\\/\",\"name\":\"Minuto Bahia 24h\",\"description\":\"O seu portal de not\\u00edcias\",\"inLanguage\":\"pt-BR\",\"publisher\":{\"@id\":\"https:\\\/\\\/minutobahia24h.com.br\\\/#organization\"}}]}\n\t\t<\/script>\n\t\t<!-- All in One SEO -->\n\n","aioseo_head_json":{"title":"Laudo confirma que homem encontrado morto em estrada de areia em Coit\u00e9 foi v\u00edtima de estrangulamento - Minuto Bahia 24h","description":"O homem encontrado morto no dia 12 de agosto, \u00e0s margens de uma estrada de areia na regi\u00e3o do bairro Casas Populares, em Concei\u00e7\u00e3o do Coit\u00e9, foi v\u00edtima de morte violenta por estrangulamento. A informa\u00e7\u00e3o foi confirmada ap\u00f3s o Calila Not\u00edcias ter acesso, nesta quarta-feira (2), a parte do relat\u00f3rio da investiga\u00e7\u00e3o que apresenta os","canonical_url":"https:\/\/minutobahia24h.com.br\/?p=48982","robots":"max-image-preview:large","keywords":"","webmasterTools":{"miscellaneous":""},"schema":{"@context":"https:\/\/schema.org","@graph":[{"@type":"BlogPosting","@id":"https:\/\/minutobahia24h.com.br\/?p=48982#blogposting","name":"Laudo confirma que homem encontrado morto em estrada de areia em Coit\u00e9 foi v\u00edtima de estrangulamento - Minuto Bahia 24h","headline":"Laudo confirma que homem encontrado morto em estrada de areia em Coit\u00e9 foi v\u00edtima de estrangulamento","author":{"@id":"https:\/\/minutobahia24h.com.br\/?author=2#author"},"publisher":{"@id":"https:\/\/minutobahia24h.com.br\/#organization"},"image":{"@type":"ImageObject","url":"https:\/\/i0.wp.com\/minutobahia24h.com.br\/wp-content\/uploads\/2026\/09\/Sem-titulo-32.jpg?fit=796%2C569&ssl=1","width":796,"height":569},"datePublished":"2026-09-03T07:15:34-03:00","dateModified":"2026-09-03T07:15:35-03:00","inLanguage":"pt-BR","mainEntityOfPage":{"@id":"https:\/\/minutobahia24h.com.br\/?p=48982#webpage"},"isPartOf":{"@id":"https:\/\/minutobahia24h.com.br\/?p=48982#webpage"},"articleSection":"Regional"},{"@type":"BreadcrumbList","@id":"https:\/\/minutobahia24h.com.br\/?p=48982#breadcrumblist","itemListElement":[{"@type":"ListItem","@id":"https:\/\/minutobahia24h.com.br#listItem","position":1,"name":"In\u00edcio","item":"https:\/\/minutobahia24h.com.br","nextItem":{"@type":"ListItem","@id":"https:\/\/minutobahia24h.com.br\/?cat=3#listItem","name":"Regional"}},{"@type":"ListItem","@id":"https:\/\/minutobahia24h.com.br\/?cat=3#listItem","position":2,"name":"Regional","item":"https:\/\/minutobahia24h.com.br\/?cat=3","nextItem":{"@type":"ListItem","@id":"https:\/\/minutobahia24h.com.br\/?p=48982#listItem","name":"Laudo confirma que homem encontrado morto em estrada de areia em Coit\u00e9 foi v\u00edtima de estrangulamento"},"previousItem":{"@type":"ListItem","@id":"https:\/\/minutobahia24h.com.br#listItem","name":"In\u00edcio"}},{"@type":"ListItem","@id":"https:\/\/minutobahia24h.com.br\/?p=48982#listItem","position":3,"name":"Laudo confirma que homem encontrado morto em estrada de areia em Coit\u00e9 foi v\u00edtima de estrangulamento","previousItem":{"@type":"ListItem","@id":"https:\/\/minutobahia24h.com.br\/?cat=3#listItem","name":"Regional"}}]},{"@type":"Organization","@id":"https:\/\/minutobahia24h.com.br\/#organization","name":"Minuto Bahia 24h","description":"O seu portal de not\u00edcias","url":"https:\/\/minutobahia24h.com.br\/","logo":{"@type":"ImageObject","url":"https:\/\/i0.wp.com\/minutobahia24h.com.br\/wp-content\/uploads\/2023\/09\/cropped-minutoba.png?fit=457%2C119&ssl=1","@id":"https:\/\/minutobahia24h.com.br\/?p=48982\/#organizationLogo","width":457,"height":119},"image":{"@id":"https:\/\/minutobahia24h.com.br\/?p=48982\/#organizationLogo"}},{"@type":"Person","@id":"https:\/\/minutobahia24h.com.br\/?author=2#author","url":"https:\/\/minutobahia24h.com.br\/?author=2","name":"andre","image":{"@type":"ImageObject","@id":"https:\/\/minutobahia24h.com.br\/?p=48982#authorImage","url":"https:\/\/secure.gravatar.com\/avatar\/0ec5eafed5f3925c321625d79a680d589901b94bca787ae396a35f6c4a960922?s=96&d=mm&r=g","width":96,"height":96,"caption":"andre"}},{"@type":"WebPage","@id":"https:\/\/minutobahia24h.com.br\/?p=48982#webpage","url":"https:\/\/minutobahia24h.com.br\/?p=48982","name":"Laudo confirma que homem encontrado morto em estrada de areia em Coit\u00e9 foi v\u00edtima de estrangulamento - Minuto Bahia 24h","description":"O homem encontrado morto no dia 12 de agosto, \u00e0s margens de uma estrada de areia na regi\u00e3o do bairro Casas Populares, em Concei\u00e7\u00e3o do Coit\u00e9, foi v\u00edtima de morte violenta por estrangulamento. A informa\u00e7\u00e3o foi confirmada ap\u00f3s o Calila Not\u00edcias ter acesso, nesta quarta-feira (2), a parte do relat\u00f3rio da investiga\u00e7\u00e3o que apresenta os","inLanguage":"pt-BR","isPartOf":{"@id":"https:\/\/minutobahia24h.com.br\/#website"},"breadcrumb":{"@id":"https:\/\/minutobahia24h.com.br\/?p=48982#breadcrumblist"},"author":{"@id":"https:\/\/minutobahia24h.com.br\/?author=2#author"},"creator":{"@id":"https:\/\/minutobahia24h.com.br\/?author=2#author"},"image":{"@type":"ImageObject","url":"https:\/\/i0.wp.com\/minutobahia24h.com.br\/wp-content\/uploads\/2026\/09\/Sem-titulo-32.jpg?fit=796%2C569&ssl=1","@id":"https:\/\/minutobahia24h.com.br\/?p=48982\/#mainImage","width":796,"height":569},"primaryImageOfPage":{"@id":"https:\/\/minutobahia24h.com.br\/?p=48982#mainImage"},"datePublished":"2026-09-03T07:15:34-03:00","dateModified":"2026-09-03T07:15:35-03:00"},{"@type":"WebSite","@id":"https:\/\/minutobahia24h.com.br\/#website","url":"https:\/\/minutobahia24h.com.br\/","name":"Minuto Bahia 24h","description":"O seu portal de not\u00edcias","inLanguage":"pt-BR","publisher":{"@id":"https:\/\/minutobahia24h.com.br\/#organization"}}]},"og:locale":"pt_BR","og:site_name":"Minuto Bahia 24h - O seu portal de not\u00edcias","og:type":"article","og:title":"Laudo confirma que homem encontrado morto em estrada de areia em Coit\u00e9 foi v\u00edtima de estrangulamento - Minuto Bahia 24h","og:description":"O homem encontrado morto no dia 12 de agosto, \u00e0s margens de uma estrada de areia na regi\u00e3o do bairro Casas Populares, em Concei\u00e7\u00e3o do Coit\u00e9, foi v\u00edtima de morte violenta por estrangulamento. A informa\u00e7\u00e3o foi confirmada ap\u00f3s o Calila Not\u00edcias ter acesso, nesta quarta-feira (2), a parte do relat\u00f3rio da investiga\u00e7\u00e3o que apresenta os","og:url":"https:\/\/minutobahia24h.com.br\/?p=48982","og:image":"https:\/\/minutobahia24h.com.br\/wp-content\/uploads\/2026\/09\/Sem-titulo-32.jpg","og:image:secure_url":"https:\/\/minutobahia24h.com.br\/wp-content\/uploads\/2026\/09\/Sem-titulo-32.jpg","og:image:width":796,"og:image:height":569,"article:published_time":"2026-09-03T10:15:34+00:00","article:modified_time":"2026-09-03T10:15:35+00:00","twitter:card":"summary_large_image","twitter:title":"Laudo confirma que homem encontrado morto em estrada de areia em Coit\u00e9 foi v\u00edtima de estrangulamento - Minuto Bahia 24h","twitter:description":"O homem encontrado morto no dia 12 de agosto, \u00e0s margens de uma estrada de areia na regi\u00e3o do bairro Casas Populares, em Concei\u00e7\u00e3o do Coit\u00e9, foi v\u00edtima de morte violenta por estrangulamento. A informa\u00e7\u00e3o foi confirmada ap\u00f3s o Calila Not\u00edcias ter acesso, nesta quarta-feira (2), a parte do relat\u00f3rio da investiga\u00e7\u00e3o que apresenta os","twitter:image":"https:\/\/minutobahia24h.com.br\/wp-content\/uploads\/2026\/09\/Sem-titulo-32.jpg"},"aioseo_meta_data":{"post_id":"48982","title":null,"description":null,"keywords":null,"keyphrases":{"focus":{"keyphrase":"","score":0,"analysis":{"keyphraseInTitle":{"score":0,"maxScore":9,"error":1}}},"additional":[]},"primary_term":null,"canonical_url":null,"og_title":null,"og_description":null,"og_object_type":"default","og_image_type":"default","og_image_url":null,"og_image_width":null,"og_image_height":null,"og_image_custom_url":null,"og_image_custom_fields":null,"og_video":"","og_custom_url":null,"og_article_section":null,"og_article_tags":null,"twitter_use_og":true,"twitter_card":"default","twitter_image_type":"default","twitter_image_url":null,"twitter_image_custom_url":null,"twitter_image_custom_fields":null,"twitter_title":null,"twitter_description":null,"schema":{"blockGraphs":[],"customGraphs":[],"default":{"data":{"Article":[],"Course":[],"Dataset":[],"FAQPage":[],"Movie":[],"Person":[],"Product":[],"ProductReview":[],"Car":[],"Recipe":[],"Service":[],"SoftwareApplication":[],"WebPage":[]},"graphName":"BlogPosting","isEnabled":true},"graphs":[]},"schema_type":"default","schema_type_options":null,"pillar_content":false,"robots_default":true,"robots_noindex":false,"robots_noarchive":false,"robots_nosnippet":false,"robots_nofollow":false,"robots_noimageindex":false,"robots_noodp":false,"robots_notranslate":false,"robots_max_snippet":"-1","robots_max_videopreview":"-1","robots_max_imagepreview":"large","priority":null,"frequency":"default","local_seo":null,"breadcrumb_settings":null,"limit_modified_date":false,"ai":{"faqs":[],"keyPoints":[],"schemas":[],"titles":[],"descriptions":[],"socialPosts":{"email":{"subject":"","preview":"","content":""},"linkedin":[],"twitter":[],"facebook":[],"instagram":[]}},"created":"2026-09-03 10:15:35","updated":"2026-09-03 10:36:34","seo_analyzer_scan_date":null,"focus_keyword":null,"additional_keywords":null,"truseo_locale":null},"aioseo_breadcrumb":"<div class=\"aioseo-breadcrumbs\"><span class=\"aioseo-breadcrumb\">\n\t\t\t<a href=\"https:\/\/minutobahia24h.com.br\" title=\"In\u00edcio\">In\u00edcio<\/a>\n\t\t<\/span><span class=\"aioseo-breadcrumb-separator\">&raquo;<\/span><span class=\"aioseo-breadcrumb\">\n\t\t\t<a href=\"https:\/\/minutobahia24h.com.br\/?cat=3\" title=\"Regional\">Regional<\/a>\n\t\t<\/span><span class=\"aioseo-breadcrumb-separator\">&raquo;<\/span><span class=\"aioseo-breadcrumb\">\n\t\t\tLaudo confirma que homem encontrado morto em estrada de areia em Coit\u00e9 foi v\u00edtima de estrangulamento\n\t\t<\/span><\/div>","aioseo_breadcrumb_json":[{"label":"In\u00edcio","link":"https:\/\/minutobahia24h.com.br"},{"label":"Regional","link":"https:\/\/minutobahia24h.com.br\/?cat=3"},{"label":"Laudo confirma que homem encontrado morto em estrada de areia em Coit\u00e9 foi v\u00edtima de estrangulamento","link":"https:\/\/minutobahia24h.com.br\/?p=48982"}],"jetpack_sharing_enabled":true,"jetpack_featured_media_url":"https:\/\/i0.wp.com\/minutobahia24h.com.br\/wp-content\/uploads\/2026\/09\/Sem-titulo-32.jpg?fit=796%2C569&ssl=1","_links":{"self":[{"href":"https:\/\/minutobahia24h.com.br\/index.php?rest_route=\/wp\/v2\/posts\/48982","targetHints":{"allow":["GET"]}}],"collection":[{"href":"https:\/\/minutobahia24h.com.br\/index.php?rest_route=\/wp\/v2\/posts"}],"about":[{"href":"https:\/\/minutobahia24h.com.br\/index.php?rest_route=\/wp\/v2\/types\/post"}],"author":[{"embeddable":true,"href":"https:\/\/minutobahia24h.com.br\/index.php?rest_route=\/wp\/v2\/users\/2"}],"replies":[{"embeddable":true,"href":"https:\/\/minutobahia24h.com.br\/index.php?rest_route=%2Fwp%2Fv2%2Fcomments&post=48982"}],"version-history":[{"count":1,"href":"https:\/\/minutobahia24h.com.br\/index.php?rest_route=\/wp\/v2\/posts\/48982\/revisions"}],"predecessor-version":[{"id":48984,"href":"https:\/\/minutobahia24h.com.br\/index.php?rest_route=\/wp\/v2\/posts\/48982\/revisions\/48984"}],"wp:featuredmedia":[{"embeddable":true,"href":"https:\/\/minutobahia24h.com.br\/index.php?rest_route=\/wp\/v2\/media\/48983"}],"wp:attachment":[{"href":"https:\/\/minutobahia24h.com.br\/index.php?rest_route=%2Fwp%2Fv2%2Fmedia&parent=48982"}],"wp:term":[{"taxonomy":"category","embeddable":true,"href":"https:\/\/minutobahia24h.com.br\/index.php?rest_route=%2Fwp%2Fv2%2Fcategories&post=48982"},{"taxonomy":"post_tag","embeddable":true,"href":"https:\/\/minutobahia24h.com.br\/index.php?rest_route=%2Fwp%2Fv2%2Ftags&post=48982"}],"curies":[{"name":"wp","href":"https:\/\/api.w.org\/{rel}","templated":true}]}}