{"id":48979,"date":"2026-09-03T07:11:39","date_gmt":"2026-09-03T10:11:39","guid":{"rendered":"https:\/\/minutobahia24h.com.br\/?p=48979"},"modified":"2026-09-03T07:11:39","modified_gmt":"2026-09-03T10:11:39","slug":"irmaos-acusados-por-morte-de-pm-sao-assassinados-junto-com-a-mae-na-bahia","status":"publish","type":"post","link":"https:\/\/minutobahia24h.com.br\/?p=48979","title":{"rendered":"Irm\u00e3os acusados por morte de PM s\u00e3o assassinados junto com a m\u00e3e, na Bahia"},"content":{"rendered":"<div class=\"wp-block-image\">\n<figure class=\"aligncenter size-full\"><img data-recalc-dims=\"1\" fetchpriority=\"high\" decoding=\"async\" width=\"700\" height=\"700\" src=\"https:\/\/i0.wp.com\/minutobahia24h.com.br\/wp-content\/uploads\/2026\/09\/Sem-titulo-31.jpg?resize=700%2C700&#038;ssl=1\" alt=\"\" class=\"wp-image-48980\"\/><figcaption class=\"wp-element-caption\">Matheus e Venilson. Foto: redes sociais<br><br><\/figcaption><\/figure>\n<\/div>\n\n\n<p class=\"wp-block-paragraph\">Uma m\u00e3e e dois filhos foram mortos a tiros dentro de um carro em Correntina, Oeste da Bahia. O caso aconteceu na \u00faltima ter\u00e7a-feira (1). As v\u00edtimas foram Jandira Pereira Silva, de 49 anos, Matheus Pereira Oliveira, 26, e Venilson Pereira Oliveira, 24.<\/p>\n\n\n\n<p class=\"wp-block-paragraph\">A Pol\u00edcia Militar apurou preliminarmente que o ve\u00edculo em que as v\u00edtimas estavam foi emparelhado por outro carro, com homens armados. Os suspeitos j\u00e1 chegaram atirando. Uma crian\u00e7a de 7 anos conseguiu escapar do ataque.<\/p>\n\n\n\n<p class=\"wp-block-paragraph\">A Pol\u00edcia Civil investiga a autoria e motiva\u00e7\u00e3o do triplo homic\u00eddio.<\/p>\n\n\n\n<p class=\"wp-block-paragraph\">Matheus e Venilson eram acusados pelo assassinato de um PM em Goi\u00e1s, em 2024. Leandro Gadelha da Silva foi baleado enquanto os irm\u00e3os compravam uma arma, no munic\u00edpio de Novo Gama. Ele estava de folga e v\u00e1rias vers\u00f5es para o caso foram dadas. \u00c0 Matheus foi atribu\u00edda a autoria do disparo.<\/p>\n\n\n\n<p class=\"wp-block-paragraph\">regiaoempauta<\/p>\n","protected":false},"excerpt":{"rendered":"<p>Uma m\u00e3e e dois filhos foram mortos a tiros dentro de um carro em Correntina, Oeste da Bahia. O caso aconteceu na \u00faltima ter\u00e7a-feira (1). As v\u00edtimas foram Jandira Pereira Silva, de 49 anos, Matheus Pereira Oliveira, 26, e Venilson Pereira Oliveira, 24. A Pol\u00edcia Militar apurou preliminarmente que o ve\u00edculo em que as v\u00edtimas [&hellip;]<\/p>\n","protected":false},"author":2,"featured_media":48980,"comment_status":"open","ping_status":"open","sticky":false,"template":"","format":"standard","meta":{"_jetpack_newsletter_access":"","_jetpack_dont_email_post_to_subs":false,"_jetpack_newsletter_tier_id":0,"_jetpack_memberships_contains_paywalled_content":false,"_jetpack_feature_clip_id":0,"_jetpack_memberships_contains_paid_content":false,"footnotes":"","jetpack_post_was_ever_published":false},"categories":[3],"tags":[],"class_list":["post-48979","post","type-post","status-publish","format-standard","has-post-thumbnail","hentry","category-regional"],"aioseo_notices":[],"aioseo_head":"\n\t\t<!-- All in One SEO 5.0.1.1 - aioseo.com -->\n\t<meta name=\"description\" content=\"Uma m\u00e3e e dois filhos foram mortos a tiros dentro de um carro em Correntina, Oeste da Bahia. O caso aconteceu na \u00faltima ter\u00e7a-feira (1). As v\u00edtimas foram Jandira Pereira Silva, de 49 anos, Matheus Pereira Oliveira, 26, e Venilson Pereira Oliveira, 24. A Pol\u00edcia Militar apurou preliminarmente que o ve\u00edculo em que as v\u00edtimas\" \/>\n\t<meta name=\"robots\" content=\"max-image-preview:large\" \/>\n\t<meta name=\"author\" content=\"andre\"\/>\n\t<link rel=\"canonical\" href=\"https:\/\/minutobahia24h.com.br\/?p=48979\" \/>\n\t<meta name=\"generator\" content=\"All in One SEO (AIOSEO) 5.0.1.1\" \/>\n\t\t<meta property=\"og:locale\" content=\"pt_BR\" \/>\n\t\t<meta property=\"og:site_name\" content=\"Minuto Bahia 24h - O seu portal de not\u00edcias\" \/>\n\t\t<meta property=\"og:type\" content=\"article\" \/>\n\t\t<meta property=\"og:title\" content=\"Irm\u00e3os acusados por morte de PM s\u00e3o assassinados junto com a m\u00e3e, na Bahia - Minuto Bahia 24h\" \/>\n\t\t<meta property=\"og:description\" content=\"Uma m\u00e3e e dois filhos foram mortos a tiros dentro de um carro em Correntina, Oeste da Bahia. O caso aconteceu na \u00faltima ter\u00e7a-feira (1). As v\u00edtimas foram Jandira Pereira Silva, de 49 anos, Matheus Pereira Oliveira, 26, e Venilson Pereira Oliveira, 24. A Pol\u00edcia Militar apurou preliminarmente que o ve\u00edculo em que as v\u00edtimas\" \/>\n\t\t<meta property=\"og:url\" content=\"https:\/\/minutobahia24h.com.br\/?p=48979\" \/>\n\t\t<meta property=\"og:image\" content=\"https:\/\/minutobahia24h.com.br\/wp-content\/uploads\/2026\/09\/Sem-titulo-31.jpg\" \/>\n\t\t<meta property=\"og:image:secure_url\" content=\"https:\/\/minutobahia24h.com.br\/wp-content\/uploads\/2026\/09\/Sem-titulo-31.jpg\" \/>\n\t\t<meta property=\"og:image:width\" content=\"700\" \/>\n\t\t<meta property=\"og:image:height\" content=\"700\" \/>\n\t\t<meta property=\"article:published_time\" content=\"2026-09-03T10:11:39+00:00\" \/>\n\t\t<meta property=\"article:modified_time\" content=\"2026-09-03T10:11:39+00:00\" \/>\n\t\t<meta name=\"twitter:card\" content=\"summary_large_image\" \/>\n\t\t<meta name=\"twitter:title\" content=\"Irm\u00e3os acusados por morte de PM s\u00e3o assassinados junto com a m\u00e3e, na Bahia - Minuto Bahia 24h\" \/>\n\t\t<meta name=\"twitter:description\" content=\"Uma m\u00e3e e dois filhos foram mortos a tiros dentro de um carro em Correntina, Oeste da Bahia. O caso aconteceu na \u00faltima ter\u00e7a-feira (1). As v\u00edtimas foram Jandira Pereira Silva, de 49 anos, Matheus Pereira Oliveira, 26, e Venilson Pereira Oliveira, 24. A Pol\u00edcia Militar apurou preliminarmente que o ve\u00edculo em que as v\u00edtimas\" \/>\n\t\t<meta name=\"twitter:image\" content=\"https:\/\/minutobahia24h.com.br\/wp-content\/uploads\/2026\/09\/Sem-titulo-31.jpg\" \/>\n\t\t<script type=\"application\/ld+json\" class=\"aioseo-schema\">\n\t\t\t{\"@context\":\"https:\\\/\\\/schema.org\",\"@graph\":[{\"@type\":\"BlogPosting\",\"@id\":\"https:\\\/\\\/minutobahia24h.com.br\\\/?p=48979#blogposting\",\"name\":\"Irm\\u00e3os acusados por morte de PM s\\u00e3o assassinados junto com a m\\u00e3e, na Bahia - Minuto Bahia 24h\",\"headline\":\"Irm\\u00e3os acusados por morte de PM s\\u00e3o assassinados junto com a m\\u00e3e, na Bahia\",\"author\":{\"@id\":\"https:\\\/\\\/minutobahia24h.com.br\\\/?author=2#author\"},\"publisher\":{\"@id\":\"https:\\\/\\\/minutobahia24h.com.br\\\/#organization\"},\"image\":{\"@type\":\"ImageObject\",\"url\":\"https:\\\/\\\/i0.wp.com\\\/minutobahia24h.com.br\\\/wp-content\\\/uploads\\\/2026\\\/09\\\/Sem-titulo-31.jpg?fit=700%2C700&ssl=1\",\"width\":700,\"height\":700},\"datePublished\":\"2026-09-03T07:11:39-03:00\",\"dateModified\":\"2026-09-03T07:11:39-03:00\",\"inLanguage\":\"pt-BR\",\"mainEntityOfPage\":{\"@id\":\"https:\\\/\\\/minutobahia24h.com.br\\\/?p=48979#webpage\"},\"isPartOf\":{\"@id\":\"https:\\\/\\\/minutobahia24h.com.br\\\/?p=48979#webpage\"},\"articleSection\":\"Regional\"},{\"@type\":\"BreadcrumbList\",\"@id\":\"https:\\\/\\\/minutobahia24h.com.br\\\/?p=48979#breadcrumblist\",\"itemListElement\":[{\"@type\":\"ListItem\",\"@id\":\"https:\\\/\\\/minutobahia24h.com.br#listItem\",\"position\":1,\"name\":\"In\\u00edcio\",\"item\":\"https:\\\/\\\/minutobahia24h.com.br\",\"nextItem\":{\"@type\":\"ListItem\",\"@id\":\"https:\\\/\\\/minutobahia24h.com.br\\\/?cat=3#listItem\",\"name\":\"Regional\"}},{\"@type\":\"ListItem\",\"@id\":\"https:\\\/\\\/minutobahia24h.com.br\\\/?cat=3#listItem\",\"position\":2,\"name\":\"Regional\",\"item\":\"https:\\\/\\\/minutobahia24h.com.br\\\/?cat=3\",\"nextItem\":{\"@type\":\"ListItem\",\"@id\":\"https:\\\/\\\/minutobahia24h.com.br\\\/?p=48979#listItem\",\"name\":\"Irm\\u00e3os acusados por morte de PM s\\u00e3o assassinados junto com a m\\u00e3e, na Bahia\"},\"previousItem\":{\"@type\":\"ListItem\",\"@id\":\"https:\\\/\\\/minutobahia24h.com.br#listItem\",\"name\":\"In\\u00edcio\"}},{\"@type\":\"ListItem\",\"@id\":\"https:\\\/\\\/minutobahia24h.com.br\\\/?p=48979#listItem\",\"position\":3,\"name\":\"Irm\\u00e3os acusados por morte de PM s\\u00e3o assassinados junto com a m\\u00e3e, na Bahia\",\"previousItem\":{\"@type\":\"ListItem\",\"@id\":\"https:\\\/\\\/minutobahia24h.com.br\\\/?cat=3#listItem\",\"name\":\"Regional\"}}]},{\"@type\":\"Organization\",\"@id\":\"https:\\\/\\\/minutobahia24h.com.br\\\/#organization\",\"name\":\"Minuto Bahia 24h\",\"description\":\"O seu portal de not\\u00edcias\",\"url\":\"https:\\\/\\\/minutobahia24h.com.br\\\/\",\"logo\":{\"@type\":\"ImageObject\",\"url\":\"https:\\\/\\\/i0.wp.com\\\/minutobahia24h.com.br\\\/wp-content\\\/uploads\\\/2023\\\/09\\\/cropped-minutoba.png?fit=457%2C119&ssl=1\",\"@id\":\"https:\\\/\\\/minutobahia24h.com.br\\\/?p=48979\\\/#organizationLogo\",\"width\":457,\"height\":119},\"image\":{\"@id\":\"https:\\\/\\\/minutobahia24h.com.br\\\/?p=48979\\\/#organizationLogo\"}},{\"@type\":\"Person\",\"@id\":\"https:\\\/\\\/minutobahia24h.com.br\\\/?author=2#author\",\"url\":\"https:\\\/\\\/minutobahia24h.com.br\\\/?author=2\",\"name\":\"andre\",\"image\":{\"@type\":\"ImageObject\",\"@id\":\"https:\\\/\\\/minutobahia24h.com.br\\\/?p=48979#authorImage\",\"url\":\"https:\\\/\\\/secure.gravatar.com\\\/avatar\\\/0ec5eafed5f3925c321625d79a680d589901b94bca787ae396a35f6c4a960922?s=96&d=mm&r=g\",\"width\":96,\"height\":96,\"caption\":\"andre\"}},{\"@type\":\"WebPage\",\"@id\":\"https:\\\/\\\/minutobahia24h.com.br\\\/?p=48979#webpage\",\"url\":\"https:\\\/\\\/minutobahia24h.com.br\\\/?p=48979\",\"name\":\"Irm\\u00e3os acusados por morte de PM s\\u00e3o assassinados junto com a m\\u00e3e, na Bahia - Minuto Bahia 24h\",\"description\":\"Uma m\\u00e3e e dois filhos foram mortos a tiros dentro de um carro em Correntina, Oeste da Bahia. O caso aconteceu na \\u00faltima ter\\u00e7a-feira (1). As v\\u00edtimas foram Jandira Pereira Silva, de 49 anos, Matheus Pereira Oliveira, 26, e Venilson Pereira Oliveira, 24. A Pol\\u00edcia Militar apurou preliminarmente que o ve\\u00edculo em que as v\\u00edtimas\",\"inLanguage\":\"pt-BR\",\"isPartOf\":{\"@id\":\"https:\\\/\\\/minutobahia24h.com.br\\\/#website\"},\"breadcrumb\":{\"@id\":\"https:\\\/\\\/minutobahia24h.com.br\\\/?p=48979#breadcrumblist\"},\"author\":{\"@id\":\"https:\\\/\\\/minutobahia24h.com.br\\\/?author=2#author\"},\"creator\":{\"@id\":\"https:\\\/\\\/minutobahia24h.com.br\\\/?author=2#author\"},\"image\":{\"@type\":\"ImageObject\",\"url\":\"https:\\\/\\\/i0.wp.com\\\/minutobahia24h.com.br\\\/wp-content\\\/uploads\\\/2026\\\/09\\\/Sem-titulo-31.jpg?fit=700%2C700&ssl=1\",\"@id\":\"https:\\\/\\\/minutobahia24h.com.br\\\/?p=48979\\\/#mainImage\",\"width\":700,\"height\":700},\"primaryImageOfPage\":{\"@id\":\"https:\\\/\\\/minutobahia24h.com.br\\\/?p=48979#mainImage\"},\"datePublished\":\"2026-09-03T07:11:39-03:00\",\"dateModified\":\"2026-09-03T07:11:39-03:00\"},{\"@type\":\"WebSite\",\"@id\":\"https:\\\/\\\/minutobahia24h.com.br\\\/#website\",\"url\":\"https:\\\/\\\/minutobahia24h.com.br\\\/\",\"name\":\"Minuto Bahia 24h\",\"description\":\"O seu portal de not\\u00edcias\",\"inLanguage\":\"pt-BR\",\"publisher\":{\"@id\":\"https:\\\/\\\/minutobahia24h.com.br\\\/#organization\"}}]}\n\t\t<\/script>\n\t\t<!-- All in One SEO -->\n\n","aioseo_head_json":{"title":"Irm\u00e3os acusados por morte de PM s\u00e3o assassinados junto com a m\u00e3e, na Bahia - Minuto Bahia 24h","description":"Uma m\u00e3e e dois filhos foram mortos a tiros dentro de um carro em Correntina, Oeste da Bahia. O caso aconteceu na \u00faltima ter\u00e7a-feira (1). As v\u00edtimas foram Jandira Pereira Silva, de 49 anos, Matheus Pereira Oliveira, 26, e Venilson Pereira Oliveira, 24. A Pol\u00edcia Militar apurou preliminarmente que o ve\u00edculo em que as v\u00edtimas","canonical_url":"https:\/\/minutobahia24h.com.br\/?p=48979","robots":"max-image-preview:large","keywords":"","webmasterTools":{"miscellaneous":""},"schema":{"@context":"https:\/\/schema.org","@graph":[{"@type":"BlogPosting","@id":"https:\/\/minutobahia24h.com.br\/?p=48979#blogposting","name":"Irm\u00e3os acusados por morte de PM s\u00e3o assassinados junto com a m\u00e3e, na Bahia - Minuto Bahia 24h","headline":"Irm\u00e3os acusados por morte de PM s\u00e3o assassinados junto com a m\u00e3e, na Bahia","author":{"@id":"https:\/\/minutobahia24h.com.br\/?author=2#author"},"publisher":{"@id":"https:\/\/minutobahia24h.com.br\/#organization"},"image":{"@type":"ImageObject","url":"https:\/\/i0.wp.com\/minutobahia24h.com.br\/wp-content\/uploads\/2026\/09\/Sem-titulo-31.jpg?fit=700%2C700&ssl=1","width":700,"height":700},"datePublished":"2026-09-03T07:11:39-03:00","dateModified":"2026-09-03T07:11:39-03:00","inLanguage":"pt-BR","mainEntityOfPage":{"@id":"https:\/\/minutobahia24h.com.br\/?p=48979#webpage"},"isPartOf":{"@id":"https:\/\/minutobahia24h.com.br\/?p=48979#webpage"},"articleSection":"Regional"},{"@type":"BreadcrumbList","@id":"https:\/\/minutobahia24h.com.br\/?p=48979#breadcrumblist","itemListElement":[{"@type":"ListItem","@id":"https:\/\/minutobahia24h.com.br#listItem","position":1,"name":"In\u00edcio","item":"https:\/\/minutobahia24h.com.br","nextItem":{"@type":"ListItem","@id":"https:\/\/minutobahia24h.com.br\/?cat=3#listItem","name":"Regional"}},{"@type":"ListItem","@id":"https:\/\/minutobahia24h.com.br\/?cat=3#listItem","position":2,"name":"Regional","item":"https:\/\/minutobahia24h.com.br\/?cat=3","nextItem":{"@type":"ListItem","@id":"https:\/\/minutobahia24h.com.br\/?p=48979#listItem","name":"Irm\u00e3os acusados por morte de PM s\u00e3o assassinados junto com a m\u00e3e, na Bahia"},"previousItem":{"@type":"ListItem","@id":"https:\/\/minutobahia24h.com.br#listItem","name":"In\u00edcio"}},{"@type":"ListItem","@id":"https:\/\/minutobahia24h.com.br\/?p=48979#listItem","position":3,"name":"Irm\u00e3os acusados por morte de PM s\u00e3o assassinados junto com a m\u00e3e, na Bahia","previousItem":{"@type":"ListItem","@id":"https:\/\/minutobahia24h.com.br\/?cat=3#listItem","name":"Regional"}}]},{"@type":"Organization","@id":"https:\/\/minutobahia24h.com.br\/#organization","name":"Minuto Bahia 24h","description":"O seu portal de not\u00edcias","url":"https:\/\/minutobahia24h.com.br\/","logo":{"@type":"ImageObject","url":"https:\/\/i0.wp.com\/minutobahia24h.com.br\/wp-content\/uploads\/2023\/09\/cropped-minutoba.png?fit=457%2C119&ssl=1","@id":"https:\/\/minutobahia24h.com.br\/?p=48979\/#organizationLogo","width":457,"height":119},"image":{"@id":"https:\/\/minutobahia24h.com.br\/?p=48979\/#organizationLogo"}},{"@type":"Person","@id":"https:\/\/minutobahia24h.com.br\/?author=2#author","url":"https:\/\/minutobahia24h.com.br\/?author=2","name":"andre","image":{"@type":"ImageObject","@id":"https:\/\/minutobahia24h.com.br\/?p=48979#authorImage","url":"https:\/\/secure.gravatar.com\/avatar\/0ec5eafed5f3925c321625d79a680d589901b94bca787ae396a35f6c4a960922?s=96&d=mm&r=g","width":96,"height":96,"caption":"andre"}},{"@type":"WebPage","@id":"https:\/\/minutobahia24h.com.br\/?p=48979#webpage","url":"https:\/\/minutobahia24h.com.br\/?p=48979","name":"Irm\u00e3os acusados por morte de PM s\u00e3o assassinados junto com a m\u00e3e, na Bahia - Minuto Bahia 24h","description":"Uma m\u00e3e e dois filhos foram mortos a tiros dentro de um carro em Correntina, Oeste da Bahia. O caso aconteceu na \u00faltima ter\u00e7a-feira (1). As v\u00edtimas foram Jandira Pereira Silva, de 49 anos, Matheus Pereira Oliveira, 26, e Venilson Pereira Oliveira, 24. A Pol\u00edcia Militar apurou preliminarmente que o ve\u00edculo em que as v\u00edtimas","inLanguage":"pt-BR","isPartOf":{"@id":"https:\/\/minutobahia24h.com.br\/#website"},"breadcrumb":{"@id":"https:\/\/minutobahia24h.com.br\/?p=48979#breadcrumblist"},"author":{"@id":"https:\/\/minutobahia24h.com.br\/?author=2#author"},"creator":{"@id":"https:\/\/minutobahia24h.com.br\/?author=2#author"},"image":{"@type":"ImageObject","url":"https:\/\/i0.wp.com\/minutobahia24h.com.br\/wp-content\/uploads\/2026\/09\/Sem-titulo-31.jpg?fit=700%2C700&ssl=1","@id":"https:\/\/minutobahia24h.com.br\/?p=48979\/#mainImage","width":700,"height":700},"primaryImageOfPage":{"@id":"https:\/\/minutobahia24h.com.br\/?p=48979#mainImage"},"datePublished":"2026-09-03T07:11:39-03:00","dateModified":"2026-09-03T07:11:39-03:00"},{"@type":"WebSite","@id":"https:\/\/minutobahia24h.com.br\/#website","url":"https:\/\/minutobahia24h.com.br\/","name":"Minuto Bahia 24h","description":"O seu portal de not\u00edcias","inLanguage":"pt-BR","publisher":{"@id":"https:\/\/minutobahia24h.com.br\/#organization"}}]},"og:locale":"pt_BR","og:site_name":"Minuto Bahia 24h - O seu portal de not\u00edcias","og:type":"article","og:title":"Irm\u00e3os acusados por morte de PM s\u00e3o assassinados junto com a m\u00e3e, na Bahia - Minuto Bahia 24h","og:description":"Uma m\u00e3e e dois filhos foram mortos a tiros dentro de um carro em Correntina, Oeste da Bahia. O caso aconteceu na \u00faltima ter\u00e7a-feira (1). As v\u00edtimas foram Jandira Pereira Silva, de 49 anos, Matheus Pereira Oliveira, 26, e Venilson Pereira Oliveira, 24. A Pol\u00edcia Militar apurou preliminarmente que o ve\u00edculo em que as v\u00edtimas","og:url":"https:\/\/minutobahia24h.com.br\/?p=48979","og:image":"https:\/\/minutobahia24h.com.br\/wp-content\/uploads\/2026\/09\/Sem-titulo-31.jpg","og:image:secure_url":"https:\/\/minutobahia24h.com.br\/wp-content\/uploads\/2026\/09\/Sem-titulo-31.jpg","og:image:width":700,"og:image:height":700,"article:published_time":"2026-09-03T10:11:39+00:00","article:modified_time":"2026-09-03T10:11:39+00:00","twitter:card":"summary_large_image","twitter:title":"Irm\u00e3os acusados por morte de PM s\u00e3o assassinados junto com a m\u00e3e, na Bahia - Minuto Bahia 24h","twitter:description":"Uma m\u00e3e e dois filhos foram mortos a tiros dentro de um carro em Correntina, Oeste da Bahia. O caso aconteceu na \u00faltima ter\u00e7a-feira (1). As v\u00edtimas foram Jandira Pereira Silva, de 49 anos, Matheus Pereira Oliveira, 26, e Venilson Pereira Oliveira, 24. A Pol\u00edcia Militar apurou preliminarmente que o ve\u00edculo em que as v\u00edtimas","twitter:image":"https:\/\/minutobahia24h.com.br\/wp-content\/uploads\/2026\/09\/Sem-titulo-31.jpg"},"aioseo_meta_data":{"post_id":"48979","title":null,"description":null,"keywords":null,"keyphrases":{"focus":{"keyphrase":"","score":0,"analysis":{"keyphraseInTitle":{"score":0,"maxScore":9,"error":1}}},"additional":[]},"primary_term":null,"canonical_url":null,"og_title":null,"og_description":null,"og_object_type":"default","og_image_type":"default","og_image_url":null,"og_image_width":null,"og_image_height":null,"og_image_custom_url":null,"og_image_custom_fields":null,"og_video":"","og_custom_url":null,"og_article_section":null,"og_article_tags":null,"twitter_use_og":true,"twitter_card":"default","twitter_image_type":"default","twitter_image_url":null,"twitter_image_custom_url":null,"twitter_image_custom_fields":null,"twitter_title":null,"twitter_description":null,"schema":{"blockGraphs":[],"customGraphs":[],"default":{"data":{"Article":[],"Course":[],"Dataset":[],"FAQPage":[],"Movie":[],"Person":[],"Product":[],"ProductReview":[],"Car":[],"Recipe":[],"Service":[],"SoftwareApplication":[],"WebPage":[]},"graphName":"BlogPosting","isEnabled":true},"graphs":[]},"schema_type":"default","schema_type_options":null,"pillar_content":false,"robots_default":true,"robots_noindex":false,"robots_noarchive":false,"robots_nosnippet":false,"robots_nofollow":false,"robots_noimageindex":false,"robots_noodp":false,"robots_notranslate":false,"robots_max_snippet":"-1","robots_max_videopreview":"-1","robots_max_imagepreview":"large","priority":null,"frequency":"default","local_seo":null,"breadcrumb_settings":null,"limit_modified_date":false,"ai":{"faqs":[],"keyPoints":[],"schemas":[],"titles":[],"descriptions":[],"socialPosts":{"email":{"subject":"","preview":"","content":""},"linkedin":[],"twitter":[],"facebook":[],"instagram":[]}},"created":"2026-09-03 10:11:39","updated":"2026-09-03 10:36:34","seo_analyzer_scan_date":null,"focus_keyword":null,"additional_keywords":null,"truseo_locale":null},"aioseo_breadcrumb":"<div class=\"aioseo-breadcrumbs\"><span class=\"aioseo-breadcrumb\">\n\t\t\t<a href=\"https:\/\/minutobahia24h.com.br\" title=\"In\u00edcio\">In\u00edcio<\/a>\n\t\t<\/span><span class=\"aioseo-breadcrumb-separator\">&raquo;<\/span><span class=\"aioseo-breadcrumb\">\n\t\t\t<a href=\"https:\/\/minutobahia24h.com.br\/?cat=3\" title=\"Regional\">Regional<\/a>\n\t\t<\/span><span class=\"aioseo-breadcrumb-separator\">&raquo;<\/span><span class=\"aioseo-breadcrumb\">\n\t\t\tIrm\u00e3os acusados por morte de PM s\u00e3o assassinados junto com a m\u00e3e, na Bahia\n\t\t<\/span><\/div>","aioseo_breadcrumb_json":[{"label":"In\u00edcio","link":"https:\/\/minutobahia24h.com.br"},{"label":"Regional","link":"https:\/\/minutobahia24h.com.br\/?cat=3"},{"label":"Irm\u00e3os acusados por morte de PM s\u00e3o assassinados junto com a m\u00e3e, na Bahia","link":"https:\/\/minutobahia24h.com.br\/?p=48979"}],"jetpack_sharing_enabled":true,"jetpack_featured_media_url":"https:\/\/i0.wp.com\/minutobahia24h.com.br\/wp-content\/uploads\/2026\/09\/Sem-titulo-31.jpg?fit=700%2C700&ssl=1","_links":{"self":[{"href":"https:\/\/minutobahia24h.com.br\/index.php?rest_route=\/wp\/v2\/posts\/48979","targetHints":{"allow":["GET"]}}],"collection":[{"href":"https:\/\/minutobahia24h.com.br\/index.php?rest_route=\/wp\/v2\/posts"}],"about":[{"href":"https:\/\/minutobahia24h.com.br\/index.php?rest_route=\/wp\/v2\/types\/post"}],"author":[{"embeddable":true,"href":"https:\/\/minutobahia24h.com.br\/index.php?rest_route=\/wp\/v2\/users\/2"}],"replies":[{"embeddable":true,"href":"https:\/\/minutobahia24h.com.br\/index.php?rest_route=%2Fwp%2Fv2%2Fcomments&post=48979"}],"version-history":[{"count":1,"href":"https:\/\/minutobahia24h.com.br\/index.php?rest_route=\/wp\/v2\/posts\/48979\/revisions"}],"predecessor-version":[{"id":48981,"href":"https:\/\/minutobahia24h.com.br\/index.php?rest_route=\/wp\/v2\/posts\/48979\/revisions\/48981"}],"wp:featuredmedia":[{"embeddable":true,"href":"https:\/\/minutobahia24h.com.br\/index.php?rest_route=\/wp\/v2\/media\/48980"}],"wp:attachment":[{"href":"https:\/\/minutobahia24h.com.br\/index.php?rest_route=%2Fwp%2Fv2%2Fmedia&parent=48979"}],"wp:term":[{"taxonomy":"category","embeddable":true,"href":"https:\/\/minutobahia24h.com.br\/index.php?rest_route=%2Fwp%2Fv2%2Fcategories&post=48979"},{"taxonomy":"post_tag","embeddable":true,"href":"https:\/\/minutobahia24h.com.br\/index.php?rest_route=%2Fwp%2Fv2%2Ftags&post=48979"}],"curies":[{"name":"wp","href":"https:\/\/api.w.org\/{rel}","templated":true}]}}