{"id":48970,"date":"2026-09-02T09:11:40","date_gmt":"2026-09-02T12:11:40","guid":{"rendered":"https:\/\/minutobahia24h.com.br\/?p=48970"},"modified":"2026-09-02T09:11:40","modified_gmt":"2026-09-02T12:11:40","slug":"pgr-pede-nulidade-de-investigacao-de-moraes-no-caso-master","status":"publish","type":"post","link":"https:\/\/minutobahia24h.com.br\/?p=48970","title":{"rendered":"PGR pede nulidade de investiga\u00e7\u00e3o de Moraes no caso Master"},"content":{"rendered":"<div class=\"wp-block-image\">\n<figure class=\"aligncenter size-full\"><img data-recalc-dims=\"1\" fetchpriority=\"high\" decoding=\"async\" width=\"598\" height=\"417\" src=\"https:\/\/i0.wp.com\/minutobahia24h.com.br\/wp-content\/uploads\/2026\/09\/Sem-titulo-29.jpg?resize=598%2C417&#038;ssl=1\" alt=\"\" class=\"wp-image-48971\"\/><figcaption class=\"wp-element-caption\">Foto: Reprodu\u00e7\u00e3o \/ TV Justi\u00e7a<br><\/figcaption><\/figure>\n<\/div>\n\n\n<p class=\"wp-block-paragraph\">A Procuradoria-Geral da Rep\u00fablica (PGR) pediu, nesta ter\u00e7a-feira (1\u00ba), a nulidade dos atos que deram origem \u00e0 investiga\u00e7\u00e3o do ministro Alexandre de Moraes, do Supremo Tribunal Federal (STF), no \u00e2mbito do caso Banco Master.<\/p>\n\n\n\n<p class=\"wp-block-paragraph\">A manifesta\u00e7\u00e3o foi apresentada pelo procurador-geral da Rep\u00fablica, Paulo Gonet, ap\u00f3s o ministro Andr\u00e9 Mendon\u00e7a, relator do caso, determinar a retirada do sigilo de documentos produzidos pela Pol\u00edcia Federal (PF). Antes do parecer do PGR,&nbsp;<strong><a href=\"https:\/\/bahia.ba\/justica\/moraes-e-mendonca-se-desentendem-no-stf-em-caso-ligado-a-vorcaro\/\">Moraes e Mendon\u00e7a protagonizaram uma discuss\u00e3o acalorada<\/a><\/strong>&nbsp;durante sess\u00e3o na Suprema Corte.<\/p>\n\n\n\n<p class=\"wp-block-paragraph\">O material re\u00fane mensagens extra\u00eddas do celular do ex-banqueiro Daniel Vorcaro, antigo controlador do Banco Master, e traz refer\u00eancias a Moraes, Gonet e ao diretor-geral da Pol\u00edcia Federal, Andrei Rodrigues.<\/p>\n\n\n\n<p class=\"wp-block-paragraph\">No parecer encaminhado ao STF, Gonet argumentou que Andr\u00e9 Mendon\u00e7a teria ultrapassado os limites de sua atua\u00e7\u00e3o ao determinar que a PF aprofundasse a apura\u00e7\u00e3o sobre um colega de Corte sem uma provoca\u00e7\u00e3o anterior do Minist\u00e9rio P\u00fablico ou iniciativa da pr\u00f3pria pol\u00edcia.<\/p>\n\n\n\n<p class=\"wp-block-paragraph\">Segundo o procurador-geral, mesmo que surgissem ind\u00edcios envolvendo Moraes durante a investiga\u00e7\u00e3o, caberia ao relator comunicar a situa\u00e7\u00e3o ao presidente do STF para que o plen\u00e1rio da Corte decidisse se haveria ou n\u00e3o necessidade de uma investiga\u00e7\u00e3o espec\u00edfica.<\/p>\n\n\n\n<p class=\"wp-block-paragraph\">\u201cAo juiz n\u00e3o cabe acusar, menos ainda ao juiz cabe realizar investiga\u00e7\u00f5es pr\u00e9-processuais\u201d, afirmou Gonet no documento.<\/p>\n\n\n\n<p class=\"wp-block-paragraph\">O procurador tamb\u00e9m sustentou que uma ordem judicial para que a pol\u00edcia investigue pessoas determinadas, sem pedido do Minist\u00e9rio P\u00fablico ou iniciativa da autoridade policial, extrapola as atribui\u00e7\u00f5es do magistrado durante a fase pr\u00e9-processual.<\/p>\n\n\n\n<h3 class=\"wp-block-heading\">Relat\u00f3rio da PF exp\u00f5e mensagens de Vorcaro<\/h3>\n\n\n\n<p class=\"wp-block-paragraph\">A manifesta\u00e7\u00e3o da PGR ocorreu no mesmo dia em que<strong><a href=\"https:\/\/bahia.ba\/justica\/mendonca-retira-sigilo-de-acao-sobre-mensagens-entre-vorcaro-e-moraes\/\">&nbsp;Andr\u00e9 Mendon\u00e7a tornou p\u00fablico o relat\u00f3rio da Pol\u00edcia Federal<\/a>&nbsp;<\/strong>elaborado a partir da an\u00e1lise do celular de Daniel Vorcaro.<\/p>\n\n\n\n<p class=\"wp-block-paragraph\">O documento apresenta mensagens que indicam contatos entre o ex-banqueiro e pessoas ligadas ao STF, \u00e0 PGR e \u00e0 Pol\u00edcia Federal. Entre os epis\u00f3dios relatados est\u00e3o conversas atribu\u00eddas a Vorcaro e Alexandre de Moraes, al\u00e9m de refer\u00eancias a Paulo Gonet.<\/p>\n\n\n\n<p class=\"wp-block-paragraph\">O relat\u00f3rio tamb\u00e9m menciona a atua\u00e7\u00e3o do advogado Ciro Soares como interlocutor em contatos entre Vorcaro e autoridades.<\/p>\n\n\n\n<p class=\"wp-block-paragraph\">Em um dos pontos que envolvem Moraes, as mensagens analisadas pela PF registram pedidos de Vorcaro relacionados \u00e0s investiga\u00e7\u00f5es que atingiam o Banco Master e a autoridades respons\u00e1veis pelo caso. O material tamb\u00e9m cita um contrato milion\u00e1rio entre o banco e o escrit\u00f3rio de advocacia de Viviane Barci de Moraes, esposa do ministro.<\/p>\n\n\n\n<p class=\"wp-block-paragraph\">As informa\u00e7\u00f5es integram a investiga\u00e7\u00e3o da Opera\u00e7\u00e3o Compliance Zero, que apura irregularidades envolvendo o Banco Master e Daniel Vorcaro.<\/p>\n\n\n\n<h3 class=\"wp-block-heading\">Caso pode ser analisado pelo plen\u00e1rio do STF<\/h3>\n\n\n\n<p class=\"wp-block-paragraph\">Ao retirar o sigilo do relat\u00f3rio, Andr\u00e9 Mendon\u00e7a indicou que as novas informa\u00e7\u00f5es envolvendo Alexandre de Moraes devem ser submetidas \u00e0 an\u00e1lise do plen\u00e1rio do Supremo.<\/p>\n\n\n\n<p class=\"wp-block-paragraph\">A decis\u00e3o sobre o prosseguimento ou n\u00e3o de uma eventual investiga\u00e7\u00e3o contra Moraes dever\u00e1 ser discutida internamente pela Corte. A manifesta\u00e7\u00e3o da PGR, entretanto, cria um novo embate jur\u00eddico sobre a validade dos atos praticados durante a apura\u00e7\u00e3o.<\/p>\n\n\n\n<p class=\"wp-block-paragraph\">A discuss\u00e3o central agora \u00e9 se Mendon\u00e7a tinha compet\u00eancia para determinar, de of\u00edcio, o aprofundamento das investiga\u00e7\u00f5es envolvendo outro ministro do STF ou se a medida deveria ter sido previamente submetida ao plen\u00e1rio da Corte.<\/p>\n\n\n\n<p class=\"wp-block-paragraph\">bahia.ba<\/p>\n","protected":false},"excerpt":{"rendered":"<p>A Procuradoria-Geral da Rep\u00fablica (PGR) pediu, nesta ter\u00e7a-feira (1\u00ba), a nulidade dos atos que deram origem \u00e0 investiga\u00e7\u00e3o do ministro Alexandre de Moraes, do Supremo Tribunal Federal (STF), no \u00e2mbito do caso Banco Master. A manifesta\u00e7\u00e3o foi apresentada pelo procurador-geral da Rep\u00fablica, Paulo Gonet, ap\u00f3s o ministro Andr\u00e9 Mendon\u00e7a, relator do caso, determinar a retirada [&hellip;]<\/p>\n","protected":false},"author":2,"featured_media":48971,"comment_status":"open","ping_status":"open","sticky":false,"template":"","format":"standard","meta":{"_jetpack_newsletter_access":"","_jetpack_dont_email_post_to_subs":false,"_jetpack_newsletter_tier_id":0,"_jetpack_memberships_contains_paywalled_content":false,"_jetpack_feature_clip_id":0,"_jetpack_memberships_contains_paid_content":false,"footnotes":"","jetpack_post_was_ever_published":false},"categories":[23],"tags":[],"class_list":["post-48970","post","type-post","status-publish","format-standard","has-post-thumbnail","hentry","category-justica"],"aioseo_notices":[],"aioseo_head":"\n\t\t<!-- All in One SEO 5.0.1.1 - aioseo.com -->\n\t<meta name=\"description\" content=\"A Procuradoria-Geral da Rep\u00fablica (PGR) pediu, nesta ter\u00e7a-feira (1\u00ba), a nulidade dos atos que deram origem \u00e0 investiga\u00e7\u00e3o do ministro Alexandre de Moraes, do Supremo Tribunal Federal (STF), no \u00e2mbito do caso Banco Master. A manifesta\u00e7\u00e3o foi apresentada pelo procurador-geral da Rep\u00fablica, Paulo Gonet, ap\u00f3s o ministro Andr\u00e9 Mendon\u00e7a, relator do caso, determinar a retirada\" \/>\n\t<meta name=\"robots\" content=\"max-image-preview:large\" \/>\n\t<meta name=\"author\" content=\"andre\"\/>\n\t<link rel=\"canonical\" href=\"https:\/\/minutobahia24h.com.br\/?p=48970\" \/>\n\t<meta name=\"generator\" content=\"All in One SEO (AIOSEO) 5.0.1.1\" \/>\n\t\t<meta property=\"og:locale\" content=\"pt_BR\" \/>\n\t\t<meta property=\"og:site_name\" content=\"Minuto Bahia 24h - O seu portal de not\u00edcias\" \/>\n\t\t<meta property=\"og:type\" content=\"article\" \/>\n\t\t<meta property=\"og:title\" content=\"PGR pede nulidade de investiga\u00e7\u00e3o de Moraes no caso Master - Minuto Bahia 24h\" \/>\n\t\t<meta property=\"og:description\" content=\"A Procuradoria-Geral da Rep\u00fablica (PGR) pediu, nesta ter\u00e7a-feira (1\u00ba), a nulidade dos atos que deram origem \u00e0 investiga\u00e7\u00e3o do ministro Alexandre de Moraes, do Supremo Tribunal Federal (STF), no \u00e2mbito do caso Banco Master. A manifesta\u00e7\u00e3o foi apresentada pelo procurador-geral da Rep\u00fablica, Paulo Gonet, ap\u00f3s o ministro Andr\u00e9 Mendon\u00e7a, relator do caso, determinar a retirada\" \/>\n\t\t<meta property=\"og:url\" content=\"https:\/\/minutobahia24h.com.br\/?p=48970\" \/>\n\t\t<meta property=\"og:image\" content=\"https:\/\/minutobahia24h.com.br\/wp-content\/uploads\/2026\/09\/Sem-titulo-29.jpg\" \/>\n\t\t<meta property=\"og:image:secure_url\" content=\"https:\/\/minutobahia24h.com.br\/wp-content\/uploads\/2026\/09\/Sem-titulo-29.jpg\" \/>\n\t\t<meta property=\"og:image:width\" content=\"598\" \/>\n\t\t<meta property=\"og:image:height\" content=\"417\" \/>\n\t\t<meta property=\"article:published_time\" content=\"2026-09-02T12:11:40+00:00\" \/>\n\t\t<meta property=\"article:modified_time\" content=\"2026-09-02T12:11:40+00:00\" \/>\n\t\t<meta name=\"twitter:card\" content=\"summary_large_image\" \/>\n\t\t<meta name=\"twitter:title\" content=\"PGR pede nulidade de investiga\u00e7\u00e3o de Moraes no caso Master - Minuto Bahia 24h\" \/>\n\t\t<meta name=\"twitter:description\" content=\"A Procuradoria-Geral da Rep\u00fablica (PGR) pediu, nesta ter\u00e7a-feira (1\u00ba), a nulidade dos atos que deram origem \u00e0 investiga\u00e7\u00e3o do ministro Alexandre de Moraes, do Supremo Tribunal Federal (STF), no \u00e2mbito do caso Banco Master. A manifesta\u00e7\u00e3o foi apresentada pelo procurador-geral da Rep\u00fablica, Paulo Gonet, ap\u00f3s o ministro Andr\u00e9 Mendon\u00e7a, relator do caso, determinar a retirada\" \/>\n\t\t<meta name=\"twitter:image\" content=\"https:\/\/minutobahia24h.com.br\/wp-content\/uploads\/2026\/09\/Sem-titulo-29.jpg\" \/>\n\t\t<script type=\"application\/ld+json\" class=\"aioseo-schema\">\n\t\t\t{\"@context\":\"https:\\\/\\\/schema.org\",\"@graph\":[{\"@type\":\"BlogPosting\",\"@id\":\"https:\\\/\\\/minutobahia24h.com.br\\\/?p=48970#blogposting\",\"name\":\"PGR pede nulidade de investiga\\u00e7\\u00e3o de Moraes no caso Master - Minuto Bahia 24h\",\"headline\":\"PGR pede nulidade de investiga\\u00e7\\u00e3o de Moraes no caso Master\",\"author\":{\"@id\":\"https:\\\/\\\/minutobahia24h.com.br\\\/?author=2#author\"},\"publisher\":{\"@id\":\"https:\\\/\\\/minutobahia24h.com.br\\\/#organization\"},\"image\":{\"@type\":\"ImageObject\",\"url\":\"https:\\\/\\\/i0.wp.com\\\/minutobahia24h.com.br\\\/wp-content\\\/uploads\\\/2026\\\/09\\\/Sem-titulo-29.jpg?fit=598%2C417&ssl=1\",\"width\":598,\"height\":417},\"datePublished\":\"2026-09-02T09:11:40-03:00\",\"dateModified\":\"2026-09-02T09:11:40-03:00\",\"inLanguage\":\"pt-BR\",\"mainEntityOfPage\":{\"@id\":\"https:\\\/\\\/minutobahia24h.com.br\\\/?p=48970#webpage\"},\"isPartOf\":{\"@id\":\"https:\\\/\\\/minutobahia24h.com.br\\\/?p=48970#webpage\"},\"articleSection\":\"Justi\\u00e7a\"},{\"@type\":\"BreadcrumbList\",\"@id\":\"https:\\\/\\\/minutobahia24h.com.br\\\/?p=48970#breadcrumblist\",\"itemListElement\":[{\"@type\":\"ListItem\",\"@id\":\"https:\\\/\\\/minutobahia24h.com.br#listItem\",\"position\":1,\"name\":\"In\\u00edcio\",\"item\":\"https:\\\/\\\/minutobahia24h.com.br\",\"nextItem\":{\"@type\":\"ListItem\",\"@id\":\"https:\\\/\\\/minutobahia24h.com.br\\\/?cat=23#listItem\",\"name\":\"Justi\\u00e7a\"}},{\"@type\":\"ListItem\",\"@id\":\"https:\\\/\\\/minutobahia24h.com.br\\\/?cat=23#listItem\",\"position\":2,\"name\":\"Justi\\u00e7a\",\"item\":\"https:\\\/\\\/minutobahia24h.com.br\\\/?cat=23\",\"nextItem\":{\"@type\":\"ListItem\",\"@id\":\"https:\\\/\\\/minutobahia24h.com.br\\\/?p=48970#listItem\",\"name\":\"PGR pede nulidade de investiga\\u00e7\\u00e3o de Moraes no caso Master\"},\"previousItem\":{\"@type\":\"ListItem\",\"@id\":\"https:\\\/\\\/minutobahia24h.com.br#listItem\",\"name\":\"In\\u00edcio\"}},{\"@type\":\"ListItem\",\"@id\":\"https:\\\/\\\/minutobahia24h.com.br\\\/?p=48970#listItem\",\"position\":3,\"name\":\"PGR pede nulidade de investiga\\u00e7\\u00e3o de Moraes no caso Master\",\"previousItem\":{\"@type\":\"ListItem\",\"@id\":\"https:\\\/\\\/minutobahia24h.com.br\\\/?cat=23#listItem\",\"name\":\"Justi\\u00e7a\"}}]},{\"@type\":\"Organization\",\"@id\":\"https:\\\/\\\/minutobahia24h.com.br\\\/#organization\",\"name\":\"Minuto Bahia 24h\",\"description\":\"O seu portal de not\\u00edcias\",\"url\":\"https:\\\/\\\/minutobahia24h.com.br\\\/\",\"logo\":{\"@type\":\"ImageObject\",\"url\":\"https:\\\/\\\/i0.wp.com\\\/minutobahia24h.com.br\\\/wp-content\\\/uploads\\\/2023\\\/09\\\/cropped-minutoba.png?fit=457%2C119&ssl=1\",\"@id\":\"https:\\\/\\\/minutobahia24h.com.br\\\/?p=48970\\\/#organizationLogo\",\"width\":457,\"height\":119},\"image\":{\"@id\":\"https:\\\/\\\/minutobahia24h.com.br\\\/?p=48970\\\/#organizationLogo\"}},{\"@type\":\"Person\",\"@id\":\"https:\\\/\\\/minutobahia24h.com.br\\\/?author=2#author\",\"url\":\"https:\\\/\\\/minutobahia24h.com.br\\\/?author=2\",\"name\":\"andre\",\"image\":{\"@type\":\"ImageObject\",\"@id\":\"https:\\\/\\\/minutobahia24h.com.br\\\/?p=48970#authorImage\",\"url\":\"https:\\\/\\\/secure.gravatar.com\\\/avatar\\\/0ec5eafed5f3925c321625d79a680d589901b94bca787ae396a35f6c4a960922?s=96&d=mm&r=g\",\"width\":96,\"height\":96,\"caption\":\"andre\"}},{\"@type\":\"WebPage\",\"@id\":\"https:\\\/\\\/minutobahia24h.com.br\\\/?p=48970#webpage\",\"url\":\"https:\\\/\\\/minutobahia24h.com.br\\\/?p=48970\",\"name\":\"PGR pede nulidade de investiga\\u00e7\\u00e3o de Moraes no caso Master - Minuto Bahia 24h\",\"description\":\"A Procuradoria-Geral da Rep\\u00fablica (PGR) pediu, nesta ter\\u00e7a-feira (1\\u00ba), a nulidade dos atos que deram origem \\u00e0 investiga\\u00e7\\u00e3o do ministro Alexandre de Moraes, do Supremo Tribunal Federal (STF), no \\u00e2mbito do caso Banco Master. A manifesta\\u00e7\\u00e3o foi apresentada pelo procurador-geral da Rep\\u00fablica, Paulo Gonet, ap\\u00f3s o ministro Andr\\u00e9 Mendon\\u00e7a, relator do caso, determinar a retirada\",\"inLanguage\":\"pt-BR\",\"isPartOf\":{\"@id\":\"https:\\\/\\\/minutobahia24h.com.br\\\/#website\"},\"breadcrumb\":{\"@id\":\"https:\\\/\\\/minutobahia24h.com.br\\\/?p=48970#breadcrumblist\"},\"author\":{\"@id\":\"https:\\\/\\\/minutobahia24h.com.br\\\/?author=2#author\"},\"creator\":{\"@id\":\"https:\\\/\\\/minutobahia24h.com.br\\\/?author=2#author\"},\"image\":{\"@type\":\"ImageObject\",\"url\":\"https:\\\/\\\/i0.wp.com\\\/minutobahia24h.com.br\\\/wp-content\\\/uploads\\\/2026\\\/09\\\/Sem-titulo-29.jpg?fit=598%2C417&ssl=1\",\"@id\":\"https:\\\/\\\/minutobahia24h.com.br\\\/?p=48970\\\/#mainImage\",\"width\":598,\"height\":417},\"primaryImageOfPage\":{\"@id\":\"https:\\\/\\\/minutobahia24h.com.br\\\/?p=48970#mainImage\"},\"datePublished\":\"2026-09-02T09:11:40-03:00\",\"dateModified\":\"2026-09-02T09:11:40-03:00\"},{\"@type\":\"WebSite\",\"@id\":\"https:\\\/\\\/minutobahia24h.com.br\\\/#website\",\"url\":\"https:\\\/\\\/minutobahia24h.com.br\\\/\",\"name\":\"Minuto Bahia 24h\",\"description\":\"O seu portal de not\\u00edcias\",\"inLanguage\":\"pt-BR\",\"publisher\":{\"@id\":\"https:\\\/\\\/minutobahia24h.com.br\\\/#organization\"}}]}\n\t\t<\/script>\n\t\t<!-- All in One SEO -->\n\n","aioseo_head_json":{"title":"PGR pede nulidade de investiga\u00e7\u00e3o de Moraes no caso Master - Minuto Bahia 24h","description":"A Procuradoria-Geral da Rep\u00fablica (PGR) pediu, nesta ter\u00e7a-feira (1\u00ba), a nulidade dos atos que deram origem \u00e0 investiga\u00e7\u00e3o do ministro Alexandre de Moraes, do Supremo Tribunal Federal (STF), no \u00e2mbito do caso Banco Master. A manifesta\u00e7\u00e3o foi apresentada pelo procurador-geral da Rep\u00fablica, Paulo Gonet, ap\u00f3s o ministro Andr\u00e9 Mendon\u00e7a, relator do caso, determinar a retirada","canonical_url":"https:\/\/minutobahia24h.com.br\/?p=48970","robots":"max-image-preview:large","keywords":"","webmasterTools":{"miscellaneous":""},"schema":{"@context":"https:\/\/schema.org","@graph":[{"@type":"BlogPosting","@id":"https:\/\/minutobahia24h.com.br\/?p=48970#blogposting","name":"PGR pede nulidade de investiga\u00e7\u00e3o de Moraes no caso Master - Minuto Bahia 24h","headline":"PGR pede nulidade de investiga\u00e7\u00e3o de Moraes no caso Master","author":{"@id":"https:\/\/minutobahia24h.com.br\/?author=2#author"},"publisher":{"@id":"https:\/\/minutobahia24h.com.br\/#organization"},"image":{"@type":"ImageObject","url":"https:\/\/i0.wp.com\/minutobahia24h.com.br\/wp-content\/uploads\/2026\/09\/Sem-titulo-29.jpg?fit=598%2C417&ssl=1","width":598,"height":417},"datePublished":"2026-09-02T09:11:40-03:00","dateModified":"2026-09-02T09:11:40-03:00","inLanguage":"pt-BR","mainEntityOfPage":{"@id":"https:\/\/minutobahia24h.com.br\/?p=48970#webpage"},"isPartOf":{"@id":"https:\/\/minutobahia24h.com.br\/?p=48970#webpage"},"articleSection":"Justi\u00e7a"},{"@type":"BreadcrumbList","@id":"https:\/\/minutobahia24h.com.br\/?p=48970#breadcrumblist","itemListElement":[{"@type":"ListItem","@id":"https:\/\/minutobahia24h.com.br#listItem","position":1,"name":"In\u00edcio","item":"https:\/\/minutobahia24h.com.br","nextItem":{"@type":"ListItem","@id":"https:\/\/minutobahia24h.com.br\/?cat=23#listItem","name":"Justi\u00e7a"}},{"@type":"ListItem","@id":"https:\/\/minutobahia24h.com.br\/?cat=23#listItem","position":2,"name":"Justi\u00e7a","item":"https:\/\/minutobahia24h.com.br\/?cat=23","nextItem":{"@type":"ListItem","@id":"https:\/\/minutobahia24h.com.br\/?p=48970#listItem","name":"PGR pede nulidade de investiga\u00e7\u00e3o de Moraes no caso Master"},"previousItem":{"@type":"ListItem","@id":"https:\/\/minutobahia24h.com.br#listItem","name":"In\u00edcio"}},{"@type":"ListItem","@id":"https:\/\/minutobahia24h.com.br\/?p=48970#listItem","position":3,"name":"PGR pede nulidade de investiga\u00e7\u00e3o de Moraes no caso Master","previousItem":{"@type":"ListItem","@id":"https:\/\/minutobahia24h.com.br\/?cat=23#listItem","name":"Justi\u00e7a"}}]},{"@type":"Organization","@id":"https:\/\/minutobahia24h.com.br\/#organization","name":"Minuto Bahia 24h","description":"O seu portal de not\u00edcias","url":"https:\/\/minutobahia24h.com.br\/","logo":{"@type":"ImageObject","url":"https:\/\/i0.wp.com\/minutobahia24h.com.br\/wp-content\/uploads\/2023\/09\/cropped-minutoba.png?fit=457%2C119&ssl=1","@id":"https:\/\/minutobahia24h.com.br\/?p=48970\/#organizationLogo","width":457,"height":119},"image":{"@id":"https:\/\/minutobahia24h.com.br\/?p=48970\/#organizationLogo"}},{"@type":"Person","@id":"https:\/\/minutobahia24h.com.br\/?author=2#author","url":"https:\/\/minutobahia24h.com.br\/?author=2","name":"andre","image":{"@type":"ImageObject","@id":"https:\/\/minutobahia24h.com.br\/?p=48970#authorImage","url":"https:\/\/secure.gravatar.com\/avatar\/0ec5eafed5f3925c321625d79a680d589901b94bca787ae396a35f6c4a960922?s=96&d=mm&r=g","width":96,"height":96,"caption":"andre"}},{"@type":"WebPage","@id":"https:\/\/minutobahia24h.com.br\/?p=48970#webpage","url":"https:\/\/minutobahia24h.com.br\/?p=48970","name":"PGR pede nulidade de investiga\u00e7\u00e3o de Moraes no caso Master - Minuto Bahia 24h","description":"A Procuradoria-Geral da Rep\u00fablica (PGR) pediu, nesta ter\u00e7a-feira (1\u00ba), a nulidade dos atos que deram origem \u00e0 investiga\u00e7\u00e3o do ministro Alexandre de Moraes, do Supremo Tribunal Federal (STF), no \u00e2mbito do caso Banco Master. A manifesta\u00e7\u00e3o foi apresentada pelo procurador-geral da Rep\u00fablica, Paulo Gonet, ap\u00f3s o ministro Andr\u00e9 Mendon\u00e7a, relator do caso, determinar a retirada","inLanguage":"pt-BR","isPartOf":{"@id":"https:\/\/minutobahia24h.com.br\/#website"},"breadcrumb":{"@id":"https:\/\/minutobahia24h.com.br\/?p=48970#breadcrumblist"},"author":{"@id":"https:\/\/minutobahia24h.com.br\/?author=2#author"},"creator":{"@id":"https:\/\/minutobahia24h.com.br\/?author=2#author"},"image":{"@type":"ImageObject","url":"https:\/\/i0.wp.com\/minutobahia24h.com.br\/wp-content\/uploads\/2026\/09\/Sem-titulo-29.jpg?fit=598%2C417&ssl=1","@id":"https:\/\/minutobahia24h.com.br\/?p=48970\/#mainImage","width":598,"height":417},"primaryImageOfPage":{"@id":"https:\/\/minutobahia24h.com.br\/?p=48970#mainImage"},"datePublished":"2026-09-02T09:11:40-03:00","dateModified":"2026-09-02T09:11:40-03:00"},{"@type":"WebSite","@id":"https:\/\/minutobahia24h.com.br\/#website","url":"https:\/\/minutobahia24h.com.br\/","name":"Minuto Bahia 24h","description":"O seu portal de not\u00edcias","inLanguage":"pt-BR","publisher":{"@id":"https:\/\/minutobahia24h.com.br\/#organization"}}]},"og:locale":"pt_BR","og:site_name":"Minuto Bahia 24h - O seu portal de not\u00edcias","og:type":"article","og:title":"PGR pede nulidade de investiga\u00e7\u00e3o de Moraes no caso Master - Minuto Bahia 24h","og:description":"A Procuradoria-Geral da Rep\u00fablica (PGR) pediu, nesta ter\u00e7a-feira (1\u00ba), a nulidade dos atos que deram origem \u00e0 investiga\u00e7\u00e3o do ministro Alexandre de Moraes, do Supremo Tribunal Federal (STF), no \u00e2mbito do caso Banco Master. A manifesta\u00e7\u00e3o foi apresentada pelo procurador-geral da Rep\u00fablica, Paulo Gonet, ap\u00f3s o ministro Andr\u00e9 Mendon\u00e7a, relator do caso, determinar a retirada","og:url":"https:\/\/minutobahia24h.com.br\/?p=48970","og:image":"https:\/\/minutobahia24h.com.br\/wp-content\/uploads\/2026\/09\/Sem-titulo-29.jpg","og:image:secure_url":"https:\/\/minutobahia24h.com.br\/wp-content\/uploads\/2026\/09\/Sem-titulo-29.jpg","og:image:width":598,"og:image:height":417,"article:published_time":"2026-09-02T12:11:40+00:00","article:modified_time":"2026-09-02T12:11:40+00:00","twitter:card":"summary_large_image","twitter:title":"PGR pede nulidade de investiga\u00e7\u00e3o de Moraes no caso Master - Minuto Bahia 24h","twitter:description":"A Procuradoria-Geral da Rep\u00fablica (PGR) pediu, nesta ter\u00e7a-feira (1\u00ba), a nulidade dos atos que deram origem \u00e0 investiga\u00e7\u00e3o do ministro Alexandre de Moraes, do Supremo Tribunal Federal (STF), no \u00e2mbito do caso Banco Master. A manifesta\u00e7\u00e3o foi apresentada pelo procurador-geral da Rep\u00fablica, Paulo Gonet, ap\u00f3s o ministro Andr\u00e9 Mendon\u00e7a, relator do caso, determinar a retirada","twitter:image":"https:\/\/minutobahia24h.com.br\/wp-content\/uploads\/2026\/09\/Sem-titulo-29.jpg"},"aioseo_meta_data":{"post_id":"48970","title":null,"description":null,"keywords":null,"keyphrases":{"focus":{"keyphrase":"","score":0,"analysis":{"keyphraseInTitle":{"score":0,"maxScore":9,"error":1}}},"additional":[]},"primary_term":null,"canonical_url":null,"og_title":null,"og_description":null,"og_object_type":"default","og_image_type":"default","og_image_url":null,"og_image_width":null,"og_image_height":null,"og_image_custom_url":null,"og_image_custom_fields":null,"og_video":"","og_custom_url":null,"og_article_section":null,"og_article_tags":null,"twitter_use_og":true,"twitter_card":"default","twitter_image_type":"default","twitter_image_url":null,"twitter_image_custom_url":null,"twitter_image_custom_fields":null,"twitter_title":null,"twitter_description":null,"schema":{"blockGraphs":[],"customGraphs":[],"default":{"data":{"Article":[],"Course":[],"Dataset":[],"FAQPage":[],"Movie":[],"Person":[],"Product":[],"ProductReview":[],"Car":[],"Recipe":[],"Service":[],"SoftwareApplication":[],"WebPage":[]},"graphName":"BlogPosting","isEnabled":true},"graphs":[]},"schema_type":"default","schema_type_options":null,"pillar_content":false,"robots_default":true,"robots_noindex":false,"robots_noarchive":false,"robots_nosnippet":false,"robots_nofollow":false,"robots_noimageindex":false,"robots_noodp":false,"robots_notranslate":false,"robots_max_snippet":"-1","robots_max_videopreview":"-1","robots_max_imagepreview":"large","priority":null,"frequency":"default","local_seo":null,"breadcrumb_settings":null,"limit_modified_date":false,"ai":{"faqs":[],"keyPoints":[],"schemas":[],"titles":[],"descriptions":[],"socialPosts":{"email":{"subject":"","preview":"","content":""},"linkedin":[],"twitter":[],"facebook":[],"instagram":[]}},"created":"2026-09-02 12:11:40","updated":"2026-09-02 14:00:38","seo_analyzer_scan_date":null,"focus_keyword":null,"additional_keywords":null,"truseo_locale":null},"aioseo_breadcrumb":"<div class=\"aioseo-breadcrumbs\"><span class=\"aioseo-breadcrumb\">\n\t\t\t<a href=\"https:\/\/minutobahia24h.com.br\" title=\"In\u00edcio\">In\u00edcio<\/a>\n\t\t<\/span><span class=\"aioseo-breadcrumb-separator\">&raquo;<\/span><span class=\"aioseo-breadcrumb\">\n\t\t\t<a href=\"https:\/\/minutobahia24h.com.br\/?cat=23\" title=\"Justi\u00e7a\">Justi\u00e7a<\/a>\n\t\t<\/span><span class=\"aioseo-breadcrumb-separator\">&raquo;<\/span><span class=\"aioseo-breadcrumb\">\n\t\t\tPGR pede nulidade de investiga\u00e7\u00e3o de Moraes no caso Master\n\t\t<\/span><\/div>","aioseo_breadcrumb_json":[{"label":"In\u00edcio","link":"https:\/\/minutobahia24h.com.br"},{"label":"Justi\u00e7a","link":"https:\/\/minutobahia24h.com.br\/?cat=23"},{"label":"PGR pede nulidade de investiga\u00e7\u00e3o de Moraes no caso Master","link":"https:\/\/minutobahia24h.com.br\/?p=48970"}],"jetpack_sharing_enabled":true,"jetpack_featured_media_url":"https:\/\/i0.wp.com\/minutobahia24h.com.br\/wp-content\/uploads\/2026\/09\/Sem-titulo-29.jpg?fit=598%2C417&ssl=1","_links":{"self":[{"href":"https:\/\/minutobahia24h.com.br\/index.php?rest_route=\/wp\/v2\/posts\/48970","targetHints":{"allow":["GET"]}}],"collection":[{"href":"https:\/\/minutobahia24h.com.br\/index.php?rest_route=\/wp\/v2\/posts"}],"about":[{"href":"https:\/\/minutobahia24h.com.br\/index.php?rest_route=\/wp\/v2\/types\/post"}],"author":[{"embeddable":true,"href":"https:\/\/minutobahia24h.com.br\/index.php?rest_route=\/wp\/v2\/users\/2"}],"replies":[{"embeddable":true,"href":"https:\/\/minutobahia24h.com.br\/index.php?rest_route=%2Fwp%2Fv2%2Fcomments&post=48970"}],"version-history":[{"count":1,"href":"https:\/\/minutobahia24h.com.br\/index.php?rest_route=\/wp\/v2\/posts\/48970\/revisions"}],"predecessor-version":[{"id":48972,"href":"https:\/\/minutobahia24h.com.br\/index.php?rest_route=\/wp\/v2\/posts\/48970\/revisions\/48972"}],"wp:featuredmedia":[{"embeddable":true,"href":"https:\/\/minutobahia24h.com.br\/index.php?rest_route=\/wp\/v2\/media\/48971"}],"wp:attachment":[{"href":"https:\/\/minutobahia24h.com.br\/index.php?rest_route=%2Fwp%2Fv2%2Fmedia&parent=48970"}],"wp:term":[{"taxonomy":"category","embeddable":true,"href":"https:\/\/minutobahia24h.com.br\/index.php?rest_route=%2Fwp%2Fv2%2Fcategories&post=48970"},{"taxonomy":"post_tag","embeddable":true,"href":"https:\/\/minutobahia24h.com.br\/index.php?rest_route=%2Fwp%2Fv2%2Ftags&post=48970"}],"curies":[{"name":"wp","href":"https:\/\/api.w.org\/{rel}","templated":true}]}}