{"id":4897,"date":"2023-12-05T23:46:14","date_gmt":"2023-12-06T02:46:14","guid":{"rendered":"https:\/\/minutobahia24h.com.br\/?p=4897"},"modified":"2023-12-05T23:46:15","modified_gmt":"2023-12-06T02:46:15","slug":"cantor-ze-neto-dupla-com-cristiano-sofre-acidente-de-carro","status":"publish","type":"post","link":"https:\/\/minutobahia24h.com.br\/?p=4897","title":{"rendered":"Cantor Z\u00e9 Neto, dupla com Cristiano, sofre acidente de carro"},"content":{"rendered":"<div class=\"wp-block-image\">\n<figure class=\"aligncenter size-large\"><img data-recalc-dims=\"1\" fetchpriority=\"high\" decoding=\"async\" width=\"800\" height=\"420\" src=\"https:\/\/i0.wp.com\/minutobahia24h.com.br\/wp-content\/uploads\/2023\/12\/Sem-titulo-44-1024x538.jpg?resize=800%2C420&#038;ssl=1\" alt=\"\" class=\"wp-image-4899\" srcset=\"https:\/\/i0.wp.com\/minutobahia24h.com.br\/wp-content\/uploads\/2023\/12\/Sem-titulo-44.jpg?resize=1024%2C538&amp;ssl=1 1024w, https:\/\/i0.wp.com\/minutobahia24h.com.br\/wp-content\/uploads\/2023\/12\/Sem-titulo-44.jpg?resize=300%2C158&amp;ssl=1 300w, https:\/\/i0.wp.com\/minutobahia24h.com.br\/wp-content\/uploads\/2023\/12\/Sem-titulo-44.jpg?resize=768%2C403&amp;ssl=1 768w, https:\/\/i0.wp.com\/minutobahia24h.com.br\/wp-content\/uploads\/2023\/12\/Sem-titulo-44.jpg?resize=750%2C394&amp;ssl=1 750w, https:\/\/i0.wp.com\/minutobahia24h.com.br\/wp-content\/uploads\/2023\/12\/Sem-titulo-44.jpg?resize=1140%2C599&amp;ssl=1 1140w, https:\/\/i0.wp.com\/minutobahia24h.com.br\/wp-content\/uploads\/2023\/12\/Sem-titulo-44.jpg?w=1200&amp;ssl=1 1200w\" sizes=\"(max-width: 800px) 100vw, 800px\" \/><\/figure>\n<\/div>\n\n\n<p class=\"has-text-align-justify\">O cantor Z\u00e9 Neto, da dupla com Cristiano, sofreu um acidente em Ic\u00e9m, interior de Minas Gerais, na noite de ter\u00e7a-feira (5).\u00a0De acordo com informa\u00e7\u00f5es obtidas pelo Bahia Not\u00edcias, o cantor teria batido no fundo de um caminh\u00e3o e est\u00e1 ferido. Ele foi socorrido para o hospital em Rio Preto, para onde sua equipe est\u00e1 se dirigindo. Informa\u00e7\u00f5es preliminares apontam que o ve\u00edculo bateu na sa\u00edda do rancho, na regi\u00e3o de Fronteira, em Minas Gerais. O artista teria apresentado les\u00f5es no t\u00f3rax, mas passa bem.<\/p>\n\n\n<div class=\"wp-block-image\">\n<figure class=\"aligncenter size-full\"><img data-recalc-dims=\"1\" decoding=\"async\" data-src=\"https:\/\/i0.wp.com\/minutobahia24h.com.br\/wp-content\/uploads\/2023\/12\/image-1.png?w=800&#038;ssl=1\" alt=\"\" class=\"wp-image-4900 lazyload\" src=\"data:image\/gif;base64,R0lGODlhAQABAAAAACH5BAEKAAEALAAAAAABAAEAAAICTAEAOw==\" \/><noscript><img data-recalc-dims=\"1\" decoding=\"async\" src=\"https:\/\/i0.wp.com\/minutobahia24h.com.br\/wp-content\/uploads\/2023\/12\/image-1.png?w=800&#038;ssl=1\" alt=\"\" class=\"wp-image-4900\"\/><\/noscript><\/figure>\n<\/div>\n\n<div class=\"wp-block-image\">\n<figure class=\"aligncenter size-full\"><img data-recalc-dims=\"1\" decoding=\"async\" data-src=\"https:\/\/i0.wp.com\/minutobahia24h.com.br\/wp-content\/uploads\/2023\/12\/image-2.png?w=800&#038;ssl=1\" alt=\"\" class=\"wp-image-4901 lazyload\" src=\"data:image\/gif;base64,R0lGODlhAQABAAAAACH5BAEKAAEALAAAAAABAAEAAAICTAEAOw==\" \/><noscript><img data-recalc-dims=\"1\" decoding=\"async\" src=\"https:\/\/i0.wp.com\/minutobahia24h.com.br\/wp-content\/uploads\/2023\/12\/image-2.png?w=800&#038;ssl=1\" alt=\"\" class=\"wp-image-4901\"\/><\/noscript><\/figure>\n<\/div>","protected":false},"excerpt":{"rendered":"<p>O cantor Z\u00e9 Neto, da dupla com Cristiano, sofreu um acidente em Ic\u00e9m, interior de Minas Gerais, na noite de ter\u00e7a-feira (5).\u00a0De acordo com informa\u00e7\u00f5es obtidas pelo Bahia Not\u00edcias, o cantor teria batido no fundo de um caminh\u00e3o e est\u00e1 ferido. Ele foi socorrido para o hospital em Rio Preto, para onde sua equipe est\u00e1 [&hellip;]<\/p>\n","protected":false},"author":2,"featured_media":4899,"comment_status":"open","ping_status":"open","sticky":false,"template":"","format":"standard","meta":{"_jetpack_memberships_contains_paid_content":false,"footnotes":""},"categories":[46],"tags":[],"class_list":["post-4897","post","type-post","status-publish","format-standard","has-post-thumbnail","hentry","category-noticia"],"aioseo_notices":[],"jetpack_featured_media_url":"https:\/\/i0.wp.com\/minutobahia24h.com.br\/wp-content\/uploads\/2023\/12\/Sem-titulo-44.jpg?fit=1200%2C630&ssl=1","jetpack_sharing_enabled":true,"_links":{"self":[{"href":"https:\/\/minutobahia24h.com.br\/index.php?rest_route=\/wp\/v2\/posts\/4897","targetHints":{"allow":["GET"]}}],"collection":[{"href":"https:\/\/minutobahia24h.com.br\/index.php?rest_route=\/wp\/v2\/posts"}],"about":[{"href":"https:\/\/minutobahia24h.com.br\/index.php?rest_route=\/wp\/v2\/types\/post"}],"author":[{"embeddable":true,"href":"https:\/\/minutobahia24h.com.br\/index.php?rest_route=\/wp\/v2\/users\/2"}],"replies":[{"embeddable":true,"href":"https:\/\/minutobahia24h.com.br\/index.php?rest_route=%2Fwp%2Fv2%2Fcomments&post=4897"}],"version-history":[{"count":1,"href":"https:\/\/minutobahia24h.com.br\/index.php?rest_route=\/wp\/v2\/posts\/4897\/revisions"}],"predecessor-version":[{"id":4902,"href":"https:\/\/minutobahia24h.com.br\/index.php?rest_route=\/wp\/v2\/posts\/4897\/revisions\/4902"}],"wp:featuredmedia":[{"embeddable":true,"href":"https:\/\/minutobahia24h.com.br\/index.php?rest_route=\/wp\/v2\/media\/4899"}],"wp:attachment":[{"href":"https:\/\/minutobahia24h.com.br\/index.php?rest_route=%2Fwp%2Fv2%2Fmedia&parent=4897"}],"wp:term":[{"taxonomy":"category","embeddable":true,"href":"https:\/\/minutobahia24h.com.br\/index.php?rest_route=%2Fwp%2Fv2%2Fcategories&post=4897"},{"taxonomy":"post_tag","embeddable":true,"href":"https:\/\/minutobahia24h.com.br\/index.php?rest_route=%2Fwp%2Fv2%2Ftags&post=4897"}],"curies":[{"name":"wp","href":"https:\/\/api.w.org\/{rel}","templated":true}]}}