{"id":48967,"date":"2026-09-02T09:08:07","date_gmt":"2026-09-02T12:08:07","guid":{"rendered":"https:\/\/minutobahia24h.com.br\/?p=48967"},"modified":"2026-09-02T09:08:08","modified_gmt":"2026-09-02T12:08:08","slug":"fachin-avalia-proximos-passos-para-analise-de-relatorio-da-pf-que-trata-da-relacao-entre-vorcaro-e-moraes","status":"publish","type":"post","link":"https:\/\/minutobahia24h.com.br\/?p=48967","title":{"rendered":"Fachin avalia pr\u00f3ximos passos para an\u00e1lise de relat\u00f3rio da PF que trata da rela\u00e7\u00e3o entre Vorcaro e Moraes"},"content":{"rendered":"<div class=\"wp-block-image\">\n<figure class=\"aligncenter size-full\"><img data-recalc-dims=\"1\" fetchpriority=\"high\" decoding=\"async\" width=\"800\" height=\"540\" src=\"https:\/\/i0.wp.com\/minutobahia24h.com.br\/wp-content\/uploads\/2026\/09\/Sem-titulo-28.jpg?resize=800%2C540&#038;ssl=1\" alt=\"\" class=\"wp-image-48968\"\/><figcaption class=\"wp-element-caption\">O presidente do STF, ministro Edson Fachin \u2014 Foto: Cristiano Mariz\/Ag\u00eancia O Globo\/\/03\/08\/2026<br><br><\/figcaption><\/figure>\n<\/div>\n\n\n<p class=\"wp-block-paragraph\">Em meio \u00e0 crise instalada no Supremo Tribunal Federal (STF), caber\u00e1 ao presidente da Corte, Edson Fachin, definir os pr\u00f3ximos passos na an\u00e1lise do relat\u00f3rio da Pol\u00edcia Federal (PF) com mensagens enviada por Daniel Vorcaro, dono do Banco Master, ao ministro Alexandre de Moraes. O relator do caso, Andr\u00e9 Mendon\u00e7a, deve liberar o relat\u00f3rio na pr\u00f3xima semana \u00e0 presid\u00eancia do STF, e caber\u00e1 a Fachin a palavra final sobre o encaminhamento ao plen\u00e1rio.<\/p>\n\n\n\n<p class=\"wp-block-paragraph\">Ao retirar o sigilo do caso, Mendon\u00e7a destacou que &#8220;independentemente&#8221; da manifesta\u00e7\u00e3o da PGR, o &#8220;caminho inevit\u00e1vel&#8221; do caso leva ao Plen\u00e1rio. Segundo o relator, o colegiado \u00e9 a &#8220;inst\u00e2ncia soberana para analisar, de modo t\u00e9cnico e estritamente jur\u00eddico, os novos elementos trazidos&#8221; pela Pol\u00edcia Federal. No despacho, Mendon\u00e7a anotou que a delibera\u00e7\u00e3o deve ocorrer de forma &#8220;p\u00fablica e transparente&#8221;, em sess\u00e3o presencial, em data a ser definida pelo presidente da Corte.<\/p>\n\n\n\n<p class=\"wp-block-paragraph\">Ainda n\u00e3o h\u00e1, por hora, qualquer defini\u00e7\u00e3o sobre essa delibera\u00e7\u00e3o \u2014 n\u00e3o s\u00f3 em termos de formato, mas tamb\u00e9m quanto a sua realiza\u00e7\u00e3o.<\/p>\n\n\n\n<p class=\"wp-block-paragraph\">Nesta ter\u00e7a-feira, o procurador-geral da Rep\u00fablica,Paulo Gonet, defendeu que a ordem de Mendon\u00e7a, para que a PF identificasse os interlocutores de Vorcaro mesmo se fossem autoridades com foro, \u00e9 nula, por n\u00e3o ter sido solicitada nem pela Pol\u00edcia Federal nem pela PGR.<\/p>\n\n\n\n<p class=\"wp-block-paragraph\">O tom do parecer de Gonet, cheio de recados, tamb\u00e9m revelou o mal-estar entre as institui\u00e7\u00f5es que j\u00e1 se arrasta h\u00e1 algum tempo. Tamb\u00e9m h\u00e1 rusga entre o gabinete de Mendon\u00e7a e o diretor-geral da Pol\u00edcia Federal, Andrei Passos Rodrigues.<\/p>\n\n\n\n<p class=\"wp-block-paragraph\">Autoridades como o advogado-geral da Uni\u00e3o, Jorge Messias, o ministro da Justi\u00e7a, Wellignton Silva, e o pr\u00f3prio presidente do STF entraram em campo para distensionar o caso \u2014&nbsp; sem sucesso, por ora.<\/p>\n\n\n\n<p class=\"wp-block-paragraph\">Esse n\u00e3o \u00e9 o primeiro momento de tens\u00e3o que Fachin vive no caso Master. Um dos primeiros percal\u00e7os enfrentados pelo presidente do STF ocorreu ainda no in\u00edcio do ano, quando precisou mediar a crise aberta ap\u00f3s receber da Pol\u00edcia Federal um pedido de declara\u00e7\u00e3o de suspei\u00e7\u00e3o do ministro Dias Toffoli, ent\u00e3o relator do inqu\u00e9rito do Master.<\/p>\n\n\n\n<p class=\"wp-block-paragraph\">Na ocasi\u00e3o, o caso n\u00e3o foi discutido em plen\u00e1rio, mas em uma reuni\u00e3o a portas fechadas. Posteriormente, o pedido foi arquivado, ap\u00f3s Toffoli se afastar da relatoria.<\/p>\n\n\n\n<p class=\"wp-block-paragraph\">Como mostrou o GLOBO, enquanto acompanha as repercuss\u00f5es do caso, uma ala de ministros mais alinhada a Moraes avalia que, em um eventual julgamento em plen\u00e1rio, a Corte ter\u00e1 de decidir sobre a validade do relat\u00f3rio da Pol\u00edcia Federal que mostra mensagens entre o magistrado e&nbsp; Vorcaro . O principal argumento desse grupo \u00e9 que a investiga\u00e7\u00e3o de ministros do STF tem de ser autorizada pelo colegiado previamente.<\/p>\n\n\n\n<p class=\"wp-block-paragraph\">Do outro lado, interlocutores de Mendon\u00e7a sustentam que n\u00e3o houve nenhum ato de investiga\u00e7\u00e3o acerca de Moraes e que n\u00e3o se sabia quem era o destinat\u00e1rio das mensagens de Vorcaro at\u00e9 ent\u00e3o. Para aliados do ministro, os investigadores apenas identificaram o interlocutor das mensagens e isso n\u00e3o consistiria uma apura\u00e7\u00e3o. Nessa vis\u00e3o, o rito foi seguido: as mensagens foram encontradas e remetidas para a PGR e o plen\u00e1rio para a devida aprecia\u00e7\u00e3o.<\/p>\n","protected":false},"excerpt":{"rendered":"<p>Em meio \u00e0 crise instalada no Supremo Tribunal Federal (STF), caber\u00e1 ao presidente da Corte, Edson Fachin, definir os pr\u00f3ximos passos na an\u00e1lise do relat\u00f3rio da Pol\u00edcia Federal (PF) com mensagens enviada por Daniel Vorcaro, dono do Banco Master, ao ministro Alexandre de Moraes. O relator do caso, Andr\u00e9 Mendon\u00e7a, deve liberar o relat\u00f3rio na [&hellip;]<\/p>\n","protected":false},"author":2,"featured_media":48968,"comment_status":"open","ping_status":"open","sticky":false,"template":"","format":"standard","meta":{"_jetpack_newsletter_access":"","_jetpack_dont_email_post_to_subs":false,"_jetpack_newsletter_tier_id":0,"_jetpack_memberships_contains_paywalled_content":false,"_jetpack_feature_clip_id":0,"_jetpack_memberships_contains_paid_content":false,"footnotes":"","jetpack_post_was_ever_published":false},"categories":[39],"tags":[],"class_list":["post-48967","post","type-post","status-publish","format-standard","has-post-thumbnail","hentry","category-politica"],"aioseo_notices":[],"aioseo_head":"\n\t\t<!-- All in One SEO 5.0.1.1 - aioseo.com -->\n\t<meta name=\"description\" content=\"Em meio \u00e0 crise instalada no Supremo Tribunal Federal (STF), caber\u00e1 ao presidente da Corte, Edson Fachin, definir os pr\u00f3ximos passos na an\u00e1lise do relat\u00f3rio da Pol\u00edcia Federal (PF) com mensagens enviada por Daniel Vorcaro, dono do Banco Master, ao ministro Alexandre de Moraes. O relator do caso, Andr\u00e9 Mendon\u00e7a, deve liberar o relat\u00f3rio na\" \/>\n\t<meta name=\"robots\" content=\"max-image-preview:large\" \/>\n\t<meta name=\"author\" content=\"andre\"\/>\n\t<link rel=\"canonical\" href=\"https:\/\/minutobahia24h.com.br\/?p=48967\" \/>\n\t<meta name=\"generator\" content=\"All in One SEO (AIOSEO) 5.0.1.1\" \/>\n\t\t<meta property=\"og:locale\" content=\"pt_BR\" \/>\n\t\t<meta property=\"og:site_name\" content=\"Minuto Bahia 24h - O seu portal de not\u00edcias\" \/>\n\t\t<meta property=\"og:type\" content=\"article\" \/>\n\t\t<meta property=\"og:title\" content=\"Fachin avalia pr\u00f3ximos passos para an\u00e1lise de relat\u00f3rio da PF que trata da rela\u00e7\u00e3o entre Vorcaro e Moraes - Minuto Bahia 24h\" \/>\n\t\t<meta property=\"og:description\" content=\"Em meio \u00e0 crise instalada no Supremo Tribunal Federal (STF), caber\u00e1 ao presidente da Corte, Edson Fachin, definir os pr\u00f3ximos passos na an\u00e1lise do relat\u00f3rio da Pol\u00edcia Federal (PF) com mensagens enviada por Daniel Vorcaro, dono do Banco Master, ao ministro Alexandre de Moraes. O relator do caso, Andr\u00e9 Mendon\u00e7a, deve liberar o relat\u00f3rio na\" \/>\n\t\t<meta property=\"og:url\" content=\"https:\/\/minutobahia24h.com.br\/?p=48967\" \/>\n\t\t<meta property=\"og:image\" content=\"https:\/\/minutobahia24h.com.br\/wp-content\/uploads\/2026\/09\/Sem-titulo-28.jpg\" \/>\n\t\t<meta property=\"og:image:secure_url\" content=\"https:\/\/minutobahia24h.com.br\/wp-content\/uploads\/2026\/09\/Sem-titulo-28.jpg\" \/>\n\t\t<meta property=\"og:image:width\" content=\"884\" \/>\n\t\t<meta property=\"og:image:height\" content=\"597\" \/>\n\t\t<meta property=\"article:published_time\" content=\"2026-09-02T12:08:07+00:00\" \/>\n\t\t<meta property=\"article:modified_time\" content=\"2026-09-02T12:08:08+00:00\" \/>\n\t\t<meta name=\"twitter:card\" content=\"summary_large_image\" \/>\n\t\t<meta name=\"twitter:title\" content=\"Fachin avalia pr\u00f3ximos passos para an\u00e1lise de relat\u00f3rio da PF que trata da rela\u00e7\u00e3o entre Vorcaro e Moraes - Minuto Bahia 24h\" \/>\n\t\t<meta name=\"twitter:description\" content=\"Em meio \u00e0 crise instalada no Supremo Tribunal Federal (STF), caber\u00e1 ao presidente da Corte, Edson Fachin, definir os pr\u00f3ximos passos na an\u00e1lise do relat\u00f3rio da Pol\u00edcia Federal (PF) com mensagens enviada por Daniel Vorcaro, dono do Banco Master, ao ministro Alexandre de Moraes. O relator do caso, Andr\u00e9 Mendon\u00e7a, deve liberar o relat\u00f3rio na\" \/>\n\t\t<meta name=\"twitter:image\" content=\"https:\/\/minutobahia24h.com.br\/wp-content\/uploads\/2026\/09\/Sem-titulo-28.jpg\" \/>\n\t\t<script type=\"application\/ld+json\" class=\"aioseo-schema\">\n\t\t\t{\"@context\":\"https:\\\/\\\/schema.org\",\"@graph\":[{\"@type\":\"BlogPosting\",\"@id\":\"https:\\\/\\\/minutobahia24h.com.br\\\/?p=48967#blogposting\",\"name\":\"Fachin avalia pr\\u00f3ximos passos para an\\u00e1lise de relat\\u00f3rio da PF que trata da rela\\u00e7\\u00e3o entre Vorcaro e Moraes - Minuto Bahia 24h\",\"headline\":\"Fachin avalia pr\\u00f3ximos passos para an\\u00e1lise de relat\\u00f3rio da PF que trata da rela\\u00e7\\u00e3o entre Vorcaro e Moraes\",\"author\":{\"@id\":\"https:\\\/\\\/minutobahia24h.com.br\\\/?author=2#author\"},\"publisher\":{\"@id\":\"https:\\\/\\\/minutobahia24h.com.br\\\/#organization\"},\"image\":{\"@type\":\"ImageObject\",\"url\":\"https:\\\/\\\/i0.wp.com\\\/minutobahia24h.com.br\\\/wp-content\\\/uploads\\\/2026\\\/09\\\/Sem-titulo-28.jpg?fit=884%2C597&ssl=1\",\"width\":884,\"height\":597},\"datePublished\":\"2026-09-02T09:08:07-03:00\",\"dateModified\":\"2026-09-02T09:08:08-03:00\",\"inLanguage\":\"pt-BR\",\"mainEntityOfPage\":{\"@id\":\"https:\\\/\\\/minutobahia24h.com.br\\\/?p=48967#webpage\"},\"isPartOf\":{\"@id\":\"https:\\\/\\\/minutobahia24h.com.br\\\/?p=48967#webpage\"},\"articleSection\":\"Pol\\u00edtica\"},{\"@type\":\"BreadcrumbList\",\"@id\":\"https:\\\/\\\/minutobahia24h.com.br\\\/?p=48967#breadcrumblist\",\"itemListElement\":[{\"@type\":\"ListItem\",\"@id\":\"https:\\\/\\\/minutobahia24h.com.br#listItem\",\"position\":1,\"name\":\"In\\u00edcio\",\"item\":\"https:\\\/\\\/minutobahia24h.com.br\",\"nextItem\":{\"@type\":\"ListItem\",\"@id\":\"https:\\\/\\\/minutobahia24h.com.br\\\/?cat=39#listItem\",\"name\":\"Pol\\u00edtica\"}},{\"@type\":\"ListItem\",\"@id\":\"https:\\\/\\\/minutobahia24h.com.br\\\/?cat=39#listItem\",\"position\":2,\"name\":\"Pol\\u00edtica\",\"item\":\"https:\\\/\\\/minutobahia24h.com.br\\\/?cat=39\",\"nextItem\":{\"@type\":\"ListItem\",\"@id\":\"https:\\\/\\\/minutobahia24h.com.br\\\/?p=48967#listItem\",\"name\":\"Fachin avalia pr\\u00f3ximos passos para an\\u00e1lise de relat\\u00f3rio da PF que trata da rela\\u00e7\\u00e3o entre Vorcaro e Moraes\"},\"previousItem\":{\"@type\":\"ListItem\",\"@id\":\"https:\\\/\\\/minutobahia24h.com.br#listItem\",\"name\":\"In\\u00edcio\"}},{\"@type\":\"ListItem\",\"@id\":\"https:\\\/\\\/minutobahia24h.com.br\\\/?p=48967#listItem\",\"position\":3,\"name\":\"Fachin avalia pr\\u00f3ximos passos para an\\u00e1lise de relat\\u00f3rio da PF que trata da rela\\u00e7\\u00e3o entre Vorcaro e Moraes\",\"previousItem\":{\"@type\":\"ListItem\",\"@id\":\"https:\\\/\\\/minutobahia24h.com.br\\\/?cat=39#listItem\",\"name\":\"Pol\\u00edtica\"}}]},{\"@type\":\"Organization\",\"@id\":\"https:\\\/\\\/minutobahia24h.com.br\\\/#organization\",\"name\":\"Minuto Bahia 24h\",\"description\":\"O seu portal de not\\u00edcias\",\"url\":\"https:\\\/\\\/minutobahia24h.com.br\\\/\",\"logo\":{\"@type\":\"ImageObject\",\"url\":\"https:\\\/\\\/i0.wp.com\\\/minutobahia24h.com.br\\\/wp-content\\\/uploads\\\/2023\\\/09\\\/cropped-minutoba.png?fit=457%2C119&ssl=1\",\"@id\":\"https:\\\/\\\/minutobahia24h.com.br\\\/?p=48967\\\/#organizationLogo\",\"width\":457,\"height\":119},\"image\":{\"@id\":\"https:\\\/\\\/minutobahia24h.com.br\\\/?p=48967\\\/#organizationLogo\"}},{\"@type\":\"Person\",\"@id\":\"https:\\\/\\\/minutobahia24h.com.br\\\/?author=2#author\",\"url\":\"https:\\\/\\\/minutobahia24h.com.br\\\/?author=2\",\"name\":\"andre\",\"image\":{\"@type\":\"ImageObject\",\"@id\":\"https:\\\/\\\/minutobahia24h.com.br\\\/?p=48967#authorImage\",\"url\":\"https:\\\/\\\/secure.gravatar.com\\\/avatar\\\/0ec5eafed5f3925c321625d79a680d589901b94bca787ae396a35f6c4a960922?s=96&d=mm&r=g\",\"width\":96,\"height\":96,\"caption\":\"andre\"}},{\"@type\":\"WebPage\",\"@id\":\"https:\\\/\\\/minutobahia24h.com.br\\\/?p=48967#webpage\",\"url\":\"https:\\\/\\\/minutobahia24h.com.br\\\/?p=48967\",\"name\":\"Fachin avalia pr\\u00f3ximos passos para an\\u00e1lise de relat\\u00f3rio da PF que trata da rela\\u00e7\\u00e3o entre Vorcaro e Moraes - Minuto Bahia 24h\",\"description\":\"Em meio \\u00e0 crise instalada no Supremo Tribunal Federal (STF), caber\\u00e1 ao presidente da Corte, Edson Fachin, definir os pr\\u00f3ximos passos na an\\u00e1lise do relat\\u00f3rio da Pol\\u00edcia Federal (PF) com mensagens enviada por Daniel Vorcaro, dono do Banco Master, ao ministro Alexandre de Moraes. O relator do caso, Andr\\u00e9 Mendon\\u00e7a, deve liberar o relat\\u00f3rio na\",\"inLanguage\":\"pt-BR\",\"isPartOf\":{\"@id\":\"https:\\\/\\\/minutobahia24h.com.br\\\/#website\"},\"breadcrumb\":{\"@id\":\"https:\\\/\\\/minutobahia24h.com.br\\\/?p=48967#breadcrumblist\"},\"author\":{\"@id\":\"https:\\\/\\\/minutobahia24h.com.br\\\/?author=2#author\"},\"creator\":{\"@id\":\"https:\\\/\\\/minutobahia24h.com.br\\\/?author=2#author\"},\"image\":{\"@type\":\"ImageObject\",\"url\":\"https:\\\/\\\/i0.wp.com\\\/minutobahia24h.com.br\\\/wp-content\\\/uploads\\\/2026\\\/09\\\/Sem-titulo-28.jpg?fit=884%2C597&ssl=1\",\"@id\":\"https:\\\/\\\/minutobahia24h.com.br\\\/?p=48967\\\/#mainImage\",\"width\":884,\"height\":597},\"primaryImageOfPage\":{\"@id\":\"https:\\\/\\\/minutobahia24h.com.br\\\/?p=48967#mainImage\"},\"datePublished\":\"2026-09-02T09:08:07-03:00\",\"dateModified\":\"2026-09-02T09:08:08-03:00\"},{\"@type\":\"WebSite\",\"@id\":\"https:\\\/\\\/minutobahia24h.com.br\\\/#website\",\"url\":\"https:\\\/\\\/minutobahia24h.com.br\\\/\",\"name\":\"Minuto Bahia 24h\",\"description\":\"O seu portal de not\\u00edcias\",\"inLanguage\":\"pt-BR\",\"publisher\":{\"@id\":\"https:\\\/\\\/minutobahia24h.com.br\\\/#organization\"}}]}\n\t\t<\/script>\n\t\t<!-- All in One SEO -->\n\n","aioseo_head_json":{"title":"Fachin avalia pr\u00f3ximos passos para an\u00e1lise de relat\u00f3rio da PF que trata da rela\u00e7\u00e3o entre Vorcaro e Moraes - Minuto Bahia 24h","description":"Em meio \u00e0 crise instalada no Supremo Tribunal Federal (STF), caber\u00e1 ao presidente da Corte, Edson Fachin, definir os pr\u00f3ximos passos na an\u00e1lise do relat\u00f3rio da Pol\u00edcia Federal (PF) com mensagens enviada por Daniel Vorcaro, dono do Banco Master, ao ministro Alexandre de Moraes. O relator do caso, Andr\u00e9 Mendon\u00e7a, deve liberar o relat\u00f3rio na","canonical_url":"https:\/\/minutobahia24h.com.br\/?p=48967","robots":"max-image-preview:large","keywords":"","webmasterTools":{"miscellaneous":""},"schema":{"@context":"https:\/\/schema.org","@graph":[{"@type":"BlogPosting","@id":"https:\/\/minutobahia24h.com.br\/?p=48967#blogposting","name":"Fachin avalia pr\u00f3ximos passos para an\u00e1lise de relat\u00f3rio da PF que trata da rela\u00e7\u00e3o entre Vorcaro e Moraes - Minuto Bahia 24h","headline":"Fachin avalia pr\u00f3ximos passos para an\u00e1lise de relat\u00f3rio da PF que trata da rela\u00e7\u00e3o entre Vorcaro e Moraes","author":{"@id":"https:\/\/minutobahia24h.com.br\/?author=2#author"},"publisher":{"@id":"https:\/\/minutobahia24h.com.br\/#organization"},"image":{"@type":"ImageObject","url":"https:\/\/i0.wp.com\/minutobahia24h.com.br\/wp-content\/uploads\/2026\/09\/Sem-titulo-28.jpg?fit=884%2C597&ssl=1","width":884,"height":597},"datePublished":"2026-09-02T09:08:07-03:00","dateModified":"2026-09-02T09:08:08-03:00","inLanguage":"pt-BR","mainEntityOfPage":{"@id":"https:\/\/minutobahia24h.com.br\/?p=48967#webpage"},"isPartOf":{"@id":"https:\/\/minutobahia24h.com.br\/?p=48967#webpage"},"articleSection":"Pol\u00edtica"},{"@type":"BreadcrumbList","@id":"https:\/\/minutobahia24h.com.br\/?p=48967#breadcrumblist","itemListElement":[{"@type":"ListItem","@id":"https:\/\/minutobahia24h.com.br#listItem","position":1,"name":"In\u00edcio","item":"https:\/\/minutobahia24h.com.br","nextItem":{"@type":"ListItem","@id":"https:\/\/minutobahia24h.com.br\/?cat=39#listItem","name":"Pol\u00edtica"}},{"@type":"ListItem","@id":"https:\/\/minutobahia24h.com.br\/?cat=39#listItem","position":2,"name":"Pol\u00edtica","item":"https:\/\/minutobahia24h.com.br\/?cat=39","nextItem":{"@type":"ListItem","@id":"https:\/\/minutobahia24h.com.br\/?p=48967#listItem","name":"Fachin avalia pr\u00f3ximos passos para an\u00e1lise de relat\u00f3rio da PF que trata da rela\u00e7\u00e3o entre Vorcaro e Moraes"},"previousItem":{"@type":"ListItem","@id":"https:\/\/minutobahia24h.com.br#listItem","name":"In\u00edcio"}},{"@type":"ListItem","@id":"https:\/\/minutobahia24h.com.br\/?p=48967#listItem","position":3,"name":"Fachin avalia pr\u00f3ximos passos para an\u00e1lise de relat\u00f3rio da PF que trata da rela\u00e7\u00e3o entre Vorcaro e Moraes","previousItem":{"@type":"ListItem","@id":"https:\/\/minutobahia24h.com.br\/?cat=39#listItem","name":"Pol\u00edtica"}}]},{"@type":"Organization","@id":"https:\/\/minutobahia24h.com.br\/#organization","name":"Minuto Bahia 24h","description":"O seu portal de not\u00edcias","url":"https:\/\/minutobahia24h.com.br\/","logo":{"@type":"ImageObject","url":"https:\/\/i0.wp.com\/minutobahia24h.com.br\/wp-content\/uploads\/2023\/09\/cropped-minutoba.png?fit=457%2C119&ssl=1","@id":"https:\/\/minutobahia24h.com.br\/?p=48967\/#organizationLogo","width":457,"height":119},"image":{"@id":"https:\/\/minutobahia24h.com.br\/?p=48967\/#organizationLogo"}},{"@type":"Person","@id":"https:\/\/minutobahia24h.com.br\/?author=2#author","url":"https:\/\/minutobahia24h.com.br\/?author=2","name":"andre","image":{"@type":"ImageObject","@id":"https:\/\/minutobahia24h.com.br\/?p=48967#authorImage","url":"https:\/\/secure.gravatar.com\/avatar\/0ec5eafed5f3925c321625d79a680d589901b94bca787ae396a35f6c4a960922?s=96&d=mm&r=g","width":96,"height":96,"caption":"andre"}},{"@type":"WebPage","@id":"https:\/\/minutobahia24h.com.br\/?p=48967#webpage","url":"https:\/\/minutobahia24h.com.br\/?p=48967","name":"Fachin avalia pr\u00f3ximos passos para an\u00e1lise de relat\u00f3rio da PF que trata da rela\u00e7\u00e3o entre Vorcaro e Moraes - Minuto Bahia 24h","description":"Em meio \u00e0 crise instalada no Supremo Tribunal Federal (STF), caber\u00e1 ao presidente da Corte, Edson Fachin, definir os pr\u00f3ximos passos na an\u00e1lise do relat\u00f3rio da Pol\u00edcia Federal (PF) com mensagens enviada por Daniel Vorcaro, dono do Banco Master, ao ministro Alexandre de Moraes. O relator do caso, Andr\u00e9 Mendon\u00e7a, deve liberar o relat\u00f3rio na","inLanguage":"pt-BR","isPartOf":{"@id":"https:\/\/minutobahia24h.com.br\/#website"},"breadcrumb":{"@id":"https:\/\/minutobahia24h.com.br\/?p=48967#breadcrumblist"},"author":{"@id":"https:\/\/minutobahia24h.com.br\/?author=2#author"},"creator":{"@id":"https:\/\/minutobahia24h.com.br\/?author=2#author"},"image":{"@type":"ImageObject","url":"https:\/\/i0.wp.com\/minutobahia24h.com.br\/wp-content\/uploads\/2026\/09\/Sem-titulo-28.jpg?fit=884%2C597&ssl=1","@id":"https:\/\/minutobahia24h.com.br\/?p=48967\/#mainImage","width":884,"height":597},"primaryImageOfPage":{"@id":"https:\/\/minutobahia24h.com.br\/?p=48967#mainImage"},"datePublished":"2026-09-02T09:08:07-03:00","dateModified":"2026-09-02T09:08:08-03:00"},{"@type":"WebSite","@id":"https:\/\/minutobahia24h.com.br\/#website","url":"https:\/\/minutobahia24h.com.br\/","name":"Minuto Bahia 24h","description":"O seu portal de not\u00edcias","inLanguage":"pt-BR","publisher":{"@id":"https:\/\/minutobahia24h.com.br\/#organization"}}]},"og:locale":"pt_BR","og:site_name":"Minuto Bahia 24h - O seu portal de not\u00edcias","og:type":"article","og:title":"Fachin avalia pr\u00f3ximos passos para an\u00e1lise de relat\u00f3rio da PF que trata da rela\u00e7\u00e3o entre Vorcaro e Moraes - Minuto Bahia 24h","og:description":"Em meio \u00e0 crise instalada no Supremo Tribunal Federal (STF), caber\u00e1 ao presidente da Corte, Edson Fachin, definir os pr\u00f3ximos passos na an\u00e1lise do relat\u00f3rio da Pol\u00edcia Federal (PF) com mensagens enviada por Daniel Vorcaro, dono do Banco Master, ao ministro Alexandre de Moraes. O relator do caso, Andr\u00e9 Mendon\u00e7a, deve liberar o relat\u00f3rio na","og:url":"https:\/\/minutobahia24h.com.br\/?p=48967","og:image":"https:\/\/minutobahia24h.com.br\/wp-content\/uploads\/2026\/09\/Sem-titulo-28.jpg","og:image:secure_url":"https:\/\/minutobahia24h.com.br\/wp-content\/uploads\/2026\/09\/Sem-titulo-28.jpg","og:image:width":884,"og:image:height":597,"article:published_time":"2026-09-02T12:08:07+00:00","article:modified_time":"2026-09-02T12:08:08+00:00","twitter:card":"summary_large_image","twitter:title":"Fachin avalia pr\u00f3ximos passos para an\u00e1lise de relat\u00f3rio da PF que trata da rela\u00e7\u00e3o entre Vorcaro e Moraes - Minuto Bahia 24h","twitter:description":"Em meio \u00e0 crise instalada no Supremo Tribunal Federal (STF), caber\u00e1 ao presidente da Corte, Edson Fachin, definir os pr\u00f3ximos passos na an\u00e1lise do relat\u00f3rio da Pol\u00edcia Federal (PF) com mensagens enviada por Daniel Vorcaro, dono do Banco Master, ao ministro Alexandre de Moraes. O relator do caso, Andr\u00e9 Mendon\u00e7a, deve liberar o relat\u00f3rio na","twitter:image":"https:\/\/minutobahia24h.com.br\/wp-content\/uploads\/2026\/09\/Sem-titulo-28.jpg"},"aioseo_meta_data":{"post_id":"48967","title":null,"description":null,"keywords":null,"keyphrases":{"focus":{"keyphrase":"","score":0,"analysis":{"keyphraseInTitle":{"score":0,"maxScore":9,"error":1}}},"additional":[]},"primary_term":null,"canonical_url":null,"og_title":null,"og_description":null,"og_object_type":"default","og_image_type":"default","og_image_url":null,"og_image_width":null,"og_image_height":null,"og_image_custom_url":null,"og_image_custom_fields":null,"og_video":"","og_custom_url":null,"og_article_section":null,"og_article_tags":null,"twitter_use_og":true,"twitter_card":"default","twitter_image_type":"default","twitter_image_url":null,"twitter_image_custom_url":null,"twitter_image_custom_fields":null,"twitter_title":null,"twitter_description":null,"schema":{"blockGraphs":[],"customGraphs":[],"default":{"data":{"Article":[],"Course":[],"Dataset":[],"FAQPage":[],"Movie":[],"Person":[],"Product":[],"ProductReview":[],"Car":[],"Recipe":[],"Service":[],"SoftwareApplication":[],"WebPage":[]},"graphName":"BlogPosting","isEnabled":true},"graphs":[]},"schema_type":"default","schema_type_options":null,"pillar_content":false,"robots_default":true,"robots_noindex":false,"robots_noarchive":false,"robots_nosnippet":false,"robots_nofollow":false,"robots_noimageindex":false,"robots_noodp":false,"robots_notranslate":false,"robots_max_snippet":"-1","robots_max_videopreview":"-1","robots_max_imagepreview":"large","priority":null,"frequency":"default","local_seo":null,"breadcrumb_settings":null,"limit_modified_date":false,"ai":{"faqs":[],"keyPoints":[],"schemas":[],"titles":[],"descriptions":[],"socialPosts":{"email":{"subject":"","preview":"","content":""},"linkedin":[],"twitter":[],"facebook":[],"instagram":[]}},"created":"2026-09-02 12:08:08","updated":"2026-09-02 14:00:38","seo_analyzer_scan_date":null,"focus_keyword":null,"additional_keywords":null,"truseo_locale":null},"aioseo_breadcrumb":"<div class=\"aioseo-breadcrumbs\"><span class=\"aioseo-breadcrumb\">\n\t\t\t<a href=\"https:\/\/minutobahia24h.com.br\" title=\"In\u00edcio\">In\u00edcio<\/a>\n\t\t<\/span><span class=\"aioseo-breadcrumb-separator\">&raquo;<\/span><span class=\"aioseo-breadcrumb\">\n\t\t\t<a href=\"https:\/\/minutobahia24h.com.br\/?cat=39\" title=\"Pol\u00edtica\">Pol\u00edtica<\/a>\n\t\t<\/span><span class=\"aioseo-breadcrumb-separator\">&raquo;<\/span><span class=\"aioseo-breadcrumb\">\n\t\t\tFachin avalia pr\u00f3ximos passos para an\u00e1lise de relat\u00f3rio da PF que trata da rela\u00e7\u00e3o entre Vorcaro e Moraes\n\t\t<\/span><\/div>","aioseo_breadcrumb_json":[{"label":"In\u00edcio","link":"https:\/\/minutobahia24h.com.br"},{"label":"Pol\u00edtica","link":"https:\/\/minutobahia24h.com.br\/?cat=39"},{"label":"Fachin avalia pr\u00f3ximos passos para an\u00e1lise de relat\u00f3rio da PF que trata da rela\u00e7\u00e3o entre Vorcaro e Moraes","link":"https:\/\/minutobahia24h.com.br\/?p=48967"}],"jetpack_sharing_enabled":true,"jetpack_featured_media_url":"https:\/\/i0.wp.com\/minutobahia24h.com.br\/wp-content\/uploads\/2026\/09\/Sem-titulo-28.jpg?fit=884%2C597&ssl=1","_links":{"self":[{"href":"https:\/\/minutobahia24h.com.br\/index.php?rest_route=\/wp\/v2\/posts\/48967","targetHints":{"allow":["GET"]}}],"collection":[{"href":"https:\/\/minutobahia24h.com.br\/index.php?rest_route=\/wp\/v2\/posts"}],"about":[{"href":"https:\/\/minutobahia24h.com.br\/index.php?rest_route=\/wp\/v2\/types\/post"}],"author":[{"embeddable":true,"href":"https:\/\/minutobahia24h.com.br\/index.php?rest_route=\/wp\/v2\/users\/2"}],"replies":[{"embeddable":true,"href":"https:\/\/minutobahia24h.com.br\/index.php?rest_route=%2Fwp%2Fv2%2Fcomments&post=48967"}],"version-history":[{"count":1,"href":"https:\/\/minutobahia24h.com.br\/index.php?rest_route=\/wp\/v2\/posts\/48967\/revisions"}],"predecessor-version":[{"id":48969,"href":"https:\/\/minutobahia24h.com.br\/index.php?rest_route=\/wp\/v2\/posts\/48967\/revisions\/48969"}],"wp:featuredmedia":[{"embeddable":true,"href":"https:\/\/minutobahia24h.com.br\/index.php?rest_route=\/wp\/v2\/media\/48968"}],"wp:attachment":[{"href":"https:\/\/minutobahia24h.com.br\/index.php?rest_route=%2Fwp%2Fv2%2Fmedia&parent=48967"}],"wp:term":[{"taxonomy":"category","embeddable":true,"href":"https:\/\/minutobahia24h.com.br\/index.php?rest_route=%2Fwp%2Fv2%2Fcategories&post=48967"},{"taxonomy":"post_tag","embeddable":true,"href":"https:\/\/minutobahia24h.com.br\/index.php?rest_route=%2Fwp%2Fv2%2Ftags&post=48967"}],"curies":[{"name":"wp","href":"https:\/\/api.w.org\/{rel}","templated":true}]}}