{"id":48964,"date":"2026-09-02T09:04:22","date_gmt":"2026-09-02T12:04:22","guid":{"rendered":"https:\/\/minutobahia24h.com.br\/?p=48964"},"modified":"2026-09-02T09:04:23","modified_gmt":"2026-09-02T12:04:23","slug":"oab-diz-acompanhar-com-preocupacao-crise-no-stf-e-defende-apuracao-rigorosa-e-isenta-dos-fatos","status":"publish","type":"post","link":"https:\/\/minutobahia24h.com.br\/?p=48964","title":{"rendered":"OAB diz acompanhar com preocupa\u00e7\u00e3o &#8216;crise no STF&#8217; e defende apura\u00e7\u00e3o &#8216;rigorosa&#8217; e &#8216;isenta&#8217; dos fatos"},"content":{"rendered":"<div class=\"wp-block-image\">\n<figure class=\"aligncenter size-full\"><img data-recalc-dims=\"1\" fetchpriority=\"high\" decoding=\"async\" width=\"800\" height=\"550\" src=\"https:\/\/i0.wp.com\/minutobahia24h.com.br\/wp-content\/uploads\/2026\/09\/Sem-titulo-27.jpg?resize=800%2C550&#038;ssl=1\" alt=\"\" class=\"wp-image-48965\"\/><figcaption class=\"wp-element-caption\">Montagem mostra o ministro Alexandre de Moraes, a esposa Viviane Barci de Moraes e o banqueiro Daniel Vorcaro. \u2014 Foto: Reprodu\u00e7\u00e3o<br><br><\/figcaption><\/figure>\n<\/div>\n\n\n<p class=\"wp-block-paragraph\">A&nbsp;<a class=\"\" href=\"https:\/\/g1.globo.com\/tudo-sobre\/oab\/\">Ordem dos Advogados do Brasil<\/a>&nbsp;(OAB) divulgou uma nota nesta ter\u00e7a-feira (1\u00ba) em que afirma que acompanha com &#8220;aten\u00e7\u00e3o e extrema preocupa\u00e7\u00e3o&#8221; o desenrolar de not\u00edcias sobre o que chama de &#8220;crise&#8221; no Supremo Tribunal Federal (<a class=\"\" href=\"https:\/\/g1.globo.com\/tudo-sobre\/supremo-tribunal-federal\/\">STF<\/a>) e outros \u00f3rg\u00e3os da Rep\u00fablica.<\/p>\n\n\n\n<p class=\"wp-block-paragraph\">No comunicado, assinado pelo presidente em exerc\u00edcio do Conselho Federal da OAB,&nbsp;<strong>D\u00e9lio Lins e Silva Jr<\/strong>., a entidade defendeu que haja uma investiga\u00e7\u00e3o &#8220;rigorosa e isenta&#8221; sobre os acontecimentos, independentemente dos envolvidos.<\/p>\n\n\n\n<blockquote class=\"wp-block-quote is-layout-flow wp-block-quote-is-layout-flow\">\n<p class=\"wp-block-paragraph\">&#8220;A OAB defende a apura\u00e7\u00e3o rigorosa e isenta de todos os fatos, em rela\u00e7\u00e3o a quem quer que seja, asseguradas as garantias constitucionais do devido processo legal, da ampla defesa e da presun\u00e7\u00e3o de inoc\u00eancia. Esses princ\u00edpios garantem a legitimidade da apura\u00e7\u00e3o&#8221;, diz o texto.<\/p>\n<\/blockquote>\n\n\n\n<p class=\"wp-block-paragraph\">O comunicado foi divulgado horas depois de vir \u00e0 tona um&nbsp;<a class=\"\" href=\"https:\/\/g1.globo.com\/politica\/noticia\/2026\/09\/01\/vorcaro-e-moraes-veja-as-principais-revelacoes-do-relatorio-da-pf.ghtml\">relat\u00f3rio da Pol\u00edcia Federal sobre mensagens extra\u00eddas do celular do banqueiro<\/a>&nbsp;Daniel Vorcaro, do Master.<\/p>\n\n\n\n<p class=\"wp-block-paragraph\">O relat\u00f3rio re\u00fane mensagens enviadas por Vorcaro ao ministro&nbsp;<a class=\"\" href=\"https:\/\/g1.globo.com\/tudo-sobre\/alexandre-de-moraes\/\">Alexandre de Moraes<\/a>, do Supremo Tribunal Federal (STF), e a outros destinat\u00e1rios.<\/p>\n\n\n\n<p class=\"wp-block-paragraph\">Entre outros pontos, o relat\u00f3rio aponta que Vorcaro teve uma&nbsp;<a class=\"\" href=\"https:\/\/g1.globo.com\/politica\/noticia\/2026\/09\/01\/relatorio-da-pf-sobre-mensagens-de-vorcaro-aponta-varios-encontros-do-dono-do-master-com-moraes.ghtml\">s\u00e9rie de encontros com Moraes entre 2024 e 2025&nbsp;<\/a>e que enviou mensagens ao ministro&nbsp;<a class=\"\" href=\"https:\/\/g1.globo.com\/politica\/noticia\/2026\/09\/01\/acha-que-2a-tenho-que-estar-fora-pergunta-vorcaro-a-moraes-sobre-deixar-o-pais-a-dois-dias-de-operacao.ghtml\">antes de ser preso pela primeira vez na Opera\u00e7\u00e3o Compliance Zero<\/a>&nbsp;em 17 de novembro de 2025.<\/p>\n\n\n\n<p class=\"wp-block-paragraph\">A PF tamb\u00e9m aponta, entre outros detalhes, que Moraes&nbsp;<a class=\"\" href=\"https:\/\/g1.globo.com\/politica\/noticia\/2026\/09\/01\/moraes-modificou-contrato-de-r-131-milhoes-entre-vorcaro-e-escritorio-da-esposa-do-ministro.ghtml\">modificou contrato de&nbsp;<strong>R$ 130 milh\u00f5es<\/strong>&nbsp;entre o escrit\u00f3rio da sua esposa<\/a>, a advogada&nbsp;<strong>Viviane Barci de Moraes<\/strong>, e Vorcaro.<\/p>\n\n\n\n<p class=\"wp-block-paragraph\">E que Vorcaro afirmou a funcion\u00e1rios que o pagamento ao escrit\u00f3rio de<strong>&nbsp;Viviane Barci de Moraes<\/strong>&nbsp;<a class=\"\" href=\"https:\/\/g1.globo.com\/politica\/noticia\/2026\/09\/01\/vorcaro-pagamento-escritorio-esposa-moraes.ghtml\">era o \u201cmais importante\u201d.<\/a>&nbsp;Em mensagem a um s\u00f3cio, o dono do Master&nbsp;<a class=\"\" href=\"https:\/\/g1.globo.com\/politica\/noticia\/2026\/09\/01\/vorcaro-pagamento-escritorio-esposa-moraes.ghtml\">reclamou que o valor n\u00e3o havia sido pago<\/a>.<\/p>\n\n\n\n<p class=\"wp-block-paragraph\">Outras mensagens citam tratativas de Vorcaro para&nbsp;<a class=\"\" href=\"https:\/\/g1.globo.com\/politica\/noticia\/2026\/09\/01\/mensagens-revelam-tratativas-para-custeio-de-viagens-a-londres.ghtml\">custeio de viagens de Andrei Rodrigues, diretor da Pol\u00edcia Federal, e Paulo Gonet, procurador-geral da Rep\u00fablica<\/a>, para um evento em Londres.<\/p>\n\n\n\n<h2 class=\"wp-block-heading\">Impacto nas elei\u00e7\u00f5es<\/h2>\n\n\n\n<p class=\"wp-block-paragraph\">Na nota divulgada nesta ter\u00e7a, a OAB tamb\u00e9m manifestou apreens\u00e3o com os poss\u00edveis reflexos institucionais neste momento do pa\u00eds, ressaltando a sensibilidade do calend\u00e1rio eleitoral.<\/p>\n\n\n\n<blockquote class=\"wp-block-quote is-layout-flow wp-block-quote-is-layout-flow\">\n<p class=\"wp-block-paragraph\">&#8220;A Ordem se preocupa com os impactos dessa crise para o Brasil, sobretudo por envolver institui\u00e7\u00f5es essenciais \u00e0 democracia e por ocorrer durante o per\u00edodo eleitoral&#8221;, pontuou a entidade.<\/p>\n<\/blockquote>\n","protected":false},"excerpt":{"rendered":"<p>A&nbsp;Ordem dos Advogados do Brasil&nbsp;(OAB) divulgou uma nota nesta ter\u00e7a-feira (1\u00ba) em que afirma que acompanha com &#8220;aten\u00e7\u00e3o e extrema preocupa\u00e7\u00e3o&#8221; o desenrolar de not\u00edcias sobre o que chama de &#8220;crise&#8221; no Supremo Tribunal Federal (STF) e outros \u00f3rg\u00e3os da Rep\u00fablica. No comunicado, assinado pelo presidente em exerc\u00edcio do Conselho Federal da OAB,&nbsp;D\u00e9lio Lins e [&hellip;]<\/p>\n","protected":false},"author":2,"featured_media":48965,"comment_status":"open","ping_status":"open","sticky":false,"template":"","format":"standard","meta":{"_jetpack_newsletter_access":"","_jetpack_dont_email_post_to_subs":false,"_jetpack_newsletter_tier_id":0,"_jetpack_memberships_contains_paywalled_content":false,"_jetpack_feature_clip_id":0,"_jetpack_memberships_contains_paid_content":false,"footnotes":"","jetpack_post_was_ever_published":false},"categories":[46],"tags":[],"class_list":["post-48964","post","type-post","status-publish","format-standard","has-post-thumbnail","hentry","category-noticia"],"aioseo_notices":[],"aioseo_head":"\n\t\t<!-- All in One SEO 5.0.1.1 - aioseo.com -->\n\t<meta name=\"description\" content=\"A Ordem dos Advogados do Brasil (OAB) divulgou uma nota nesta ter\u00e7a-feira (1\u00ba) em que afirma que acompanha com &quot;aten\u00e7\u00e3o e extrema preocupa\u00e7\u00e3o&quot; o desenrolar de not\u00edcias sobre o que chama de &quot;crise&quot; no Supremo Tribunal Federal (STF) e outros \u00f3rg\u00e3os da Rep\u00fablica. No comunicado, assinado pelo presidente em exerc\u00edcio do Conselho Federal da OAB, D\u00e9lio Lins e\" \/>\n\t<meta name=\"robots\" content=\"max-image-preview:large\" \/>\n\t<meta name=\"author\" content=\"andre\"\/>\n\t<link rel=\"canonical\" href=\"https:\/\/minutobahia24h.com.br\/?p=48964\" \/>\n\t<meta name=\"generator\" content=\"All in One SEO (AIOSEO) 5.0.1.1\" \/>\n\t\t<meta property=\"og:locale\" content=\"pt_BR\" \/>\n\t\t<meta property=\"og:site_name\" content=\"Minuto Bahia 24h - O seu portal de not\u00edcias\" \/>\n\t\t<meta property=\"og:type\" content=\"article\" \/>\n\t\t<meta property=\"og:title\" content=\"OAB diz acompanhar com preocupa\u00e7\u00e3o \u2018crise no STF\u2019 e defende apura\u00e7\u00e3o \u2018rigorosa\u2019 e \u2018isenta\u2019 dos fatos - Minuto Bahia 24h\" \/>\n\t\t<meta property=\"og:description\" content=\"A Ordem dos Advogados do Brasil (OAB) divulgou uma nota nesta ter\u00e7a-feira (1\u00ba) em que afirma que acompanha com &quot;aten\u00e7\u00e3o e extrema preocupa\u00e7\u00e3o&quot; o desenrolar de not\u00edcias sobre o que chama de &quot;crise&quot; no Supremo Tribunal Federal (STF) e outros \u00f3rg\u00e3os da Rep\u00fablica. No comunicado, assinado pelo presidente em exerc\u00edcio do Conselho Federal da OAB, D\u00e9lio Lins e\" \/>\n\t\t<meta property=\"og:url\" content=\"https:\/\/minutobahia24h.com.br\/?p=48964\" \/>\n\t\t<meta property=\"og:image\" content=\"https:\/\/minutobahia24h.com.br\/wp-content\/uploads\/2026\/09\/Sem-titulo-27.jpg\" \/>\n\t\t<meta property=\"og:image:secure_url\" content=\"https:\/\/minutobahia24h.com.br\/wp-content\/uploads\/2026\/09\/Sem-titulo-27.jpg\" \/>\n\t\t<meta property=\"og:image:width\" content=\"984\" \/>\n\t\t<meta property=\"og:image:height\" content=\"676\" \/>\n\t\t<meta property=\"article:published_time\" content=\"2026-09-02T12:04:22+00:00\" \/>\n\t\t<meta property=\"article:modified_time\" content=\"2026-09-02T12:04:23+00:00\" \/>\n\t\t<meta name=\"twitter:card\" content=\"summary_large_image\" \/>\n\t\t<meta name=\"twitter:title\" content=\"OAB diz acompanhar com preocupa\u00e7\u00e3o \u2018crise no STF\u2019 e defende apura\u00e7\u00e3o \u2018rigorosa\u2019 e \u2018isenta\u2019 dos fatos - Minuto Bahia 24h\" \/>\n\t\t<meta name=\"twitter:description\" content=\"A Ordem dos Advogados do Brasil (OAB) divulgou uma nota nesta ter\u00e7a-feira (1\u00ba) em que afirma que acompanha com &quot;aten\u00e7\u00e3o e extrema preocupa\u00e7\u00e3o&quot; o desenrolar de not\u00edcias sobre o que chama de &quot;crise&quot; no Supremo Tribunal Federal (STF) e outros \u00f3rg\u00e3os da Rep\u00fablica. No comunicado, assinado pelo presidente em exerc\u00edcio do Conselho Federal da OAB, D\u00e9lio Lins e\" \/>\n\t\t<meta name=\"twitter:image\" content=\"https:\/\/minutobahia24h.com.br\/wp-content\/uploads\/2026\/09\/Sem-titulo-27.jpg\" \/>\n\t\t<script type=\"application\/ld+json\" class=\"aioseo-schema\">\n\t\t\t{\"@context\":\"https:\\\/\\\/schema.org\",\"@graph\":[{\"@type\":\"BlogPosting\",\"@id\":\"https:\\\/\\\/minutobahia24h.com.br\\\/?p=48964#blogposting\",\"name\":\"OAB diz acompanhar com preocupa\\u00e7\\u00e3o \\u2018crise no STF\\u2019 e defende apura\\u00e7\\u00e3o \\u2018rigorosa\\u2019 e \\u2018isenta\\u2019 dos fatos - Minuto Bahia 24h\",\"headline\":\"OAB diz acompanhar com preocupa\\u00e7\\u00e3o &#8216;crise no STF&#8217; e defende apura\\u00e7\\u00e3o &#8216;rigorosa&#8217; e &#8216;isenta&#8217; dos fatos\",\"author\":{\"@id\":\"https:\\\/\\\/minutobahia24h.com.br\\\/?author=2#author\"},\"publisher\":{\"@id\":\"https:\\\/\\\/minutobahia24h.com.br\\\/#organization\"},\"image\":{\"@type\":\"ImageObject\",\"url\":\"https:\\\/\\\/i0.wp.com\\\/minutobahia24h.com.br\\\/wp-content\\\/uploads\\\/2026\\\/09\\\/Sem-titulo-27.jpg?fit=984%2C676&ssl=1\",\"width\":984,\"height\":676},\"datePublished\":\"2026-09-02T09:04:22-03:00\",\"dateModified\":\"2026-09-02T09:04:23-03:00\",\"inLanguage\":\"pt-BR\",\"mainEntityOfPage\":{\"@id\":\"https:\\\/\\\/minutobahia24h.com.br\\\/?p=48964#webpage\"},\"isPartOf\":{\"@id\":\"https:\\\/\\\/minutobahia24h.com.br\\\/?p=48964#webpage\"},\"articleSection\":\"Not\\u00edcia\"},{\"@type\":\"BreadcrumbList\",\"@id\":\"https:\\\/\\\/minutobahia24h.com.br\\\/?p=48964#breadcrumblist\",\"itemListElement\":[{\"@type\":\"ListItem\",\"@id\":\"https:\\\/\\\/minutobahia24h.com.br#listItem\",\"position\":1,\"name\":\"In\\u00edcio\",\"item\":\"https:\\\/\\\/minutobahia24h.com.br\",\"nextItem\":{\"@type\":\"ListItem\",\"@id\":\"https:\\\/\\\/minutobahia24h.com.br\\\/?cat=46#listItem\",\"name\":\"Not\\u00edcia\"}},{\"@type\":\"ListItem\",\"@id\":\"https:\\\/\\\/minutobahia24h.com.br\\\/?cat=46#listItem\",\"position\":2,\"name\":\"Not\\u00edcia\",\"item\":\"https:\\\/\\\/minutobahia24h.com.br\\\/?cat=46\",\"nextItem\":{\"@type\":\"ListItem\",\"@id\":\"https:\\\/\\\/minutobahia24h.com.br\\\/?p=48964#listItem\",\"name\":\"OAB diz acompanhar com preocupa\\u00e7\\u00e3o &#8216;crise no STF&#8217; e defende apura\\u00e7\\u00e3o &#8216;rigorosa&#8217; e &#8216;isenta&#8217; dos fatos\"},\"previousItem\":{\"@type\":\"ListItem\",\"@id\":\"https:\\\/\\\/minutobahia24h.com.br#listItem\",\"name\":\"In\\u00edcio\"}},{\"@type\":\"ListItem\",\"@id\":\"https:\\\/\\\/minutobahia24h.com.br\\\/?p=48964#listItem\",\"position\":3,\"name\":\"OAB diz acompanhar com preocupa\\u00e7\\u00e3o &#8216;crise no STF&#8217; e defende apura\\u00e7\\u00e3o &#8216;rigorosa&#8217; e &#8216;isenta&#8217; dos fatos\",\"previousItem\":{\"@type\":\"ListItem\",\"@id\":\"https:\\\/\\\/minutobahia24h.com.br\\\/?cat=46#listItem\",\"name\":\"Not\\u00edcia\"}}]},{\"@type\":\"Organization\",\"@id\":\"https:\\\/\\\/minutobahia24h.com.br\\\/#organization\",\"name\":\"Minuto Bahia 24h\",\"description\":\"O seu portal de not\\u00edcias\",\"url\":\"https:\\\/\\\/minutobahia24h.com.br\\\/\",\"logo\":{\"@type\":\"ImageObject\",\"url\":\"https:\\\/\\\/i0.wp.com\\\/minutobahia24h.com.br\\\/wp-content\\\/uploads\\\/2023\\\/09\\\/cropped-minutoba.png?fit=457%2C119&ssl=1\",\"@id\":\"https:\\\/\\\/minutobahia24h.com.br\\\/?p=48964\\\/#organizationLogo\",\"width\":457,\"height\":119},\"image\":{\"@id\":\"https:\\\/\\\/minutobahia24h.com.br\\\/?p=48964\\\/#organizationLogo\"}},{\"@type\":\"Person\",\"@id\":\"https:\\\/\\\/minutobahia24h.com.br\\\/?author=2#author\",\"url\":\"https:\\\/\\\/minutobahia24h.com.br\\\/?author=2\",\"name\":\"andre\",\"image\":{\"@type\":\"ImageObject\",\"@id\":\"https:\\\/\\\/minutobahia24h.com.br\\\/?p=48964#authorImage\",\"url\":\"https:\\\/\\\/secure.gravatar.com\\\/avatar\\\/0ec5eafed5f3925c321625d79a680d589901b94bca787ae396a35f6c4a960922?s=96&d=mm&r=g\",\"width\":96,\"height\":96,\"caption\":\"andre\"}},{\"@type\":\"WebPage\",\"@id\":\"https:\\\/\\\/minutobahia24h.com.br\\\/?p=48964#webpage\",\"url\":\"https:\\\/\\\/minutobahia24h.com.br\\\/?p=48964\",\"name\":\"OAB diz acompanhar com preocupa\\u00e7\\u00e3o \\u2018crise no STF\\u2019 e defende apura\\u00e7\\u00e3o \\u2018rigorosa\\u2019 e \\u2018isenta\\u2019 dos fatos - Minuto Bahia 24h\",\"description\":\"A Ordem dos Advogados do Brasil (OAB) divulgou uma nota nesta ter\\u00e7a-feira (1\\u00ba) em que afirma que acompanha com \\\"aten\\u00e7\\u00e3o e extrema preocupa\\u00e7\\u00e3o\\\" o desenrolar de not\\u00edcias sobre o que chama de \\\"crise\\\" no Supremo Tribunal Federal (STF) e outros \\u00f3rg\\u00e3os da Rep\\u00fablica. No comunicado, assinado pelo presidente em exerc\\u00edcio do Conselho Federal da OAB, D\\u00e9lio Lins e\",\"inLanguage\":\"pt-BR\",\"isPartOf\":{\"@id\":\"https:\\\/\\\/minutobahia24h.com.br\\\/#website\"},\"breadcrumb\":{\"@id\":\"https:\\\/\\\/minutobahia24h.com.br\\\/?p=48964#breadcrumblist\"},\"author\":{\"@id\":\"https:\\\/\\\/minutobahia24h.com.br\\\/?author=2#author\"},\"creator\":{\"@id\":\"https:\\\/\\\/minutobahia24h.com.br\\\/?author=2#author\"},\"image\":{\"@type\":\"ImageObject\",\"url\":\"https:\\\/\\\/i0.wp.com\\\/minutobahia24h.com.br\\\/wp-content\\\/uploads\\\/2026\\\/09\\\/Sem-titulo-27.jpg?fit=984%2C676&ssl=1\",\"@id\":\"https:\\\/\\\/minutobahia24h.com.br\\\/?p=48964\\\/#mainImage\",\"width\":984,\"height\":676},\"primaryImageOfPage\":{\"@id\":\"https:\\\/\\\/minutobahia24h.com.br\\\/?p=48964#mainImage\"},\"datePublished\":\"2026-09-02T09:04:22-03:00\",\"dateModified\":\"2026-09-02T09:04:23-03:00\"},{\"@type\":\"WebSite\",\"@id\":\"https:\\\/\\\/minutobahia24h.com.br\\\/#website\",\"url\":\"https:\\\/\\\/minutobahia24h.com.br\\\/\",\"name\":\"Minuto Bahia 24h\",\"description\":\"O seu portal de not\\u00edcias\",\"inLanguage\":\"pt-BR\",\"publisher\":{\"@id\":\"https:\\\/\\\/minutobahia24h.com.br\\\/#organization\"}}]}\n\t\t<\/script>\n\t\t<!-- All in One SEO -->\n\n","aioseo_head_json":{"title":"OAB diz acompanhar com preocupa\u00e7\u00e3o \u2018crise no STF\u2019 e defende apura\u00e7\u00e3o \u2018rigorosa\u2019 e \u2018isenta\u2019 dos fatos - Minuto Bahia 24h","description":"A Ordem dos Advogados do Brasil (OAB) divulgou uma nota nesta ter\u00e7a-feira (1\u00ba) em que afirma que acompanha com \"aten\u00e7\u00e3o e extrema preocupa\u00e7\u00e3o\" o desenrolar de not\u00edcias sobre o que chama de \"crise\" no Supremo Tribunal Federal (STF) e outros \u00f3rg\u00e3os da Rep\u00fablica. No comunicado, assinado pelo presidente em exerc\u00edcio do Conselho Federal da OAB, D\u00e9lio Lins e","canonical_url":"https:\/\/minutobahia24h.com.br\/?p=48964","robots":"max-image-preview:large","keywords":"","webmasterTools":{"miscellaneous":""},"schema":{"@context":"https:\/\/schema.org","@graph":[{"@type":"BlogPosting","@id":"https:\/\/minutobahia24h.com.br\/?p=48964#blogposting","name":"OAB diz acompanhar com preocupa\u00e7\u00e3o \u2018crise no STF\u2019 e defende apura\u00e7\u00e3o \u2018rigorosa\u2019 e \u2018isenta\u2019 dos fatos - Minuto Bahia 24h","headline":"OAB diz acompanhar com preocupa\u00e7\u00e3o &#8216;crise no STF&#8217; e defende apura\u00e7\u00e3o &#8216;rigorosa&#8217; e &#8216;isenta&#8217; dos fatos","author":{"@id":"https:\/\/minutobahia24h.com.br\/?author=2#author"},"publisher":{"@id":"https:\/\/minutobahia24h.com.br\/#organization"},"image":{"@type":"ImageObject","url":"https:\/\/i0.wp.com\/minutobahia24h.com.br\/wp-content\/uploads\/2026\/09\/Sem-titulo-27.jpg?fit=984%2C676&ssl=1","width":984,"height":676},"datePublished":"2026-09-02T09:04:22-03:00","dateModified":"2026-09-02T09:04:23-03:00","inLanguage":"pt-BR","mainEntityOfPage":{"@id":"https:\/\/minutobahia24h.com.br\/?p=48964#webpage"},"isPartOf":{"@id":"https:\/\/minutobahia24h.com.br\/?p=48964#webpage"},"articleSection":"Not\u00edcia"},{"@type":"BreadcrumbList","@id":"https:\/\/minutobahia24h.com.br\/?p=48964#breadcrumblist","itemListElement":[{"@type":"ListItem","@id":"https:\/\/minutobahia24h.com.br#listItem","position":1,"name":"In\u00edcio","item":"https:\/\/minutobahia24h.com.br","nextItem":{"@type":"ListItem","@id":"https:\/\/minutobahia24h.com.br\/?cat=46#listItem","name":"Not\u00edcia"}},{"@type":"ListItem","@id":"https:\/\/minutobahia24h.com.br\/?cat=46#listItem","position":2,"name":"Not\u00edcia","item":"https:\/\/minutobahia24h.com.br\/?cat=46","nextItem":{"@type":"ListItem","@id":"https:\/\/minutobahia24h.com.br\/?p=48964#listItem","name":"OAB diz acompanhar com preocupa\u00e7\u00e3o &#8216;crise no STF&#8217; e defende apura\u00e7\u00e3o &#8216;rigorosa&#8217; e &#8216;isenta&#8217; dos fatos"},"previousItem":{"@type":"ListItem","@id":"https:\/\/minutobahia24h.com.br#listItem","name":"In\u00edcio"}},{"@type":"ListItem","@id":"https:\/\/minutobahia24h.com.br\/?p=48964#listItem","position":3,"name":"OAB diz acompanhar com preocupa\u00e7\u00e3o &#8216;crise no STF&#8217; e defende apura\u00e7\u00e3o &#8216;rigorosa&#8217; e &#8216;isenta&#8217; dos fatos","previousItem":{"@type":"ListItem","@id":"https:\/\/minutobahia24h.com.br\/?cat=46#listItem","name":"Not\u00edcia"}}]},{"@type":"Organization","@id":"https:\/\/minutobahia24h.com.br\/#organization","name":"Minuto Bahia 24h","description":"O seu portal de not\u00edcias","url":"https:\/\/minutobahia24h.com.br\/","logo":{"@type":"ImageObject","url":"https:\/\/i0.wp.com\/minutobahia24h.com.br\/wp-content\/uploads\/2023\/09\/cropped-minutoba.png?fit=457%2C119&ssl=1","@id":"https:\/\/minutobahia24h.com.br\/?p=48964\/#organizationLogo","width":457,"height":119},"image":{"@id":"https:\/\/minutobahia24h.com.br\/?p=48964\/#organizationLogo"}},{"@type":"Person","@id":"https:\/\/minutobahia24h.com.br\/?author=2#author","url":"https:\/\/minutobahia24h.com.br\/?author=2","name":"andre","image":{"@type":"ImageObject","@id":"https:\/\/minutobahia24h.com.br\/?p=48964#authorImage","url":"https:\/\/secure.gravatar.com\/avatar\/0ec5eafed5f3925c321625d79a680d589901b94bca787ae396a35f6c4a960922?s=96&d=mm&r=g","width":96,"height":96,"caption":"andre"}},{"@type":"WebPage","@id":"https:\/\/minutobahia24h.com.br\/?p=48964#webpage","url":"https:\/\/minutobahia24h.com.br\/?p=48964","name":"OAB diz acompanhar com preocupa\u00e7\u00e3o \u2018crise no STF\u2019 e defende apura\u00e7\u00e3o \u2018rigorosa\u2019 e \u2018isenta\u2019 dos fatos - Minuto Bahia 24h","description":"A Ordem dos Advogados do Brasil (OAB) divulgou uma nota nesta ter\u00e7a-feira (1\u00ba) em que afirma que acompanha com \"aten\u00e7\u00e3o e extrema preocupa\u00e7\u00e3o\" o desenrolar de not\u00edcias sobre o que chama de \"crise\" no Supremo Tribunal Federal (STF) e outros \u00f3rg\u00e3os da Rep\u00fablica. No comunicado, assinado pelo presidente em exerc\u00edcio do Conselho Federal da OAB, D\u00e9lio Lins e","inLanguage":"pt-BR","isPartOf":{"@id":"https:\/\/minutobahia24h.com.br\/#website"},"breadcrumb":{"@id":"https:\/\/minutobahia24h.com.br\/?p=48964#breadcrumblist"},"author":{"@id":"https:\/\/minutobahia24h.com.br\/?author=2#author"},"creator":{"@id":"https:\/\/minutobahia24h.com.br\/?author=2#author"},"image":{"@type":"ImageObject","url":"https:\/\/i0.wp.com\/minutobahia24h.com.br\/wp-content\/uploads\/2026\/09\/Sem-titulo-27.jpg?fit=984%2C676&ssl=1","@id":"https:\/\/minutobahia24h.com.br\/?p=48964\/#mainImage","width":984,"height":676},"primaryImageOfPage":{"@id":"https:\/\/minutobahia24h.com.br\/?p=48964#mainImage"},"datePublished":"2026-09-02T09:04:22-03:00","dateModified":"2026-09-02T09:04:23-03:00"},{"@type":"WebSite","@id":"https:\/\/minutobahia24h.com.br\/#website","url":"https:\/\/minutobahia24h.com.br\/","name":"Minuto Bahia 24h","description":"O seu portal de not\u00edcias","inLanguage":"pt-BR","publisher":{"@id":"https:\/\/minutobahia24h.com.br\/#organization"}}]},"og:locale":"pt_BR","og:site_name":"Minuto Bahia 24h - O seu portal de not\u00edcias","og:type":"article","og:title":"OAB diz acompanhar com preocupa\u00e7\u00e3o \u2018crise no STF\u2019 e defende apura\u00e7\u00e3o \u2018rigorosa\u2019 e \u2018isenta\u2019 dos fatos - Minuto Bahia 24h","og:description":"A Ordem dos Advogados do Brasil (OAB) divulgou uma nota nesta ter\u00e7a-feira (1\u00ba) em que afirma que acompanha com &quot;aten\u00e7\u00e3o e extrema preocupa\u00e7\u00e3o&quot; o desenrolar de not\u00edcias sobre o que chama de &quot;crise&quot; no Supremo Tribunal Federal (STF) e outros \u00f3rg\u00e3os da Rep\u00fablica. No comunicado, assinado pelo presidente em exerc\u00edcio do Conselho Federal da OAB, D\u00e9lio Lins e","og:url":"https:\/\/minutobahia24h.com.br\/?p=48964","og:image":"https:\/\/minutobahia24h.com.br\/wp-content\/uploads\/2026\/09\/Sem-titulo-27.jpg","og:image:secure_url":"https:\/\/minutobahia24h.com.br\/wp-content\/uploads\/2026\/09\/Sem-titulo-27.jpg","og:image:width":984,"og:image:height":676,"article:published_time":"2026-09-02T12:04:22+00:00","article:modified_time":"2026-09-02T12:04:23+00:00","twitter:card":"summary_large_image","twitter:title":"OAB diz acompanhar com preocupa\u00e7\u00e3o \u2018crise no STF\u2019 e defende apura\u00e7\u00e3o \u2018rigorosa\u2019 e \u2018isenta\u2019 dos fatos - Minuto Bahia 24h","twitter:description":"A Ordem dos Advogados do Brasil (OAB) divulgou uma nota nesta ter\u00e7a-feira (1\u00ba) em que afirma que acompanha com &quot;aten\u00e7\u00e3o e extrema preocupa\u00e7\u00e3o&quot; o desenrolar de not\u00edcias sobre o que chama de &quot;crise&quot; no Supremo Tribunal Federal (STF) e outros \u00f3rg\u00e3os da Rep\u00fablica. No comunicado, assinado pelo presidente em exerc\u00edcio do Conselho Federal da OAB, D\u00e9lio Lins e","twitter:image":"https:\/\/minutobahia24h.com.br\/wp-content\/uploads\/2026\/09\/Sem-titulo-27.jpg"},"aioseo_meta_data":{"post_id":"48964","title":null,"description":null,"keywords":null,"keyphrases":{"focus":{"keyphrase":"","score":0,"analysis":{"keyphraseInTitle":{"score":0,"maxScore":9,"error":1}}},"additional":[]},"primary_term":null,"canonical_url":null,"og_title":null,"og_description":null,"og_object_type":"default","og_image_type":"default","og_image_url":null,"og_image_width":null,"og_image_height":null,"og_image_custom_url":null,"og_image_custom_fields":null,"og_video":"","og_custom_url":null,"og_article_section":null,"og_article_tags":null,"twitter_use_og":true,"twitter_card":"default","twitter_image_type":"default","twitter_image_url":null,"twitter_image_custom_url":null,"twitter_image_custom_fields":null,"twitter_title":null,"twitter_description":null,"schema":{"blockGraphs":[],"customGraphs":[],"default":{"data":{"Article":[],"Course":[],"Dataset":[],"FAQPage":[],"Movie":[],"Person":[],"Product":[],"ProductReview":[],"Car":[],"Recipe":[],"Service":[],"SoftwareApplication":[],"WebPage":[]},"graphName":"BlogPosting","isEnabled":true},"graphs":[]},"schema_type":"default","schema_type_options":null,"pillar_content":false,"robots_default":true,"robots_noindex":false,"robots_noarchive":false,"robots_nosnippet":false,"robots_nofollow":false,"robots_noimageindex":false,"robots_noodp":false,"robots_notranslate":false,"robots_max_snippet":"-1","robots_max_videopreview":"-1","robots_max_imagepreview":"large","priority":null,"frequency":"default","local_seo":null,"breadcrumb_settings":null,"limit_modified_date":false,"ai":{"faqs":[],"keyPoints":[],"schemas":[],"titles":[],"descriptions":[],"socialPosts":{"email":{"subject":"","preview":"","content":""},"linkedin":[],"twitter":[],"facebook":[],"instagram":[]}},"created":"2026-09-02 12:04:23","updated":"2026-09-02 14:00:38","seo_analyzer_scan_date":null,"focus_keyword":null,"additional_keywords":null,"truseo_locale":null},"aioseo_breadcrumb":"<div class=\"aioseo-breadcrumbs\"><span class=\"aioseo-breadcrumb\">\n\t\t\t<a href=\"https:\/\/minutobahia24h.com.br\" title=\"In\u00edcio\">In\u00edcio<\/a>\n\t\t<\/span><span class=\"aioseo-breadcrumb-separator\">&raquo;<\/span><span class=\"aioseo-breadcrumb\">\n\t\t\t<a href=\"https:\/\/minutobahia24h.com.br\/?cat=46\" title=\"Not\u00edcia\">Not\u00edcia<\/a>\n\t\t<\/span><span class=\"aioseo-breadcrumb-separator\">&raquo;<\/span><span class=\"aioseo-breadcrumb\">\n\t\t\tOAB diz acompanhar com preocupa\u00e7\u00e3o \u2018crise no STF\u2019 e defende apura\u00e7\u00e3o \u2018rigorosa\u2019 e \u2018isenta\u2019 dos fatos\n\t\t<\/span><\/div>","aioseo_breadcrumb_json":[{"label":"In\u00edcio","link":"https:\/\/minutobahia24h.com.br"},{"label":"Not\u00edcia","link":"https:\/\/minutobahia24h.com.br\/?cat=46"},{"label":"OAB diz acompanhar com preocupa\u00e7\u00e3o &#8216;crise no STF&#8217; e defende apura\u00e7\u00e3o &#8216;rigorosa&#8217; e &#8216;isenta&#8217; dos fatos","link":"https:\/\/minutobahia24h.com.br\/?p=48964"}],"jetpack_sharing_enabled":true,"jetpack_featured_media_url":"https:\/\/i0.wp.com\/minutobahia24h.com.br\/wp-content\/uploads\/2026\/09\/Sem-titulo-27.jpg?fit=984%2C676&ssl=1","_links":{"self":[{"href":"https:\/\/minutobahia24h.com.br\/index.php?rest_route=\/wp\/v2\/posts\/48964","targetHints":{"allow":["GET"]}}],"collection":[{"href":"https:\/\/minutobahia24h.com.br\/index.php?rest_route=\/wp\/v2\/posts"}],"about":[{"href":"https:\/\/minutobahia24h.com.br\/index.php?rest_route=\/wp\/v2\/types\/post"}],"author":[{"embeddable":true,"href":"https:\/\/minutobahia24h.com.br\/index.php?rest_route=\/wp\/v2\/users\/2"}],"replies":[{"embeddable":true,"href":"https:\/\/minutobahia24h.com.br\/index.php?rest_route=%2Fwp%2Fv2%2Fcomments&post=48964"}],"version-history":[{"count":1,"href":"https:\/\/minutobahia24h.com.br\/index.php?rest_route=\/wp\/v2\/posts\/48964\/revisions"}],"predecessor-version":[{"id":48966,"href":"https:\/\/minutobahia24h.com.br\/index.php?rest_route=\/wp\/v2\/posts\/48964\/revisions\/48966"}],"wp:featuredmedia":[{"embeddable":true,"href":"https:\/\/minutobahia24h.com.br\/index.php?rest_route=\/wp\/v2\/media\/48965"}],"wp:attachment":[{"href":"https:\/\/minutobahia24h.com.br\/index.php?rest_route=%2Fwp%2Fv2%2Fmedia&parent=48964"}],"wp:term":[{"taxonomy":"category","embeddable":true,"href":"https:\/\/minutobahia24h.com.br\/index.php?rest_route=%2Fwp%2Fv2%2Fcategories&post=48964"},{"taxonomy":"post_tag","embeddable":true,"href":"https:\/\/minutobahia24h.com.br\/index.php?rest_route=%2Fwp%2Fv2%2Ftags&post=48964"}],"curies":[{"name":"wp","href":"https:\/\/api.w.org\/{rel}","templated":true}]}}