{"id":48952,"date":"2026-09-02T08:04:44","date_gmt":"2026-09-02T11:04:44","guid":{"rendered":"https:\/\/minutobahia24h.com.br\/?p=48952"},"modified":"2026-09-02T08:04:44","modified_gmt":"2026-09-02T11:04:44","slug":"tj-ba-revoga-segunda-prisao-preventiva-de-binho-galinha","status":"publish","type":"post","link":"https:\/\/minutobahia24h.com.br\/?p=48952","title":{"rendered":"TJ-BA revoga segunda pris\u00e3o preventiva de Binho Galinha"},"content":{"rendered":"<div class=\"wp-block-image\">\n<figure class=\"aligncenter size-full\"><img data-recalc-dims=\"1\" fetchpriority=\"high\" decoding=\"async\" width=\"800\" height=\"476\" src=\"https:\/\/i0.wp.com\/minutobahia24h.com.br\/wp-content\/uploads\/2026\/09\/Sem-titulo-23.jpg?resize=800%2C476&#038;ssl=1\" alt=\"\" class=\"wp-image-48953\"\/><figcaption class=\"wp-element-caption\">Divulga\u00e7\u00e3o \/ AL-BA<\/figcaption><\/figure>\n<\/div>\n\n\n<p class=\"wp-block-paragraph\">O deputado estadual Kl\u00e9ber Cristian Escolano de Almeida, conhecido como Binho Galinha (Avante), continuar\u00e1 preso mesmo ap\u00f3s o Tribunal de Justi\u00e7a da Bahia (TJ-BA) revogar, por unanimidade, a segunda pris\u00e3o preventiva contra ele. A decis\u00e3o foi tomada ap\u00f3s habeas corpus apresentado pela defesa do parlamentar.<\/p>\n\n\n\n<p class=\"wp-block-paragraph\">A perman\u00eancia na pris\u00e3o ocorre porque existe uma primeira ordem de pris\u00e3o preventiva contra Binho Galinha. A legalidade dessa medida \u00e9 atualmente discutida no Superior Tribunal de Justi\u00e7a (STJ), segundo os advogados do deputado.<\/p>\n\n\n\n<p class=\"wp-block-paragraph\">Ap\u00f3s a decis\u00e3o do TJ-BA, a defesa afirmou que pretende continuar contestando a primeira pris\u00e3o e disse esperar que o STJ tamb\u00e9m reconhe\u00e7a as ilegalidades apontadas pelos advogados. Para eles, o parlamentar deve voltar a responder ao processo em liberdade.<\/p>\n\n\n\n<p class=\"wp-block-paragraph\">Sobre a segunda pris\u00e3o, que acabou derrubada pelo TJ-BA, os advogados sustentaram que a medida n\u00e3o foi acompanhada de novos fatos que justificassem a mudan\u00e7a no status de liberdade do deputado. A defesa destacou ainda que Binho Galinha havia respondido ao processo em liberdade e, segundo os representantes, n\u00e3o teria atrapalhado a instru\u00e7\u00e3o.<\/p>\n\n\n\n<p class=\"wp-block-paragraph\">Outro argumento apresentado foi o de que a pris\u00e3o preventiva n\u00e3o teria sido solicitada pelo Minist\u00e9rio P\u00fablico nem pela autoridade policial. Para a defesa, a decis\u00e3o de primeira inst\u00e2ncia teria sido tomada de of\u00edcio, em desacordo com o artigo 311 do C\u00f3digo de Processo Penal.<\/p>\n\n\n\n<p class=\"wp-block-paragraph\">Os advogados tamb\u00e9m afirmaram que existem outros pontos do processo que ainda ser\u00e3o questionados nas inst\u00e2ncias superiores. Entre as medidas previstas est\u00e1 a apresenta\u00e7\u00e3o de argumentos no julgamento da apela\u00e7\u00e3o, que ainda est\u00e1 pendente.<\/p>\n\n\n\n<p class=\"wp-block-paragraph\">blogdoeloiltoncajuhy<\/p>\n","protected":false},"excerpt":{"rendered":"<p>O deputado estadual Kl\u00e9ber Cristian Escolano de Almeida, conhecido como Binho Galinha (Avante), continuar\u00e1 preso mesmo ap\u00f3s o Tribunal de Justi\u00e7a da Bahia (TJ-BA) revogar, por unanimidade, a segunda pris\u00e3o preventiva contra ele. A decis\u00e3o foi tomada ap\u00f3s habeas corpus apresentado pela defesa do parlamentar. A perman\u00eancia na pris\u00e3o ocorre porque existe uma primeira ordem [&hellip;]<\/p>\n","protected":false},"author":2,"featured_media":48953,"comment_status":"open","ping_status":"open","sticky":false,"template":"","format":"standard","meta":{"_jetpack_newsletter_access":"","_jetpack_dont_email_post_to_subs":false,"_jetpack_newsletter_tier_id":0,"_jetpack_memberships_contains_paywalled_content":false,"_jetpack_feature_clip_id":0,"_jetpack_memberships_contains_paid_content":false,"footnotes":"","jetpack_post_was_ever_published":false},"categories":[23],"tags":[],"class_list":["post-48952","post","type-post","status-publish","format-standard","has-post-thumbnail","hentry","category-justica"],"aioseo_notices":[],"aioseo_head":"\n\t\t<!-- All in One SEO 5.0.1.1 - aioseo.com -->\n\t<meta name=\"description\" content=\"O deputado estadual Kl\u00e9ber Cristian Escolano de Almeida, conhecido como Binho Galinha (Avante), continuar\u00e1 preso mesmo ap\u00f3s o Tribunal de Justi\u00e7a da Bahia (TJ-BA) revogar, por unanimidade, a segunda pris\u00e3o preventiva contra ele. A decis\u00e3o foi tomada ap\u00f3s habeas corpus apresentado pela defesa do parlamentar. A perman\u00eancia na pris\u00e3o ocorre porque existe uma primeira ordem\" \/>\n\t<meta name=\"robots\" content=\"max-image-preview:large\" \/>\n\t<meta name=\"author\" content=\"andre\"\/>\n\t<link rel=\"canonical\" href=\"https:\/\/minutobahia24h.com.br\/?p=48952\" \/>\n\t<meta name=\"generator\" content=\"All in One SEO (AIOSEO) 5.0.1.1\" \/>\n\t\t<meta property=\"og:locale\" content=\"pt_BR\" \/>\n\t\t<meta property=\"og:site_name\" content=\"Minuto Bahia 24h - O seu portal de not\u00edcias\" \/>\n\t\t<meta property=\"og:type\" content=\"article\" \/>\n\t\t<meta property=\"og:title\" content=\"TJ-BA revoga segunda pris\u00e3o preventiva de Binho Galinha - Minuto Bahia 24h\" \/>\n\t\t<meta property=\"og:description\" content=\"O deputado estadual Kl\u00e9ber Cristian Escolano de Almeida, conhecido como Binho Galinha (Avante), continuar\u00e1 preso mesmo ap\u00f3s o Tribunal de Justi\u00e7a da Bahia (TJ-BA) revogar, por unanimidade, a segunda pris\u00e3o preventiva contra ele. A decis\u00e3o foi tomada ap\u00f3s habeas corpus apresentado pela defesa do parlamentar. A perman\u00eancia na pris\u00e3o ocorre porque existe uma primeira ordem\" \/>\n\t\t<meta property=\"og:url\" content=\"https:\/\/minutobahia24h.com.br\/?p=48952\" \/>\n\t\t<meta property=\"og:image\" content=\"https:\/\/minutobahia24h.com.br\/wp-content\/uploads\/2026\/09\/Sem-titulo-23.jpg\" \/>\n\t\t<meta property=\"og:image:secure_url\" content=\"https:\/\/minutobahia24h.com.br\/wp-content\/uploads\/2026\/09\/Sem-titulo-23.jpg\" \/>\n\t\t<meta property=\"og:image:width\" content=\"984\" \/>\n\t\t<meta property=\"og:image:height\" content=\"586\" \/>\n\t\t<meta property=\"article:published_time\" content=\"2026-09-02T11:04:44+00:00\" \/>\n\t\t<meta property=\"article:modified_time\" content=\"2026-09-02T11:04:44+00:00\" \/>\n\t\t<meta name=\"twitter:card\" content=\"summary_large_image\" \/>\n\t\t<meta name=\"twitter:title\" content=\"TJ-BA revoga segunda pris\u00e3o preventiva de Binho Galinha - Minuto Bahia 24h\" \/>\n\t\t<meta name=\"twitter:description\" content=\"O deputado estadual Kl\u00e9ber Cristian Escolano de Almeida, conhecido como Binho Galinha (Avante), continuar\u00e1 preso mesmo ap\u00f3s o Tribunal de Justi\u00e7a da Bahia (TJ-BA) revogar, por unanimidade, a segunda pris\u00e3o preventiva contra ele. A decis\u00e3o foi tomada ap\u00f3s habeas corpus apresentado pela defesa do parlamentar. A perman\u00eancia na pris\u00e3o ocorre porque existe uma primeira ordem\" \/>\n\t\t<meta name=\"twitter:image\" content=\"https:\/\/minutobahia24h.com.br\/wp-content\/uploads\/2026\/09\/Sem-titulo-23.jpg\" \/>\n\t\t<script type=\"application\/ld+json\" class=\"aioseo-schema\">\n\t\t\t{\"@context\":\"https:\\\/\\\/schema.org\",\"@graph\":[{\"@type\":\"BlogPosting\",\"@id\":\"https:\\\/\\\/minutobahia24h.com.br\\\/?p=48952#blogposting\",\"name\":\"TJ-BA revoga segunda pris\\u00e3o preventiva de Binho Galinha - Minuto Bahia 24h\",\"headline\":\"TJ-BA revoga segunda pris\\u00e3o preventiva de Binho Galinha\",\"author\":{\"@id\":\"https:\\\/\\\/minutobahia24h.com.br\\\/?author=2#author\"},\"publisher\":{\"@id\":\"https:\\\/\\\/minutobahia24h.com.br\\\/#organization\"},\"image\":{\"@type\":\"ImageObject\",\"url\":\"https:\\\/\\\/i0.wp.com\\\/minutobahia24h.com.br\\\/wp-content\\\/uploads\\\/2026\\\/09\\\/Sem-titulo-23.jpg?fit=984%2C586&ssl=1\",\"width\":984,\"height\":586},\"datePublished\":\"2026-09-02T08:04:44-03:00\",\"dateModified\":\"2026-09-02T08:04:44-03:00\",\"inLanguage\":\"pt-BR\",\"mainEntityOfPage\":{\"@id\":\"https:\\\/\\\/minutobahia24h.com.br\\\/?p=48952#webpage\"},\"isPartOf\":{\"@id\":\"https:\\\/\\\/minutobahia24h.com.br\\\/?p=48952#webpage\"},\"articleSection\":\"Justi\\u00e7a\"},{\"@type\":\"BreadcrumbList\",\"@id\":\"https:\\\/\\\/minutobahia24h.com.br\\\/?p=48952#breadcrumblist\",\"itemListElement\":[{\"@type\":\"ListItem\",\"@id\":\"https:\\\/\\\/minutobahia24h.com.br#listItem\",\"position\":1,\"name\":\"In\\u00edcio\",\"item\":\"https:\\\/\\\/minutobahia24h.com.br\",\"nextItem\":{\"@type\":\"ListItem\",\"@id\":\"https:\\\/\\\/minutobahia24h.com.br\\\/?cat=23#listItem\",\"name\":\"Justi\\u00e7a\"}},{\"@type\":\"ListItem\",\"@id\":\"https:\\\/\\\/minutobahia24h.com.br\\\/?cat=23#listItem\",\"position\":2,\"name\":\"Justi\\u00e7a\",\"item\":\"https:\\\/\\\/minutobahia24h.com.br\\\/?cat=23\",\"nextItem\":{\"@type\":\"ListItem\",\"@id\":\"https:\\\/\\\/minutobahia24h.com.br\\\/?p=48952#listItem\",\"name\":\"TJ-BA revoga segunda pris\\u00e3o preventiva de Binho Galinha\"},\"previousItem\":{\"@type\":\"ListItem\",\"@id\":\"https:\\\/\\\/minutobahia24h.com.br#listItem\",\"name\":\"In\\u00edcio\"}},{\"@type\":\"ListItem\",\"@id\":\"https:\\\/\\\/minutobahia24h.com.br\\\/?p=48952#listItem\",\"position\":3,\"name\":\"TJ-BA revoga segunda pris\\u00e3o preventiva de Binho Galinha\",\"previousItem\":{\"@type\":\"ListItem\",\"@id\":\"https:\\\/\\\/minutobahia24h.com.br\\\/?cat=23#listItem\",\"name\":\"Justi\\u00e7a\"}}]},{\"@type\":\"Organization\",\"@id\":\"https:\\\/\\\/minutobahia24h.com.br\\\/#organization\",\"name\":\"Minuto Bahia 24h\",\"description\":\"O seu portal de not\\u00edcias\",\"url\":\"https:\\\/\\\/minutobahia24h.com.br\\\/\",\"logo\":{\"@type\":\"ImageObject\",\"url\":\"https:\\\/\\\/i0.wp.com\\\/minutobahia24h.com.br\\\/wp-content\\\/uploads\\\/2023\\\/09\\\/cropped-minutoba.png?fit=457%2C119&ssl=1\",\"@id\":\"https:\\\/\\\/minutobahia24h.com.br\\\/?p=48952\\\/#organizationLogo\",\"width\":457,\"height\":119},\"image\":{\"@id\":\"https:\\\/\\\/minutobahia24h.com.br\\\/?p=48952\\\/#organizationLogo\"}},{\"@type\":\"Person\",\"@id\":\"https:\\\/\\\/minutobahia24h.com.br\\\/?author=2#author\",\"url\":\"https:\\\/\\\/minutobahia24h.com.br\\\/?author=2\",\"name\":\"andre\",\"image\":{\"@type\":\"ImageObject\",\"@id\":\"https:\\\/\\\/minutobahia24h.com.br\\\/?p=48952#authorImage\",\"url\":\"https:\\\/\\\/secure.gravatar.com\\\/avatar\\\/0ec5eafed5f3925c321625d79a680d589901b94bca787ae396a35f6c4a960922?s=96&d=mm&r=g\",\"width\":96,\"height\":96,\"caption\":\"andre\"}},{\"@type\":\"WebPage\",\"@id\":\"https:\\\/\\\/minutobahia24h.com.br\\\/?p=48952#webpage\",\"url\":\"https:\\\/\\\/minutobahia24h.com.br\\\/?p=48952\",\"name\":\"TJ-BA revoga segunda pris\\u00e3o preventiva de Binho Galinha - Minuto Bahia 24h\",\"description\":\"O deputado estadual Kl\\u00e9ber Cristian Escolano de Almeida, conhecido como Binho Galinha (Avante), continuar\\u00e1 preso mesmo ap\\u00f3s o Tribunal de Justi\\u00e7a da Bahia (TJ-BA) revogar, por unanimidade, a segunda pris\\u00e3o preventiva contra ele. A decis\\u00e3o foi tomada ap\\u00f3s habeas corpus apresentado pela defesa do parlamentar. A perman\\u00eancia na pris\\u00e3o ocorre porque existe uma primeira ordem\",\"inLanguage\":\"pt-BR\",\"isPartOf\":{\"@id\":\"https:\\\/\\\/minutobahia24h.com.br\\\/#website\"},\"breadcrumb\":{\"@id\":\"https:\\\/\\\/minutobahia24h.com.br\\\/?p=48952#breadcrumblist\"},\"author\":{\"@id\":\"https:\\\/\\\/minutobahia24h.com.br\\\/?author=2#author\"},\"creator\":{\"@id\":\"https:\\\/\\\/minutobahia24h.com.br\\\/?author=2#author\"},\"image\":{\"@type\":\"ImageObject\",\"url\":\"https:\\\/\\\/i0.wp.com\\\/minutobahia24h.com.br\\\/wp-content\\\/uploads\\\/2026\\\/09\\\/Sem-titulo-23.jpg?fit=984%2C586&ssl=1\",\"@id\":\"https:\\\/\\\/minutobahia24h.com.br\\\/?p=48952\\\/#mainImage\",\"width\":984,\"height\":586},\"primaryImageOfPage\":{\"@id\":\"https:\\\/\\\/minutobahia24h.com.br\\\/?p=48952#mainImage\"},\"datePublished\":\"2026-09-02T08:04:44-03:00\",\"dateModified\":\"2026-09-02T08:04:44-03:00\"},{\"@type\":\"WebSite\",\"@id\":\"https:\\\/\\\/minutobahia24h.com.br\\\/#website\",\"url\":\"https:\\\/\\\/minutobahia24h.com.br\\\/\",\"name\":\"Minuto Bahia 24h\",\"description\":\"O seu portal de not\\u00edcias\",\"inLanguage\":\"pt-BR\",\"publisher\":{\"@id\":\"https:\\\/\\\/minutobahia24h.com.br\\\/#organization\"}}]}\n\t\t<\/script>\n\t\t<!-- All in One SEO -->\n\n","aioseo_head_json":{"title":"TJ-BA revoga segunda pris\u00e3o preventiva de Binho Galinha - Minuto Bahia 24h","description":"O deputado estadual Kl\u00e9ber Cristian Escolano de Almeida, conhecido como Binho Galinha (Avante), continuar\u00e1 preso mesmo ap\u00f3s o Tribunal de Justi\u00e7a da Bahia (TJ-BA) revogar, por unanimidade, a segunda pris\u00e3o preventiva contra ele. A decis\u00e3o foi tomada ap\u00f3s habeas corpus apresentado pela defesa do parlamentar. A perman\u00eancia na pris\u00e3o ocorre porque existe uma primeira ordem","canonical_url":"https:\/\/minutobahia24h.com.br\/?p=48952","robots":"max-image-preview:large","keywords":"","webmasterTools":{"miscellaneous":""},"schema":{"@context":"https:\/\/schema.org","@graph":[{"@type":"BlogPosting","@id":"https:\/\/minutobahia24h.com.br\/?p=48952#blogposting","name":"TJ-BA revoga segunda pris\u00e3o preventiva de Binho Galinha - Minuto Bahia 24h","headline":"TJ-BA revoga segunda pris\u00e3o preventiva de Binho Galinha","author":{"@id":"https:\/\/minutobahia24h.com.br\/?author=2#author"},"publisher":{"@id":"https:\/\/minutobahia24h.com.br\/#organization"},"image":{"@type":"ImageObject","url":"https:\/\/i0.wp.com\/minutobahia24h.com.br\/wp-content\/uploads\/2026\/09\/Sem-titulo-23.jpg?fit=984%2C586&ssl=1","width":984,"height":586},"datePublished":"2026-09-02T08:04:44-03:00","dateModified":"2026-09-02T08:04:44-03:00","inLanguage":"pt-BR","mainEntityOfPage":{"@id":"https:\/\/minutobahia24h.com.br\/?p=48952#webpage"},"isPartOf":{"@id":"https:\/\/minutobahia24h.com.br\/?p=48952#webpage"},"articleSection":"Justi\u00e7a"},{"@type":"BreadcrumbList","@id":"https:\/\/minutobahia24h.com.br\/?p=48952#breadcrumblist","itemListElement":[{"@type":"ListItem","@id":"https:\/\/minutobahia24h.com.br#listItem","position":1,"name":"In\u00edcio","item":"https:\/\/minutobahia24h.com.br","nextItem":{"@type":"ListItem","@id":"https:\/\/minutobahia24h.com.br\/?cat=23#listItem","name":"Justi\u00e7a"}},{"@type":"ListItem","@id":"https:\/\/minutobahia24h.com.br\/?cat=23#listItem","position":2,"name":"Justi\u00e7a","item":"https:\/\/minutobahia24h.com.br\/?cat=23","nextItem":{"@type":"ListItem","@id":"https:\/\/minutobahia24h.com.br\/?p=48952#listItem","name":"TJ-BA revoga segunda pris\u00e3o preventiva de Binho Galinha"},"previousItem":{"@type":"ListItem","@id":"https:\/\/minutobahia24h.com.br#listItem","name":"In\u00edcio"}},{"@type":"ListItem","@id":"https:\/\/minutobahia24h.com.br\/?p=48952#listItem","position":3,"name":"TJ-BA revoga segunda pris\u00e3o preventiva de Binho Galinha","previousItem":{"@type":"ListItem","@id":"https:\/\/minutobahia24h.com.br\/?cat=23#listItem","name":"Justi\u00e7a"}}]},{"@type":"Organization","@id":"https:\/\/minutobahia24h.com.br\/#organization","name":"Minuto Bahia 24h","description":"O seu portal de not\u00edcias","url":"https:\/\/minutobahia24h.com.br\/","logo":{"@type":"ImageObject","url":"https:\/\/i0.wp.com\/minutobahia24h.com.br\/wp-content\/uploads\/2023\/09\/cropped-minutoba.png?fit=457%2C119&ssl=1","@id":"https:\/\/minutobahia24h.com.br\/?p=48952\/#organizationLogo","width":457,"height":119},"image":{"@id":"https:\/\/minutobahia24h.com.br\/?p=48952\/#organizationLogo"}},{"@type":"Person","@id":"https:\/\/minutobahia24h.com.br\/?author=2#author","url":"https:\/\/minutobahia24h.com.br\/?author=2","name":"andre","image":{"@type":"ImageObject","@id":"https:\/\/minutobahia24h.com.br\/?p=48952#authorImage","url":"https:\/\/secure.gravatar.com\/avatar\/0ec5eafed5f3925c321625d79a680d589901b94bca787ae396a35f6c4a960922?s=96&d=mm&r=g","width":96,"height":96,"caption":"andre"}},{"@type":"WebPage","@id":"https:\/\/minutobahia24h.com.br\/?p=48952#webpage","url":"https:\/\/minutobahia24h.com.br\/?p=48952","name":"TJ-BA revoga segunda pris\u00e3o preventiva de Binho Galinha - Minuto Bahia 24h","description":"O deputado estadual Kl\u00e9ber Cristian Escolano de Almeida, conhecido como Binho Galinha (Avante), continuar\u00e1 preso mesmo ap\u00f3s o Tribunal de Justi\u00e7a da Bahia (TJ-BA) revogar, por unanimidade, a segunda pris\u00e3o preventiva contra ele. A decis\u00e3o foi tomada ap\u00f3s habeas corpus apresentado pela defesa do parlamentar. A perman\u00eancia na pris\u00e3o ocorre porque existe uma primeira ordem","inLanguage":"pt-BR","isPartOf":{"@id":"https:\/\/minutobahia24h.com.br\/#website"},"breadcrumb":{"@id":"https:\/\/minutobahia24h.com.br\/?p=48952#breadcrumblist"},"author":{"@id":"https:\/\/minutobahia24h.com.br\/?author=2#author"},"creator":{"@id":"https:\/\/minutobahia24h.com.br\/?author=2#author"},"image":{"@type":"ImageObject","url":"https:\/\/i0.wp.com\/minutobahia24h.com.br\/wp-content\/uploads\/2026\/09\/Sem-titulo-23.jpg?fit=984%2C586&ssl=1","@id":"https:\/\/minutobahia24h.com.br\/?p=48952\/#mainImage","width":984,"height":586},"primaryImageOfPage":{"@id":"https:\/\/minutobahia24h.com.br\/?p=48952#mainImage"},"datePublished":"2026-09-02T08:04:44-03:00","dateModified":"2026-09-02T08:04:44-03:00"},{"@type":"WebSite","@id":"https:\/\/minutobahia24h.com.br\/#website","url":"https:\/\/minutobahia24h.com.br\/","name":"Minuto Bahia 24h","description":"O seu portal de not\u00edcias","inLanguage":"pt-BR","publisher":{"@id":"https:\/\/minutobahia24h.com.br\/#organization"}}]},"og:locale":"pt_BR","og:site_name":"Minuto Bahia 24h - O seu portal de not\u00edcias","og:type":"article","og:title":"TJ-BA revoga segunda pris\u00e3o preventiva de Binho Galinha - Minuto Bahia 24h","og:description":"O deputado estadual Kl\u00e9ber Cristian Escolano de Almeida, conhecido como Binho Galinha (Avante), continuar\u00e1 preso mesmo ap\u00f3s o Tribunal de Justi\u00e7a da Bahia (TJ-BA) revogar, por unanimidade, a segunda pris\u00e3o preventiva contra ele. A decis\u00e3o foi tomada ap\u00f3s habeas corpus apresentado pela defesa do parlamentar. A perman\u00eancia na pris\u00e3o ocorre porque existe uma primeira ordem","og:url":"https:\/\/minutobahia24h.com.br\/?p=48952","og:image":"https:\/\/minutobahia24h.com.br\/wp-content\/uploads\/2026\/09\/Sem-titulo-23.jpg","og:image:secure_url":"https:\/\/minutobahia24h.com.br\/wp-content\/uploads\/2026\/09\/Sem-titulo-23.jpg","og:image:width":984,"og:image:height":586,"article:published_time":"2026-09-02T11:04:44+00:00","article:modified_time":"2026-09-02T11:04:44+00:00","twitter:card":"summary_large_image","twitter:title":"TJ-BA revoga segunda pris\u00e3o preventiva de Binho Galinha - Minuto Bahia 24h","twitter:description":"O deputado estadual Kl\u00e9ber Cristian Escolano de Almeida, conhecido como Binho Galinha (Avante), continuar\u00e1 preso mesmo ap\u00f3s o Tribunal de Justi\u00e7a da Bahia (TJ-BA) revogar, por unanimidade, a segunda pris\u00e3o preventiva contra ele. A decis\u00e3o foi tomada ap\u00f3s habeas corpus apresentado pela defesa do parlamentar. A perman\u00eancia na pris\u00e3o ocorre porque existe uma primeira ordem","twitter:image":"https:\/\/minutobahia24h.com.br\/wp-content\/uploads\/2026\/09\/Sem-titulo-23.jpg"},"aioseo_meta_data":{"post_id":"48952","title":null,"description":null,"keywords":null,"keyphrases":{"focus":{"keyphrase":"","score":0,"analysis":{"keyphraseInTitle":{"score":0,"maxScore":9,"error":1}}},"additional":[]},"primary_term":null,"canonical_url":null,"og_title":null,"og_description":null,"og_object_type":"default","og_image_type":"default","og_image_url":null,"og_image_width":null,"og_image_height":null,"og_image_custom_url":null,"og_image_custom_fields":null,"og_video":"","og_custom_url":null,"og_article_section":null,"og_article_tags":null,"twitter_use_og":true,"twitter_card":"default","twitter_image_type":"default","twitter_image_url":null,"twitter_image_custom_url":null,"twitter_image_custom_fields":null,"twitter_title":null,"twitter_description":null,"schema":{"blockGraphs":[],"customGraphs":[],"default":{"data":{"Article":[],"Course":[],"Dataset":[],"FAQPage":[],"Movie":[],"Person":[],"Product":[],"ProductReview":[],"Car":[],"Recipe":[],"Service":[],"SoftwareApplication":[],"WebPage":[]},"graphName":"BlogPosting","isEnabled":true},"graphs":[]},"schema_type":"default","schema_type_options":null,"pillar_content":false,"robots_default":true,"robots_noindex":false,"robots_noarchive":false,"robots_nosnippet":false,"robots_nofollow":false,"robots_noimageindex":false,"robots_noodp":false,"robots_notranslate":false,"robots_max_snippet":"-1","robots_max_videopreview":"-1","robots_max_imagepreview":"large","priority":null,"frequency":"default","local_seo":null,"breadcrumb_settings":null,"limit_modified_date":false,"ai":{"faqs":[],"keyPoints":[],"schemas":[],"titles":[],"descriptions":[],"socialPosts":{"email":{"subject":"","preview":"","content":""},"linkedin":[],"twitter":[],"facebook":[],"instagram":[]}},"created":"2026-09-02 11:04:44","updated":"2026-09-02 11:59:35","seo_analyzer_scan_date":null,"focus_keyword":null,"additional_keywords":null,"truseo_locale":null},"aioseo_breadcrumb":"<div class=\"aioseo-breadcrumbs\"><span class=\"aioseo-breadcrumb\">\n\t\t\t<a href=\"https:\/\/minutobahia24h.com.br\" title=\"In\u00edcio\">In\u00edcio<\/a>\n\t\t<\/span><span class=\"aioseo-breadcrumb-separator\">&raquo;<\/span><span class=\"aioseo-breadcrumb\">\n\t\t\t<a href=\"https:\/\/minutobahia24h.com.br\/?cat=23\" title=\"Justi\u00e7a\">Justi\u00e7a<\/a>\n\t\t<\/span><span class=\"aioseo-breadcrumb-separator\">&raquo;<\/span><span class=\"aioseo-breadcrumb\">\n\t\t\tTJ-BA revoga segunda pris\u00e3o preventiva de Binho Galinha\n\t\t<\/span><\/div>","aioseo_breadcrumb_json":[{"label":"In\u00edcio","link":"https:\/\/minutobahia24h.com.br"},{"label":"Justi\u00e7a","link":"https:\/\/minutobahia24h.com.br\/?cat=23"},{"label":"TJ-BA revoga segunda pris\u00e3o preventiva de Binho Galinha","link":"https:\/\/minutobahia24h.com.br\/?p=48952"}],"jetpack_sharing_enabled":true,"jetpack_featured_media_url":"https:\/\/i0.wp.com\/minutobahia24h.com.br\/wp-content\/uploads\/2026\/09\/Sem-titulo-23.jpg?fit=984%2C586&ssl=1","_links":{"self":[{"href":"https:\/\/minutobahia24h.com.br\/index.php?rest_route=\/wp\/v2\/posts\/48952","targetHints":{"allow":["GET"]}}],"collection":[{"href":"https:\/\/minutobahia24h.com.br\/index.php?rest_route=\/wp\/v2\/posts"}],"about":[{"href":"https:\/\/minutobahia24h.com.br\/index.php?rest_route=\/wp\/v2\/types\/post"}],"author":[{"embeddable":true,"href":"https:\/\/minutobahia24h.com.br\/index.php?rest_route=\/wp\/v2\/users\/2"}],"replies":[{"embeddable":true,"href":"https:\/\/minutobahia24h.com.br\/index.php?rest_route=%2Fwp%2Fv2%2Fcomments&post=48952"}],"version-history":[{"count":1,"href":"https:\/\/minutobahia24h.com.br\/index.php?rest_route=\/wp\/v2\/posts\/48952\/revisions"}],"predecessor-version":[{"id":48954,"href":"https:\/\/minutobahia24h.com.br\/index.php?rest_route=\/wp\/v2\/posts\/48952\/revisions\/48954"}],"wp:featuredmedia":[{"embeddable":true,"href":"https:\/\/minutobahia24h.com.br\/index.php?rest_route=\/wp\/v2\/media\/48953"}],"wp:attachment":[{"href":"https:\/\/minutobahia24h.com.br\/index.php?rest_route=%2Fwp%2Fv2%2Fmedia&parent=48952"}],"wp:term":[{"taxonomy":"category","embeddable":true,"href":"https:\/\/minutobahia24h.com.br\/index.php?rest_route=%2Fwp%2Fv2%2Fcategories&post=48952"},{"taxonomy":"post_tag","embeddable":true,"href":"https:\/\/minutobahia24h.com.br\/index.php?rest_route=%2Fwp%2Fv2%2Ftags&post=48952"}],"curies":[{"name":"wp","href":"https:\/\/api.w.org\/{rel}","templated":true}]}}