{"id":48908,"date":"2026-09-01T09:29:28","date_gmt":"2026-09-01T12:29:28","guid":{"rendered":"https:\/\/minutobahia24h.com.br\/?p=48908"},"modified":"2026-09-01T09:29:29","modified_gmt":"2026-09-01T12:29:29","slug":"renan-santos-critica-decisao-de-toffoli-como-ilegal-e-persecutoria-apos-suspensao-do-tse","status":"publish","type":"post","link":"https:\/\/minutobahia24h.com.br\/?p=48908","title":{"rendered":"Renan Santos critica decis\u00e3o de Toffoli como &#8216;ilegal&#8217; e &#8216;persecut\u00f3ria&#8217; ap\u00f3s suspens\u00e3o do TSE"},"content":{"rendered":"<div class=\"wp-block-image\">\n<figure class=\"aligncenter size-large\"><img data-recalc-dims=\"1\" height=\"420\" width=\"800\" decoding=\"async\" src=\"https:\/\/i0.wp.com\/minutobahia24h.com.br\/wp-content\/uploads\/2026\/09\/Sem-titulo-11-1024x538.jpg?resize=800%2C420&#038;ssl=1\" alt=\"\" class=\"wp-image-48909\"\/><figcaption class=\"wp-element-caption\">Foto: Reprodu\u00e7\u00e3o<br><br><\/figcaption><\/figure>\n<\/div>\n\n\n<p class=\"wp-block-paragraph\">Renan Santos, candidato do Miss\u00e3o \u00e0 Presid\u00eancia da Rep\u00fablica, chamou de &#8220;ilegal&#8221; a\u00a0<a href=\"https:\/\/www.bahianoticias.com.br\/justica\/noticia\/75253-tse-suspende-candidatura-de-renan-santos-a-presidencia-campanha-convoca-coletiva\" target=\"_blank\" rel=\"noopener\">decis\u00e3o do ministro Dias Toffoli\u00a0<\/a>que suspendeu, nesta segunda-feira (31), a participa\u00e7\u00e3o dele em debates e vetou a utiliza\u00e7\u00e3o de recursos do fundo eleitoral.<\/p>\n\n\n\n<p class=\"wp-block-paragraph\">Segundo o ministro, a campanha de Renan utilizou perfis irregulares nas redes sociais para fazer campanha eleitoral. Toffoli escreveu que o Miss\u00e3o s\u00f3 reportou a exist\u00eancia de 16 canais nas redes sociais 12 dias ap\u00f3s o registro da candidatura. Isso violaria a legisla\u00e7\u00e3o eleitoral e resolu\u00e7\u00f5es do tribunal, que determinam a obriga\u00e7\u00e3o de informar os perfis no momento do registro, de acordo com Toffoli.<\/p>\n\n\n\n<p class=\"wp-block-paragraph\">O candidato divulgou um v\u00eddeo falando sobre a determina\u00e7\u00e3o e chamou a demora para reportar os perfis nas redes sociais de um &#8220;problema t\u00e9cnico.&#8221;<\/p>\n\n\n\n<p class=\"wp-block-paragraph\">&#8220;Falar que minhas redes foram suspensas porque eu estou abusando do poder econ\u00f4mico por conta de um problema t\u00e9cnico que centenas de outros candidatos, qui\u00e7\u00e1 milhares, tamb\u00e9m tiveram durante o registro das candidaturas, chega a ser absurdo. Nenhuma candidatura deve ser suspensa assim&#8221;, disse o candidato.<\/p>\n\n\n\n<p class=\"wp-block-paragraph\">Ele tamb\u00e9m chamou a decis\u00e3o do ministro do Tribunal Superior Eleitoral de &#8220;persecut\u00f3ria.&#8221;<\/p>\n\n\n\n<p class=\"wp-block-paragraph\">&#8220;A decis\u00e3o \u00e9 ilegal, a decis\u00e3o \u00e9 persecut\u00f3ria. Curiosamente, eu convoquei tamb\u00e9m quatro manifesta\u00e7\u00f5es nesse \u00faltimo ano contra o senhor Dias Toffoli, contra o envolvimento n\u00e3o apenas dele, mas de todas essas pessoas no esc\u00e2ndalo do Banco Master&#8221;, afirmou Renan.<\/p>\n\n\n\n<p class=\"wp-block-paragraph\">BN<\/p>\n","protected":false},"excerpt":{"rendered":"<p>Renan Santos, candidato do Miss\u00e3o \u00e0 Presid\u00eancia da Rep\u00fablica, chamou de &#8220;ilegal&#8221; a\u00a0decis\u00e3o do ministro Dias Toffoli\u00a0que suspendeu, nesta segunda-feira (31), a participa\u00e7\u00e3o dele em debates e vetou a utiliza\u00e7\u00e3o de recursos do fundo eleitoral. Segundo o ministro, a campanha de Renan utilizou perfis irregulares nas redes sociais para fazer campanha eleitoral. Toffoli escreveu que [&hellip;]<\/p>\n","protected":false},"author":2,"featured_media":48909,"comment_status":"open","ping_status":"open","sticky":false,"template":"","format":"standard","meta":{"_jetpack_newsletter_access":"","_jetpack_dont_email_post_to_subs":false,"_jetpack_newsletter_tier_id":0,"_jetpack_memberships_contains_paywalled_content":false,"_jetpack_feature_clip_id":0,"_jetpack_memberships_contains_paid_content":false,"footnotes":"","jetpack_post_was_ever_published":false},"categories":[39],"tags":[],"class_list":["post-48908","post","type-post","status-publish","format-standard","has-post-thumbnail","hentry","category-politica"],"aioseo_notices":[],"aioseo_head":"\n\t\t<!-- All in One SEO 5.0.1.1 - aioseo.com -->\n\t<meta name=\"description\" content=\"Renan Santos, candidato do Miss\u00e3o \u00e0 Presid\u00eancia da Rep\u00fablica, chamou de &quot;ilegal&quot; a decis\u00e3o do ministro Dias Toffoli que suspendeu, nesta segunda-feira (31), a participa\u00e7\u00e3o dele em debates e vetou a utiliza\u00e7\u00e3o de recursos do fundo eleitoral. Segundo o ministro, a campanha de Renan utilizou perfis irregulares nas redes sociais para fazer campanha eleitoral. Toffoli escreveu que\" \/>\n\t<meta name=\"robots\" content=\"max-image-preview:large\" \/>\n\t<meta name=\"author\" content=\"andre\"\/>\n\t<link rel=\"canonical\" href=\"https:\/\/minutobahia24h.com.br\/?p=48908\" \/>\n\t<meta name=\"generator\" content=\"All in One SEO (AIOSEO) 5.0.1.1\" \/>\n\t\t<meta property=\"og:locale\" content=\"pt_BR\" \/>\n\t\t<meta property=\"og:site_name\" content=\"Minuto Bahia 24h - O seu portal de not\u00edcias\" \/>\n\t\t<meta property=\"og:type\" content=\"article\" \/>\n\t\t<meta property=\"og:title\" content=\"Renan Santos critica decis\u00e3o de Toffoli como \u2018ilegal\u2019 e \u2018persecut\u00f3ria\u2019 ap\u00f3s suspens\u00e3o do TSE - Minuto Bahia 24h\" \/>\n\t\t<meta property=\"og:description\" content=\"Renan Santos, candidato do Miss\u00e3o \u00e0 Presid\u00eancia da Rep\u00fablica, chamou de &quot;ilegal&quot; a decis\u00e3o do ministro Dias Toffoli que suspendeu, nesta segunda-feira (31), a participa\u00e7\u00e3o dele em debates e vetou a utiliza\u00e7\u00e3o de recursos do fundo eleitoral. Segundo o ministro, a campanha de Renan utilizou perfis irregulares nas redes sociais para fazer campanha eleitoral. Toffoli escreveu que\" \/>\n\t\t<meta property=\"og:url\" content=\"https:\/\/minutobahia24h.com.br\/?p=48908\" \/>\n\t\t<meta property=\"og:image\" content=\"https:\/\/minutobahia24h.com.br\/wp-content\/uploads\/2026\/09\/Sem-titulo-11.jpg\" \/>\n\t\t<meta property=\"og:image:secure_url\" content=\"https:\/\/minutobahia24h.com.br\/wp-content\/uploads\/2026\/09\/Sem-titulo-11.jpg\" \/>\n\t\t<meta property=\"og:image:width\" content=\"1200\" \/>\n\t\t<meta property=\"og:image:height\" content=\"630\" \/>\n\t\t<meta property=\"article:published_time\" content=\"2026-09-01T12:29:28+00:00\" \/>\n\t\t<meta property=\"article:modified_time\" content=\"2026-09-01T12:29:29+00:00\" \/>\n\t\t<meta name=\"twitter:card\" content=\"summary_large_image\" \/>\n\t\t<meta name=\"twitter:title\" content=\"Renan Santos critica decis\u00e3o de Toffoli como \u2018ilegal\u2019 e \u2018persecut\u00f3ria\u2019 ap\u00f3s suspens\u00e3o do TSE - Minuto Bahia 24h\" \/>\n\t\t<meta name=\"twitter:description\" content=\"Renan Santos, candidato do Miss\u00e3o \u00e0 Presid\u00eancia da Rep\u00fablica, chamou de &quot;ilegal&quot; a decis\u00e3o do ministro Dias Toffoli que suspendeu, nesta segunda-feira (31), a participa\u00e7\u00e3o dele em debates e vetou a utiliza\u00e7\u00e3o de recursos do fundo eleitoral. Segundo o ministro, a campanha de Renan utilizou perfis irregulares nas redes sociais para fazer campanha eleitoral. Toffoli escreveu que\" \/>\n\t\t<meta name=\"twitter:image\" content=\"https:\/\/minutobahia24h.com.br\/wp-content\/uploads\/2026\/09\/Sem-titulo-11.jpg\" \/>\n\t\t<script type=\"application\/ld+json\" class=\"aioseo-schema\">\n\t\t\t{\"@context\":\"https:\\\/\\\/schema.org\",\"@graph\":[{\"@type\":\"BlogPosting\",\"@id\":\"https:\\\/\\\/minutobahia24h.com.br\\\/?p=48908#blogposting\",\"name\":\"Renan Santos critica decis\\u00e3o de Toffoli como \\u2018ilegal\\u2019 e \\u2018persecut\\u00f3ria\\u2019 ap\\u00f3s suspens\\u00e3o do TSE - Minuto Bahia 24h\",\"headline\":\"Renan Santos critica decis\\u00e3o de Toffoli como &#8216;ilegal&#8217; e &#8216;persecut\\u00f3ria&#8217; ap\\u00f3s suspens\\u00e3o do TSE\",\"author\":{\"@id\":\"https:\\\/\\\/minutobahia24h.com.br\\\/?author=2#author\"},\"publisher\":{\"@id\":\"https:\\\/\\\/minutobahia24h.com.br\\\/#organization\"},\"image\":{\"@type\":\"ImageObject\",\"url\":\"https:\\\/\\\/i0.wp.com\\\/minutobahia24h.com.br\\\/wp-content\\\/uploads\\\/2026\\\/09\\\/Sem-titulo-11.jpg?fit=1200%2C630&ssl=1\",\"width\":1200,\"height\":630},\"datePublished\":\"2026-09-01T09:29:28-03:00\",\"dateModified\":\"2026-09-01T09:29:29-03:00\",\"inLanguage\":\"pt-BR\",\"mainEntityOfPage\":{\"@id\":\"https:\\\/\\\/minutobahia24h.com.br\\\/?p=48908#webpage\"},\"isPartOf\":{\"@id\":\"https:\\\/\\\/minutobahia24h.com.br\\\/?p=48908#webpage\"},\"articleSection\":\"Pol\\u00edtica\"},{\"@type\":\"BreadcrumbList\",\"@id\":\"https:\\\/\\\/minutobahia24h.com.br\\\/?p=48908#breadcrumblist\",\"itemListElement\":[{\"@type\":\"ListItem\",\"@id\":\"https:\\\/\\\/minutobahia24h.com.br#listItem\",\"position\":1,\"name\":\"In\\u00edcio\",\"item\":\"https:\\\/\\\/minutobahia24h.com.br\",\"nextItem\":{\"@type\":\"ListItem\",\"@id\":\"https:\\\/\\\/minutobahia24h.com.br\\\/?cat=39#listItem\",\"name\":\"Pol\\u00edtica\"}},{\"@type\":\"ListItem\",\"@id\":\"https:\\\/\\\/minutobahia24h.com.br\\\/?cat=39#listItem\",\"position\":2,\"name\":\"Pol\\u00edtica\",\"item\":\"https:\\\/\\\/minutobahia24h.com.br\\\/?cat=39\",\"nextItem\":{\"@type\":\"ListItem\",\"@id\":\"https:\\\/\\\/minutobahia24h.com.br\\\/?p=48908#listItem\",\"name\":\"Renan Santos critica decis\\u00e3o de Toffoli como &#8216;ilegal&#8217; e &#8216;persecut\\u00f3ria&#8217; ap\\u00f3s suspens\\u00e3o do TSE\"},\"previousItem\":{\"@type\":\"ListItem\",\"@id\":\"https:\\\/\\\/minutobahia24h.com.br#listItem\",\"name\":\"In\\u00edcio\"}},{\"@type\":\"ListItem\",\"@id\":\"https:\\\/\\\/minutobahia24h.com.br\\\/?p=48908#listItem\",\"position\":3,\"name\":\"Renan Santos critica decis\\u00e3o de Toffoli como &#8216;ilegal&#8217; e &#8216;persecut\\u00f3ria&#8217; ap\\u00f3s suspens\\u00e3o do TSE\",\"previousItem\":{\"@type\":\"ListItem\",\"@id\":\"https:\\\/\\\/minutobahia24h.com.br\\\/?cat=39#listItem\",\"name\":\"Pol\\u00edtica\"}}]},{\"@type\":\"Organization\",\"@id\":\"https:\\\/\\\/minutobahia24h.com.br\\\/#organization\",\"name\":\"Minuto Bahia 24h\",\"description\":\"O seu portal de not\\u00edcias\",\"url\":\"https:\\\/\\\/minutobahia24h.com.br\\\/\",\"logo\":{\"@type\":\"ImageObject\",\"url\":\"https:\\\/\\\/i0.wp.com\\\/minutobahia24h.com.br\\\/wp-content\\\/uploads\\\/2023\\\/09\\\/cropped-minutoba.png?fit=457%2C119&ssl=1\",\"@id\":\"https:\\\/\\\/minutobahia24h.com.br\\\/?p=48908\\\/#organizationLogo\",\"width\":457,\"height\":119},\"image\":{\"@id\":\"https:\\\/\\\/minutobahia24h.com.br\\\/?p=48908\\\/#organizationLogo\"}},{\"@type\":\"Person\",\"@id\":\"https:\\\/\\\/minutobahia24h.com.br\\\/?author=2#author\",\"url\":\"https:\\\/\\\/minutobahia24h.com.br\\\/?author=2\",\"name\":\"andre\",\"image\":{\"@type\":\"ImageObject\",\"@id\":\"https:\\\/\\\/minutobahia24h.com.br\\\/?p=48908#authorImage\",\"url\":\"https:\\\/\\\/secure.gravatar.com\\\/avatar\\\/0ec5eafed5f3925c321625d79a680d589901b94bca787ae396a35f6c4a960922?s=96&d=mm&r=g\",\"width\":96,\"height\":96,\"caption\":\"andre\"}},{\"@type\":\"WebPage\",\"@id\":\"https:\\\/\\\/minutobahia24h.com.br\\\/?p=48908#webpage\",\"url\":\"https:\\\/\\\/minutobahia24h.com.br\\\/?p=48908\",\"name\":\"Renan Santos critica decis\\u00e3o de Toffoli como \\u2018ilegal\\u2019 e \\u2018persecut\\u00f3ria\\u2019 ap\\u00f3s suspens\\u00e3o do TSE - Minuto Bahia 24h\",\"description\":\"Renan Santos, candidato do Miss\\u00e3o \\u00e0 Presid\\u00eancia da Rep\\u00fablica, chamou de \\\"ilegal\\\" a decis\\u00e3o do ministro Dias Toffoli que suspendeu, nesta segunda-feira (31), a participa\\u00e7\\u00e3o dele em debates e vetou a utiliza\\u00e7\\u00e3o de recursos do fundo eleitoral. Segundo o ministro, a campanha de Renan utilizou perfis irregulares nas redes sociais para fazer campanha eleitoral. Toffoli escreveu que\",\"inLanguage\":\"pt-BR\",\"isPartOf\":{\"@id\":\"https:\\\/\\\/minutobahia24h.com.br\\\/#website\"},\"breadcrumb\":{\"@id\":\"https:\\\/\\\/minutobahia24h.com.br\\\/?p=48908#breadcrumblist\"},\"author\":{\"@id\":\"https:\\\/\\\/minutobahia24h.com.br\\\/?author=2#author\"},\"creator\":{\"@id\":\"https:\\\/\\\/minutobahia24h.com.br\\\/?author=2#author\"},\"image\":{\"@type\":\"ImageObject\",\"url\":\"https:\\\/\\\/i0.wp.com\\\/minutobahia24h.com.br\\\/wp-content\\\/uploads\\\/2026\\\/09\\\/Sem-titulo-11.jpg?fit=1200%2C630&ssl=1\",\"@id\":\"https:\\\/\\\/minutobahia24h.com.br\\\/?p=48908\\\/#mainImage\",\"width\":1200,\"height\":630},\"primaryImageOfPage\":{\"@id\":\"https:\\\/\\\/minutobahia24h.com.br\\\/?p=48908#mainImage\"},\"datePublished\":\"2026-09-01T09:29:28-03:00\",\"dateModified\":\"2026-09-01T09:29:29-03:00\"},{\"@type\":\"WebSite\",\"@id\":\"https:\\\/\\\/minutobahia24h.com.br\\\/#website\",\"url\":\"https:\\\/\\\/minutobahia24h.com.br\\\/\",\"name\":\"Minuto Bahia 24h\",\"description\":\"O seu portal de not\\u00edcias\",\"inLanguage\":\"pt-BR\",\"publisher\":{\"@id\":\"https:\\\/\\\/minutobahia24h.com.br\\\/#organization\"}}]}\n\t\t<\/script>\n\t\t<!-- All in One SEO -->\n\n","aioseo_head_json":{"title":"Renan Santos critica decis\u00e3o de Toffoli como \u2018ilegal\u2019 e \u2018persecut\u00f3ria\u2019 ap\u00f3s suspens\u00e3o do TSE - Minuto Bahia 24h","description":"Renan Santos, candidato do Miss\u00e3o \u00e0 Presid\u00eancia da Rep\u00fablica, chamou de \"ilegal\" a decis\u00e3o do ministro Dias Toffoli que suspendeu, nesta segunda-feira (31), a participa\u00e7\u00e3o dele em debates e vetou a utiliza\u00e7\u00e3o de recursos do fundo eleitoral. Segundo o ministro, a campanha de Renan utilizou perfis irregulares nas redes sociais para fazer campanha eleitoral. Toffoli escreveu que","canonical_url":"https:\/\/minutobahia24h.com.br\/?p=48908","robots":"max-image-preview:large","keywords":"","webmasterTools":{"miscellaneous":""},"schema":{"@context":"https:\/\/schema.org","@graph":[{"@type":"BlogPosting","@id":"https:\/\/minutobahia24h.com.br\/?p=48908#blogposting","name":"Renan Santos critica decis\u00e3o de Toffoli como \u2018ilegal\u2019 e \u2018persecut\u00f3ria\u2019 ap\u00f3s suspens\u00e3o do TSE - Minuto Bahia 24h","headline":"Renan Santos critica decis\u00e3o de Toffoli como &#8216;ilegal&#8217; e &#8216;persecut\u00f3ria&#8217; ap\u00f3s suspens\u00e3o do TSE","author":{"@id":"https:\/\/minutobahia24h.com.br\/?author=2#author"},"publisher":{"@id":"https:\/\/minutobahia24h.com.br\/#organization"},"image":{"@type":"ImageObject","url":"https:\/\/i0.wp.com\/minutobahia24h.com.br\/wp-content\/uploads\/2026\/09\/Sem-titulo-11.jpg?fit=1200%2C630&ssl=1","width":1200,"height":630},"datePublished":"2026-09-01T09:29:28-03:00","dateModified":"2026-09-01T09:29:29-03:00","inLanguage":"pt-BR","mainEntityOfPage":{"@id":"https:\/\/minutobahia24h.com.br\/?p=48908#webpage"},"isPartOf":{"@id":"https:\/\/minutobahia24h.com.br\/?p=48908#webpage"},"articleSection":"Pol\u00edtica"},{"@type":"BreadcrumbList","@id":"https:\/\/minutobahia24h.com.br\/?p=48908#breadcrumblist","itemListElement":[{"@type":"ListItem","@id":"https:\/\/minutobahia24h.com.br#listItem","position":1,"name":"In\u00edcio","item":"https:\/\/minutobahia24h.com.br","nextItem":{"@type":"ListItem","@id":"https:\/\/minutobahia24h.com.br\/?cat=39#listItem","name":"Pol\u00edtica"}},{"@type":"ListItem","@id":"https:\/\/minutobahia24h.com.br\/?cat=39#listItem","position":2,"name":"Pol\u00edtica","item":"https:\/\/minutobahia24h.com.br\/?cat=39","nextItem":{"@type":"ListItem","@id":"https:\/\/minutobahia24h.com.br\/?p=48908#listItem","name":"Renan Santos critica decis\u00e3o de Toffoli como &#8216;ilegal&#8217; e &#8216;persecut\u00f3ria&#8217; ap\u00f3s suspens\u00e3o do TSE"},"previousItem":{"@type":"ListItem","@id":"https:\/\/minutobahia24h.com.br#listItem","name":"In\u00edcio"}},{"@type":"ListItem","@id":"https:\/\/minutobahia24h.com.br\/?p=48908#listItem","position":3,"name":"Renan Santos critica decis\u00e3o de Toffoli como &#8216;ilegal&#8217; e &#8216;persecut\u00f3ria&#8217; ap\u00f3s suspens\u00e3o do TSE","previousItem":{"@type":"ListItem","@id":"https:\/\/minutobahia24h.com.br\/?cat=39#listItem","name":"Pol\u00edtica"}}]},{"@type":"Organization","@id":"https:\/\/minutobahia24h.com.br\/#organization","name":"Minuto Bahia 24h","description":"O seu portal de not\u00edcias","url":"https:\/\/minutobahia24h.com.br\/","logo":{"@type":"ImageObject","url":"https:\/\/i0.wp.com\/minutobahia24h.com.br\/wp-content\/uploads\/2023\/09\/cropped-minutoba.png?fit=457%2C119&ssl=1","@id":"https:\/\/minutobahia24h.com.br\/?p=48908\/#organizationLogo","width":457,"height":119},"image":{"@id":"https:\/\/minutobahia24h.com.br\/?p=48908\/#organizationLogo"}},{"@type":"Person","@id":"https:\/\/minutobahia24h.com.br\/?author=2#author","url":"https:\/\/minutobahia24h.com.br\/?author=2","name":"andre","image":{"@type":"ImageObject","@id":"https:\/\/minutobahia24h.com.br\/?p=48908#authorImage","url":"https:\/\/secure.gravatar.com\/avatar\/0ec5eafed5f3925c321625d79a680d589901b94bca787ae396a35f6c4a960922?s=96&d=mm&r=g","width":96,"height":96,"caption":"andre"}},{"@type":"WebPage","@id":"https:\/\/minutobahia24h.com.br\/?p=48908#webpage","url":"https:\/\/minutobahia24h.com.br\/?p=48908","name":"Renan Santos critica decis\u00e3o de Toffoli como \u2018ilegal\u2019 e \u2018persecut\u00f3ria\u2019 ap\u00f3s suspens\u00e3o do TSE - Minuto Bahia 24h","description":"Renan Santos, candidato do Miss\u00e3o \u00e0 Presid\u00eancia da Rep\u00fablica, chamou de \"ilegal\" a decis\u00e3o do ministro Dias Toffoli que suspendeu, nesta segunda-feira (31), a participa\u00e7\u00e3o dele em debates e vetou a utiliza\u00e7\u00e3o de recursos do fundo eleitoral. Segundo o ministro, a campanha de Renan utilizou perfis irregulares nas redes sociais para fazer campanha eleitoral. Toffoli escreveu que","inLanguage":"pt-BR","isPartOf":{"@id":"https:\/\/minutobahia24h.com.br\/#website"},"breadcrumb":{"@id":"https:\/\/minutobahia24h.com.br\/?p=48908#breadcrumblist"},"author":{"@id":"https:\/\/minutobahia24h.com.br\/?author=2#author"},"creator":{"@id":"https:\/\/minutobahia24h.com.br\/?author=2#author"},"image":{"@type":"ImageObject","url":"https:\/\/i0.wp.com\/minutobahia24h.com.br\/wp-content\/uploads\/2026\/09\/Sem-titulo-11.jpg?fit=1200%2C630&ssl=1","@id":"https:\/\/minutobahia24h.com.br\/?p=48908\/#mainImage","width":1200,"height":630},"primaryImageOfPage":{"@id":"https:\/\/minutobahia24h.com.br\/?p=48908#mainImage"},"datePublished":"2026-09-01T09:29:28-03:00","dateModified":"2026-09-01T09:29:29-03:00"},{"@type":"WebSite","@id":"https:\/\/minutobahia24h.com.br\/#website","url":"https:\/\/minutobahia24h.com.br\/","name":"Minuto Bahia 24h","description":"O seu portal de not\u00edcias","inLanguage":"pt-BR","publisher":{"@id":"https:\/\/minutobahia24h.com.br\/#organization"}}]},"og:locale":"pt_BR","og:site_name":"Minuto Bahia 24h - O seu portal de not\u00edcias","og:type":"article","og:title":"Renan Santos critica decis\u00e3o de Toffoli como \u2018ilegal\u2019 e \u2018persecut\u00f3ria\u2019 ap\u00f3s suspens\u00e3o do TSE - Minuto Bahia 24h","og:description":"Renan Santos, candidato do Miss\u00e3o \u00e0 Presid\u00eancia da Rep\u00fablica, chamou de &quot;ilegal&quot; a decis\u00e3o do ministro Dias Toffoli que suspendeu, nesta segunda-feira (31), a participa\u00e7\u00e3o dele em debates e vetou a utiliza\u00e7\u00e3o de recursos do fundo eleitoral. Segundo o ministro, a campanha de Renan utilizou perfis irregulares nas redes sociais para fazer campanha eleitoral. Toffoli escreveu que","og:url":"https:\/\/minutobahia24h.com.br\/?p=48908","og:image":"https:\/\/minutobahia24h.com.br\/wp-content\/uploads\/2026\/09\/Sem-titulo-11.jpg","og:image:secure_url":"https:\/\/minutobahia24h.com.br\/wp-content\/uploads\/2026\/09\/Sem-titulo-11.jpg","og:image:width":1200,"og:image:height":630,"article:published_time":"2026-09-01T12:29:28+00:00","article:modified_time":"2026-09-01T12:29:29+00:00","twitter:card":"summary_large_image","twitter:title":"Renan Santos critica decis\u00e3o de Toffoli como \u2018ilegal\u2019 e \u2018persecut\u00f3ria\u2019 ap\u00f3s suspens\u00e3o do TSE - Minuto Bahia 24h","twitter:description":"Renan Santos, candidato do Miss\u00e3o \u00e0 Presid\u00eancia da Rep\u00fablica, chamou de &quot;ilegal&quot; a decis\u00e3o do ministro Dias Toffoli que suspendeu, nesta segunda-feira (31), a participa\u00e7\u00e3o dele em debates e vetou a utiliza\u00e7\u00e3o de recursos do fundo eleitoral. Segundo o ministro, a campanha de Renan utilizou perfis irregulares nas redes sociais para fazer campanha eleitoral. Toffoli escreveu que","twitter:image":"https:\/\/minutobahia24h.com.br\/wp-content\/uploads\/2026\/09\/Sem-titulo-11.jpg"},"aioseo_meta_data":{"post_id":"48908","title":null,"description":null,"keywords":null,"keyphrases":{"focus":{"keyphrase":"","score":0,"analysis":{"keyphraseInTitle":{"score":0,"maxScore":9,"error":1}}},"additional":[]},"primary_term":null,"canonical_url":null,"og_title":null,"og_description":null,"og_object_type":"default","og_image_type":"default","og_image_url":null,"og_image_width":null,"og_image_height":null,"og_image_custom_url":null,"og_image_custom_fields":null,"og_video":"","og_custom_url":null,"og_article_section":null,"og_article_tags":null,"twitter_use_og":true,"twitter_card":"default","twitter_image_type":"default","twitter_image_url":null,"twitter_image_custom_url":null,"twitter_image_custom_fields":null,"twitter_title":null,"twitter_description":null,"schema":{"blockGraphs":[],"customGraphs":[],"default":{"data":{"Article":[],"Course":[],"Dataset":[],"FAQPage":[],"Movie":[],"Person":[],"Product":[],"ProductReview":[],"Car":[],"Recipe":[],"Service":[],"SoftwareApplication":[],"WebPage":[]},"graphName":"BlogPosting","isEnabled":true},"graphs":[]},"schema_type":"default","schema_type_options":null,"pillar_content":false,"robots_default":true,"robots_noindex":false,"robots_noarchive":false,"robots_nosnippet":false,"robots_nofollow":false,"robots_noimageindex":false,"robots_noodp":false,"robots_notranslate":false,"robots_max_snippet":"-1","robots_max_videopreview":"-1","robots_max_imagepreview":"large","priority":null,"frequency":"default","local_seo":null,"breadcrumb_settings":null,"limit_modified_date":false,"ai":{"faqs":[],"keyPoints":[],"schemas":[],"titles":[],"descriptions":[],"socialPosts":{"email":{"subject":"","preview":"","content":""},"linkedin":[],"twitter":[],"facebook":[],"instagram":[]}},"created":"2026-09-01 12:29:29","updated":"2026-09-01 13:47:57","seo_analyzer_scan_date":null,"focus_keyword":null,"additional_keywords":null,"truseo_locale":null},"aioseo_breadcrumb":"<div class=\"aioseo-breadcrumbs\"><span class=\"aioseo-breadcrumb\">\n\t\t\t<a href=\"https:\/\/minutobahia24h.com.br\" title=\"In\u00edcio\">In\u00edcio<\/a>\n\t\t<\/span><span class=\"aioseo-breadcrumb-separator\">&raquo;<\/span><span class=\"aioseo-breadcrumb\">\n\t\t\t<a href=\"https:\/\/minutobahia24h.com.br\/?cat=39\" title=\"Pol\u00edtica\">Pol\u00edtica<\/a>\n\t\t<\/span><span class=\"aioseo-breadcrumb-separator\">&raquo;<\/span><span class=\"aioseo-breadcrumb\">\n\t\t\tRenan Santos critica decis\u00e3o de Toffoli como \u2018ilegal\u2019 e \u2018persecut\u00f3ria\u2019 ap\u00f3s suspens\u00e3o do TSE\n\t\t<\/span><\/div>","aioseo_breadcrumb_json":[{"label":"In\u00edcio","link":"https:\/\/minutobahia24h.com.br"},{"label":"Pol\u00edtica","link":"https:\/\/minutobahia24h.com.br\/?cat=39"},{"label":"Renan Santos critica decis\u00e3o de Toffoli como &#8216;ilegal&#8217; e &#8216;persecut\u00f3ria&#8217; ap\u00f3s suspens\u00e3o do TSE","link":"https:\/\/minutobahia24h.com.br\/?p=48908"}],"jetpack_sharing_enabled":true,"jetpack_featured_media_url":"https:\/\/i0.wp.com\/minutobahia24h.com.br\/wp-content\/uploads\/2026\/09\/Sem-titulo-11.jpg?fit=1200%2C630&ssl=1","_links":{"self":[{"href":"https:\/\/minutobahia24h.com.br\/index.php?rest_route=\/wp\/v2\/posts\/48908","targetHints":{"allow":["GET"]}}],"collection":[{"href":"https:\/\/minutobahia24h.com.br\/index.php?rest_route=\/wp\/v2\/posts"}],"about":[{"href":"https:\/\/minutobahia24h.com.br\/index.php?rest_route=\/wp\/v2\/types\/post"}],"author":[{"embeddable":true,"href":"https:\/\/minutobahia24h.com.br\/index.php?rest_route=\/wp\/v2\/users\/2"}],"replies":[{"embeddable":true,"href":"https:\/\/minutobahia24h.com.br\/index.php?rest_route=%2Fwp%2Fv2%2Fcomments&post=48908"}],"version-history":[{"count":1,"href":"https:\/\/minutobahia24h.com.br\/index.php?rest_route=\/wp\/v2\/posts\/48908\/revisions"}],"predecessor-version":[{"id":48910,"href":"https:\/\/minutobahia24h.com.br\/index.php?rest_route=\/wp\/v2\/posts\/48908\/revisions\/48910"}],"wp:featuredmedia":[{"embeddable":true,"href":"https:\/\/minutobahia24h.com.br\/index.php?rest_route=\/wp\/v2\/media\/48909"}],"wp:attachment":[{"href":"https:\/\/minutobahia24h.com.br\/index.php?rest_route=%2Fwp%2Fv2%2Fmedia&parent=48908"}],"wp:term":[{"taxonomy":"category","embeddable":true,"href":"https:\/\/minutobahia24h.com.br\/index.php?rest_route=%2Fwp%2Fv2%2Fcategories&post=48908"},{"taxonomy":"post_tag","embeddable":true,"href":"https:\/\/minutobahia24h.com.br\/index.php?rest_route=%2Fwp%2Fv2%2Ftags&post=48908"}],"curies":[{"name":"wp","href":"https:\/\/api.w.org\/{rel}","templated":true}]}}