{"id":48893,"date":"2026-09-01T08:07:57","date_gmt":"2026-09-01T11:07:57","guid":{"rendered":"https:\/\/minutobahia24h.com.br\/?p=48893"},"modified":"2026-09-01T08:07:58","modified_gmt":"2026-09-01T11:07:58","slug":"ajude-eduarda-a-encontrar-respostas-uma-corrente-de-solidariedade-pela-sua-saude-e-qualidade-de-vida","status":"publish","type":"post","link":"https:\/\/minutobahia24h.com.br\/?p=48893","title":{"rendered":"Ajude Eduarda a encontrar respostas: uma corrente de solidariedade pela sua sa\u00fade e qualidade de vida"},"content":{"rendered":"<div class=\"wp-block-image\">\n<figure class=\"aligncenter size-large\"><img data-recalc-dims=\"1\" height=\"1024\" width=\"683\" decoding=\"async\" src=\"https:\/\/i0.wp.com\/minutobahia24h.com.br\/wp-content\/uploads\/2026\/09\/WhatsApp-Image-2026-08-31-at-10.54.41-683x1024.jpeg?resize=683%2C1024&#038;ssl=1\" alt=\"\" class=\"wp-image-48894\"\/><\/figure>\n<\/div>\n\n\n<p class=\"wp-block-paragraph\">Essa \u00e9 a <strong>Eduarda<\/strong>, uma menina de apenas 10 anos, que est\u00e1 no <strong>Transtorno do Espectro Autista (TEA)<\/strong> e enfrenta uma longa caminhada em busca de um diagn\u00f3stico conclusivo.<\/p>\n\n\n\n<p class=\"wp-block-paragraph\">Al\u00e9m do autismo, Eduarda apresenta sinais que levantam a suspeita de <strong>S\u00edndrome de Ehlers-Danlos e outras condi\u00e7\u00f5es gen\u00e9ticas<\/strong>, que ainda precisam ser investigadas.<\/p>\n\n\n\n<p class=\"wp-block-paragraph\">Sua fam\u00edlia j\u00e1 realizou diversos exames, consultas e acompanhamentos m\u00e9dicos. Agora, especialistas solicitaram que alguns <strong>exames gen\u00e9ticos sejam refeitos<\/strong>, procedimentos importantes para confirmar ou descartar diagn\u00f3sticos e ajudar a definir os cuidados e tratamentos mais adequados.<\/p>\n\n\n\n<p class=\"wp-block-paragraph\">\ud83d\udc94 O problema \u00e9 que os exames t\u00eam <strong>custo elevado<\/strong>, e a fam\u00edlia n\u00e3o possui condi\u00e7\u00f5es financeiras para arcar sozinha com todas as despesas.<\/p>\n\n\n\n<p class=\"wp-block-paragraph\">Por isso, foi criada esta <strong>campanha solid\u00e1ria<\/strong>.<\/p>\n\n\n\n<p class=\"wp-block-paragraph\">\ud83d\ude4f <strong>Qualquer contribui\u00e7\u00e3o, independentemente do valor, pode fazer a diferen\u00e7a.<\/strong> Cada ajuda representa um passo a mais na busca pelas respostas que a fam\u00edlia tanto espera e por um futuro com mais qualidade de vida para Eduarda.<\/p>\n\n\n\n<p class=\"wp-block-paragraph\">\ud83d\udcf2 <strong>N\u00e3o pode contribuir? Compartilhe!<\/strong> Um simples compartilhamento pode fazer a campanha chegar at\u00e9 algu\u00e9m que possa ajudar.<\/p>\n\n\n\n<p class=\"wp-block-paragraph\">\ud83d\udc9c <strong>Vamos juntos ajudar Eduarda nessa caminhada!<\/strong><\/p>\n\n\n\n<p class=\"wp-block-paragraph\">A fam\u00edlia agradece, de cora\u00e7\u00e3o, por cada contribui\u00e7\u00e3o, compartilhamento, palavra de carinho e ora\u00e7\u00e3o.<\/p>\n\n\n\n<p class=\"wp-block-paragraph\">\ud83d\ude4f\ud83d\udc9c <strong>Que Deus aben\u00e7oe todos que ajudarem e estenderem a m\u00e3o para a nossa pequena Eduarda.<\/strong><\/p>\n","protected":false},"excerpt":{"rendered":"<p>Essa \u00e9 a Eduarda, uma menina de apenas 10 anos, que est\u00e1 no Transtorno do Espectro Autista (TEA) e enfrenta uma longa caminhada em busca de um diagn\u00f3stico conclusivo. Al\u00e9m do autismo, Eduarda apresenta sinais que levantam a suspeita de S\u00edndrome de Ehlers-Danlos e outras condi\u00e7\u00f5es gen\u00e9ticas, que ainda precisam ser investigadas. Sua fam\u00edlia j\u00e1 [&hellip;]<\/p>\n","protected":false},"author":2,"featured_media":48894,"comment_status":"open","ping_status":"open","sticky":false,"template":"","format":"standard","meta":{"_jetpack_newsletter_access":"","_jetpack_dont_email_post_to_subs":false,"_jetpack_newsletter_tier_id":0,"_jetpack_memberships_contains_paywalled_content":false,"_jetpack_feature_clip_id":0,"_jetpack_memberships_contains_paid_content":false,"footnotes":"","jetpack_post_was_ever_published":false},"categories":[3],"tags":[],"class_list":["post-48893","post","type-post","status-publish","format-standard","has-post-thumbnail","hentry","category-regional"],"aioseo_notices":[],"aioseo_head":"\n\t\t<!-- All in One SEO 5.0.1.1 - aioseo.com -->\n\t<meta name=\"description\" content=\"Essa \u00e9 a Eduarda, uma menina de apenas 10 anos, que est\u00e1 no Transtorno do Espectro Autista (TEA) e enfrenta uma longa caminhada em busca de um diagn\u00f3stico conclusivo. Al\u00e9m do autismo, Eduarda apresenta sinais que levantam a suspeita de S\u00edndrome de Ehlers-Danlos e outras condi\u00e7\u00f5es gen\u00e9ticas, que ainda precisam ser investigadas. Sua fam\u00edlia j\u00e1\" \/>\n\t<meta name=\"robots\" content=\"max-image-preview:large\" \/>\n\t<meta name=\"author\" content=\"andre\"\/>\n\t<link rel=\"canonical\" href=\"https:\/\/minutobahia24h.com.br\/?p=48893\" \/>\n\t<meta name=\"generator\" content=\"All in One SEO (AIOSEO) 5.0.1.1\" \/>\n\t\t<meta property=\"og:locale\" content=\"pt_BR\" \/>\n\t\t<meta property=\"og:site_name\" content=\"Minuto Bahia 24h - O seu portal de not\u00edcias\" \/>\n\t\t<meta property=\"og:type\" content=\"article\" \/>\n\t\t<meta property=\"og:title\" content=\"Ajude Eduarda a encontrar respostas: uma corrente de solidariedade pela sua sa\u00fade e qualidade de vida - Minuto Bahia 24h\" \/>\n\t\t<meta property=\"og:description\" content=\"Essa \u00e9 a Eduarda, uma menina de apenas 10 anos, que est\u00e1 no Transtorno do Espectro Autista (TEA) e enfrenta uma longa caminhada em busca de um diagn\u00f3stico conclusivo. Al\u00e9m do autismo, Eduarda apresenta sinais que levantam a suspeita de S\u00edndrome de Ehlers-Danlos e outras condi\u00e7\u00f5es gen\u00e9ticas, que ainda precisam ser investigadas. Sua fam\u00edlia j\u00e1\" \/>\n\t\t<meta property=\"og:url\" content=\"https:\/\/minutobahia24h.com.br\/?p=48893\" \/>\n\t\t<meta property=\"og:image\" content=\"https:\/\/minutobahia24h.com.br\/wp-content\/uploads\/2026\/09\/WhatsApp-Image-2026-08-31-at-10.54.41.jpeg\" \/>\n\t\t<meta property=\"og:image:secure_url\" content=\"https:\/\/minutobahia24h.com.br\/wp-content\/uploads\/2026\/09\/WhatsApp-Image-2026-08-31-at-10.54.41.jpeg\" \/>\n\t\t<meta property=\"og:image:width\" content=\"1024\" \/>\n\t\t<meta property=\"og:image:height\" content=\"1536\" \/>\n\t\t<meta property=\"article:published_time\" content=\"2026-09-01T11:07:57+00:00\" \/>\n\t\t<meta property=\"article:modified_time\" content=\"2026-09-01T11:07:58+00:00\" \/>\n\t\t<meta name=\"twitter:card\" content=\"summary_large_image\" \/>\n\t\t<meta name=\"twitter:title\" content=\"Ajude Eduarda a encontrar respostas: uma corrente de solidariedade pela sua sa\u00fade e qualidade de vida - Minuto Bahia 24h\" \/>\n\t\t<meta name=\"twitter:description\" content=\"Essa \u00e9 a Eduarda, uma menina de apenas 10 anos, que est\u00e1 no Transtorno do Espectro Autista (TEA) e enfrenta uma longa caminhada em busca de um diagn\u00f3stico conclusivo. Al\u00e9m do autismo, Eduarda apresenta sinais que levantam a suspeita de S\u00edndrome de Ehlers-Danlos e outras condi\u00e7\u00f5es gen\u00e9ticas, que ainda precisam ser investigadas. Sua fam\u00edlia j\u00e1\" \/>\n\t\t<meta name=\"twitter:image\" content=\"https:\/\/minutobahia24h.com.br\/wp-content\/uploads\/2026\/09\/WhatsApp-Image-2026-08-31-at-10.54.41.jpeg\" \/>\n\t\t<script type=\"application\/ld+json\" class=\"aioseo-schema\">\n\t\t\t{\"@context\":\"https:\\\/\\\/schema.org\",\"@graph\":[{\"@type\":\"BlogPosting\",\"@id\":\"https:\\\/\\\/minutobahia24h.com.br\\\/?p=48893#blogposting\",\"name\":\"Ajude Eduarda a encontrar respostas: uma corrente de solidariedade pela sua sa\\u00fade e qualidade de vida - Minuto Bahia 24h\",\"headline\":\"Ajude Eduarda a encontrar respostas: uma corrente de solidariedade pela sua sa\\u00fade e qualidade de vida\",\"author\":{\"@id\":\"https:\\\/\\\/minutobahia24h.com.br\\\/?author=2#author\"},\"publisher\":{\"@id\":\"https:\\\/\\\/minutobahia24h.com.br\\\/#organization\"},\"image\":{\"@type\":\"ImageObject\",\"url\":\"https:\\\/\\\/i0.wp.com\\\/minutobahia24h.com.br\\\/wp-content\\\/uploads\\\/2026\\\/09\\\/WhatsApp-Image-2026-08-31-at-10.54.41.jpeg?fit=1024%2C1536&ssl=1\",\"width\":1024,\"height\":1536},\"datePublished\":\"2026-09-01T08:07:57-03:00\",\"dateModified\":\"2026-09-01T08:07:58-03:00\",\"inLanguage\":\"pt-BR\",\"mainEntityOfPage\":{\"@id\":\"https:\\\/\\\/minutobahia24h.com.br\\\/?p=48893#webpage\"},\"isPartOf\":{\"@id\":\"https:\\\/\\\/minutobahia24h.com.br\\\/?p=48893#webpage\"},\"articleSection\":\"Regional\"},{\"@type\":\"BreadcrumbList\",\"@id\":\"https:\\\/\\\/minutobahia24h.com.br\\\/?p=48893#breadcrumblist\",\"itemListElement\":[{\"@type\":\"ListItem\",\"@id\":\"https:\\\/\\\/minutobahia24h.com.br#listItem\",\"position\":1,\"name\":\"In\\u00edcio\",\"item\":\"https:\\\/\\\/minutobahia24h.com.br\",\"nextItem\":{\"@type\":\"ListItem\",\"@id\":\"https:\\\/\\\/minutobahia24h.com.br\\\/?cat=3#listItem\",\"name\":\"Regional\"}},{\"@type\":\"ListItem\",\"@id\":\"https:\\\/\\\/minutobahia24h.com.br\\\/?cat=3#listItem\",\"position\":2,\"name\":\"Regional\",\"item\":\"https:\\\/\\\/minutobahia24h.com.br\\\/?cat=3\",\"nextItem\":{\"@type\":\"ListItem\",\"@id\":\"https:\\\/\\\/minutobahia24h.com.br\\\/?p=48893#listItem\",\"name\":\"Ajude Eduarda a encontrar respostas: uma corrente de solidariedade pela sua sa\\u00fade e qualidade de vida\"},\"previousItem\":{\"@type\":\"ListItem\",\"@id\":\"https:\\\/\\\/minutobahia24h.com.br#listItem\",\"name\":\"In\\u00edcio\"}},{\"@type\":\"ListItem\",\"@id\":\"https:\\\/\\\/minutobahia24h.com.br\\\/?p=48893#listItem\",\"position\":3,\"name\":\"Ajude Eduarda a encontrar respostas: uma corrente de solidariedade pela sua sa\\u00fade e qualidade de vida\",\"previousItem\":{\"@type\":\"ListItem\",\"@id\":\"https:\\\/\\\/minutobahia24h.com.br\\\/?cat=3#listItem\",\"name\":\"Regional\"}}]},{\"@type\":\"Organization\",\"@id\":\"https:\\\/\\\/minutobahia24h.com.br\\\/#organization\",\"name\":\"Minuto Bahia 24h\",\"description\":\"O seu portal de not\\u00edcias\",\"url\":\"https:\\\/\\\/minutobahia24h.com.br\\\/\",\"logo\":{\"@type\":\"ImageObject\",\"url\":\"https:\\\/\\\/i0.wp.com\\\/minutobahia24h.com.br\\\/wp-content\\\/uploads\\\/2023\\\/09\\\/cropped-minutoba.png?fit=457%2C119&ssl=1\",\"@id\":\"https:\\\/\\\/minutobahia24h.com.br\\\/?p=48893\\\/#organizationLogo\",\"width\":457,\"height\":119},\"image\":{\"@id\":\"https:\\\/\\\/minutobahia24h.com.br\\\/?p=48893\\\/#organizationLogo\"}},{\"@type\":\"Person\",\"@id\":\"https:\\\/\\\/minutobahia24h.com.br\\\/?author=2#author\",\"url\":\"https:\\\/\\\/minutobahia24h.com.br\\\/?author=2\",\"name\":\"andre\",\"image\":{\"@type\":\"ImageObject\",\"@id\":\"https:\\\/\\\/minutobahia24h.com.br\\\/?p=48893#authorImage\",\"url\":\"https:\\\/\\\/secure.gravatar.com\\\/avatar\\\/0ec5eafed5f3925c321625d79a680d589901b94bca787ae396a35f6c4a960922?s=96&d=mm&r=g\",\"width\":96,\"height\":96,\"caption\":\"andre\"}},{\"@type\":\"WebPage\",\"@id\":\"https:\\\/\\\/minutobahia24h.com.br\\\/?p=48893#webpage\",\"url\":\"https:\\\/\\\/minutobahia24h.com.br\\\/?p=48893\",\"name\":\"Ajude Eduarda a encontrar respostas: uma corrente de solidariedade pela sua sa\\u00fade e qualidade de vida - Minuto Bahia 24h\",\"description\":\"Essa \\u00e9 a Eduarda, uma menina de apenas 10 anos, que est\\u00e1 no Transtorno do Espectro Autista (TEA) e enfrenta uma longa caminhada em busca de um diagn\\u00f3stico conclusivo. Al\\u00e9m do autismo, Eduarda apresenta sinais que levantam a suspeita de S\\u00edndrome de Ehlers-Danlos e outras condi\\u00e7\\u00f5es gen\\u00e9ticas, que ainda precisam ser investigadas. Sua fam\\u00edlia j\\u00e1\",\"inLanguage\":\"pt-BR\",\"isPartOf\":{\"@id\":\"https:\\\/\\\/minutobahia24h.com.br\\\/#website\"},\"breadcrumb\":{\"@id\":\"https:\\\/\\\/minutobahia24h.com.br\\\/?p=48893#breadcrumblist\"},\"author\":{\"@id\":\"https:\\\/\\\/minutobahia24h.com.br\\\/?author=2#author\"},\"creator\":{\"@id\":\"https:\\\/\\\/minutobahia24h.com.br\\\/?author=2#author\"},\"image\":{\"@type\":\"ImageObject\",\"url\":\"https:\\\/\\\/i0.wp.com\\\/minutobahia24h.com.br\\\/wp-content\\\/uploads\\\/2026\\\/09\\\/WhatsApp-Image-2026-08-31-at-10.54.41.jpeg?fit=1024%2C1536&ssl=1\",\"@id\":\"https:\\\/\\\/minutobahia24h.com.br\\\/?p=48893\\\/#mainImage\",\"width\":1024,\"height\":1536},\"primaryImageOfPage\":{\"@id\":\"https:\\\/\\\/minutobahia24h.com.br\\\/?p=48893#mainImage\"},\"datePublished\":\"2026-09-01T08:07:57-03:00\",\"dateModified\":\"2026-09-01T08:07:58-03:00\"},{\"@type\":\"WebSite\",\"@id\":\"https:\\\/\\\/minutobahia24h.com.br\\\/#website\",\"url\":\"https:\\\/\\\/minutobahia24h.com.br\\\/\",\"name\":\"Minuto Bahia 24h\",\"description\":\"O seu portal de not\\u00edcias\",\"inLanguage\":\"pt-BR\",\"publisher\":{\"@id\":\"https:\\\/\\\/minutobahia24h.com.br\\\/#organization\"}}]}\n\t\t<\/script>\n\t\t<!-- All in One SEO -->\n\n","aioseo_head_json":{"title":"Ajude Eduarda a encontrar respostas: uma corrente de solidariedade pela sua sa\u00fade e qualidade de vida - Minuto Bahia 24h","description":"Essa \u00e9 a Eduarda, uma menina de apenas 10 anos, que est\u00e1 no Transtorno do Espectro Autista (TEA) e enfrenta uma longa caminhada em busca de um diagn\u00f3stico conclusivo. Al\u00e9m do autismo, Eduarda apresenta sinais que levantam a suspeita de S\u00edndrome de Ehlers-Danlos e outras condi\u00e7\u00f5es gen\u00e9ticas, que ainda precisam ser investigadas. Sua fam\u00edlia j\u00e1","canonical_url":"https:\/\/minutobahia24h.com.br\/?p=48893","robots":"max-image-preview:large","keywords":"","webmasterTools":{"miscellaneous":""},"schema":{"@context":"https:\/\/schema.org","@graph":[{"@type":"BlogPosting","@id":"https:\/\/minutobahia24h.com.br\/?p=48893#blogposting","name":"Ajude Eduarda a encontrar respostas: uma corrente de solidariedade pela sua sa\u00fade e qualidade de vida - Minuto Bahia 24h","headline":"Ajude Eduarda a encontrar respostas: uma corrente de solidariedade pela sua sa\u00fade e qualidade de vida","author":{"@id":"https:\/\/minutobahia24h.com.br\/?author=2#author"},"publisher":{"@id":"https:\/\/minutobahia24h.com.br\/#organization"},"image":{"@type":"ImageObject","url":"https:\/\/i0.wp.com\/minutobahia24h.com.br\/wp-content\/uploads\/2026\/09\/WhatsApp-Image-2026-08-31-at-10.54.41.jpeg?fit=1024%2C1536&ssl=1","width":1024,"height":1536},"datePublished":"2026-09-01T08:07:57-03:00","dateModified":"2026-09-01T08:07:58-03:00","inLanguage":"pt-BR","mainEntityOfPage":{"@id":"https:\/\/minutobahia24h.com.br\/?p=48893#webpage"},"isPartOf":{"@id":"https:\/\/minutobahia24h.com.br\/?p=48893#webpage"},"articleSection":"Regional"},{"@type":"BreadcrumbList","@id":"https:\/\/minutobahia24h.com.br\/?p=48893#breadcrumblist","itemListElement":[{"@type":"ListItem","@id":"https:\/\/minutobahia24h.com.br#listItem","position":1,"name":"In\u00edcio","item":"https:\/\/minutobahia24h.com.br","nextItem":{"@type":"ListItem","@id":"https:\/\/minutobahia24h.com.br\/?cat=3#listItem","name":"Regional"}},{"@type":"ListItem","@id":"https:\/\/minutobahia24h.com.br\/?cat=3#listItem","position":2,"name":"Regional","item":"https:\/\/minutobahia24h.com.br\/?cat=3","nextItem":{"@type":"ListItem","@id":"https:\/\/minutobahia24h.com.br\/?p=48893#listItem","name":"Ajude Eduarda a encontrar respostas: uma corrente de solidariedade pela sua sa\u00fade e qualidade de vida"},"previousItem":{"@type":"ListItem","@id":"https:\/\/minutobahia24h.com.br#listItem","name":"In\u00edcio"}},{"@type":"ListItem","@id":"https:\/\/minutobahia24h.com.br\/?p=48893#listItem","position":3,"name":"Ajude Eduarda a encontrar respostas: uma corrente de solidariedade pela sua sa\u00fade e qualidade de vida","previousItem":{"@type":"ListItem","@id":"https:\/\/minutobahia24h.com.br\/?cat=3#listItem","name":"Regional"}}]},{"@type":"Organization","@id":"https:\/\/minutobahia24h.com.br\/#organization","name":"Minuto Bahia 24h","description":"O seu portal de not\u00edcias","url":"https:\/\/minutobahia24h.com.br\/","logo":{"@type":"ImageObject","url":"https:\/\/i0.wp.com\/minutobahia24h.com.br\/wp-content\/uploads\/2023\/09\/cropped-minutoba.png?fit=457%2C119&ssl=1","@id":"https:\/\/minutobahia24h.com.br\/?p=48893\/#organizationLogo","width":457,"height":119},"image":{"@id":"https:\/\/minutobahia24h.com.br\/?p=48893\/#organizationLogo"}},{"@type":"Person","@id":"https:\/\/minutobahia24h.com.br\/?author=2#author","url":"https:\/\/minutobahia24h.com.br\/?author=2","name":"andre","image":{"@type":"ImageObject","@id":"https:\/\/minutobahia24h.com.br\/?p=48893#authorImage","url":"https:\/\/secure.gravatar.com\/avatar\/0ec5eafed5f3925c321625d79a680d589901b94bca787ae396a35f6c4a960922?s=96&d=mm&r=g","width":96,"height":96,"caption":"andre"}},{"@type":"WebPage","@id":"https:\/\/minutobahia24h.com.br\/?p=48893#webpage","url":"https:\/\/minutobahia24h.com.br\/?p=48893","name":"Ajude Eduarda a encontrar respostas: uma corrente de solidariedade pela sua sa\u00fade e qualidade de vida - Minuto Bahia 24h","description":"Essa \u00e9 a Eduarda, uma menina de apenas 10 anos, que est\u00e1 no Transtorno do Espectro Autista (TEA) e enfrenta uma longa caminhada em busca de um diagn\u00f3stico conclusivo. Al\u00e9m do autismo, Eduarda apresenta sinais que levantam a suspeita de S\u00edndrome de Ehlers-Danlos e outras condi\u00e7\u00f5es gen\u00e9ticas, que ainda precisam ser investigadas. Sua fam\u00edlia j\u00e1","inLanguage":"pt-BR","isPartOf":{"@id":"https:\/\/minutobahia24h.com.br\/#website"},"breadcrumb":{"@id":"https:\/\/minutobahia24h.com.br\/?p=48893#breadcrumblist"},"author":{"@id":"https:\/\/minutobahia24h.com.br\/?author=2#author"},"creator":{"@id":"https:\/\/minutobahia24h.com.br\/?author=2#author"},"image":{"@type":"ImageObject","url":"https:\/\/i0.wp.com\/minutobahia24h.com.br\/wp-content\/uploads\/2026\/09\/WhatsApp-Image-2026-08-31-at-10.54.41.jpeg?fit=1024%2C1536&ssl=1","@id":"https:\/\/minutobahia24h.com.br\/?p=48893\/#mainImage","width":1024,"height":1536},"primaryImageOfPage":{"@id":"https:\/\/minutobahia24h.com.br\/?p=48893#mainImage"},"datePublished":"2026-09-01T08:07:57-03:00","dateModified":"2026-09-01T08:07:58-03:00"},{"@type":"WebSite","@id":"https:\/\/minutobahia24h.com.br\/#website","url":"https:\/\/minutobahia24h.com.br\/","name":"Minuto Bahia 24h","description":"O seu portal de not\u00edcias","inLanguage":"pt-BR","publisher":{"@id":"https:\/\/minutobahia24h.com.br\/#organization"}}]},"og:locale":"pt_BR","og:site_name":"Minuto Bahia 24h - O seu portal de not\u00edcias","og:type":"article","og:title":"Ajude Eduarda a encontrar respostas: uma corrente de solidariedade pela sua sa\u00fade e qualidade de vida - Minuto Bahia 24h","og:description":"Essa \u00e9 a Eduarda, uma menina de apenas 10 anos, que est\u00e1 no Transtorno do Espectro Autista (TEA) e enfrenta uma longa caminhada em busca de um diagn\u00f3stico conclusivo. Al\u00e9m do autismo, Eduarda apresenta sinais que levantam a suspeita de S\u00edndrome de Ehlers-Danlos e outras condi\u00e7\u00f5es gen\u00e9ticas, que ainda precisam ser investigadas. Sua fam\u00edlia j\u00e1","og:url":"https:\/\/minutobahia24h.com.br\/?p=48893","og:image":"https:\/\/minutobahia24h.com.br\/wp-content\/uploads\/2026\/09\/WhatsApp-Image-2026-08-31-at-10.54.41.jpeg","og:image:secure_url":"https:\/\/minutobahia24h.com.br\/wp-content\/uploads\/2026\/09\/WhatsApp-Image-2026-08-31-at-10.54.41.jpeg","og:image:width":1024,"og:image:height":1536,"article:published_time":"2026-09-01T11:07:57+00:00","article:modified_time":"2026-09-01T11:07:58+00:00","twitter:card":"summary_large_image","twitter:title":"Ajude Eduarda a encontrar respostas: uma corrente de solidariedade pela sua sa\u00fade e qualidade de vida - Minuto Bahia 24h","twitter:description":"Essa \u00e9 a Eduarda, uma menina de apenas 10 anos, que est\u00e1 no Transtorno do Espectro Autista (TEA) e enfrenta uma longa caminhada em busca de um diagn\u00f3stico conclusivo. Al\u00e9m do autismo, Eduarda apresenta sinais que levantam a suspeita de S\u00edndrome de Ehlers-Danlos e outras condi\u00e7\u00f5es gen\u00e9ticas, que ainda precisam ser investigadas. Sua fam\u00edlia j\u00e1","twitter:image":"https:\/\/minutobahia24h.com.br\/wp-content\/uploads\/2026\/09\/WhatsApp-Image-2026-08-31-at-10.54.41.jpeg"},"aioseo_meta_data":{"post_id":"48893","title":null,"description":null,"keywords":null,"keyphrases":{"focus":{"keyphrase":"","score":0,"analysis":{"keyphraseInTitle":{"score":0,"maxScore":9,"error":1}}},"additional":[]},"primary_term":null,"canonical_url":null,"og_title":null,"og_description":null,"og_object_type":"default","og_image_type":"default","og_image_url":null,"og_image_width":null,"og_image_height":null,"og_image_custom_url":null,"og_image_custom_fields":null,"og_video":"","og_custom_url":null,"og_article_section":null,"og_article_tags":null,"twitter_use_og":true,"twitter_card":"default","twitter_image_type":"default","twitter_image_url":null,"twitter_image_custom_url":null,"twitter_image_custom_fields":null,"twitter_title":null,"twitter_description":null,"schema":{"blockGraphs":[],"customGraphs":[],"default":{"data":{"Article":[],"Course":[],"Dataset":[],"FAQPage":[],"Movie":[],"Person":[],"Product":[],"ProductReview":[],"Car":[],"Recipe":[],"Service":[],"SoftwareApplication":[],"WebPage":[]},"graphName":"BlogPosting","isEnabled":true},"graphs":[]},"schema_type":"default","schema_type_options":null,"pillar_content":false,"robots_default":true,"robots_noindex":false,"robots_noarchive":false,"robots_nosnippet":false,"robots_nofollow":false,"robots_noimageindex":false,"robots_noodp":false,"robots_notranslate":false,"robots_max_snippet":"-1","robots_max_videopreview":"-1","robots_max_imagepreview":"large","priority":null,"frequency":"default","local_seo":null,"breadcrumb_settings":null,"limit_modified_date":false,"ai":{"faqs":[],"keyPoints":[],"schemas":[],"titles":[],"descriptions":[],"socialPosts":{"email":{"subject":"","preview":"","content":""},"linkedin":[],"twitter":[],"facebook":[],"instagram":[]}},"created":"2026-09-01 11:07:58","updated":"2026-09-01 11:10:35","seo_analyzer_scan_date":null,"focus_keyword":null,"additional_keywords":null,"truseo_locale":null},"aioseo_breadcrumb":"<div class=\"aioseo-breadcrumbs\"><span class=\"aioseo-breadcrumb\">\n\t\t\t<a href=\"https:\/\/minutobahia24h.com.br\" title=\"In\u00edcio\">In\u00edcio<\/a>\n\t\t<\/span><span class=\"aioseo-breadcrumb-separator\">&raquo;<\/span><span class=\"aioseo-breadcrumb\">\n\t\t\t<a href=\"https:\/\/minutobahia24h.com.br\/?cat=3\" title=\"Regional\">Regional<\/a>\n\t\t<\/span><span class=\"aioseo-breadcrumb-separator\">&raquo;<\/span><span class=\"aioseo-breadcrumb\">\n\t\t\tAjude Eduarda a encontrar respostas: uma corrente de solidariedade pela sua sa\u00fade e qualidade de vida\n\t\t<\/span><\/div>","aioseo_breadcrumb_json":[{"label":"In\u00edcio","link":"https:\/\/minutobahia24h.com.br"},{"label":"Regional","link":"https:\/\/minutobahia24h.com.br\/?cat=3"},{"label":"Ajude Eduarda a encontrar respostas: uma corrente de solidariedade pela sua sa\u00fade e qualidade de vida","link":"https:\/\/minutobahia24h.com.br\/?p=48893"}],"jetpack_sharing_enabled":true,"jetpack_featured_media_url":"https:\/\/i0.wp.com\/minutobahia24h.com.br\/wp-content\/uploads\/2026\/09\/WhatsApp-Image-2026-08-31-at-10.54.41.jpeg?fit=1024%2C1536&ssl=1","_links":{"self":[{"href":"https:\/\/minutobahia24h.com.br\/index.php?rest_route=\/wp\/v2\/posts\/48893","targetHints":{"allow":["GET"]}}],"collection":[{"href":"https:\/\/minutobahia24h.com.br\/index.php?rest_route=\/wp\/v2\/posts"}],"about":[{"href":"https:\/\/minutobahia24h.com.br\/index.php?rest_route=\/wp\/v2\/types\/post"}],"author":[{"embeddable":true,"href":"https:\/\/minutobahia24h.com.br\/index.php?rest_route=\/wp\/v2\/users\/2"}],"replies":[{"embeddable":true,"href":"https:\/\/minutobahia24h.com.br\/index.php?rest_route=%2Fwp%2Fv2%2Fcomments&post=48893"}],"version-history":[{"count":1,"href":"https:\/\/minutobahia24h.com.br\/index.php?rest_route=\/wp\/v2\/posts\/48893\/revisions"}],"predecessor-version":[{"id":48895,"href":"https:\/\/minutobahia24h.com.br\/index.php?rest_route=\/wp\/v2\/posts\/48893\/revisions\/48895"}],"wp:featuredmedia":[{"embeddable":true,"href":"https:\/\/minutobahia24h.com.br\/index.php?rest_route=\/wp\/v2\/media\/48894"}],"wp:attachment":[{"href":"https:\/\/minutobahia24h.com.br\/index.php?rest_route=%2Fwp%2Fv2%2Fmedia&parent=48893"}],"wp:term":[{"taxonomy":"category","embeddable":true,"href":"https:\/\/minutobahia24h.com.br\/index.php?rest_route=%2Fwp%2Fv2%2Fcategories&post=48893"},{"taxonomy":"post_tag","embeddable":true,"href":"https:\/\/minutobahia24h.com.br\/index.php?rest_route=%2Fwp%2Fv2%2Ftags&post=48893"}],"curies":[{"name":"wp","href":"https:\/\/api.w.org\/{rel}","templated":true}]}}