{"id":48849,"date":"2026-08-31T08:00:22","date_gmt":"2026-08-31T11:00:22","guid":{"rendered":"https:\/\/minutobahia24h.com.br\/?p=48849"},"modified":"2026-08-31T08:00:22","modified_gmt":"2026-08-31T11:00:22","slug":"suspeita-de-varios-furtos-na-regiao-sisaleira-e-presa-em-cansancao-camera-flagrou-sua-acao","status":"publish","type":"post","link":"https:\/\/minutobahia24h.com.br\/?p=48849","title":{"rendered":"Suspeita de v\u00e1rios furtos na regi\u00e3o sisaleira \u00e9 presa em Cansan\u00e7\u00e3o; c\u00e2mera flagrou sua a\u00e7\u00e3o"},"content":{"rendered":"<div class=\"wp-block-image\">\n<figure class=\"aligncenter size-full\"><img data-recalc-dims=\"1\" fetchpriority=\"high\" decoding=\"async\" width=\"700\" height=\"700\" src=\"https:\/\/i0.wp.com\/minutobahia24h.com.br\/wp-content\/uploads\/2026\/08\/Sem-titulo-311.jpg?resize=700%2C700&#038;ssl=1\" alt=\"\" class=\"wp-image-48850\"\/><figcaption class=\"wp-element-caption\">Foto: redes sociais<br><br><\/figcaption><\/figure>\n<\/div>\n\n\n<p class=\"wp-block-paragraph\">Uma mulher identificada como Luzinete Siqueira da Silva foi presa mais uma vez por suspeita de furto qualificado, em Cansan\u00e7\u00e3o, Nordeste da Bahia. Ela tinha mandado de pris\u00e3o em aberto, cumprido na \u00faltima sexta-feira (29). A suspeita, que \u00e9 conhecida como \u201cGalega\u201d, come\u00e7ou a ser investigada ap\u00f3s cometer um furto dentro de um perfumaria da cidade, no \u00faltimo dia 8 de agosto. Imagens de\u00a0\u00a0c\u00e2meras\u00a0de seguran\u00e7a flagram a a\u00e7\u00e3o, que \u00e9 bem r\u00e1pida.<\/p>\n\n\n\n<p class=\"wp-block-paragraph\">Luzinete foi achada por policiais militares da 7\u00aa Companhia Independente (CIPM\/Monte Santo) na localidade conhecida como \u201cFavelinha\u201d. Ela n\u00e3o esbo\u00e7ou rea\u00e7\u00e3o e acabou encaminhada para a Delegacia Territorial de Cansan\u00e7\u00e3o.<\/p>\n\n\n\n<p class=\"wp-block-paragraph\">A Pol\u00edcia Civil ressalta que as investiga\u00e7\u00f5es prosseguem para o completo esclarecimento dos fatos.<\/p>\n\n\n\n<p class=\"wp-block-paragraph\">Os investigadores da DT\/Cansan\u00e7\u00e3o sabem que Luzinete tem uma extensa ficha\u00a0\u00a0criminal, com passagens pela pol\u00edcia em cidades da regi\u00e3o sisaleira por furtos qualificados.<\/p>\n\n\n\n<p class=\"wp-block-paragraph\">regiaoempauta<\/p>\n","protected":false},"excerpt":{"rendered":"<p>Uma mulher identificada como Luzinete Siqueira da Silva foi presa mais uma vez por suspeita de furto qualificado, em Cansan\u00e7\u00e3o, Nordeste da Bahia. Ela tinha mandado de pris\u00e3o em aberto, cumprido na \u00faltima sexta-feira (29). A suspeita, que \u00e9 conhecida como \u201cGalega\u201d, come\u00e7ou a ser investigada ap\u00f3s cometer um furto dentro de um perfumaria da [&hellip;]<\/p>\n","protected":false},"author":2,"featured_media":48850,"comment_status":"open","ping_status":"open","sticky":false,"template":"","format":"standard","meta":{"_jetpack_newsletter_access":"","_jetpack_dont_email_post_to_subs":false,"_jetpack_newsletter_tier_id":0,"_jetpack_memberships_contains_paywalled_content":false,"_jetpack_feature_clip_id":0,"_jetpack_memberships_contains_paid_content":false,"footnotes":"","jetpack_post_was_ever_published":false},"categories":[3],"tags":[],"class_list":["post-48849","post","type-post","status-publish","format-standard","has-post-thumbnail","hentry","category-regional"],"aioseo_notices":[],"aioseo_head":"\n\t\t<!-- All in One SEO 5.0.1.1 - aioseo.com -->\n\t<meta name=\"description\" content=\"Uma mulher identificada como Luzinete Siqueira da Silva foi presa mais uma vez por suspeita de furto qualificado, em Cansan\u00e7\u00e3o, Nordeste da Bahia. Ela tinha mandado de pris\u00e3o em aberto, cumprido na \u00faltima sexta-feira (29). A suspeita, que \u00e9 conhecida como \u201cGalega\u201d, come\u00e7ou a ser investigada ap\u00f3s cometer um furto dentro de um perfumaria da\" \/>\n\t<meta name=\"robots\" content=\"max-image-preview:large\" \/>\n\t<meta name=\"author\" content=\"andre\"\/>\n\t<link rel=\"canonical\" href=\"https:\/\/minutobahia24h.com.br\/?p=48849\" \/>\n\t<meta name=\"generator\" content=\"All in One SEO (AIOSEO) 5.0.1.1\" \/>\n\t\t<meta property=\"og:locale\" content=\"pt_BR\" \/>\n\t\t<meta property=\"og:site_name\" content=\"Minuto Bahia 24h - O seu portal de not\u00edcias\" \/>\n\t\t<meta property=\"og:type\" content=\"article\" \/>\n\t\t<meta property=\"og:title\" content=\"Suspeita de v\u00e1rios furtos na regi\u00e3o sisaleira \u00e9 presa em Cansan\u00e7\u00e3o; c\u00e2mera flagrou sua a\u00e7\u00e3o - Minuto Bahia 24h\" \/>\n\t\t<meta property=\"og:description\" content=\"Uma mulher identificada como Luzinete Siqueira da Silva foi presa mais uma vez por suspeita de furto qualificado, em Cansan\u00e7\u00e3o, Nordeste da Bahia. Ela tinha mandado de pris\u00e3o em aberto, cumprido na \u00faltima sexta-feira (29). A suspeita, que \u00e9 conhecida como \u201cGalega\u201d, come\u00e7ou a ser investigada ap\u00f3s cometer um furto dentro de um perfumaria da\" \/>\n\t\t<meta property=\"og:url\" content=\"https:\/\/minutobahia24h.com.br\/?p=48849\" \/>\n\t\t<meta property=\"og:image\" content=\"https:\/\/minutobahia24h.com.br\/wp-content\/uploads\/2026\/08\/Sem-titulo-311.jpg\" \/>\n\t\t<meta property=\"og:image:secure_url\" content=\"https:\/\/minutobahia24h.com.br\/wp-content\/uploads\/2026\/08\/Sem-titulo-311.jpg\" \/>\n\t\t<meta property=\"og:image:width\" content=\"700\" \/>\n\t\t<meta property=\"og:image:height\" content=\"700\" \/>\n\t\t<meta property=\"article:published_time\" content=\"2026-08-31T11:00:22+00:00\" \/>\n\t\t<meta property=\"article:modified_time\" content=\"2026-08-31T11:00:22+00:00\" \/>\n\t\t<meta name=\"twitter:card\" content=\"summary_large_image\" \/>\n\t\t<meta name=\"twitter:title\" content=\"Suspeita de v\u00e1rios furtos na regi\u00e3o sisaleira \u00e9 presa em Cansan\u00e7\u00e3o; c\u00e2mera flagrou sua a\u00e7\u00e3o - Minuto Bahia 24h\" \/>\n\t\t<meta name=\"twitter:description\" content=\"Uma mulher identificada como Luzinete Siqueira da Silva foi presa mais uma vez por suspeita de furto qualificado, em Cansan\u00e7\u00e3o, Nordeste da Bahia. Ela tinha mandado de pris\u00e3o em aberto, cumprido na \u00faltima sexta-feira (29). A suspeita, que \u00e9 conhecida como \u201cGalega\u201d, come\u00e7ou a ser investigada ap\u00f3s cometer um furto dentro de um perfumaria da\" \/>\n\t\t<meta name=\"twitter:image\" content=\"https:\/\/minutobahia24h.com.br\/wp-content\/uploads\/2026\/08\/Sem-titulo-311.jpg\" \/>\n\t\t<script type=\"application\/ld+json\" class=\"aioseo-schema\">\n\t\t\t{\"@context\":\"https:\\\/\\\/schema.org\",\"@graph\":[{\"@type\":\"BlogPosting\",\"@id\":\"https:\\\/\\\/minutobahia24h.com.br\\\/?p=48849#blogposting\",\"name\":\"Suspeita de v\\u00e1rios furtos na regi\\u00e3o sisaleira \\u00e9 presa em Cansan\\u00e7\\u00e3o; c\\u00e2mera flagrou sua a\\u00e7\\u00e3o - Minuto Bahia 24h\",\"headline\":\"Suspeita de v\\u00e1rios furtos na regi\\u00e3o sisaleira \\u00e9 presa em Cansan\\u00e7\\u00e3o; c\\u00e2mera flagrou sua a\\u00e7\\u00e3o\",\"author\":{\"@id\":\"https:\\\/\\\/minutobahia24h.com.br\\\/?author=2#author\"},\"publisher\":{\"@id\":\"https:\\\/\\\/minutobahia24h.com.br\\\/#organization\"},\"image\":{\"@type\":\"ImageObject\",\"url\":\"https:\\\/\\\/i0.wp.com\\\/minutobahia24h.com.br\\\/wp-content\\\/uploads\\\/2026\\\/08\\\/Sem-titulo-311.jpg?fit=700%2C700&ssl=1\",\"width\":700,\"height\":700},\"datePublished\":\"2026-08-31T08:00:22-03:00\",\"dateModified\":\"2026-08-31T08:00:22-03:00\",\"inLanguage\":\"pt-BR\",\"mainEntityOfPage\":{\"@id\":\"https:\\\/\\\/minutobahia24h.com.br\\\/?p=48849#webpage\"},\"isPartOf\":{\"@id\":\"https:\\\/\\\/minutobahia24h.com.br\\\/?p=48849#webpage\"},\"articleSection\":\"Regional\"},{\"@type\":\"BreadcrumbList\",\"@id\":\"https:\\\/\\\/minutobahia24h.com.br\\\/?p=48849#breadcrumblist\",\"itemListElement\":[{\"@type\":\"ListItem\",\"@id\":\"https:\\\/\\\/minutobahia24h.com.br#listItem\",\"position\":1,\"name\":\"In\\u00edcio\",\"item\":\"https:\\\/\\\/minutobahia24h.com.br\",\"nextItem\":{\"@type\":\"ListItem\",\"@id\":\"https:\\\/\\\/minutobahia24h.com.br\\\/?cat=3#listItem\",\"name\":\"Regional\"}},{\"@type\":\"ListItem\",\"@id\":\"https:\\\/\\\/minutobahia24h.com.br\\\/?cat=3#listItem\",\"position\":2,\"name\":\"Regional\",\"item\":\"https:\\\/\\\/minutobahia24h.com.br\\\/?cat=3\",\"nextItem\":{\"@type\":\"ListItem\",\"@id\":\"https:\\\/\\\/minutobahia24h.com.br\\\/?p=48849#listItem\",\"name\":\"Suspeita de v\\u00e1rios furtos na regi\\u00e3o sisaleira \\u00e9 presa em Cansan\\u00e7\\u00e3o; c\\u00e2mera flagrou sua a\\u00e7\\u00e3o\"},\"previousItem\":{\"@type\":\"ListItem\",\"@id\":\"https:\\\/\\\/minutobahia24h.com.br#listItem\",\"name\":\"In\\u00edcio\"}},{\"@type\":\"ListItem\",\"@id\":\"https:\\\/\\\/minutobahia24h.com.br\\\/?p=48849#listItem\",\"position\":3,\"name\":\"Suspeita de v\\u00e1rios furtos na regi\\u00e3o sisaleira \\u00e9 presa em Cansan\\u00e7\\u00e3o; c\\u00e2mera flagrou sua a\\u00e7\\u00e3o\",\"previousItem\":{\"@type\":\"ListItem\",\"@id\":\"https:\\\/\\\/minutobahia24h.com.br\\\/?cat=3#listItem\",\"name\":\"Regional\"}}]},{\"@type\":\"Organization\",\"@id\":\"https:\\\/\\\/minutobahia24h.com.br\\\/#organization\",\"name\":\"Minuto Bahia 24h\",\"description\":\"O seu portal de not\\u00edcias\",\"url\":\"https:\\\/\\\/minutobahia24h.com.br\\\/\",\"logo\":{\"@type\":\"ImageObject\",\"url\":\"https:\\\/\\\/i0.wp.com\\\/minutobahia24h.com.br\\\/wp-content\\\/uploads\\\/2023\\\/09\\\/cropped-minutoba.png?fit=457%2C119&ssl=1\",\"@id\":\"https:\\\/\\\/minutobahia24h.com.br\\\/?p=48849\\\/#organizationLogo\",\"width\":457,\"height\":119},\"image\":{\"@id\":\"https:\\\/\\\/minutobahia24h.com.br\\\/?p=48849\\\/#organizationLogo\"}},{\"@type\":\"Person\",\"@id\":\"https:\\\/\\\/minutobahia24h.com.br\\\/?author=2#author\",\"url\":\"https:\\\/\\\/minutobahia24h.com.br\\\/?author=2\",\"name\":\"andre\",\"image\":{\"@type\":\"ImageObject\",\"@id\":\"https:\\\/\\\/minutobahia24h.com.br\\\/?p=48849#authorImage\",\"url\":\"https:\\\/\\\/secure.gravatar.com\\\/avatar\\\/0ec5eafed5f3925c321625d79a680d589901b94bca787ae396a35f6c4a960922?s=96&d=mm&r=g\",\"width\":96,\"height\":96,\"caption\":\"andre\"}},{\"@type\":\"WebPage\",\"@id\":\"https:\\\/\\\/minutobahia24h.com.br\\\/?p=48849#webpage\",\"url\":\"https:\\\/\\\/minutobahia24h.com.br\\\/?p=48849\",\"name\":\"Suspeita de v\\u00e1rios furtos na regi\\u00e3o sisaleira \\u00e9 presa em Cansan\\u00e7\\u00e3o; c\\u00e2mera flagrou sua a\\u00e7\\u00e3o - Minuto Bahia 24h\",\"description\":\"Uma mulher identificada como Luzinete Siqueira da Silva foi presa mais uma vez por suspeita de furto qualificado, em Cansan\\u00e7\\u00e3o, Nordeste da Bahia. Ela tinha mandado de pris\\u00e3o em aberto, cumprido na \\u00faltima sexta-feira (29). A suspeita, que \\u00e9 conhecida como \\u201cGalega\\u201d, come\\u00e7ou a ser investigada ap\\u00f3s cometer um furto dentro de um perfumaria da\",\"inLanguage\":\"pt-BR\",\"isPartOf\":{\"@id\":\"https:\\\/\\\/minutobahia24h.com.br\\\/#website\"},\"breadcrumb\":{\"@id\":\"https:\\\/\\\/minutobahia24h.com.br\\\/?p=48849#breadcrumblist\"},\"author\":{\"@id\":\"https:\\\/\\\/minutobahia24h.com.br\\\/?author=2#author\"},\"creator\":{\"@id\":\"https:\\\/\\\/minutobahia24h.com.br\\\/?author=2#author\"},\"image\":{\"@type\":\"ImageObject\",\"url\":\"https:\\\/\\\/i0.wp.com\\\/minutobahia24h.com.br\\\/wp-content\\\/uploads\\\/2026\\\/08\\\/Sem-titulo-311.jpg?fit=700%2C700&ssl=1\",\"@id\":\"https:\\\/\\\/minutobahia24h.com.br\\\/?p=48849\\\/#mainImage\",\"width\":700,\"height\":700},\"primaryImageOfPage\":{\"@id\":\"https:\\\/\\\/minutobahia24h.com.br\\\/?p=48849#mainImage\"},\"datePublished\":\"2026-08-31T08:00:22-03:00\",\"dateModified\":\"2026-08-31T08:00:22-03:00\"},{\"@type\":\"WebSite\",\"@id\":\"https:\\\/\\\/minutobahia24h.com.br\\\/#website\",\"url\":\"https:\\\/\\\/minutobahia24h.com.br\\\/\",\"name\":\"Minuto Bahia 24h\",\"description\":\"O seu portal de not\\u00edcias\",\"inLanguage\":\"pt-BR\",\"publisher\":{\"@id\":\"https:\\\/\\\/minutobahia24h.com.br\\\/#organization\"}}]}\n\t\t<\/script>\n\t\t<!-- All in One SEO -->\n\n","aioseo_head_json":{"title":"Suspeita de v\u00e1rios furtos na regi\u00e3o sisaleira \u00e9 presa em Cansan\u00e7\u00e3o; c\u00e2mera flagrou sua a\u00e7\u00e3o - Minuto Bahia 24h","description":"Uma mulher identificada como Luzinete Siqueira da Silva foi presa mais uma vez por suspeita de furto qualificado, em Cansan\u00e7\u00e3o, Nordeste da Bahia. Ela tinha mandado de pris\u00e3o em aberto, cumprido na \u00faltima sexta-feira (29). A suspeita, que \u00e9 conhecida como \u201cGalega\u201d, come\u00e7ou a ser investigada ap\u00f3s cometer um furto dentro de um perfumaria da","canonical_url":"https:\/\/minutobahia24h.com.br\/?p=48849","robots":"max-image-preview:large","keywords":"","webmasterTools":{"miscellaneous":""},"schema":{"@context":"https:\/\/schema.org","@graph":[{"@type":"BlogPosting","@id":"https:\/\/minutobahia24h.com.br\/?p=48849#blogposting","name":"Suspeita de v\u00e1rios furtos na regi\u00e3o sisaleira \u00e9 presa em Cansan\u00e7\u00e3o; c\u00e2mera flagrou sua a\u00e7\u00e3o - Minuto Bahia 24h","headline":"Suspeita de v\u00e1rios furtos na regi\u00e3o sisaleira \u00e9 presa em Cansan\u00e7\u00e3o; c\u00e2mera flagrou sua a\u00e7\u00e3o","author":{"@id":"https:\/\/minutobahia24h.com.br\/?author=2#author"},"publisher":{"@id":"https:\/\/minutobahia24h.com.br\/#organization"},"image":{"@type":"ImageObject","url":"https:\/\/i0.wp.com\/minutobahia24h.com.br\/wp-content\/uploads\/2026\/08\/Sem-titulo-311.jpg?fit=700%2C700&ssl=1","width":700,"height":700},"datePublished":"2026-08-31T08:00:22-03:00","dateModified":"2026-08-31T08:00:22-03:00","inLanguage":"pt-BR","mainEntityOfPage":{"@id":"https:\/\/minutobahia24h.com.br\/?p=48849#webpage"},"isPartOf":{"@id":"https:\/\/minutobahia24h.com.br\/?p=48849#webpage"},"articleSection":"Regional"},{"@type":"BreadcrumbList","@id":"https:\/\/minutobahia24h.com.br\/?p=48849#breadcrumblist","itemListElement":[{"@type":"ListItem","@id":"https:\/\/minutobahia24h.com.br#listItem","position":1,"name":"In\u00edcio","item":"https:\/\/minutobahia24h.com.br","nextItem":{"@type":"ListItem","@id":"https:\/\/minutobahia24h.com.br\/?cat=3#listItem","name":"Regional"}},{"@type":"ListItem","@id":"https:\/\/minutobahia24h.com.br\/?cat=3#listItem","position":2,"name":"Regional","item":"https:\/\/minutobahia24h.com.br\/?cat=3","nextItem":{"@type":"ListItem","@id":"https:\/\/minutobahia24h.com.br\/?p=48849#listItem","name":"Suspeita de v\u00e1rios furtos na regi\u00e3o sisaleira \u00e9 presa em Cansan\u00e7\u00e3o; c\u00e2mera flagrou sua a\u00e7\u00e3o"},"previousItem":{"@type":"ListItem","@id":"https:\/\/minutobahia24h.com.br#listItem","name":"In\u00edcio"}},{"@type":"ListItem","@id":"https:\/\/minutobahia24h.com.br\/?p=48849#listItem","position":3,"name":"Suspeita de v\u00e1rios furtos na regi\u00e3o sisaleira \u00e9 presa em Cansan\u00e7\u00e3o; c\u00e2mera flagrou sua a\u00e7\u00e3o","previousItem":{"@type":"ListItem","@id":"https:\/\/minutobahia24h.com.br\/?cat=3#listItem","name":"Regional"}}]},{"@type":"Organization","@id":"https:\/\/minutobahia24h.com.br\/#organization","name":"Minuto Bahia 24h","description":"O seu portal de not\u00edcias","url":"https:\/\/minutobahia24h.com.br\/","logo":{"@type":"ImageObject","url":"https:\/\/i0.wp.com\/minutobahia24h.com.br\/wp-content\/uploads\/2023\/09\/cropped-minutoba.png?fit=457%2C119&ssl=1","@id":"https:\/\/minutobahia24h.com.br\/?p=48849\/#organizationLogo","width":457,"height":119},"image":{"@id":"https:\/\/minutobahia24h.com.br\/?p=48849\/#organizationLogo"}},{"@type":"Person","@id":"https:\/\/minutobahia24h.com.br\/?author=2#author","url":"https:\/\/minutobahia24h.com.br\/?author=2","name":"andre","image":{"@type":"ImageObject","@id":"https:\/\/minutobahia24h.com.br\/?p=48849#authorImage","url":"https:\/\/secure.gravatar.com\/avatar\/0ec5eafed5f3925c321625d79a680d589901b94bca787ae396a35f6c4a960922?s=96&d=mm&r=g","width":96,"height":96,"caption":"andre"}},{"@type":"WebPage","@id":"https:\/\/minutobahia24h.com.br\/?p=48849#webpage","url":"https:\/\/minutobahia24h.com.br\/?p=48849","name":"Suspeita de v\u00e1rios furtos na regi\u00e3o sisaleira \u00e9 presa em Cansan\u00e7\u00e3o; c\u00e2mera flagrou sua a\u00e7\u00e3o - Minuto Bahia 24h","description":"Uma mulher identificada como Luzinete Siqueira da Silva foi presa mais uma vez por suspeita de furto qualificado, em Cansan\u00e7\u00e3o, Nordeste da Bahia. Ela tinha mandado de pris\u00e3o em aberto, cumprido na \u00faltima sexta-feira (29). A suspeita, que \u00e9 conhecida como \u201cGalega\u201d, come\u00e7ou a ser investigada ap\u00f3s cometer um furto dentro de um perfumaria da","inLanguage":"pt-BR","isPartOf":{"@id":"https:\/\/minutobahia24h.com.br\/#website"},"breadcrumb":{"@id":"https:\/\/minutobahia24h.com.br\/?p=48849#breadcrumblist"},"author":{"@id":"https:\/\/minutobahia24h.com.br\/?author=2#author"},"creator":{"@id":"https:\/\/minutobahia24h.com.br\/?author=2#author"},"image":{"@type":"ImageObject","url":"https:\/\/i0.wp.com\/minutobahia24h.com.br\/wp-content\/uploads\/2026\/08\/Sem-titulo-311.jpg?fit=700%2C700&ssl=1","@id":"https:\/\/minutobahia24h.com.br\/?p=48849\/#mainImage","width":700,"height":700},"primaryImageOfPage":{"@id":"https:\/\/minutobahia24h.com.br\/?p=48849#mainImage"},"datePublished":"2026-08-31T08:00:22-03:00","dateModified":"2026-08-31T08:00:22-03:00"},{"@type":"WebSite","@id":"https:\/\/minutobahia24h.com.br\/#website","url":"https:\/\/minutobahia24h.com.br\/","name":"Minuto Bahia 24h","description":"O seu portal de not\u00edcias","inLanguage":"pt-BR","publisher":{"@id":"https:\/\/minutobahia24h.com.br\/#organization"}}]},"og:locale":"pt_BR","og:site_name":"Minuto Bahia 24h - O seu portal de not\u00edcias","og:type":"article","og:title":"Suspeita de v\u00e1rios furtos na regi\u00e3o sisaleira \u00e9 presa em Cansan\u00e7\u00e3o; c\u00e2mera flagrou sua a\u00e7\u00e3o - Minuto Bahia 24h","og:description":"Uma mulher identificada como Luzinete Siqueira da Silva foi presa mais uma vez por suspeita de furto qualificado, em Cansan\u00e7\u00e3o, Nordeste da Bahia. Ela tinha mandado de pris\u00e3o em aberto, cumprido na \u00faltima sexta-feira (29). A suspeita, que \u00e9 conhecida como \u201cGalega\u201d, come\u00e7ou a ser investigada ap\u00f3s cometer um furto dentro de um perfumaria da","og:url":"https:\/\/minutobahia24h.com.br\/?p=48849","og:image":"https:\/\/minutobahia24h.com.br\/wp-content\/uploads\/2026\/08\/Sem-titulo-311.jpg","og:image:secure_url":"https:\/\/minutobahia24h.com.br\/wp-content\/uploads\/2026\/08\/Sem-titulo-311.jpg","og:image:width":700,"og:image:height":700,"article:published_time":"2026-08-31T11:00:22+00:00","article:modified_time":"2026-08-31T11:00:22+00:00","twitter:card":"summary_large_image","twitter:title":"Suspeita de v\u00e1rios furtos na regi\u00e3o sisaleira \u00e9 presa em Cansan\u00e7\u00e3o; c\u00e2mera flagrou sua a\u00e7\u00e3o - Minuto Bahia 24h","twitter:description":"Uma mulher identificada como Luzinete Siqueira da Silva foi presa mais uma vez por suspeita de furto qualificado, em Cansan\u00e7\u00e3o, Nordeste da Bahia. Ela tinha mandado de pris\u00e3o em aberto, cumprido na \u00faltima sexta-feira (29). A suspeita, que \u00e9 conhecida como \u201cGalega\u201d, come\u00e7ou a ser investigada ap\u00f3s cometer um furto dentro de um perfumaria da","twitter:image":"https:\/\/minutobahia24h.com.br\/wp-content\/uploads\/2026\/08\/Sem-titulo-311.jpg"},"aioseo_meta_data":{"post_id":"48849","title":null,"description":null,"keywords":null,"keyphrases":{"focus":{"keyphrase":"","score":0,"analysis":{"keyphraseInTitle":{"score":0,"maxScore":9,"error":1}}},"additional":[]},"primary_term":null,"canonical_url":null,"og_title":null,"og_description":null,"og_object_type":"default","og_image_type":"default","og_image_url":null,"og_image_width":null,"og_image_height":null,"og_image_custom_url":null,"og_image_custom_fields":null,"og_video":"","og_custom_url":null,"og_article_section":null,"og_article_tags":null,"twitter_use_og":true,"twitter_card":"default","twitter_image_type":"default","twitter_image_url":null,"twitter_image_custom_url":null,"twitter_image_custom_fields":null,"twitter_title":null,"twitter_description":null,"schema":{"blockGraphs":[],"customGraphs":[],"default":{"data":{"Article":[],"Course":[],"Dataset":[],"FAQPage":[],"Movie":[],"Person":[],"Product":[],"ProductReview":[],"Car":[],"Recipe":[],"Service":[],"SoftwareApplication":[],"WebPage":[]},"graphName":"BlogPosting","isEnabled":true},"graphs":[]},"schema_type":"default","schema_type_options":null,"pillar_content":false,"robots_default":true,"robots_noindex":false,"robots_noarchive":false,"robots_nosnippet":false,"robots_nofollow":false,"robots_noimageindex":false,"robots_noodp":false,"robots_notranslate":false,"robots_max_snippet":"-1","robots_max_videopreview":"-1","robots_max_imagepreview":"large","priority":null,"frequency":"default","local_seo":null,"breadcrumb_settings":null,"limit_modified_date":false,"ai":{"faqs":[],"keyPoints":[],"schemas":[],"titles":[],"descriptions":[],"socialPosts":{"email":{"subject":"","preview":"","content":""},"linkedin":[],"twitter":[],"facebook":[],"instagram":[]}},"created":"2026-08-31 11:00:22","updated":"2026-08-31 11:57:50","seo_analyzer_scan_date":null,"focus_keyword":null,"additional_keywords":null,"truseo_locale":null},"aioseo_breadcrumb":"<div class=\"aioseo-breadcrumbs\"><span class=\"aioseo-breadcrumb\">\n\t\t\t<a href=\"https:\/\/minutobahia24h.com.br\" title=\"In\u00edcio\">In\u00edcio<\/a>\n\t\t<\/span><span class=\"aioseo-breadcrumb-separator\">&raquo;<\/span><span class=\"aioseo-breadcrumb\">\n\t\t\t<a href=\"https:\/\/minutobahia24h.com.br\/?cat=3\" title=\"Regional\">Regional<\/a>\n\t\t<\/span><span class=\"aioseo-breadcrumb-separator\">&raquo;<\/span><span class=\"aioseo-breadcrumb\">\n\t\t\tSuspeita de v\u00e1rios furtos na regi\u00e3o sisaleira \u00e9 presa em Cansan\u00e7\u00e3o; c\u00e2mera flagrou sua a\u00e7\u00e3o\n\t\t<\/span><\/div>","aioseo_breadcrumb_json":[{"label":"In\u00edcio","link":"https:\/\/minutobahia24h.com.br"},{"label":"Regional","link":"https:\/\/minutobahia24h.com.br\/?cat=3"},{"label":"Suspeita de v\u00e1rios furtos na regi\u00e3o sisaleira \u00e9 presa em Cansan\u00e7\u00e3o; c\u00e2mera flagrou sua a\u00e7\u00e3o","link":"https:\/\/minutobahia24h.com.br\/?p=48849"}],"jetpack_sharing_enabled":true,"jetpack_featured_media_url":"https:\/\/i0.wp.com\/minutobahia24h.com.br\/wp-content\/uploads\/2026\/08\/Sem-titulo-311.jpg?fit=700%2C700&ssl=1","_links":{"self":[{"href":"https:\/\/minutobahia24h.com.br\/index.php?rest_route=\/wp\/v2\/posts\/48849","targetHints":{"allow":["GET"]}}],"collection":[{"href":"https:\/\/minutobahia24h.com.br\/index.php?rest_route=\/wp\/v2\/posts"}],"about":[{"href":"https:\/\/minutobahia24h.com.br\/index.php?rest_route=\/wp\/v2\/types\/post"}],"author":[{"embeddable":true,"href":"https:\/\/minutobahia24h.com.br\/index.php?rest_route=\/wp\/v2\/users\/2"}],"replies":[{"embeddable":true,"href":"https:\/\/minutobahia24h.com.br\/index.php?rest_route=%2Fwp%2Fv2%2Fcomments&post=48849"}],"version-history":[{"count":1,"href":"https:\/\/minutobahia24h.com.br\/index.php?rest_route=\/wp\/v2\/posts\/48849\/revisions"}],"predecessor-version":[{"id":48851,"href":"https:\/\/minutobahia24h.com.br\/index.php?rest_route=\/wp\/v2\/posts\/48849\/revisions\/48851"}],"wp:featuredmedia":[{"embeddable":true,"href":"https:\/\/minutobahia24h.com.br\/index.php?rest_route=\/wp\/v2\/media\/48850"}],"wp:attachment":[{"href":"https:\/\/minutobahia24h.com.br\/index.php?rest_route=%2Fwp%2Fv2%2Fmedia&parent=48849"}],"wp:term":[{"taxonomy":"category","embeddable":true,"href":"https:\/\/minutobahia24h.com.br\/index.php?rest_route=%2Fwp%2Fv2%2Fcategories&post=48849"},{"taxonomy":"post_tag","embeddable":true,"href":"https:\/\/minutobahia24h.com.br\/index.php?rest_route=%2Fwp%2Fv2%2Ftags&post=48849"}],"curies":[{"name":"wp","href":"https:\/\/api.w.org\/{rel}","templated":true}]}}