{"id":48834,"date":"2026-08-31T07:36:59","date_gmt":"2026-08-31T10:36:59","guid":{"rendered":"https:\/\/minutobahia24h.com.br\/?p=48834"},"modified":"2026-08-31T07:36:59","modified_gmt":"2026-08-31T10:36:59","slug":"operacao-siameses-acao-integrada-entre-6o-bpm-e-7a-cipm-resulta-na-captura-de-acusado-de-homicidio-em-itiuba","status":"publish","type":"post","link":"https:\/\/minutobahia24h.com.br\/?p=48834","title":{"rendered":"Opera\u00e7\u00e3o Siameses: a\u00e7\u00e3o integrada entre 6\u00ba BPM E 7\u00aa CIPM resulta na captura de acusado de homic\u00eddio em Iti\u00faba"},"content":{"rendered":"<div class=\"wp-block-image\">\n<figure class=\"aligncenter size-full\"><img data-recalc-dims=\"1\" fetchpriority=\"high\" decoding=\"async\" width=\"800\" height=\"445\" src=\"https:\/\/i0.wp.com\/minutobahia24h.com.br\/wp-content\/uploads\/2026\/08\/Sem-titulo-307.jpg?resize=800%2C445&#038;ssl=1\" alt=\"\" class=\"wp-image-48835\"\/><figcaption class=\"wp-element-caption\"><small>imagem ilustrativa\/ia<\/small><br><\/figcaption><\/figure>\n<\/div>\n\n\n<p class=\"wp-block-paragraph\">Uma a\u00e7\u00e3o conjunta entre o&nbsp;6\u00ba Batalh\u00e3o de Pol\u00edcia Militar (6\u00ba BPM), com sede em Senhor do Bonfim, e a&nbsp;7\u00aa Companhia Independente de Pol\u00edcia Militar (7\u00aa CIPM), de Monte Santo, resultou na localiza\u00e7\u00e3o e captura de um homem acusado de envolvimento em um homic\u00eddio ocorrido na madrugada do \u00faltimo s\u00e1bado (29), no munic\u00edpio de Iti\u00faba, na Bahia.<\/p>\n\n\n\n<p class=\"wp-block-paragraph\">A a\u00e7\u00e3o fez parte da&nbsp;Opera\u00e7\u00e3o Siameses, iniciativa que fortalece a integra\u00e7\u00e3o operacional entre o 6\u00ba BPM e as unidades policiais que fazem fronteira com sua \u00e1rea de atua\u00e7\u00e3o. Por meio da troca de informa\u00e7\u00f5es, compartilhamento de dados de intelig\u00eancia e realiza\u00e7\u00e3o de opera\u00e7\u00f5es conjuntas, as unidades ampliam a capacidade de resposta \u00e0s ocorr\u00eancias e ao combate \u00e0 criminalidade na regi\u00e3o.<\/p>\n\n\n\n<p class=\"wp-block-paragraph\">O homic\u00eddio ocorreu por volta das 3h20 do dia 29 de agosto e teve como v\u00edtima&nbsp;La\u00e9rcio Cruz Junior, de 25 anos, residente em Iti\u00faba.<\/p>\n\n\n\n<p class=\"wp-block-paragraph\">Ap\u00f3s o crime, a equipe da&nbsp;7\u00aa CIPM \u2013 Iti\u00faba&nbsp;manteve dilig\u00eancias cont\u00ednuas para localizar o suspeito, identificado como&nbsp;Daniel Almeida dos Santos. Durante as buscas, os policiais receberam informa\u00e7\u00f5es de que o acusado teria deixado Iti\u00faba com destino a Senhor do Bonfim, onde estaria escondido na resid\u00eancia de um familiar.<\/p>\n\n\n\n<p class=\"wp-block-paragraph\">Diante das informa\u00e7\u00f5es, foi iniciada uma a\u00e7\u00e3o integrada envolvendo policiais da&nbsp;7\u00aa CIPM e do 6\u00ba BPM, com participa\u00e7\u00e3o de guarni\u00e7\u00f5es do 1\u00ba e 2\u00ba Pelot\u00f5es da 4\u00aa Companhia e do&nbsp;Setor de Opera\u00e7\u00f5es de Intelig\u00eancia (SOINT).<\/p>\n\n\n\n<p class=\"wp-block-paragraph\">Ap\u00f3s o monitoramento e os levantamentos realizados pelas equipes, o suspeito foi localizado nas proximidades da&nbsp;BR-407, no Km 126, pr\u00f3ximo \u00e0 Rodovi\u00e1ria de Senhor do Bonfim, por volta das 16h.<\/p>\n\n\n\n<p class=\"wp-block-paragraph\">O homem apresentava les\u00f5es decorrentes do desentendimento que teria antecedido o homic\u00eddio e foi inicialmente encaminhado para atendimento m\u00e9dico na&nbsp;Unidade de Pronto Atendimento (UPA). Ap\u00f3s receber os cuidados necess\u00e1rios, ele foi conduzido e apresentado na&nbsp;Delegacia de Pol\u00edcia de Senhor do Bonfim, onde foram adotadas as medidas legais cab\u00edveis pela autoridade policial.<\/p>\n\n\n\n<p class=\"wp-block-paragraph\">A ocorr\u00eancia foi registrada sob o&nbsp;APF n\u00ba 86760\/2026.<\/p>\n\n\n\n<h3 class=\"wp-block-heading\">OPERA\u00c7\u00c3O SIAMESes: INTEGRA\u00c7\u00c3O QUE FORTALECE A SEGURAN\u00c7A<\/h3>\n\n\n\n<p class=\"wp-block-paragraph\">A Opera\u00e7\u00e3o Siameses tem como um de seus principais objetivos aproximar e integrar as unidades policiais militares que atuam em \u00e1reas lim\u00edtrofes. A iniciativa permite que informa\u00e7\u00f5es sejam compartilhadas de forma mais r\u00e1pida e que opera\u00e7\u00f5es sejam planejadas e executadas conjuntamente, principalmente quando criminosos tentam utilizar munic\u00edpios vizinhos para fugir ou se esconder ap\u00f3s a pr\u00e1tica de delitos.<\/p>\n\n\n\n<p class=\"wp-block-paragraph\">A atua\u00e7\u00e3o integrada entre o&nbsp;6\u00ba BPM e as unidades que fazem fronteira com sua \u00e1rea de responsabilidade&nbsp;demonstra que o trabalho da Pol\u00edcia Militar ultrapassa os limites territoriais de cada unidade, fortalecendo a seguran\u00e7a da popula\u00e7\u00e3o de todo o Piemonte Norte do Itapicuru e regi\u00f5es vizinhas.<\/p>\n\n\n\n<p class=\"wp-block-paragraph\">6\u00ba BPM \u2014 Guardi\u00e3o do Piemonte Norte do Itapicuru!<\/p>\n","protected":false},"excerpt":{"rendered":"<p>Uma a\u00e7\u00e3o conjunta entre o&nbsp;6\u00ba Batalh\u00e3o de Pol\u00edcia Militar (6\u00ba BPM), com sede em Senhor do Bonfim, e a&nbsp;7\u00aa Companhia Independente de Pol\u00edcia Militar (7\u00aa CIPM), de Monte Santo, resultou na localiza\u00e7\u00e3o e captura de um homem acusado de envolvimento em um homic\u00eddio ocorrido na madrugada do \u00faltimo s\u00e1bado (29), no munic\u00edpio de Iti\u00faba, na [&hellip;]<\/p>\n","protected":false},"author":2,"featured_media":48835,"comment_status":"open","ping_status":"open","sticky":false,"template":"","format":"standard","meta":{"_jetpack_newsletter_access":"","_jetpack_dont_email_post_to_subs":false,"_jetpack_newsletter_tier_id":0,"_jetpack_memberships_contains_paywalled_content":false,"_jetpack_feature_clip_id":0,"_jetpack_memberships_contains_paid_content":false,"footnotes":"","jetpack_post_was_ever_published":false},"categories":[3],"tags":[],"class_list":["post-48834","post","type-post","status-publish","format-standard","has-post-thumbnail","hentry","category-regional"],"aioseo_notices":[],"aioseo_head":"\n\t\t<!-- All in One SEO 5.0.1.1 - aioseo.com -->\n\t<meta name=\"description\" content=\"Uma a\u00e7\u00e3o conjunta entre o 6\u00ba Batalh\u00e3o de Pol\u00edcia Militar (6\u00ba BPM), com sede em Senhor do Bonfim, e a 7\u00aa Companhia Independente de Pol\u00edcia Militar (7\u00aa CIPM), de Monte Santo, resultou na localiza\u00e7\u00e3o e captura de um homem acusado de envolvimento em um homic\u00eddio ocorrido na madrugada do \u00faltimo s\u00e1bado (29), no munic\u00edpio de Iti\u00faba, na\" \/>\n\t<meta name=\"robots\" content=\"max-image-preview:large\" \/>\n\t<meta name=\"author\" content=\"andre\"\/>\n\t<link rel=\"canonical\" href=\"https:\/\/minutobahia24h.com.br\/?p=48834\" \/>\n\t<meta name=\"generator\" content=\"All in One SEO (AIOSEO) 5.0.1.1\" \/>\n\t\t<meta property=\"og:locale\" content=\"pt_BR\" \/>\n\t\t<meta property=\"og:site_name\" content=\"Minuto Bahia 24h - O seu portal de not\u00edcias\" \/>\n\t\t<meta property=\"og:type\" content=\"article\" \/>\n\t\t<meta property=\"og:title\" content=\"Opera\u00e7\u00e3o Siameses: a\u00e7\u00e3o integrada entre 6\u00ba BPM E 7\u00aa CIPM resulta na captura de acusado de homic\u00eddio em Iti\u00faba - Minuto Bahia 24h\" \/>\n\t\t<meta property=\"og:description\" content=\"Uma a\u00e7\u00e3o conjunta entre o 6\u00ba Batalh\u00e3o de Pol\u00edcia Militar (6\u00ba BPM), com sede em Senhor do Bonfim, e a 7\u00aa Companhia Independente de Pol\u00edcia Militar (7\u00aa CIPM), de Monte Santo, resultou na localiza\u00e7\u00e3o e captura de um homem acusado de envolvimento em um homic\u00eddio ocorrido na madrugada do \u00faltimo s\u00e1bado (29), no munic\u00edpio de Iti\u00faba, na\" \/>\n\t\t<meta property=\"og:url\" content=\"https:\/\/minutobahia24h.com.br\/?p=48834\" \/>\n\t\t<meta property=\"og:image\" content=\"https:\/\/minutobahia24h.com.br\/wp-content\/uploads\/2026\/08\/Sem-titulo-307.jpg\" \/>\n\t\t<meta property=\"og:image:secure_url\" content=\"https:\/\/minutobahia24h.com.br\/wp-content\/uploads\/2026\/08\/Sem-titulo-307.jpg\" \/>\n\t\t<meta property=\"og:image:width\" content=\"900\" \/>\n\t\t<meta property=\"og:image:height\" content=\"501\" \/>\n\t\t<meta property=\"article:published_time\" content=\"2026-08-31T10:36:59+00:00\" \/>\n\t\t<meta property=\"article:modified_time\" content=\"2026-08-31T10:36:59+00:00\" \/>\n\t\t<meta name=\"twitter:card\" content=\"summary_large_image\" \/>\n\t\t<meta name=\"twitter:title\" content=\"Opera\u00e7\u00e3o Siameses: a\u00e7\u00e3o integrada entre 6\u00ba BPM E 7\u00aa CIPM resulta na captura de acusado de homic\u00eddio em Iti\u00faba - Minuto Bahia 24h\" \/>\n\t\t<meta name=\"twitter:description\" content=\"Uma a\u00e7\u00e3o conjunta entre o 6\u00ba Batalh\u00e3o de Pol\u00edcia Militar (6\u00ba BPM), com sede em Senhor do Bonfim, e a 7\u00aa Companhia Independente de Pol\u00edcia Militar (7\u00aa CIPM), de Monte Santo, resultou na localiza\u00e7\u00e3o e captura de um homem acusado de envolvimento em um homic\u00eddio ocorrido na madrugada do \u00faltimo s\u00e1bado (29), no munic\u00edpio de Iti\u00faba, na\" \/>\n\t\t<meta name=\"twitter:image\" content=\"https:\/\/minutobahia24h.com.br\/wp-content\/uploads\/2026\/08\/Sem-titulo-307.jpg\" \/>\n\t\t<script type=\"application\/ld+json\" class=\"aioseo-schema\">\n\t\t\t{\"@context\":\"https:\\\/\\\/schema.org\",\"@graph\":[{\"@type\":\"BlogPosting\",\"@id\":\"https:\\\/\\\/minutobahia24h.com.br\\\/?p=48834#blogposting\",\"name\":\"Opera\\u00e7\\u00e3o Siameses: a\\u00e7\\u00e3o integrada entre 6\\u00ba BPM E 7\\u00aa CIPM resulta na captura de acusado de homic\\u00eddio em Iti\\u00faba - Minuto Bahia 24h\",\"headline\":\"Opera\\u00e7\\u00e3o Siameses: a\\u00e7\\u00e3o integrada entre 6\\u00ba BPM E 7\\u00aa CIPM resulta na captura de acusado de homic\\u00eddio em Iti\\u00faba\",\"author\":{\"@id\":\"https:\\\/\\\/minutobahia24h.com.br\\\/?author=2#author\"},\"publisher\":{\"@id\":\"https:\\\/\\\/minutobahia24h.com.br\\\/#organization\"},\"image\":{\"@type\":\"ImageObject\",\"url\":\"https:\\\/\\\/i0.wp.com\\\/minutobahia24h.com.br\\\/wp-content\\\/uploads\\\/2026\\\/08\\\/Sem-titulo-307.jpg?fit=900%2C501&ssl=1\",\"width\":900,\"height\":501},\"datePublished\":\"2026-08-31T07:36:59-03:00\",\"dateModified\":\"2026-08-31T07:36:59-03:00\",\"inLanguage\":\"pt-BR\",\"mainEntityOfPage\":{\"@id\":\"https:\\\/\\\/minutobahia24h.com.br\\\/?p=48834#webpage\"},\"isPartOf\":{\"@id\":\"https:\\\/\\\/minutobahia24h.com.br\\\/?p=48834#webpage\"},\"articleSection\":\"Regional\"},{\"@type\":\"BreadcrumbList\",\"@id\":\"https:\\\/\\\/minutobahia24h.com.br\\\/?p=48834#breadcrumblist\",\"itemListElement\":[{\"@type\":\"ListItem\",\"@id\":\"https:\\\/\\\/minutobahia24h.com.br#listItem\",\"position\":1,\"name\":\"In\\u00edcio\",\"item\":\"https:\\\/\\\/minutobahia24h.com.br\",\"nextItem\":{\"@type\":\"ListItem\",\"@id\":\"https:\\\/\\\/minutobahia24h.com.br\\\/?cat=3#listItem\",\"name\":\"Regional\"}},{\"@type\":\"ListItem\",\"@id\":\"https:\\\/\\\/minutobahia24h.com.br\\\/?cat=3#listItem\",\"position\":2,\"name\":\"Regional\",\"item\":\"https:\\\/\\\/minutobahia24h.com.br\\\/?cat=3\",\"nextItem\":{\"@type\":\"ListItem\",\"@id\":\"https:\\\/\\\/minutobahia24h.com.br\\\/?p=48834#listItem\",\"name\":\"Opera\\u00e7\\u00e3o Siameses: a\\u00e7\\u00e3o integrada entre 6\\u00ba BPM E 7\\u00aa CIPM resulta na captura de acusado de homic\\u00eddio em Iti\\u00faba\"},\"previousItem\":{\"@type\":\"ListItem\",\"@id\":\"https:\\\/\\\/minutobahia24h.com.br#listItem\",\"name\":\"In\\u00edcio\"}},{\"@type\":\"ListItem\",\"@id\":\"https:\\\/\\\/minutobahia24h.com.br\\\/?p=48834#listItem\",\"position\":3,\"name\":\"Opera\\u00e7\\u00e3o Siameses: a\\u00e7\\u00e3o integrada entre 6\\u00ba BPM E 7\\u00aa CIPM resulta na captura de acusado de homic\\u00eddio em Iti\\u00faba\",\"previousItem\":{\"@type\":\"ListItem\",\"@id\":\"https:\\\/\\\/minutobahia24h.com.br\\\/?cat=3#listItem\",\"name\":\"Regional\"}}]},{\"@type\":\"Organization\",\"@id\":\"https:\\\/\\\/minutobahia24h.com.br\\\/#organization\",\"name\":\"Minuto Bahia 24h\",\"description\":\"O seu portal de not\\u00edcias\",\"url\":\"https:\\\/\\\/minutobahia24h.com.br\\\/\",\"logo\":{\"@type\":\"ImageObject\",\"url\":\"https:\\\/\\\/i0.wp.com\\\/minutobahia24h.com.br\\\/wp-content\\\/uploads\\\/2023\\\/09\\\/cropped-minutoba.png?fit=457%2C119&ssl=1\",\"@id\":\"https:\\\/\\\/minutobahia24h.com.br\\\/?p=48834\\\/#organizationLogo\",\"width\":457,\"height\":119},\"image\":{\"@id\":\"https:\\\/\\\/minutobahia24h.com.br\\\/?p=48834\\\/#organizationLogo\"}},{\"@type\":\"Person\",\"@id\":\"https:\\\/\\\/minutobahia24h.com.br\\\/?author=2#author\",\"url\":\"https:\\\/\\\/minutobahia24h.com.br\\\/?author=2\",\"name\":\"andre\",\"image\":{\"@type\":\"ImageObject\",\"@id\":\"https:\\\/\\\/minutobahia24h.com.br\\\/?p=48834#authorImage\",\"url\":\"https:\\\/\\\/secure.gravatar.com\\\/avatar\\\/0ec5eafed5f3925c321625d79a680d589901b94bca787ae396a35f6c4a960922?s=96&d=mm&r=g\",\"width\":96,\"height\":96,\"caption\":\"andre\"}},{\"@type\":\"WebPage\",\"@id\":\"https:\\\/\\\/minutobahia24h.com.br\\\/?p=48834#webpage\",\"url\":\"https:\\\/\\\/minutobahia24h.com.br\\\/?p=48834\",\"name\":\"Opera\\u00e7\\u00e3o Siameses: a\\u00e7\\u00e3o integrada entre 6\\u00ba BPM E 7\\u00aa CIPM resulta na captura de acusado de homic\\u00eddio em Iti\\u00faba - Minuto Bahia 24h\",\"description\":\"Uma a\\u00e7\\u00e3o conjunta entre o 6\\u00ba Batalh\\u00e3o de Pol\\u00edcia Militar (6\\u00ba BPM), com sede em Senhor do Bonfim, e a 7\\u00aa Companhia Independente de Pol\\u00edcia Militar (7\\u00aa CIPM), de Monte Santo, resultou na localiza\\u00e7\\u00e3o e captura de um homem acusado de envolvimento em um homic\\u00eddio ocorrido na madrugada do \\u00faltimo s\\u00e1bado (29), no munic\\u00edpio de Iti\\u00faba, na\",\"inLanguage\":\"pt-BR\",\"isPartOf\":{\"@id\":\"https:\\\/\\\/minutobahia24h.com.br\\\/#website\"},\"breadcrumb\":{\"@id\":\"https:\\\/\\\/minutobahia24h.com.br\\\/?p=48834#breadcrumblist\"},\"author\":{\"@id\":\"https:\\\/\\\/minutobahia24h.com.br\\\/?author=2#author\"},\"creator\":{\"@id\":\"https:\\\/\\\/minutobahia24h.com.br\\\/?author=2#author\"},\"image\":{\"@type\":\"ImageObject\",\"url\":\"https:\\\/\\\/i0.wp.com\\\/minutobahia24h.com.br\\\/wp-content\\\/uploads\\\/2026\\\/08\\\/Sem-titulo-307.jpg?fit=900%2C501&ssl=1\",\"@id\":\"https:\\\/\\\/minutobahia24h.com.br\\\/?p=48834\\\/#mainImage\",\"width\":900,\"height\":501},\"primaryImageOfPage\":{\"@id\":\"https:\\\/\\\/minutobahia24h.com.br\\\/?p=48834#mainImage\"},\"datePublished\":\"2026-08-31T07:36:59-03:00\",\"dateModified\":\"2026-08-31T07:36:59-03:00\"},{\"@type\":\"WebSite\",\"@id\":\"https:\\\/\\\/minutobahia24h.com.br\\\/#website\",\"url\":\"https:\\\/\\\/minutobahia24h.com.br\\\/\",\"name\":\"Minuto Bahia 24h\",\"description\":\"O seu portal de not\\u00edcias\",\"inLanguage\":\"pt-BR\",\"publisher\":{\"@id\":\"https:\\\/\\\/minutobahia24h.com.br\\\/#organization\"}}]}\n\t\t<\/script>\n\t\t<!-- All in One SEO -->\n\n","aioseo_head_json":{"title":"Opera\u00e7\u00e3o Siameses: a\u00e7\u00e3o integrada entre 6\u00ba BPM E 7\u00aa CIPM resulta na captura de acusado de homic\u00eddio em Iti\u00faba - Minuto Bahia 24h","description":"Uma a\u00e7\u00e3o conjunta entre o 6\u00ba Batalh\u00e3o de Pol\u00edcia Militar (6\u00ba BPM), com sede em Senhor do Bonfim, e a 7\u00aa Companhia Independente de Pol\u00edcia Militar (7\u00aa CIPM), de Monte Santo, resultou na localiza\u00e7\u00e3o e captura de um homem acusado de envolvimento em um homic\u00eddio ocorrido na madrugada do \u00faltimo s\u00e1bado (29), no munic\u00edpio de Iti\u00faba, na","canonical_url":"https:\/\/minutobahia24h.com.br\/?p=48834","robots":"max-image-preview:large","keywords":"","webmasterTools":{"miscellaneous":""},"schema":{"@context":"https:\/\/schema.org","@graph":[{"@type":"BlogPosting","@id":"https:\/\/minutobahia24h.com.br\/?p=48834#blogposting","name":"Opera\u00e7\u00e3o Siameses: a\u00e7\u00e3o integrada entre 6\u00ba BPM E 7\u00aa CIPM resulta na captura de acusado de homic\u00eddio em Iti\u00faba - Minuto Bahia 24h","headline":"Opera\u00e7\u00e3o Siameses: a\u00e7\u00e3o integrada entre 6\u00ba BPM E 7\u00aa CIPM resulta na captura de acusado de homic\u00eddio em Iti\u00faba","author":{"@id":"https:\/\/minutobahia24h.com.br\/?author=2#author"},"publisher":{"@id":"https:\/\/minutobahia24h.com.br\/#organization"},"image":{"@type":"ImageObject","url":"https:\/\/i0.wp.com\/minutobahia24h.com.br\/wp-content\/uploads\/2026\/08\/Sem-titulo-307.jpg?fit=900%2C501&ssl=1","width":900,"height":501},"datePublished":"2026-08-31T07:36:59-03:00","dateModified":"2026-08-31T07:36:59-03:00","inLanguage":"pt-BR","mainEntityOfPage":{"@id":"https:\/\/minutobahia24h.com.br\/?p=48834#webpage"},"isPartOf":{"@id":"https:\/\/minutobahia24h.com.br\/?p=48834#webpage"},"articleSection":"Regional"},{"@type":"BreadcrumbList","@id":"https:\/\/minutobahia24h.com.br\/?p=48834#breadcrumblist","itemListElement":[{"@type":"ListItem","@id":"https:\/\/minutobahia24h.com.br#listItem","position":1,"name":"In\u00edcio","item":"https:\/\/minutobahia24h.com.br","nextItem":{"@type":"ListItem","@id":"https:\/\/minutobahia24h.com.br\/?cat=3#listItem","name":"Regional"}},{"@type":"ListItem","@id":"https:\/\/minutobahia24h.com.br\/?cat=3#listItem","position":2,"name":"Regional","item":"https:\/\/minutobahia24h.com.br\/?cat=3","nextItem":{"@type":"ListItem","@id":"https:\/\/minutobahia24h.com.br\/?p=48834#listItem","name":"Opera\u00e7\u00e3o Siameses: a\u00e7\u00e3o integrada entre 6\u00ba BPM E 7\u00aa CIPM resulta na captura de acusado de homic\u00eddio em Iti\u00faba"},"previousItem":{"@type":"ListItem","@id":"https:\/\/minutobahia24h.com.br#listItem","name":"In\u00edcio"}},{"@type":"ListItem","@id":"https:\/\/minutobahia24h.com.br\/?p=48834#listItem","position":3,"name":"Opera\u00e7\u00e3o Siameses: a\u00e7\u00e3o integrada entre 6\u00ba BPM E 7\u00aa CIPM resulta na captura de acusado de homic\u00eddio em Iti\u00faba","previousItem":{"@type":"ListItem","@id":"https:\/\/minutobahia24h.com.br\/?cat=3#listItem","name":"Regional"}}]},{"@type":"Organization","@id":"https:\/\/minutobahia24h.com.br\/#organization","name":"Minuto Bahia 24h","description":"O seu portal de not\u00edcias","url":"https:\/\/minutobahia24h.com.br\/","logo":{"@type":"ImageObject","url":"https:\/\/i0.wp.com\/minutobahia24h.com.br\/wp-content\/uploads\/2023\/09\/cropped-minutoba.png?fit=457%2C119&ssl=1","@id":"https:\/\/minutobahia24h.com.br\/?p=48834\/#organizationLogo","width":457,"height":119},"image":{"@id":"https:\/\/minutobahia24h.com.br\/?p=48834\/#organizationLogo"}},{"@type":"Person","@id":"https:\/\/minutobahia24h.com.br\/?author=2#author","url":"https:\/\/minutobahia24h.com.br\/?author=2","name":"andre","image":{"@type":"ImageObject","@id":"https:\/\/minutobahia24h.com.br\/?p=48834#authorImage","url":"https:\/\/secure.gravatar.com\/avatar\/0ec5eafed5f3925c321625d79a680d589901b94bca787ae396a35f6c4a960922?s=96&d=mm&r=g","width":96,"height":96,"caption":"andre"}},{"@type":"WebPage","@id":"https:\/\/minutobahia24h.com.br\/?p=48834#webpage","url":"https:\/\/minutobahia24h.com.br\/?p=48834","name":"Opera\u00e7\u00e3o Siameses: a\u00e7\u00e3o integrada entre 6\u00ba BPM E 7\u00aa CIPM resulta na captura de acusado de homic\u00eddio em Iti\u00faba - Minuto Bahia 24h","description":"Uma a\u00e7\u00e3o conjunta entre o 6\u00ba Batalh\u00e3o de Pol\u00edcia Militar (6\u00ba BPM), com sede em Senhor do Bonfim, e a 7\u00aa Companhia Independente de Pol\u00edcia Militar (7\u00aa CIPM), de Monte Santo, resultou na localiza\u00e7\u00e3o e captura de um homem acusado de envolvimento em um homic\u00eddio ocorrido na madrugada do \u00faltimo s\u00e1bado (29), no munic\u00edpio de Iti\u00faba, na","inLanguage":"pt-BR","isPartOf":{"@id":"https:\/\/minutobahia24h.com.br\/#website"},"breadcrumb":{"@id":"https:\/\/minutobahia24h.com.br\/?p=48834#breadcrumblist"},"author":{"@id":"https:\/\/minutobahia24h.com.br\/?author=2#author"},"creator":{"@id":"https:\/\/minutobahia24h.com.br\/?author=2#author"},"image":{"@type":"ImageObject","url":"https:\/\/i0.wp.com\/minutobahia24h.com.br\/wp-content\/uploads\/2026\/08\/Sem-titulo-307.jpg?fit=900%2C501&ssl=1","@id":"https:\/\/minutobahia24h.com.br\/?p=48834\/#mainImage","width":900,"height":501},"primaryImageOfPage":{"@id":"https:\/\/minutobahia24h.com.br\/?p=48834#mainImage"},"datePublished":"2026-08-31T07:36:59-03:00","dateModified":"2026-08-31T07:36:59-03:00"},{"@type":"WebSite","@id":"https:\/\/minutobahia24h.com.br\/#website","url":"https:\/\/minutobahia24h.com.br\/","name":"Minuto Bahia 24h","description":"O seu portal de not\u00edcias","inLanguage":"pt-BR","publisher":{"@id":"https:\/\/minutobahia24h.com.br\/#organization"}}]},"og:locale":"pt_BR","og:site_name":"Minuto Bahia 24h - O seu portal de not\u00edcias","og:type":"article","og:title":"Opera\u00e7\u00e3o Siameses: a\u00e7\u00e3o integrada entre 6\u00ba BPM E 7\u00aa CIPM resulta na captura de acusado de homic\u00eddio em Iti\u00faba - Minuto Bahia 24h","og:description":"Uma a\u00e7\u00e3o conjunta entre o 6\u00ba Batalh\u00e3o de Pol\u00edcia Militar (6\u00ba BPM), com sede em Senhor do Bonfim, e a 7\u00aa Companhia Independente de Pol\u00edcia Militar (7\u00aa CIPM), de Monte Santo, resultou na localiza\u00e7\u00e3o e captura de um homem acusado de envolvimento em um homic\u00eddio ocorrido na madrugada do \u00faltimo s\u00e1bado (29), no munic\u00edpio de Iti\u00faba, na","og:url":"https:\/\/minutobahia24h.com.br\/?p=48834","og:image":"https:\/\/minutobahia24h.com.br\/wp-content\/uploads\/2026\/08\/Sem-titulo-307.jpg","og:image:secure_url":"https:\/\/minutobahia24h.com.br\/wp-content\/uploads\/2026\/08\/Sem-titulo-307.jpg","og:image:width":900,"og:image:height":501,"article:published_time":"2026-08-31T10:36:59+00:00","article:modified_time":"2026-08-31T10:36:59+00:00","twitter:card":"summary_large_image","twitter:title":"Opera\u00e7\u00e3o Siameses: a\u00e7\u00e3o integrada entre 6\u00ba BPM E 7\u00aa CIPM resulta na captura de acusado de homic\u00eddio em Iti\u00faba - Minuto Bahia 24h","twitter:description":"Uma a\u00e7\u00e3o conjunta entre o 6\u00ba Batalh\u00e3o de Pol\u00edcia Militar (6\u00ba BPM), com sede em Senhor do Bonfim, e a 7\u00aa Companhia Independente de Pol\u00edcia Militar (7\u00aa CIPM), de Monte Santo, resultou na localiza\u00e7\u00e3o e captura de um homem acusado de envolvimento em um homic\u00eddio ocorrido na madrugada do \u00faltimo s\u00e1bado (29), no munic\u00edpio de Iti\u00faba, na","twitter:image":"https:\/\/minutobahia24h.com.br\/wp-content\/uploads\/2026\/08\/Sem-titulo-307.jpg"},"aioseo_meta_data":{"post_id":"48834","title":null,"description":null,"keywords":null,"keyphrases":{"focus":{"keyphrase":"","score":0,"analysis":{"keyphraseInTitle":{"score":0,"maxScore":9,"error":1}}},"additional":[]},"primary_term":null,"canonical_url":null,"og_title":null,"og_description":null,"og_object_type":"default","og_image_type":"default","og_image_url":null,"og_image_width":null,"og_image_height":null,"og_image_custom_url":null,"og_image_custom_fields":null,"og_video":"","og_custom_url":null,"og_article_section":null,"og_article_tags":null,"twitter_use_og":true,"twitter_card":"default","twitter_image_type":"default","twitter_image_url":null,"twitter_image_custom_url":null,"twitter_image_custom_fields":null,"twitter_title":null,"twitter_description":null,"schema":{"blockGraphs":[],"customGraphs":[],"default":{"data":{"Article":[],"Course":[],"Dataset":[],"FAQPage":[],"Movie":[],"Person":[],"Product":[],"ProductReview":[],"Car":[],"Recipe":[],"Service":[],"SoftwareApplication":[],"WebPage":[]},"graphName":"BlogPosting","isEnabled":true},"graphs":[]},"schema_type":"default","schema_type_options":null,"pillar_content":false,"robots_default":true,"robots_noindex":false,"robots_noarchive":false,"robots_nosnippet":false,"robots_nofollow":false,"robots_noimageindex":false,"robots_noodp":false,"robots_notranslate":false,"robots_max_snippet":"-1","robots_max_videopreview":"-1","robots_max_imagepreview":"large","priority":null,"frequency":"default","local_seo":null,"breadcrumb_settings":null,"limit_modified_date":false,"ai":{"faqs":[],"keyPoints":[],"schemas":[],"titles":[],"descriptions":[],"socialPosts":{"email":{"subject":"","preview":"","content":""},"linkedin":[],"twitter":[],"facebook":[],"instagram":[]}},"created":"2026-08-31 10:36:59","updated":"2026-08-31 11:57:50","seo_analyzer_scan_date":null,"focus_keyword":null,"additional_keywords":null,"truseo_locale":null},"aioseo_breadcrumb":"<div class=\"aioseo-breadcrumbs\"><span class=\"aioseo-breadcrumb\">\n\t\t\t<a href=\"https:\/\/minutobahia24h.com.br\" title=\"In\u00edcio\">In\u00edcio<\/a>\n\t\t<\/span><span class=\"aioseo-breadcrumb-separator\">&raquo;<\/span><span class=\"aioseo-breadcrumb\">\n\t\t\t<a href=\"https:\/\/minutobahia24h.com.br\/?cat=3\" title=\"Regional\">Regional<\/a>\n\t\t<\/span><span class=\"aioseo-breadcrumb-separator\">&raquo;<\/span><span class=\"aioseo-breadcrumb\">\n\t\t\tOpera\u00e7\u00e3o Siameses: a\u00e7\u00e3o integrada entre 6\u00ba BPM E 7\u00aa CIPM resulta na captura de acusado de homic\u00eddio em Iti\u00faba\n\t\t<\/span><\/div>","aioseo_breadcrumb_json":[{"label":"In\u00edcio","link":"https:\/\/minutobahia24h.com.br"},{"label":"Regional","link":"https:\/\/minutobahia24h.com.br\/?cat=3"},{"label":"Opera\u00e7\u00e3o Siameses: a\u00e7\u00e3o integrada entre 6\u00ba BPM E 7\u00aa CIPM resulta na captura de acusado de homic\u00eddio em Iti\u00faba","link":"https:\/\/minutobahia24h.com.br\/?p=48834"}],"jetpack_sharing_enabled":true,"jetpack_featured_media_url":"https:\/\/i0.wp.com\/minutobahia24h.com.br\/wp-content\/uploads\/2026\/08\/Sem-titulo-307.jpg?fit=900%2C501&ssl=1","_links":{"self":[{"href":"https:\/\/minutobahia24h.com.br\/index.php?rest_route=\/wp\/v2\/posts\/48834","targetHints":{"allow":["GET"]}}],"collection":[{"href":"https:\/\/minutobahia24h.com.br\/index.php?rest_route=\/wp\/v2\/posts"}],"about":[{"href":"https:\/\/minutobahia24h.com.br\/index.php?rest_route=\/wp\/v2\/types\/post"}],"author":[{"embeddable":true,"href":"https:\/\/minutobahia24h.com.br\/index.php?rest_route=\/wp\/v2\/users\/2"}],"replies":[{"embeddable":true,"href":"https:\/\/minutobahia24h.com.br\/index.php?rest_route=%2Fwp%2Fv2%2Fcomments&post=48834"}],"version-history":[{"count":1,"href":"https:\/\/minutobahia24h.com.br\/index.php?rest_route=\/wp\/v2\/posts\/48834\/revisions"}],"predecessor-version":[{"id":48836,"href":"https:\/\/minutobahia24h.com.br\/index.php?rest_route=\/wp\/v2\/posts\/48834\/revisions\/48836"}],"wp:featuredmedia":[{"embeddable":true,"href":"https:\/\/minutobahia24h.com.br\/index.php?rest_route=\/wp\/v2\/media\/48835"}],"wp:attachment":[{"href":"https:\/\/minutobahia24h.com.br\/index.php?rest_route=%2Fwp%2Fv2%2Fmedia&parent=48834"}],"wp:term":[{"taxonomy":"category","embeddable":true,"href":"https:\/\/minutobahia24h.com.br\/index.php?rest_route=%2Fwp%2Fv2%2Fcategories&post=48834"},{"taxonomy":"post_tag","embeddable":true,"href":"https:\/\/minutobahia24h.com.br\/index.php?rest_route=%2Fwp%2Fv2%2Ftags&post=48834"}],"curies":[{"name":"wp","href":"https:\/\/api.w.org\/{rel}","templated":true}]}}