{"id":48828,"date":"2026-08-31T07:27:36","date_gmt":"2026-08-31T10:27:36","guid":{"rendered":"https:\/\/minutobahia24h.com.br\/?p=48828"},"modified":"2026-08-31T07:27:37","modified_gmt":"2026-08-31T10:27:37","slug":"elmar-nascimento-participa-de-ato-eleitoral-em-umburanas-e-presenca-em-palanque-de-aliado-de-jeronimo-chama-atencao","status":"publish","type":"post","link":"https:\/\/minutobahia24h.com.br\/?p=48828","title":{"rendered":"Elmar Nascimento participa de ato eleitoral em Umburanas e presen\u00e7a em palanque de aliado de Jer\u00f4nimo chama aten\u00e7\u00e3o"},"content":{"rendered":"<div class=\"wp-block-image\">\n<figure class=\"aligncenter size-full\"><img data-recalc-dims=\"1\" fetchpriority=\"high\" decoding=\"async\" width=\"800\" height=\"916\" src=\"https:\/\/i0.wp.com\/minutobahia24h.com.br\/wp-content\/uploads\/2026\/08\/Sem-titulo-305.jpg?resize=800%2C916&#038;ssl=1\" alt=\"\" class=\"wp-image-48829\"\/><figcaption class=\"wp-element-caption\"><em>Foto: TVSert\u00e3o<\/em><br><br><\/figcaption><\/figure>\n<\/div>\n\n\n<p class=\"wp-block-paragraph\">Ao som da m\u00fasica Noites Trai\u00e7oeiras, diante de centenas de pessoas vestidas de vermelho e com bandeiras tremulando pelas ruas de Umburanas, o deputado federal Elmar Nascimento (Uni\u00e3o Brasil), de Campo Formoso, participou neste fim de semana de um ato p\u00fablico de campanha no munic\u00edpio.<\/p>\n\n\n\n<p class=\"wp-block-paragraph\">A presen\u00e7a do parlamentar chamou a aten\u00e7\u00e3o porque ele \u00e9 um dos principais aliados do candidato ao Governo da Bahia, ACM Neto (Uni\u00e3o Brasil). No entanto, o evento foi realizado ao lado do prefeito Fabr\u00edcio Lopes (PRD), que desde o in\u00edcio de 2025 integra a base pol\u00edtica do governador Jer\u00f4nimo Rodrigues (PT).<\/p>\n\n\n\n<p class=\"wp-block-paragraph\">Logo depois do evento, Elmar elogiou a gest\u00e3o municipal e destacou a mobiliza\u00e7\u00e3o popular registrada no evento.<\/p>\n\n\n\n<blockquote class=\"wp-block-quote is-layout-flow wp-block-quote-is-layout-flow\">\n<p class=\"wp-block-paragraph\">\u201cFabr\u00edcio vem fazendo um grande trabalho. \u00c9 um dos melhores prefeitos da regi\u00e3o. Por onde tenho passado, nunca vi uma participa\u00e7\u00e3o popular t\u00e3o grande como vi aqui hoje em Umburanas. Isso \u00e9 fruto do trabalho que ele vem fazendo no munic\u00edpio\u201d, afirmou o deputado.<\/p>\n<\/blockquote>\n\n\n\n<p class=\"wp-block-paragraph\">Fabr\u00edcio Lopes foi eleito prefeito de Umburanas pelo PRD, mas sua trajet\u00f3ria pol\u00edtica passou pelo Uni\u00e3o Brasil. Antes de ingressar no atual partido, ele presidiu a legenda no munic\u00edpio e apoiou ACM Neto na disputa pelo Governo da Bahia em 2022, quando o candidato enfrentou Jer\u00f4nimo Rodrigues.<\/p>\n\n\n\n<p class=\"wp-block-paragraph\">J\u00e1 em 2025, o prefeito oficializou sua ades\u00e3o \u00e0 base do governador petista, passando a integrar o grupo pol\u00edtico do governo estadual.<\/p>\n\n\n\n<p class=\"wp-block-paragraph\">O que tem despertado questionamentos nesta elei\u00e7\u00e3o \u00e9 justamente a participa\u00e7\u00e3o de Elmar Nascimento em palanques de prefeitos que hoje apoiam Jer\u00f4nimo Rodrigues, mesmo permanecendo como aliado de ACM Neto, principal advers\u00e1rio do governador na corrida pelo Pal\u00e1cio de Ondina.<\/p>\n\n\n\n<p class=\"wp-block-paragraph\">Para muitos eleitores, essa composi\u00e7\u00e3o tem gerado d\u00favidas sobre o alinhamento pol\u00edtico das lideran\u00e7as, j\u00e1 que, em n\u00edvel estadual, Uni\u00e3o Brasil e PT seguem em campos opostos, enquanto, em alguns munic\u00edpios, alian\u00e7as locais t\u00eam reunido representantes dos dois grupos no mesmo palanque. Essa situa\u00e7\u00e3o reflete uma din\u00e2mica comum na pol\u00edtica baiana, em que acordos municipais nem sempre reproduzem as alian\u00e7as da disputa estadual.<\/p>\n\n\n\n<p class=\"wp-block-paragraph\">ivansilvanoticia<\/p>\n","protected":false},"excerpt":{"rendered":"<p>Ao som da m\u00fasica Noites Trai\u00e7oeiras, diante de centenas de pessoas vestidas de vermelho e com bandeiras tremulando pelas ruas de Umburanas, o deputado federal Elmar Nascimento (Uni\u00e3o Brasil), de Campo Formoso, participou neste fim de semana de um ato p\u00fablico de campanha no munic\u00edpio. A presen\u00e7a do parlamentar chamou a aten\u00e7\u00e3o porque ele \u00e9 [&hellip;]<\/p>\n","protected":false},"author":2,"featured_media":48829,"comment_status":"open","ping_status":"open","sticky":false,"template":"","format":"standard","meta":{"_jetpack_newsletter_access":"","_jetpack_dont_email_post_to_subs":false,"_jetpack_newsletter_tier_id":0,"_jetpack_memberships_contains_paywalled_content":false,"_jetpack_feature_clip_id":0,"_jetpack_memberships_contains_paid_content":false,"footnotes":"","jetpack_post_was_ever_published":false},"categories":[3],"tags":[],"class_list":["post-48828","post","type-post","status-publish","format-standard","has-post-thumbnail","hentry","category-regional"],"aioseo_notices":[],"aioseo_head":"\n\t\t<!-- All in One SEO 5.0.1.1 - aioseo.com -->\n\t<meta name=\"description\" content=\"Ao som da m\u00fasica Noites Trai\u00e7oeiras, diante de centenas de pessoas vestidas de vermelho e com bandeiras tremulando pelas ruas de Umburanas, o deputado federal Elmar Nascimento (Uni\u00e3o Brasil), de Campo Formoso, participou neste fim de semana de um ato p\u00fablico de campanha no munic\u00edpio. A presen\u00e7a do parlamentar chamou a aten\u00e7\u00e3o porque ele \u00e9\" \/>\n\t<meta name=\"robots\" content=\"max-image-preview:large\" \/>\n\t<meta name=\"author\" content=\"andre\"\/>\n\t<link rel=\"canonical\" href=\"https:\/\/minutobahia24h.com.br\/?p=48828\" \/>\n\t<meta name=\"generator\" content=\"All in One SEO (AIOSEO) 5.0.1.1\" \/>\n\t\t<meta property=\"og:locale\" content=\"pt_BR\" \/>\n\t\t<meta property=\"og:site_name\" content=\"Minuto Bahia 24h - O seu portal de not\u00edcias\" \/>\n\t\t<meta property=\"og:type\" content=\"article\" \/>\n\t\t<meta property=\"og:title\" content=\"Elmar Nascimento participa de ato eleitoral em Umburanas e presen\u00e7a em palanque de aliado de Jer\u00f4nimo chama aten\u00e7\u00e3o - Minuto Bahia 24h\" \/>\n\t\t<meta property=\"og:description\" content=\"Ao som da m\u00fasica Noites Trai\u00e7oeiras, diante de centenas de pessoas vestidas de vermelho e com bandeiras tremulando pelas ruas de Umburanas, o deputado federal Elmar Nascimento (Uni\u00e3o Brasil), de Campo Formoso, participou neste fim de semana de um ato p\u00fablico de campanha no munic\u00edpio. A presen\u00e7a do parlamentar chamou a aten\u00e7\u00e3o porque ele \u00e9\" \/>\n\t\t<meta property=\"og:url\" content=\"https:\/\/minutobahia24h.com.br\/?p=48828\" \/>\n\t\t<meta property=\"og:image\" content=\"https:\/\/minutobahia24h.com.br\/wp-content\/uploads\/2026\/08\/Sem-titulo-305.jpg\" \/>\n\t\t<meta property=\"og:image:secure_url\" content=\"https:\/\/minutobahia24h.com.br\/wp-content\/uploads\/2026\/08\/Sem-titulo-305.jpg\" \/>\n\t\t<meta property=\"og:image:width\" content=\"894\" \/>\n\t\t<meta property=\"og:image:height\" content=\"1024\" \/>\n\t\t<meta property=\"article:published_time\" content=\"2026-08-31T10:27:36+00:00\" \/>\n\t\t<meta property=\"article:modified_time\" content=\"2026-08-31T10:27:37+00:00\" \/>\n\t\t<meta name=\"twitter:card\" content=\"summary_large_image\" \/>\n\t\t<meta name=\"twitter:title\" content=\"Elmar Nascimento participa de ato eleitoral em Umburanas e presen\u00e7a em palanque de aliado de Jer\u00f4nimo chama aten\u00e7\u00e3o - Minuto Bahia 24h\" \/>\n\t\t<meta name=\"twitter:description\" content=\"Ao som da m\u00fasica Noites Trai\u00e7oeiras, diante de centenas de pessoas vestidas de vermelho e com bandeiras tremulando pelas ruas de Umburanas, o deputado federal Elmar Nascimento (Uni\u00e3o Brasil), de Campo Formoso, participou neste fim de semana de um ato p\u00fablico de campanha no munic\u00edpio. A presen\u00e7a do parlamentar chamou a aten\u00e7\u00e3o porque ele \u00e9\" \/>\n\t\t<meta name=\"twitter:image\" content=\"https:\/\/minutobahia24h.com.br\/wp-content\/uploads\/2026\/08\/Sem-titulo-305.jpg\" \/>\n\t\t<script type=\"application\/ld+json\" class=\"aioseo-schema\">\n\t\t\t{\"@context\":\"https:\\\/\\\/schema.org\",\"@graph\":[{\"@type\":\"BlogPosting\",\"@id\":\"https:\\\/\\\/minutobahia24h.com.br\\\/?p=48828#blogposting\",\"name\":\"Elmar Nascimento participa de ato eleitoral em Umburanas e presen\\u00e7a em palanque de aliado de Jer\\u00f4nimo chama aten\\u00e7\\u00e3o - Minuto Bahia 24h\",\"headline\":\"Elmar Nascimento participa de ato eleitoral em Umburanas e presen\\u00e7a em palanque de aliado de Jer\\u00f4nimo chama aten\\u00e7\\u00e3o\",\"author\":{\"@id\":\"https:\\\/\\\/minutobahia24h.com.br\\\/?author=2#author\"},\"publisher\":{\"@id\":\"https:\\\/\\\/minutobahia24h.com.br\\\/#organization\"},\"image\":{\"@type\":\"ImageObject\",\"url\":\"https:\\\/\\\/i0.wp.com\\\/minutobahia24h.com.br\\\/wp-content\\\/uploads\\\/2026\\\/08\\\/Sem-titulo-305.jpg?fit=894%2C1024&ssl=1\",\"width\":894,\"height\":1024},\"datePublished\":\"2026-08-31T07:27:36-03:00\",\"dateModified\":\"2026-08-31T07:27:37-03:00\",\"inLanguage\":\"pt-BR\",\"mainEntityOfPage\":{\"@id\":\"https:\\\/\\\/minutobahia24h.com.br\\\/?p=48828#webpage\"},\"isPartOf\":{\"@id\":\"https:\\\/\\\/minutobahia24h.com.br\\\/?p=48828#webpage\"},\"articleSection\":\"Regional\"},{\"@type\":\"BreadcrumbList\",\"@id\":\"https:\\\/\\\/minutobahia24h.com.br\\\/?p=48828#breadcrumblist\",\"itemListElement\":[{\"@type\":\"ListItem\",\"@id\":\"https:\\\/\\\/minutobahia24h.com.br#listItem\",\"position\":1,\"name\":\"In\\u00edcio\",\"item\":\"https:\\\/\\\/minutobahia24h.com.br\",\"nextItem\":{\"@type\":\"ListItem\",\"@id\":\"https:\\\/\\\/minutobahia24h.com.br\\\/?cat=3#listItem\",\"name\":\"Regional\"}},{\"@type\":\"ListItem\",\"@id\":\"https:\\\/\\\/minutobahia24h.com.br\\\/?cat=3#listItem\",\"position\":2,\"name\":\"Regional\",\"item\":\"https:\\\/\\\/minutobahia24h.com.br\\\/?cat=3\",\"nextItem\":{\"@type\":\"ListItem\",\"@id\":\"https:\\\/\\\/minutobahia24h.com.br\\\/?p=48828#listItem\",\"name\":\"Elmar Nascimento participa de ato eleitoral em Umburanas e presen\\u00e7a em palanque de aliado de Jer\\u00f4nimo chama aten\\u00e7\\u00e3o\"},\"previousItem\":{\"@type\":\"ListItem\",\"@id\":\"https:\\\/\\\/minutobahia24h.com.br#listItem\",\"name\":\"In\\u00edcio\"}},{\"@type\":\"ListItem\",\"@id\":\"https:\\\/\\\/minutobahia24h.com.br\\\/?p=48828#listItem\",\"position\":3,\"name\":\"Elmar Nascimento participa de ato eleitoral em Umburanas e presen\\u00e7a em palanque de aliado de Jer\\u00f4nimo chama aten\\u00e7\\u00e3o\",\"previousItem\":{\"@type\":\"ListItem\",\"@id\":\"https:\\\/\\\/minutobahia24h.com.br\\\/?cat=3#listItem\",\"name\":\"Regional\"}}]},{\"@type\":\"Organization\",\"@id\":\"https:\\\/\\\/minutobahia24h.com.br\\\/#organization\",\"name\":\"Minuto Bahia 24h\",\"description\":\"O seu portal de not\\u00edcias\",\"url\":\"https:\\\/\\\/minutobahia24h.com.br\\\/\",\"logo\":{\"@type\":\"ImageObject\",\"url\":\"https:\\\/\\\/i0.wp.com\\\/minutobahia24h.com.br\\\/wp-content\\\/uploads\\\/2023\\\/09\\\/cropped-minutoba.png?fit=457%2C119&ssl=1\",\"@id\":\"https:\\\/\\\/minutobahia24h.com.br\\\/?p=48828\\\/#organizationLogo\",\"width\":457,\"height\":119},\"image\":{\"@id\":\"https:\\\/\\\/minutobahia24h.com.br\\\/?p=48828\\\/#organizationLogo\"}},{\"@type\":\"Person\",\"@id\":\"https:\\\/\\\/minutobahia24h.com.br\\\/?author=2#author\",\"url\":\"https:\\\/\\\/minutobahia24h.com.br\\\/?author=2\",\"name\":\"andre\",\"image\":{\"@type\":\"ImageObject\",\"@id\":\"https:\\\/\\\/minutobahia24h.com.br\\\/?p=48828#authorImage\",\"url\":\"https:\\\/\\\/secure.gravatar.com\\\/avatar\\\/0ec5eafed5f3925c321625d79a680d589901b94bca787ae396a35f6c4a960922?s=96&d=mm&r=g\",\"width\":96,\"height\":96,\"caption\":\"andre\"}},{\"@type\":\"WebPage\",\"@id\":\"https:\\\/\\\/minutobahia24h.com.br\\\/?p=48828#webpage\",\"url\":\"https:\\\/\\\/minutobahia24h.com.br\\\/?p=48828\",\"name\":\"Elmar Nascimento participa de ato eleitoral em Umburanas e presen\\u00e7a em palanque de aliado de Jer\\u00f4nimo chama aten\\u00e7\\u00e3o - Minuto Bahia 24h\",\"description\":\"Ao som da m\\u00fasica Noites Trai\\u00e7oeiras, diante de centenas de pessoas vestidas de vermelho e com bandeiras tremulando pelas ruas de Umburanas, o deputado federal Elmar Nascimento (Uni\\u00e3o Brasil), de Campo Formoso, participou neste fim de semana de um ato p\\u00fablico de campanha no munic\\u00edpio. A presen\\u00e7a do parlamentar chamou a aten\\u00e7\\u00e3o porque ele \\u00e9\",\"inLanguage\":\"pt-BR\",\"isPartOf\":{\"@id\":\"https:\\\/\\\/minutobahia24h.com.br\\\/#website\"},\"breadcrumb\":{\"@id\":\"https:\\\/\\\/minutobahia24h.com.br\\\/?p=48828#breadcrumblist\"},\"author\":{\"@id\":\"https:\\\/\\\/minutobahia24h.com.br\\\/?author=2#author\"},\"creator\":{\"@id\":\"https:\\\/\\\/minutobahia24h.com.br\\\/?author=2#author\"},\"image\":{\"@type\":\"ImageObject\",\"url\":\"https:\\\/\\\/i0.wp.com\\\/minutobahia24h.com.br\\\/wp-content\\\/uploads\\\/2026\\\/08\\\/Sem-titulo-305.jpg?fit=894%2C1024&ssl=1\",\"@id\":\"https:\\\/\\\/minutobahia24h.com.br\\\/?p=48828\\\/#mainImage\",\"width\":894,\"height\":1024},\"primaryImageOfPage\":{\"@id\":\"https:\\\/\\\/minutobahia24h.com.br\\\/?p=48828#mainImage\"},\"datePublished\":\"2026-08-31T07:27:36-03:00\",\"dateModified\":\"2026-08-31T07:27:37-03:00\"},{\"@type\":\"WebSite\",\"@id\":\"https:\\\/\\\/minutobahia24h.com.br\\\/#website\",\"url\":\"https:\\\/\\\/minutobahia24h.com.br\\\/\",\"name\":\"Minuto Bahia 24h\",\"description\":\"O seu portal de not\\u00edcias\",\"inLanguage\":\"pt-BR\",\"publisher\":{\"@id\":\"https:\\\/\\\/minutobahia24h.com.br\\\/#organization\"}}]}\n\t\t<\/script>\n\t\t<!-- All in One SEO -->\n\n","aioseo_head_json":{"title":"Elmar Nascimento participa de ato eleitoral em Umburanas e presen\u00e7a em palanque de aliado de Jer\u00f4nimo chama aten\u00e7\u00e3o - Minuto Bahia 24h","description":"Ao som da m\u00fasica Noites Trai\u00e7oeiras, diante de centenas de pessoas vestidas de vermelho e com bandeiras tremulando pelas ruas de Umburanas, o deputado federal Elmar Nascimento (Uni\u00e3o Brasil), de Campo Formoso, participou neste fim de semana de um ato p\u00fablico de campanha no munic\u00edpio. A presen\u00e7a do parlamentar chamou a aten\u00e7\u00e3o porque ele \u00e9","canonical_url":"https:\/\/minutobahia24h.com.br\/?p=48828","robots":"max-image-preview:large","keywords":"","webmasterTools":{"miscellaneous":""},"schema":{"@context":"https:\/\/schema.org","@graph":[{"@type":"BlogPosting","@id":"https:\/\/minutobahia24h.com.br\/?p=48828#blogposting","name":"Elmar Nascimento participa de ato eleitoral em Umburanas e presen\u00e7a em palanque de aliado de Jer\u00f4nimo chama aten\u00e7\u00e3o - Minuto Bahia 24h","headline":"Elmar Nascimento participa de ato eleitoral em Umburanas e presen\u00e7a em palanque de aliado de Jer\u00f4nimo chama aten\u00e7\u00e3o","author":{"@id":"https:\/\/minutobahia24h.com.br\/?author=2#author"},"publisher":{"@id":"https:\/\/minutobahia24h.com.br\/#organization"},"image":{"@type":"ImageObject","url":"https:\/\/i0.wp.com\/minutobahia24h.com.br\/wp-content\/uploads\/2026\/08\/Sem-titulo-305.jpg?fit=894%2C1024&ssl=1","width":894,"height":1024},"datePublished":"2026-08-31T07:27:36-03:00","dateModified":"2026-08-31T07:27:37-03:00","inLanguage":"pt-BR","mainEntityOfPage":{"@id":"https:\/\/minutobahia24h.com.br\/?p=48828#webpage"},"isPartOf":{"@id":"https:\/\/minutobahia24h.com.br\/?p=48828#webpage"},"articleSection":"Regional"},{"@type":"BreadcrumbList","@id":"https:\/\/minutobahia24h.com.br\/?p=48828#breadcrumblist","itemListElement":[{"@type":"ListItem","@id":"https:\/\/minutobahia24h.com.br#listItem","position":1,"name":"In\u00edcio","item":"https:\/\/minutobahia24h.com.br","nextItem":{"@type":"ListItem","@id":"https:\/\/minutobahia24h.com.br\/?cat=3#listItem","name":"Regional"}},{"@type":"ListItem","@id":"https:\/\/minutobahia24h.com.br\/?cat=3#listItem","position":2,"name":"Regional","item":"https:\/\/minutobahia24h.com.br\/?cat=3","nextItem":{"@type":"ListItem","@id":"https:\/\/minutobahia24h.com.br\/?p=48828#listItem","name":"Elmar Nascimento participa de ato eleitoral em Umburanas e presen\u00e7a em palanque de aliado de Jer\u00f4nimo chama aten\u00e7\u00e3o"},"previousItem":{"@type":"ListItem","@id":"https:\/\/minutobahia24h.com.br#listItem","name":"In\u00edcio"}},{"@type":"ListItem","@id":"https:\/\/minutobahia24h.com.br\/?p=48828#listItem","position":3,"name":"Elmar Nascimento participa de ato eleitoral em Umburanas e presen\u00e7a em palanque de aliado de Jer\u00f4nimo chama aten\u00e7\u00e3o","previousItem":{"@type":"ListItem","@id":"https:\/\/minutobahia24h.com.br\/?cat=3#listItem","name":"Regional"}}]},{"@type":"Organization","@id":"https:\/\/minutobahia24h.com.br\/#organization","name":"Minuto Bahia 24h","description":"O seu portal de not\u00edcias","url":"https:\/\/minutobahia24h.com.br\/","logo":{"@type":"ImageObject","url":"https:\/\/i0.wp.com\/minutobahia24h.com.br\/wp-content\/uploads\/2023\/09\/cropped-minutoba.png?fit=457%2C119&ssl=1","@id":"https:\/\/minutobahia24h.com.br\/?p=48828\/#organizationLogo","width":457,"height":119},"image":{"@id":"https:\/\/minutobahia24h.com.br\/?p=48828\/#organizationLogo"}},{"@type":"Person","@id":"https:\/\/minutobahia24h.com.br\/?author=2#author","url":"https:\/\/minutobahia24h.com.br\/?author=2","name":"andre","image":{"@type":"ImageObject","@id":"https:\/\/minutobahia24h.com.br\/?p=48828#authorImage","url":"https:\/\/secure.gravatar.com\/avatar\/0ec5eafed5f3925c321625d79a680d589901b94bca787ae396a35f6c4a960922?s=96&d=mm&r=g","width":96,"height":96,"caption":"andre"}},{"@type":"WebPage","@id":"https:\/\/minutobahia24h.com.br\/?p=48828#webpage","url":"https:\/\/minutobahia24h.com.br\/?p=48828","name":"Elmar Nascimento participa de ato eleitoral em Umburanas e presen\u00e7a em palanque de aliado de Jer\u00f4nimo chama aten\u00e7\u00e3o - Minuto Bahia 24h","description":"Ao som da m\u00fasica Noites Trai\u00e7oeiras, diante de centenas de pessoas vestidas de vermelho e com bandeiras tremulando pelas ruas de Umburanas, o deputado federal Elmar Nascimento (Uni\u00e3o Brasil), de Campo Formoso, participou neste fim de semana de um ato p\u00fablico de campanha no munic\u00edpio. A presen\u00e7a do parlamentar chamou a aten\u00e7\u00e3o porque ele \u00e9","inLanguage":"pt-BR","isPartOf":{"@id":"https:\/\/minutobahia24h.com.br\/#website"},"breadcrumb":{"@id":"https:\/\/minutobahia24h.com.br\/?p=48828#breadcrumblist"},"author":{"@id":"https:\/\/minutobahia24h.com.br\/?author=2#author"},"creator":{"@id":"https:\/\/minutobahia24h.com.br\/?author=2#author"},"image":{"@type":"ImageObject","url":"https:\/\/i0.wp.com\/minutobahia24h.com.br\/wp-content\/uploads\/2026\/08\/Sem-titulo-305.jpg?fit=894%2C1024&ssl=1","@id":"https:\/\/minutobahia24h.com.br\/?p=48828\/#mainImage","width":894,"height":1024},"primaryImageOfPage":{"@id":"https:\/\/minutobahia24h.com.br\/?p=48828#mainImage"},"datePublished":"2026-08-31T07:27:36-03:00","dateModified":"2026-08-31T07:27:37-03:00"},{"@type":"WebSite","@id":"https:\/\/minutobahia24h.com.br\/#website","url":"https:\/\/minutobahia24h.com.br\/","name":"Minuto Bahia 24h","description":"O seu portal de not\u00edcias","inLanguage":"pt-BR","publisher":{"@id":"https:\/\/minutobahia24h.com.br\/#organization"}}]},"og:locale":"pt_BR","og:site_name":"Minuto Bahia 24h - O seu portal de not\u00edcias","og:type":"article","og:title":"Elmar Nascimento participa de ato eleitoral em Umburanas e presen\u00e7a em palanque de aliado de Jer\u00f4nimo chama aten\u00e7\u00e3o - Minuto Bahia 24h","og:description":"Ao som da m\u00fasica Noites Trai\u00e7oeiras, diante de centenas de pessoas vestidas de vermelho e com bandeiras tremulando pelas ruas de Umburanas, o deputado federal Elmar Nascimento (Uni\u00e3o Brasil), de Campo Formoso, participou neste fim de semana de um ato p\u00fablico de campanha no munic\u00edpio. A presen\u00e7a do parlamentar chamou a aten\u00e7\u00e3o porque ele \u00e9","og:url":"https:\/\/minutobahia24h.com.br\/?p=48828","og:image":"https:\/\/minutobahia24h.com.br\/wp-content\/uploads\/2026\/08\/Sem-titulo-305.jpg","og:image:secure_url":"https:\/\/minutobahia24h.com.br\/wp-content\/uploads\/2026\/08\/Sem-titulo-305.jpg","og:image:width":894,"og:image:height":1024,"article:published_time":"2026-08-31T10:27:36+00:00","article:modified_time":"2026-08-31T10:27:37+00:00","twitter:card":"summary_large_image","twitter:title":"Elmar Nascimento participa de ato eleitoral em Umburanas e presen\u00e7a em palanque de aliado de Jer\u00f4nimo chama aten\u00e7\u00e3o - Minuto Bahia 24h","twitter:description":"Ao som da m\u00fasica Noites Trai\u00e7oeiras, diante de centenas de pessoas vestidas de vermelho e com bandeiras tremulando pelas ruas de Umburanas, o deputado federal Elmar Nascimento (Uni\u00e3o Brasil), de Campo Formoso, participou neste fim de semana de um ato p\u00fablico de campanha no munic\u00edpio. A presen\u00e7a do parlamentar chamou a aten\u00e7\u00e3o porque ele \u00e9","twitter:image":"https:\/\/minutobahia24h.com.br\/wp-content\/uploads\/2026\/08\/Sem-titulo-305.jpg"},"aioseo_meta_data":{"post_id":"48828","title":null,"description":null,"keywords":null,"keyphrases":{"focus":{"keyphrase":"","score":0,"analysis":{"keyphraseInTitle":{"score":0,"maxScore":9,"error":1}}},"additional":[]},"primary_term":null,"canonical_url":null,"og_title":null,"og_description":null,"og_object_type":"default","og_image_type":"default","og_image_url":null,"og_image_width":null,"og_image_height":null,"og_image_custom_url":null,"og_image_custom_fields":null,"og_video":"","og_custom_url":null,"og_article_section":null,"og_article_tags":null,"twitter_use_og":true,"twitter_card":"default","twitter_image_type":"default","twitter_image_url":null,"twitter_image_custom_url":null,"twitter_image_custom_fields":null,"twitter_title":null,"twitter_description":null,"schema":{"blockGraphs":[],"customGraphs":[],"default":{"data":{"Article":[],"Course":[],"Dataset":[],"FAQPage":[],"Movie":[],"Person":[],"Product":[],"ProductReview":[],"Car":[],"Recipe":[],"Service":[],"SoftwareApplication":[],"WebPage":[]},"graphName":"BlogPosting","isEnabled":true},"graphs":[]},"schema_type":"default","schema_type_options":null,"pillar_content":false,"robots_default":true,"robots_noindex":false,"robots_noarchive":false,"robots_nosnippet":false,"robots_nofollow":false,"robots_noimageindex":false,"robots_noodp":false,"robots_notranslate":false,"robots_max_snippet":"-1","robots_max_videopreview":"-1","robots_max_imagepreview":"large","priority":null,"frequency":"default","local_seo":null,"breadcrumb_settings":null,"limit_modified_date":false,"ai":{"faqs":[],"keyPoints":[],"schemas":[],"titles":[],"descriptions":[],"socialPosts":{"email":{"subject":"","preview":"","content":""},"linkedin":[],"twitter":[],"facebook":[],"instagram":[]}},"created":"2026-08-31 10:27:37","updated":"2026-08-31 11:57:50","seo_analyzer_scan_date":null,"focus_keyword":null,"additional_keywords":null,"truseo_locale":null},"aioseo_breadcrumb":"<div class=\"aioseo-breadcrumbs\"><span class=\"aioseo-breadcrumb\">\n\t\t\t<a href=\"https:\/\/minutobahia24h.com.br\" title=\"In\u00edcio\">In\u00edcio<\/a>\n\t\t<\/span><span class=\"aioseo-breadcrumb-separator\">&raquo;<\/span><span class=\"aioseo-breadcrumb\">\n\t\t\t<a href=\"https:\/\/minutobahia24h.com.br\/?cat=3\" title=\"Regional\">Regional<\/a>\n\t\t<\/span><span class=\"aioseo-breadcrumb-separator\">&raquo;<\/span><span class=\"aioseo-breadcrumb\">\n\t\t\tElmar Nascimento participa de ato eleitoral em Umburanas e presen\u00e7a em palanque de aliado de Jer\u00f4nimo chama aten\u00e7\u00e3o\n\t\t<\/span><\/div>","aioseo_breadcrumb_json":[{"label":"In\u00edcio","link":"https:\/\/minutobahia24h.com.br"},{"label":"Regional","link":"https:\/\/minutobahia24h.com.br\/?cat=3"},{"label":"Elmar Nascimento participa de ato eleitoral em Umburanas e presen\u00e7a em palanque de aliado de Jer\u00f4nimo chama aten\u00e7\u00e3o","link":"https:\/\/minutobahia24h.com.br\/?p=48828"}],"jetpack_sharing_enabled":true,"jetpack_featured_media_url":"https:\/\/i0.wp.com\/minutobahia24h.com.br\/wp-content\/uploads\/2026\/08\/Sem-titulo-305.jpg?fit=894%2C1024&ssl=1","_links":{"self":[{"href":"https:\/\/minutobahia24h.com.br\/index.php?rest_route=\/wp\/v2\/posts\/48828","targetHints":{"allow":["GET"]}}],"collection":[{"href":"https:\/\/minutobahia24h.com.br\/index.php?rest_route=\/wp\/v2\/posts"}],"about":[{"href":"https:\/\/minutobahia24h.com.br\/index.php?rest_route=\/wp\/v2\/types\/post"}],"author":[{"embeddable":true,"href":"https:\/\/minutobahia24h.com.br\/index.php?rest_route=\/wp\/v2\/users\/2"}],"replies":[{"embeddable":true,"href":"https:\/\/minutobahia24h.com.br\/index.php?rest_route=%2Fwp%2Fv2%2Fcomments&post=48828"}],"version-history":[{"count":1,"href":"https:\/\/minutobahia24h.com.br\/index.php?rest_route=\/wp\/v2\/posts\/48828\/revisions"}],"predecessor-version":[{"id":48830,"href":"https:\/\/minutobahia24h.com.br\/index.php?rest_route=\/wp\/v2\/posts\/48828\/revisions\/48830"}],"wp:featuredmedia":[{"embeddable":true,"href":"https:\/\/minutobahia24h.com.br\/index.php?rest_route=\/wp\/v2\/media\/48829"}],"wp:attachment":[{"href":"https:\/\/minutobahia24h.com.br\/index.php?rest_route=%2Fwp%2Fv2%2Fmedia&parent=48828"}],"wp:term":[{"taxonomy":"category","embeddable":true,"href":"https:\/\/minutobahia24h.com.br\/index.php?rest_route=%2Fwp%2Fv2%2Fcategories&post=48828"},{"taxonomy":"post_tag","embeddable":true,"href":"https:\/\/minutobahia24h.com.br\/index.php?rest_route=%2Fwp%2Fv2%2Ftags&post=48828"}],"curies":[{"name":"wp","href":"https:\/\/api.w.org\/{rel}","templated":true}]}}