{"id":4881,"date":"2023-12-05T23:36:51","date_gmt":"2023-12-06T02:36:51","guid":{"rendered":"https:\/\/minutobahia24h.com.br\/?p=4881"},"modified":"2023-12-05T23:36:52","modified_gmt":"2023-12-06T02:36:52","slug":"camara-aprova-proibicao-de-linguagem-neutra-em-orgaos-publicos","status":"publish","type":"post","link":"https:\/\/minutobahia24h.com.br\/?p=4881","title":{"rendered":"C\u00e2mara aprova proibi\u00e7\u00e3o de linguagem neutra em \u00f3rg\u00e3os p\u00fablicos"},"content":{"rendered":"<div class=\"wp-block-image\">\n<figure class=\"aligncenter size-full\"><img data-recalc-dims=\"1\" fetchpriority=\"high\" decoding=\"async\" width=\"501\" height=\"307\" src=\"https:\/\/i0.wp.com\/minutobahia24h.com.br\/wp-content\/uploads\/2023\/12\/Sem-titulo-40.jpg?resize=501%2C307&#038;ssl=1\" alt=\"\" class=\"wp-image-4883\" srcset=\"https:\/\/i0.wp.com\/minutobahia24h.com.br\/wp-content\/uploads\/2023\/12\/Sem-titulo-40.jpg?w=501&amp;ssl=1 501w, https:\/\/i0.wp.com\/minutobahia24h.com.br\/wp-content\/uploads\/2023\/12\/Sem-titulo-40.jpg?resize=300%2C184&amp;ssl=1 300w\" sizes=\"(max-width: 501px) 100vw, 501px\" \/><figcaption class=\"wp-element-caption\">Foto C\u00e2mara<br><\/figcaption><\/figure>\n<\/div>\n\n\n<p class=\"has-text-align-justify\">Durante a vota\u00e7\u00e3o de um projeto de lei que trata da aplica\u00e7\u00e3o de uma linguagem simples no setor p\u00fablico, a\u00a0<a class=\"\" href=\"https:\/\/g1.globo.com\/tudo-sobre\/camara-dos-deputados\/\">C\u00e2mara dos Deputados<\/a>\u00a0aprovou um destaque (sugest\u00e3o de altera\u00e7\u00e3o no texto principal) que pro\u00edbe o uso da linguagem neutra em \u00f3rg\u00e3os p\u00fablicos. O texto vai ao Senado. Apenas as federa\u00e7\u00f5es PT\/PCdoB\/PV e Psol\/Rede, al\u00e9m do governo e da maioria, orientaram contra. Termos como &#8220;todes&#8221;, &#8220;todxs&#8221;, &#8220;amigues&#8221; e &#8220;amigxs&#8221; fazem parte de um fen\u00f4meno pol\u00edtico e de inclus\u00e3o para que a comunidade LGBTQIAP+ se sinta representada.<\/p>\n\n\n\n<p>O objetivo em substituir o artigo masculino gen\u00e9rico pelo &#8220;e&#8221; \u00e9 neutralizar o g\u00eanero gramatical para que as pessoas n\u00e3o bin\u00e1rias (que n\u00e3o se identificam nem com o g\u00eanero masculino nem com o feminino) ou intersexo se sintam representadas. Os defensores do g\u00eanero neutro tamb\u00e9m preferem a ado\u00e7\u00e3o do pronome &#8220;elu&#8221; para se referir a qualquer pessoa, independentemente do g\u00eanero, de maneira que abranja pessoas n\u00e3o bin\u00e1rias ou intersexo que n\u00e3o se identifiquem como homem ou mulher.<\/p>\n\n\n\n<p>Originalmente, o projeto da C\u00e2mara tratava apenas de uma tentativa de tornar a comunica\u00e7\u00e3o entre os \u00f3rg\u00e3os p\u00fablicos e os cidad\u00e3os mais f\u00e1cil e compreens\u00edvel. Para isso, o projeto prop\u00f5e, por exemplo, que os textos de entidades da administra\u00e7\u00e3o p\u00fablica sigam o &#8220;Vocabul\u00e1rio Ortogr\u00e1fico da L\u00edngua Portuguesa&#8221;, al\u00e9m de algumas regras de simplicidade, como:<\/p>\n\n\n\n<ul class=\"wp-block-list\">\n<li>frases em ordem direta e curta;<\/li>\n\n\n\n<li>uso de palavras comuns;<\/li>\n\n\n\n<li>evitar palavras estrangeiras;<\/li>\n\n\n\n<li>organizar o texto para que informa\u00e7\u00f5es mais importantes apare\u00e7am primeiro.<\/li>\n<\/ul>\n\n\n\n<p>Contudo, durante a vota\u00e7\u00e3o dos destaques \u2014 que s\u00e3o sugest\u00f5es pontuais de altera\u00e7\u00e3o no texto principal \u2014 os deputados aprovaram, por 257 votos a 144, uma emenda do deputado Junio Amaral (PL-MG) para proibir o uso de &#8220;novas formas de flex\u00e3o de g\u00eanero e de n\u00famero das palavras da l\u00edngua portuguesa, em contrariedade \u00e0s regras gramaticais consolidadas&#8221;.<\/p>\n\n\n\n<p>&#8220;N\u00e3o \u00e9 porque \u00e9 simples que ela vai ser deturpada e nem ser um campo f\u00e9rtil para que a esquerda utilize mais uma vez essas pautas ideol\u00f3gicas para destruir nosso patrim\u00f4nio e a l\u00edngua portuguesa&#8221;, disse o parlamentar.<\/p>\n\n\n\n<p>O deputado Chico Alencar (Psol-RJ) votou contra a medida e chamou a emenda de &#8220;jabuti&#8221; \u2014 que no jarg\u00e3o parlamentar significa mat\u00e9ria estranha \u00e0 proposta original.<\/p>\n\n\n\n<p>&#8220;Descomplicar n\u00e3o \u00e9 adendar para complicar, piorar, dificultar. Essa emenda aditiva n\u00e3o acrescenta em nada, o complexifica&#8221;, disse Alencar.<\/p>\n\n\n\n<p>Em fevereiro deste ano, o Supremo Tribunal Federal (<a class=\"\" href=\"https:\/\/g1.globo.com\/tudo-sobre\/supremo-tribunal-federal\/\">STF<\/a>) considerou inconstitucional uma lei de Rond\u00f4nia que proibia o uso da chamada linguagem neutra nas escolas do estado.<\/p>\n\n\n\n<p>Os 11 ministros da Corte declararam que a lei estadual fere a Constitui\u00e7\u00e3o uma vez que cabe \u00e0 Uni\u00e3o legislar sobre normas de ensino.<\/p>\n\n\n\n<p>Al\u00e9m de Rond\u00f4nia, o Paran\u00e1 tamb\u00e9m tem uma lei estadual sancionada em janeiro deste ano, proibindo a linguagem neutra. Santa Catarina tem um decreto de 2021 em vig\u00eancia que tamb\u00e9m veta o uso nas escolas. Em Porto Alegre e em Manaus, leis municipais vedam a aplica\u00e7\u00e3o em escolas e na administra\u00e7\u00e3o p\u00fablica.<\/p>\n\n\n\n<p>Recentes, essas legisla\u00e7\u00f5es foram aprovadas em meio ao crescimento de uma onda conservadora no pa\u00eds, que culminou com o governo do ex-presidente Jair Bolsonaro (PL) e a defesa de pautas contr\u00e1rias a direitos de grupos minorit\u00e1rios.<\/p>\n","protected":false},"excerpt":{"rendered":"<p>Durante a vota\u00e7\u00e3o de um projeto de lei que trata da aplica\u00e7\u00e3o de uma linguagem simples no setor p\u00fablico, a\u00a0C\u00e2mara dos Deputados\u00a0aprovou um destaque (sugest\u00e3o de altera\u00e7\u00e3o no texto principal) que pro\u00edbe o uso da linguagem neutra em \u00f3rg\u00e3os p\u00fablicos. O texto vai ao Senado. Apenas as federa\u00e7\u00f5es PT\/PCdoB\/PV e Psol\/Rede, al\u00e9m do governo e [&hellip;]<\/p>\n","protected":false},"author":2,"featured_media":4883,"comment_status":"open","ping_status":"open","sticky":false,"template":"","format":"standard","meta":{"_jetpack_memberships_contains_paid_content":false,"footnotes":""},"categories":[2],"tags":[],"class_list":["post-4881","post","type-post","status-publish","format-standard","has-post-thumbnail","hentry","category-nacional"],"aioseo_notices":[],"jetpack_featured_media_url":"https:\/\/i0.wp.com\/minutobahia24h.com.br\/wp-content\/uploads\/2023\/12\/Sem-titulo-40.jpg?fit=501%2C307&ssl=1","jetpack_sharing_enabled":true,"_links":{"self":[{"href":"https:\/\/minutobahia24h.com.br\/index.php?rest_route=\/wp\/v2\/posts\/4881","targetHints":{"allow":["GET"]}}],"collection":[{"href":"https:\/\/minutobahia24h.com.br\/index.php?rest_route=\/wp\/v2\/posts"}],"about":[{"href":"https:\/\/minutobahia24h.com.br\/index.php?rest_route=\/wp\/v2\/types\/post"}],"author":[{"embeddable":true,"href":"https:\/\/minutobahia24h.com.br\/index.php?rest_route=\/wp\/v2\/users\/2"}],"replies":[{"embeddable":true,"href":"https:\/\/minutobahia24h.com.br\/index.php?rest_route=%2Fwp%2Fv2%2Fcomments&post=4881"}],"version-history":[{"count":1,"href":"https:\/\/minutobahia24h.com.br\/index.php?rest_route=\/wp\/v2\/posts\/4881\/revisions"}],"predecessor-version":[{"id":4884,"href":"https:\/\/minutobahia24h.com.br\/index.php?rest_route=\/wp\/v2\/posts\/4881\/revisions\/4884"}],"wp:featuredmedia":[{"embeddable":true,"href":"https:\/\/minutobahia24h.com.br\/index.php?rest_route=\/wp\/v2\/media\/4883"}],"wp:attachment":[{"href":"https:\/\/minutobahia24h.com.br\/index.php?rest_route=%2Fwp%2Fv2%2Fmedia&parent=4881"}],"wp:term":[{"taxonomy":"category","embeddable":true,"href":"https:\/\/minutobahia24h.com.br\/index.php?rest_route=%2Fwp%2Fv2%2Fcategories&post=4881"},{"taxonomy":"post_tag","embeddable":true,"href":"https:\/\/minutobahia24h.com.br\/index.php?rest_route=%2Fwp%2Fv2%2Ftags&post=4881"}],"curies":[{"name":"wp","href":"https:\/\/api.w.org\/{rel}","templated":true}]}}