{"id":485,"date":"2023-09-13T08:55:16","date_gmt":"2023-09-13T11:55:16","guid":{"rendered":"https:\/\/minutobahia24h.com.br\/?p=485"},"modified":"2023-09-13T08:55:16","modified_gmt":"2023-09-13T11:55:16","slug":"bolsonaro-fala-sobre-delacao-de-cid-e-diz-que-ele-e-um-bom-garoto","status":"publish","type":"post","link":"https:\/\/minutobahia24h.com.br\/?p=485","title":{"rendered":"Bolsonaro fala sobre dela\u00e7\u00e3o de Cid e diz que ele \u00e9 &#8216;um bom garoto&#8217;"},"content":{"rendered":"<div class=\"wp-block-image\">\n<figure class=\"aligncenter size-full\"><img data-recalc-dims=\"1\" fetchpriority=\"high\" decoding=\"async\" width=\"718\" height=\"401\" src=\"https:\/\/i0.wp.com\/minutobahia24h.com.br\/wp-content\/uploads\/2023\/09\/bolsonaro.jpg?resize=718%2C401&#038;ssl=1\" alt=\"\" class=\"wp-image-487\" srcset=\"https:\/\/i0.wp.com\/minutobahia24h.com.br\/wp-content\/uploads\/2023\/09\/bolsonaro.jpg?w=718&amp;ssl=1 718w, https:\/\/i0.wp.com\/minutobahia24h.com.br\/wp-content\/uploads\/2023\/09\/bolsonaro.jpg?resize=300%2C168&amp;ssl=1 300w\" sizes=\"(max-width: 718px) 100vw, 718px\" \/><figcaption class=\"wp-element-caption\">Ex-presidente Jair Bolsonaro (esq.) e seu ex-ajudante de ordens, o tenente-coronel Mauro Cesar Barbosa Cid (dir.)<\/figcaption><\/figure>\n<\/div>\n\n\n<p>\u2014 Eu posso discutir qualquer coisa, posso pensar qualquer coisa, mas se n\u00e3o botar em pr\u00e1tica n\u00e3o tem problema.<\/p>\n\n\n\n<p>A frase acima foi dita no fim da tarde de ontem por\u00a0<a class=\"\" href=\"https:\/\/oglobo.globo.com\/tudo-sobre\/politico\/jair-messias-bolsonaro\"><strong>Jair Bolsonaro<\/strong><\/a>\u00a0ap\u00f3s ser perguntado se temia o que\u00a0<a class=\"\" href=\"http:\/\/oglobo.globo.com\/tudo-sobre\/politico\/mauro-cid\/\"><strong>Mauro Cid<\/strong><\/a><strong>\u00a0<\/strong>poder\u00e1 contar em sua dela\u00e7\u00e3o premiada. Mais precisamente a respeito das reuni\u00f5es que ocorreram no Pal\u00e1cio da Alvorada entre novembro e dezembro de 2022 para supostamente tratar de um golpe de estado.<\/p>\n\n\n\n<p>Ele j\u00e1 estava no leito de um quarto do hospital Vila Nova Star, onde horas antes submetera-se a dois procedimentos cir\u00fargicos. Sem dizer explicitamente se foram esses os temas que eram debatidos no Alvorada, Bolsonaro completou:<\/p>\n\n\n\n<p>\u2014 As pessoas podem discutir sobre GLO, podem discutir o artigo 142, podem discutir o que for contanto que tudo esteja dentro das quatro linhas da Constitui\u00e7\u00e3o.<\/p>\n\n\n\n<p>O artigo 142 \u00e9 aquele que os bolsonaristas insistem, equivocadamente, em dizer que daria respaldo a uma interven\u00e7\u00e3o militar em caso de conflito entre os Tr\u00eas Poderes. GLO \u00e9 o dispositivo que garante ao presidente da Rep\u00fablica o poder de convocar as For\u00e7as Armadas para atuar em casos de graves perturba\u00e7\u00e3o da ordem p\u00fablica.<\/p>\n\n\n\n<p>Bolsonaro evitou qualquer cr\u00edtica ao seu ex-ajudante de ordens (&#8220;Ele \u00e9 um bom garoto&#8221;). Objetivamente em rela\u00e7\u00e3o a um golpe de estado, disse que &#8220;n\u00e3o havia a menor condi\u00e7\u00e3o disso a\u00ed, o mundo n\u00e3o aceitaria, n\u00e3o havia armas, n\u00e3o havia nada&#8221;:<\/p>\n\n\n\n<p>\u2014 Est\u00e3o for\u00e7ando a barra. A pessoa pode falar &#8216;vamos assaltar o Banco Central&#8217;. O que n\u00e3o pode \u00e9 botar em pr\u00e1tica.<\/p>\n\n\n\n<p>Logo depois, a conversa telef\u00f4nica foi interrompida a pedido de Michelle.<\/p>\n\n\n\n<p>Uma das conclus\u00f5es que se pode tirar dessas r\u00e1pidas declara\u00e7\u00f5es \u00e9 que Bolsonaro pode, se confrontado com uma descri\u00e7\u00e3o detalhada de Mauro Cid sobre o que se conversava no Alvorada naquelas reuni\u00f5es, usar alguns dos argumentos acima. Em resumo, dir\u00e1 que nenhum assunto ou ideia discutidos ali foram levados adiante. Esse argumento, claro, ter\u00e1 que ser confrontado com o que Cid revelar\u00e1.<\/p>\n\n\n\n<p>Poder 360<\/p>\n","protected":false},"excerpt":{"rendered":"<p>\u2014 Eu posso discutir qualquer coisa, posso pensar qualquer coisa, mas se n\u00e3o botar em pr\u00e1tica n\u00e3o tem problema. A frase acima foi dita no fim da tarde de ontem por\u00a0Jair Bolsonaro\u00a0ap\u00f3s ser perguntado se temia o que\u00a0Mauro Cid\u00a0poder\u00e1 contar em sua dela\u00e7\u00e3o premiada. Mais precisamente a respeito das reuni\u00f5es que ocorreram no Pal\u00e1cio da [&hellip;]<\/p>\n","protected":false},"author":2,"featured_media":487,"comment_status":"open","ping_status":"open","sticky":false,"template":"","format":"standard","meta":{"_jetpack_memberships_contains_paid_content":false,"footnotes":""},"categories":[2],"tags":[],"class_list":["post-485","post","type-post","status-publish","format-standard","has-post-thumbnail","hentry","category-nacional"],"aioseo_notices":[],"jetpack_featured_media_url":"https:\/\/i0.wp.com\/minutobahia24h.com.br\/wp-content\/uploads\/2023\/09\/bolsonaro.jpg?fit=718%2C401&ssl=1","jetpack_sharing_enabled":true,"_links":{"self":[{"href":"https:\/\/minutobahia24h.com.br\/index.php?rest_route=\/wp\/v2\/posts\/485","targetHints":{"allow":["GET"]}}],"collection":[{"href":"https:\/\/minutobahia24h.com.br\/index.php?rest_route=\/wp\/v2\/posts"}],"about":[{"href":"https:\/\/minutobahia24h.com.br\/index.php?rest_route=\/wp\/v2\/types\/post"}],"author":[{"embeddable":true,"href":"https:\/\/minutobahia24h.com.br\/index.php?rest_route=\/wp\/v2\/users\/2"}],"replies":[{"embeddable":true,"href":"https:\/\/minutobahia24h.com.br\/index.php?rest_route=%2Fwp%2Fv2%2Fcomments&post=485"}],"version-history":[{"count":1,"href":"https:\/\/minutobahia24h.com.br\/index.php?rest_route=\/wp\/v2\/posts\/485\/revisions"}],"predecessor-version":[{"id":489,"href":"https:\/\/minutobahia24h.com.br\/index.php?rest_route=\/wp\/v2\/posts\/485\/revisions\/489"}],"wp:featuredmedia":[{"embeddable":true,"href":"https:\/\/minutobahia24h.com.br\/index.php?rest_route=\/wp\/v2\/media\/487"}],"wp:attachment":[{"href":"https:\/\/minutobahia24h.com.br\/index.php?rest_route=%2Fwp%2Fv2%2Fmedia&parent=485"}],"wp:term":[{"taxonomy":"category","embeddable":true,"href":"https:\/\/minutobahia24h.com.br\/index.php?rest_route=%2Fwp%2Fv2%2Fcategories&post=485"},{"taxonomy":"post_tag","embeddable":true,"href":"https:\/\/minutobahia24h.com.br\/index.php?rest_route=%2Fwp%2Fv2%2Ftags&post=485"}],"curies":[{"name":"wp","href":"https:\/\/api.w.org\/{rel}","templated":true}]}}