{"id":4849,"date":"2023-12-05T07:38:17","date_gmt":"2023-12-05T10:38:17","guid":{"rendered":"https:\/\/minutobahia24h.com.br\/?p=4849"},"modified":"2023-12-05T07:38:18","modified_gmt":"2023-12-05T10:38:18","slug":"com-certeza-vai-ter-queda-no-pib-afirma-o-presidente-da-faeb-sobre-os-impactos-da-estiagem-na-producao-agropecuaria-na-bahia","status":"publish","type":"post","link":"https:\/\/minutobahia24h.com.br\/?p=4849","title":{"rendered":"\u201cCom certeza vai ter queda no PIB\u201d, afirma o presidente da Faeb sobre os impactos da estiagem na produ\u00e7\u00e3o agropecu\u00e1ria na Bahia"},"content":{"rendered":"<div class=\"wp-block-image\">\n<figure class=\"aligncenter size-large\"><img data-recalc-dims=\"1\" fetchpriority=\"high\" decoding=\"async\" width=\"800\" height=\"420\" src=\"https:\/\/i0.wp.com\/minutobahia24h.com.br\/wp-content\/uploads\/2023\/12\/Sem-titulo-32-1024x538.jpg?resize=800%2C420&#038;ssl=1\" alt=\"\" class=\"wp-image-4851\" srcset=\"https:\/\/i0.wp.com\/minutobahia24h.com.br\/wp-content\/uploads\/2023\/12\/Sem-titulo-32.jpg?resize=1024%2C538&amp;ssl=1 1024w, https:\/\/i0.wp.com\/minutobahia24h.com.br\/wp-content\/uploads\/2023\/12\/Sem-titulo-32.jpg?resize=300%2C158&amp;ssl=1 300w, https:\/\/i0.wp.com\/minutobahia24h.com.br\/wp-content\/uploads\/2023\/12\/Sem-titulo-32.jpg?resize=768%2C403&amp;ssl=1 768w, https:\/\/i0.wp.com\/minutobahia24h.com.br\/wp-content\/uploads\/2023\/12\/Sem-titulo-32.jpg?resize=750%2C394&amp;ssl=1 750w, https:\/\/i0.wp.com\/minutobahia24h.com.br\/wp-content\/uploads\/2023\/12\/Sem-titulo-32.jpg?resize=1140%2C599&amp;ssl=1 1140w, https:\/\/i0.wp.com\/minutobahia24h.com.br\/wp-content\/uploads\/2023\/12\/Sem-titulo-32.jpg?w=1200&amp;ssl=1 1200w\" sizes=\"(max-width: 800px) 100vw, 800px\" \/><figcaption class=\"wp-element-caption\">Foto: Tomaz Silva \/ Ag\u00eancia Brasil<br><\/figcaption><\/figure>\n<\/div>\n\n\n<p>A Federa\u00e7\u00e3o da Agricultura e Pecu\u00e1ria do Estado da Bahia (Faeb) anunciou, nesta segunda-feira (4), um alerta para a previs\u00e3o de queda na economia em detrimento da estiagem que atinge todo estado, em especial, a regi\u00e3o semi\u00e1rida.\u00a0Ao Bahia Not\u00edcias, o presidente da Faeb, Humberto Miranda, explica que o problema da seca j\u00e1 \u00e9 caracter\u00edstico de algumas regi\u00f5es baianas e foi agravado pelo calor excessivo e falta de chuvas durante o ano.<\/p>\n\n\n\n<p>Miranda afirma que os impactos s\u00e3o assegurados, no entanto, a dimens\u00e3o das redu\u00e7\u00f5es dependem de uma poss\u00edvel normaliza\u00e7\u00e3o clim\u00e1tica no ver\u00e3o. \u201cEu n\u00e3o tenho d\u00favida de que, quando cai a produ\u00e7\u00e3o, cai o PIB do Estado, as coisas est\u00e3o diretamente ligadas uma com a outra. Ainda depende da continuidade do sol ou da chuva. L\u00e1 pra mar\u00e7o n\u00f3s poder\u00edamos dar um n\u00famero mais respons\u00e1vel para atribuir \u00e0 queda do PIB, mas com certeza absoluta vai ter queda no PIB em rela\u00e7\u00e3o ao ano anterior\u201d, reitera.\u00a0<\/p>\n\n\n\n<p>Em 2023, o Instituto Nacional de Meteorologia, o Inmet, alertou para os impactos do El Nin\u00f5 nas temperaturas e previs\u00f5es clim\u00e1ticas no Brasil. O El Nin\u00f5 se d\u00e1 pela altera\u00e7\u00e3o das temperaturas mar\u00edtimas do Oceano Pac\u00edfico que gera impactos significativos no clima sul-americano, e, no Brasil, pode se refletir em grandes tempestades na regi\u00e3o Sul e o agravamento da seca nas regi\u00f5es Norte e Nordeste. Justamente o aumento das temperaturas e a seca foram respons\u00e1veis por redu\u00e7\u00f5es nas atividades agropecu\u00e1rias, que j\u00e1 se refletem na economia.&nbsp;<\/p>\n\n\n\n<p>Apesar das expectativas para o retorno das chuvas, as expectativas n\u00e3o s\u00e3o boas: os impactos do El Nin\u00f5 ainda perduram durante esse final ano e no in\u00edcio de 2024. Sobre o impacto das redu\u00e7\u00f5es produtivas, em especial, a produ\u00e7\u00e3o dos itens b\u00e1sicos como leite, caf\u00e9 e carne na economia do estado, o presidente da Faeb ressalta que os efeitos do desequil\u00edbrio na produ\u00e7\u00e3o agropecu\u00e1ria devem ser sentidos, principalmente a partir do primeiro trimestre de 2024.&nbsp;<\/p>\n\n\n\n<p>\u201c\u00c9 uma coisa diretamente correlacionada. Se tem seca, os produtos v\u00e3o ficar escassos e a demanda continua, ent\u00e3o os produtos como feij\u00e3o, a cebola, que j\u00e1 chegou a 30% de perda em Irec\u00ea por conta das altas temperaturas, e o leite&nbsp;e outros produtos da cesta b\u00e1sica que acabam subindo pela diminui\u00e7\u00e3o da produ\u00e7\u00e3o. \u00c9 quase um efeito imediato do p\u00f3s-seca, o aumento da cesta b\u00e1sica\u201d, afirma.&nbsp;<\/p>\n\n\n\n<p>No entanto, o n\u00famero de produtores afetados pela queda de produtividade tamb\u00e9m gera preocupa\u00e7\u00e3o na Federa\u00e7\u00e3o. \u201cOs pequenos produtores, sem d\u00favida s\u00e3o os mais afetados. A imensa maioria das pessoas afetadas de forma mais dram\u00e1tica s\u00e3o os pequenos produtores, \u00e0s vezes \u00e9 at\u00e9 agricultura de subsist\u00eancia. Ele faz a feira com o que ele produz, com o leite que ele tira, a banana que ele colhe, e vai para os centros urbanos vender e desse dinheiro ele tira o aporte para sustentar a sua fam\u00edlia\u201d, detalha.\u00a0<\/p>\n\n\n\n<p>Humberto tamb\u00e9m projeta os impactos da contra\u00e7\u00e3o do mercado de trabalho proveniente das grandes empresas: \u201cO desemprego tamb\u00e9m porque o que movimenta a economia do interior \u00e9 o campo, e isso pode aumentar as taxas de desemprego no Estado que j\u00e1 n\u00e3o s\u00e3o boas, inclusive levando a migra\u00e7\u00e3o para as periferias das grandes cidades.\u201d&nbsp;<\/p>\n\n\n\n<p>A Faeb afirma ainda que est\u00e1 buscando o apoio das iniciativas p\u00fablicas e privadas na regi\u00e3o, na tentativa de minimizar as implica\u00e7\u00f5es sociais da seca. \u201cDo governo, n\u00f3s temos cobrado justamente o fornecimento de cestas b\u00e1sicas e o fornecimento de \u00e1gua e cria\u00e7\u00e3o de po\u00e7os; j\u00e1 o governo federal, estamos buscando os bancos oficiais, para a cria\u00e7\u00e3o de um cr\u00e9dito de emerg\u00eancia, como j\u00e1 aconteceu em outras secas no passado; cobramos tamb\u00e9m prorroga\u00e7\u00e3o das d\u00edvidas e comercializa\u00e7\u00e3o de milho pela Conab [Companhia Nacional de Abastecimento], com um pre\u00e7o mais barato que o de mercado; enquanto da iniciativa privada incentivamos a doa\u00e7\u00e3o de produtos como ra\u00e7\u00e3o para o gado e instru\u00e7\u00e3o para os pequenos produtores, com treinamentos.\u201d<\/p>\n\n\n\n<p>O \u00f3rg\u00e3o alega que essas a\u00e7\u00f5es s\u00e3o paliativas para manter o funcionamento do trabalho agr\u00edcola, j\u00e1 que a melhora no panorama de produ\u00e7\u00e3o, no momento, depende do equil\u00edbrio clim\u00e1tico durante os pr\u00f3ximos meses. A Faeb prev\u00ea ainda que o agravamento da estiagem por mais um trimestre pode comprometer toda economia agr\u00edcola do primeiro semestre de 2024.<\/p>\n\n\n\n<p>BN<\/p>\n","protected":false},"excerpt":{"rendered":"<p>A Federa\u00e7\u00e3o da Agricultura e Pecu\u00e1ria do Estado da Bahia (Faeb) anunciou, nesta segunda-feira (4), um alerta para a previs\u00e3o de queda na economia em detrimento da estiagem que atinge todo estado, em especial, a regi\u00e3o semi\u00e1rida.\u00a0Ao Bahia Not\u00edcias, o presidente da Faeb, Humberto Miranda, explica que o problema da seca j\u00e1 \u00e9 caracter\u00edstico de [&hellip;]<\/p>\n","protected":false},"author":2,"featured_media":4851,"comment_status":"open","ping_status":"open","sticky":false,"template":"","format":"standard","meta":{"_jetpack_memberships_contains_paid_content":false,"footnotes":""},"categories":[21],"tags":[],"class_list":["post-4849","post","type-post","status-publish","format-standard","has-post-thumbnail","hentry","category-bahia"],"aioseo_notices":[],"jetpack_featured_media_url":"https:\/\/i0.wp.com\/minutobahia24h.com.br\/wp-content\/uploads\/2023\/12\/Sem-titulo-32.jpg?fit=1200%2C630&ssl=1","jetpack_sharing_enabled":true,"_links":{"self":[{"href":"https:\/\/minutobahia24h.com.br\/index.php?rest_route=\/wp\/v2\/posts\/4849","targetHints":{"allow":["GET"]}}],"collection":[{"href":"https:\/\/minutobahia24h.com.br\/index.php?rest_route=\/wp\/v2\/posts"}],"about":[{"href":"https:\/\/minutobahia24h.com.br\/index.php?rest_route=\/wp\/v2\/types\/post"}],"author":[{"embeddable":true,"href":"https:\/\/minutobahia24h.com.br\/index.php?rest_route=\/wp\/v2\/users\/2"}],"replies":[{"embeddable":true,"href":"https:\/\/minutobahia24h.com.br\/index.php?rest_route=%2Fwp%2Fv2%2Fcomments&post=4849"}],"version-history":[{"count":1,"href":"https:\/\/minutobahia24h.com.br\/index.php?rest_route=\/wp\/v2\/posts\/4849\/revisions"}],"predecessor-version":[{"id":4852,"href":"https:\/\/minutobahia24h.com.br\/index.php?rest_route=\/wp\/v2\/posts\/4849\/revisions\/4852"}],"wp:featuredmedia":[{"embeddable":true,"href":"https:\/\/minutobahia24h.com.br\/index.php?rest_route=\/wp\/v2\/media\/4851"}],"wp:attachment":[{"href":"https:\/\/minutobahia24h.com.br\/index.php?rest_route=%2Fwp%2Fv2%2Fmedia&parent=4849"}],"wp:term":[{"taxonomy":"category","embeddable":true,"href":"https:\/\/minutobahia24h.com.br\/index.php?rest_route=%2Fwp%2Fv2%2Fcategories&post=4849"},{"taxonomy":"post_tag","embeddable":true,"href":"https:\/\/minutobahia24h.com.br\/index.php?rest_route=%2Fwp%2Fv2%2Ftags&post=4849"}],"curies":[{"name":"wp","href":"https:\/\/api.w.org\/{rel}","templated":true}]}}