{"id":4822,"date":"2023-12-04T14:54:27","date_gmt":"2023-12-04T17:54:27","guid":{"rendered":"https:\/\/minutobahia24h.com.br\/?p=4822"},"modified":"2023-12-04T14:54:29","modified_gmt":"2023-12-04T17:54:29","slug":"associacao-de-vendedores-ambulantes-e-da-feira-livre-de-senhor-do-bonfim-convoca-eleicao-de-diretoria","status":"publish","type":"post","link":"https:\/\/minutobahia24h.com.br\/?p=4822","title":{"rendered":"Associa\u00e7\u00e3o de Vendedores Ambulantes e da Feira Livre de Senhor do Bonfim convoca elei\u00e7\u00e3o de diretoria"},"content":{"rendered":"<div class=\"wp-block-image\">\n<figure class=\"aligncenter size-full\"><img data-recalc-dims=\"1\" fetchpriority=\"high\" decoding=\"async\" width=\"800\" height=\"450\" src=\"https:\/\/i0.wp.com\/minutobahia24h.com.br\/wp-content\/uploads\/2023\/12\/Sem-titulo-26.jpg?resize=800%2C450&#038;ssl=1\" alt=\"\" class=\"wp-image-4824\" srcset=\"https:\/\/i0.wp.com\/minutobahia24h.com.br\/wp-content\/uploads\/2023\/12\/Sem-titulo-26.jpg?w=984&amp;ssl=1 984w, https:\/\/i0.wp.com\/minutobahia24h.com.br\/wp-content\/uploads\/2023\/12\/Sem-titulo-26.jpg?resize=300%2C169&amp;ssl=1 300w, https:\/\/i0.wp.com\/minutobahia24h.com.br\/wp-content\/uploads\/2023\/12\/Sem-titulo-26.jpg?resize=768%2C432&amp;ssl=1 768w, https:\/\/i0.wp.com\/minutobahia24h.com.br\/wp-content\/uploads\/2023\/12\/Sem-titulo-26.jpg?resize=750%2C422&amp;ssl=1 750w\" sizes=\"(max-width: 800px) 100vw, 800px\" \/><figcaption class=\"wp-element-caption\"><sub>Reprodu\u00e7\u00e3o \/ TV Caatinga<\/sub><br><\/figcaption><\/figure>\n<\/div>\n\n\n<p>O presidente da Associa\u00e7\u00e3o de Vendedores Ambulantes e da Feira Livre de Senhor do Bonfim (Avafli), Jos\u00e9 Raimundo da Silva Ramalho, atrav\u00e9s de edital, est\u00e1 convocando os associados da entidade para a Assembleia Geral Ordin\u00e1ria que vai escolher sua nova diretoria.<\/p>\n\n\n\n<p>Conforme o referido edital, o pleito ser\u00e1 realizado no dia 11 de dezembro de 2023, nas depend\u00eancias da Associa\u00e7\u00e3o dos Aposentados, situada na Pra\u00e7a Luiz Viana (Campo do Gado), a partir das 16h. A convoca\u00e7\u00e3o \u00e9 v\u00e1lida para todos os membros da Avafli com direito a voto.<\/p>\n\n\n\n<p><strong>Da ordem do dia constam:<\/strong><\/p>\n\n\n\n<ul class=\"wp-block-list\">\n<li>1) Presta\u00e7\u00e3o de contas;<\/li>\n\n\n\n<li>2) Mudan\u00e7a de endere\u00e7o;<\/li>\n\n\n\n<li>3) Elei\u00e7\u00e3o e posse;<\/li>\n\n\n\n<li>4) Qualquer outro assunto que ocorrer.<\/li>\n<\/ul>\n\n\n\n<p>Uma chapa j\u00e1 foi inscrita, tendo como candidato \u00e0 presid\u00eancia, Jorge Jos\u00e9 do Nascimento da Silva, e vice Lucineide Alves da Silva.<\/p>\n\n\n\n<p>blogdoeloiltoncajuhy<\/p>\n","protected":false},"excerpt":{"rendered":"<p>O presidente da Associa\u00e7\u00e3o de Vendedores Ambulantes e da Feira Livre de Senhor do Bonfim (Avafli), Jos\u00e9 Raimundo da Silva Ramalho, atrav\u00e9s de edital, est\u00e1 convocando os associados da entidade para a Assembleia Geral Ordin\u00e1ria que vai escolher sua nova diretoria. Conforme o referido edital, o pleito ser\u00e1 realizado no dia 11 de dezembro de [&hellip;]<\/p>\n","protected":false},"author":2,"featured_media":4824,"comment_status":"open","ping_status":"open","sticky":false,"template":"","format":"standard","meta":{"_jetpack_memberships_contains_paid_content":false,"footnotes":""},"categories":[17],"tags":[],"class_list":["post-4822","post","type-post","status-publish","format-standard","has-post-thumbnail","hentry","category-senhor-do-bonfim"],"aioseo_notices":[],"jetpack_featured_media_url":"https:\/\/i0.wp.com\/minutobahia24h.com.br\/wp-content\/uploads\/2023\/12\/Sem-titulo-26.jpg?fit=984%2C554&ssl=1","jetpack_sharing_enabled":true,"_links":{"self":[{"href":"https:\/\/minutobahia24h.com.br\/index.php?rest_route=\/wp\/v2\/posts\/4822","targetHints":{"allow":["GET"]}}],"collection":[{"href":"https:\/\/minutobahia24h.com.br\/index.php?rest_route=\/wp\/v2\/posts"}],"about":[{"href":"https:\/\/minutobahia24h.com.br\/index.php?rest_route=\/wp\/v2\/types\/post"}],"author":[{"embeddable":true,"href":"https:\/\/minutobahia24h.com.br\/index.php?rest_route=\/wp\/v2\/users\/2"}],"replies":[{"embeddable":true,"href":"https:\/\/minutobahia24h.com.br\/index.php?rest_route=%2Fwp%2Fv2%2Fcomments&post=4822"}],"version-history":[{"count":1,"href":"https:\/\/minutobahia24h.com.br\/index.php?rest_route=\/wp\/v2\/posts\/4822\/revisions"}],"predecessor-version":[{"id":4825,"href":"https:\/\/minutobahia24h.com.br\/index.php?rest_route=\/wp\/v2\/posts\/4822\/revisions\/4825"}],"wp:featuredmedia":[{"embeddable":true,"href":"https:\/\/minutobahia24h.com.br\/index.php?rest_route=\/wp\/v2\/media\/4824"}],"wp:attachment":[{"href":"https:\/\/minutobahia24h.com.br\/index.php?rest_route=%2Fwp%2Fv2%2Fmedia&parent=4822"}],"wp:term":[{"taxonomy":"category","embeddable":true,"href":"https:\/\/minutobahia24h.com.br\/index.php?rest_route=%2Fwp%2Fv2%2Fcategories&post=4822"},{"taxonomy":"post_tag","embeddable":true,"href":"https:\/\/minutobahia24h.com.br\/index.php?rest_route=%2Fwp%2Fv2%2Ftags&post=4822"}],"curies":[{"name":"wp","href":"https:\/\/api.w.org\/{rel}","templated":true}]}}