{"id":4777,"date":"2023-12-04T07:10:08","date_gmt":"2023-12-04T10:10:08","guid":{"rendered":"https:\/\/minutobahia24h.com.br\/?p=4777"},"modified":"2023-12-04T07:10:09","modified_gmt":"2023-12-04T10:10:09","slug":"eleitores-da-venezuela-aprovam-em-referendo-criacao-de-um-novo-estado-em-essequibo-na-guiana","status":"publish","type":"post","link":"https:\/\/minutobahia24h.com.br\/?p=4777","title":{"rendered":"Eleitores da Venezuela aprovam em referendo cria\u00e7\u00e3o de um novo estado em Essequibo, na Guiana"},"content":{"rendered":"<div class=\"wp-block-image\">\n<figure class=\"aligncenter size-full\"><img data-recalc-dims=\"1\" fetchpriority=\"high\" decoding=\"async\" width=\"800\" height=\"450\" src=\"https:\/\/i0.wp.com\/minutobahia24h.com.br\/wp-content\/uploads\/2023\/12\/Sem-titulo-17.jpg?resize=800%2C450&#038;ssl=1\" alt=\"\" class=\"wp-image-4779\" srcset=\"https:\/\/i0.wp.com\/minutobahia24h.com.br\/wp-content\/uploads\/2023\/12\/Sem-titulo-17.jpg?w=984&amp;ssl=1 984w, https:\/\/i0.wp.com\/minutobahia24h.com.br\/wp-content\/uploads\/2023\/12\/Sem-titulo-17.jpg?resize=300%2C169&amp;ssl=1 300w, https:\/\/i0.wp.com\/minutobahia24h.com.br\/wp-content\/uploads\/2023\/12\/Sem-titulo-17.jpg?resize=768%2C432&amp;ssl=1 768w, https:\/\/i0.wp.com\/minutobahia24h.com.br\/wp-content\/uploads\/2023\/12\/Sem-titulo-17.jpg?resize=750%2C422&amp;ssl=1 750w\" sizes=\"(max-width: 800px) 100vw, 800px\" \/><figcaption class=\"wp-element-caption\">O presidente da Venezuela, Nicol\u00e1s Maduro, logo ap\u00f3s referendo sobre a Guiana \u2014 Foto: Matias Delacroix \/ AP Photo<br><\/figcaption><\/figure>\n<\/div>\n\n\n<p>Os venezuelanos rejeitaram, em referendo neste domingo (3), a jurisdi\u00e7\u00e3o do Tribunal Internacional de Justi\u00e7a sobre a longa disputa territorial do pa\u00eds com a vizinha Guiana e apoiaram a cria\u00e7\u00e3o de um novo estado na regi\u00e3o de Essequibo. Segundo a autoridade eleitoral local, mais de 95% dos eleitores aprovaram as cinco quest\u00f5es elaboradas pelo governo.<\/p>\n\n\n\n<p>O tribunal proibiu a Venezuela de tomar qualquer medida que pudesse mudar o status quo na \u00e1rea, mas o governo do presidente Nicol\u00e1s Maduro avan\u00e7ou com um referendo \u201cconsultivo\u201d de cinco perguntas.<\/p>\n\n\n\n<p>A prov\u00edncia de Essequibo, um territ\u00f3rio rico em hidrocarbonetos maior que a Gr\u00e9cia, pertence \u00e0 Guiana, embora seja reivindicado pela Venezuela desde 1841.<\/p>\n\n\n\n<p>N\u00e3o est\u00e1 claro como as autoridades venezuelanas pretendem implementar a anexa\u00e7\u00e3o do territ\u00f3rio.<\/p>\n\n\n\n<p>Elvis Amoroso, presidente do Conselho Nacional Eleitoral (CNE), indicou que foram contabilizados 10.554.320 votos no referendo, sem contar os votos emitidos durante a<a class=\"\" href=\"https:\/\/g1.globo.com\/mundo\/noticia\/2023\/12\/03\/venezuela-referendo-anexacao-essequibo-guiana.ghtml\">&nbsp;prorroga\u00e7\u00e3o de duas horas da vota\u00e7\u00e3o<\/a>.<\/p>\n\n\n\n<blockquote class=\"wp-block-quote is-layout-flow wp-block-quote-is-layout-flow\">\n<p>Foi \u201cuma vit\u00f3ria \u00f3bvia e esmagadora para o Sim\u201d, disse Amoroso, legislador pr\u00f3-governo e colaborador pr\u00f3ximo de Maduro.<\/p>\n<\/blockquote>\n\n\n\n<figure class=\"wp-block-image\"><img data-recalc-dims=\"1\" decoding=\"async\" src=\"https:\/\/i0.wp.com\/s2-g1.glbimg.com\/eByjegrMreD3lupFjqn8xRcMjPg%3D\/0x0%3A1920x1080\/984x0\/smart\/filters%3Astrip_icc%28%29\/i.s3.glbimg.com\/v1\/AUTH_59edd422c0c84a879bd37670ae4f538a\/internal_photos\/bs\/2023\/p\/x\/YruVtvSsumF6vuEUpwFQ\/maduro2.jpg?w=800&#038;ssl=1\" alt=\"O presidente da Venezuela, Nicol\u00e1s Maduro, logo ap\u00f3s referendo sobre a Guiana \u2014 Foto: Matias Delacroix \/ AP Photo\"\/><\/figure>\n\n\n\n<p>O presidente da Venezuela, Nicol\u00e1s Maduro, logo ap\u00f3s referendo sobre a Guiana \u2014 Foto: Matias Delacroix \/ AP Photo<\/p>\n\n\n\n<blockquote class=\"wp-block-quote is-layout-flow wp-block-quote-is-layout-flow\">\n<p>Maduro comemorou o resultado: &#8220;Trata-se de um referendo hist\u00f3rico que colocou a Venezuela de p\u00e9 e agora \u00e9 hora de recuperar o que os libertadores nos deixaram\u201d.<\/p>\n<\/blockquote>\n\n\n\n<p>O presidente da Guiana, Mohamed Irfaan Ali, disse que muitos guianenses viram o referendo com suspeita. Ele afirmou que \u201cn\u00e3o h\u00e1 nada a temer nas pr\u00f3ximas horas, dias e meses\u201d.<\/p>\n\n\n\n<p>Acrescentou que a Guiana utiliza a diplomacia como a sua \u201cprimeira linha de defesa\u201d e trabalha continuamente para garantir que as suas \u201cfronteiras permane\u00e7am intactas\u201d.<\/p>\n\n\n\n<blockquote class=\"wp-block-quote is-layout-flow wp-block-quote-is-layout-flow\">\n<p>\u201cN\u00e3o vou entrar na pol\u00edtica interna da Venezuela ou na sua formula\u00e7\u00e3o pol\u00edtica, mas quero alertar a Venezuela que esta \u00e9 uma oportunidade para eles demonstrarem maturidade, uma oportunidade para eles demonstrarem responsabilidade&#8221;, disse Ali.<\/p>\n\n\n\n<p>A vota\u00e7\u00e3o come\u00e7ou \u00e0s 6h locais (7h, em Bras\u00edlia) e iria at\u00e9 \u00e0s 18h (19h, em Bras\u00edlia), mas o Conselho Nacional Eleitoral (CNE) do pa\u00eds decidiu prorrogar o prazo at\u00e9 20h no hor\u00e1rio local&nbsp;<strong>(21h, em Bras\u00edlia).<\/strong><\/p>\n\n\n\n<p>Foram chamados a votar 20,7 milh\u00f5es de venezuelanos de uma popula\u00e7\u00e3o de quase 30 milh\u00f5es.<\/p>\n<\/blockquote>\n\n\n\n<p>Nicol\u00e1s Maduro, presidente da Venezuela, encorajou os eleitores venezuelanos a aprovarem o referendo de 5 perguntas&nbsp;<em>(veja mais abaixo)<\/em>. J\u00e1 a Guiana considera que o referendo \u00e9 um primeiro passo para a anexa\u00e7\u00e3o do seu territ\u00f3rio.<\/p>\n\n\n\n<p>\u201cO primeiro efeito que a voz poderosa e unida da Venezuela deveria ter \u00e9 sentar-se com o presidente da Guiana e voltar ao acordo de Genebra\u201d, disse Maduro ao votar neste domingo, fazendo uma refer\u00eancia ao tratado firmado pelo Reino Unido e o pa\u00eds em 1966 que reconhecia a reivindica\u00e7\u00e3o da Venezuela e determinava que venezuelanos e guianenses formassem uma comiss\u00e3o para resolver a quest\u00e3o.<\/p>\n\n\n\n<h2 class=\"wp-block-heading\">A origem do problema<\/h2>\n\n\n\n<p>O territ\u00f3rio de Essequibo \u00e9 disputado pela Venezuela e Guiana h\u00e1 mais de um s\u00e9culo. Desde o fim do s\u00e9culo 19, est\u00e1 sob controle da Guiana. A regi\u00e3o representa 70% do atual territ\u00f3rio da Guiana e l\u00e1 moram 125 mil pessoas.<\/p>\n\n\n\n<p>Na Venezuela, a \u00e1rea \u00e9 chamada de Guiana Essequiba. \u00c9 um local de mata densa e, em 2015, foi descoberto petr\u00f3leo na regi\u00e3o. Estima-se que na Guiana existam reservas de 11 bilh\u00f5es de barris, sendo que a parte mais significativa \u00e9 &#8220;offshore&#8221;, ou seja, no mar, perto de Essequibo. Por causa do petr\u00f3leo, a Guiana \u00e9 o pa\u00eds sul-americano que mais cresce nos \u00faltimos anos.<\/p>\n\n\n\n<p>Tanto a Guiana quanto a Venezuela afirmam ter direito sobre o territ\u00f3rio com base em documentos internacionais:<\/p>\n\n\n\n<ul class=\"wp-block-list\">\n<li>A&nbsp;<strong>Guiana<\/strong>&nbsp;afirma que \u00e9 a propriet\u00e1ria do territ\u00f3rio porque existe um laudo de 1899, feito em Paris, no qual foram estabelecidas as fronteiras atuais. Na \u00e9poca, a Guiana era um territ\u00f3rio do Reino Unido.<\/li>\n\n\n\n<li>J\u00e1 a&nbsp;<strong>Venezuela<\/strong>&nbsp;afirma que o territ\u00f3rio \u00e9 dela porque assim consta em um acordo firmado em 1966 com o pr\u00f3prio Reino Unido, antes da independ\u00eancia de Guiana, no qual o laudo arbitral foi anulado e se estabeleceram bases para uma solu\u00e7\u00e3o negociada.<\/li>\n<\/ul>\n\n\n\n<p>O regime de Nicol\u00e1s Maduro organizou um referendo a respeito da rela\u00e7\u00e3o entre a Venezuela e o territ\u00f3rio de Essequibo. Agendado para este domingo (3), a consulta ter\u00e1 cinco perguntas.<\/p>\n\n\n\n<ul class=\"wp-block-list\">\n<li>Voc\u00ea rejeita a fronteira atual?<\/li>\n\n\n\n<li>Voc\u00ea apoia o Acordo de Genebra de 1966?<\/li>\n\n\n\n<li>Voc\u00ea concorda com a posi\u00e7\u00e3o da Venezuela de n\u00e3o reconhecer a jurisdi\u00e7\u00e3o da Corte Internacional de Justi\u00e7a&nbsp;<em>(veja mais sobre essa quest\u00e3o abaixo)<\/em>?<\/li>\n\n\n\n<li>Voc\u00ea discorda de a Guiana usar uma regi\u00e3o mar\u00edtima sobre a qual n\u00e3o h\u00e1 limites estabelecidos?<\/li>\n\n\n\n<li>Voc\u00ea concorda com<strong>&nbsp;a cria\u00e7\u00e3o do estado Guiana Essequiba&nbsp;<\/strong>e com a cria\u00e7\u00e3o de um plano de aten\u00e7\u00e3o \u00e0 popula\u00e7\u00e3o desse territ\u00f3rio que inclua a concess\u00e3o de cidadania venezuelana,&nbsp;<strong>incorporando esse estado<\/strong><strong>&nbsp;ao mapa do territ\u00f3rio venezuelano<\/strong>?<\/li>\n<\/ul>\n\n\n\n<h2 class=\"wp-block-heading\">Quest\u00e3o mal resolvida<\/h2>\n\n\n\n<p>&#8220;Esse plebiscito j\u00e1 est\u00e1 aprovado, pois os venezuelanos n\u00e3o v\u00e3o votar contra. A quest\u00e3o \u00e9 se a consequ\u00eancia disso ser\u00e1 uma a\u00e7\u00e3o para a anexa\u00e7\u00e3o de Essequibo ou n\u00e3o, afirma Carmona, o professor de geopol\u00edtica da Escola Superior de Guerra.<\/p>\n\n\n\n<p>O petr\u00f3leo na regi\u00e3o agravou a disputa, porque a Venezuela argumenta que a Guiana est\u00e1 comercializando blocos que n\u00e3o s\u00e3o dela.<\/p>\n\n\n\n<p>Por fim, h\u00e1 a situa\u00e7\u00e3o pol\u00edtica da Venezuela. Depois de anos em crise, o pa\u00eds espera uma melhora econ\u00f4mica com a retirada das san\u00e7\u00f5es. Uma das medidas que os Estados Unidos impuseram para retirar as san\u00e7\u00f5es \u00e9 a realiza\u00e7\u00e3o de elei\u00e7\u00f5es presidenciais limpas em 2024. Vive-se um clima de pr\u00e9-campanha na Venezuela, e esse assunto \u00e9 uma quest\u00e3o nacional do pa\u00eds h\u00e1 s\u00e9culos, une todo mundo, mesmo a oposi\u00e7\u00e3o n\u00e3o ousa falar contra a quest\u00e3o de Essequibo.<\/p>\n\n\n\n<p>&#8220;Nicol\u00e1s Maduro, o presidente da Venezuela, n\u00e3o colocaria em risco a recupera\u00e7\u00e3o da economia que poder\u00e1 ser alcan\u00e7ada com o fim das san\u00e7\u00f5es \u00e0 ind\u00fastria petrol\u00edfera em fun\u00e7\u00e3o de que uma campanha militar que levaria a um confronto n\u00e3o s\u00f3 com Guiana, mas muito provavelmente com outras pot\u00eancias extraregionais, que poderiam levar ao retorno das san\u00e7\u00f5es, anulando a possibilidade da recupera\u00e7\u00e3o econ\u00f4mica&#8221;, diz Carmona.<\/p>\n\n\n\n<figure class=\"wp-block-image\"><img data-recalc-dims=\"1\" decoding=\"async\" src=\"https:\/\/i0.wp.com\/s2-g1.glbimg.com\/BzSlLdGsYvrvUd4ZTs8Ziq4fpMk%3D\/0x0%3A650x1408\/984x0\/smart\/filters%3Astrip_icc%28%29\/i.s3.glbimg.com\/v1\/AUTH_59edd422c0c84a879bd37670ae4f538a\/internal_photos\/bs\/2023\/N\/e\/YVYBLETgmmBQzfxnH1uA\/microsoftteams-image-23-.png?w=800&#038;ssl=1\" alt=\"Mapa mostra a Guiana e a regi\u00e3o de Essequibo \u2014 Foto: Vitoria Coelho\/g1\"\/><\/figure>\n\n\n\n<p>Mapa mostra a Guiana e a regi\u00e3o de Essequibo \u2014 Foto: Vitoria Coelho\/g1<\/p>\n\n\n\n<h2 class=\"wp-block-heading\">Guiana pediu ajuda para a Corte Internacional de Justi\u00e7a<\/h2>\n\n\n\n<p>A Corte Internacional de Justi\u00e7a decidiu na sexta-feira que a Venezuela n\u00e3o pode tentar anexar Essequibo e que isso vale para o referendo.<\/p>\n\n\n\n<p>A Guiana havia pedido para que a corte tomasse uma medida de emerg\u00eancia para interromper a vota\u00e7\u00e3o na Venezuela.<\/p>\n\n\n\n<p>Em abril, a Corte Internacional de Justi\u00e7a afirmou que tem legitimidade para tomar as decis\u00f5es sobre a disputa. Esse \u00f3rg\u00e3o \u00e9 a corte mais alta da Organiza\u00e7\u00e3o das Na\u00e7\u00f5es Unidas (ONU) para resolver disputadas entre Estados, mas n\u00e3o tem como fazer suas determina\u00e7\u00f5es serem cumpridas.<\/p>\n\n\n\n<p>A decis\u00e3o final sobre quem \u00e9 o dono de Essequiba ainda pode demorar anos.<\/p>\n\n\n\n<p>O governo venezuelano disse que a decis\u00e3o \u00e9 uma interfer\u00eancia em uma quest\u00e3o interna e fere a Constitui\u00e7\u00e3o. A vice-presidente da Venezuela, Delcy Rodriguez, disse que &#8220;nada vai impedir que o referendo agendado para o dia 3 de dezembro aconte\u00e7a&#8221;. Ela tamb\u00e9m falou que, apesar de ter comparecido na corte, isso n\u00e3o significa que a Venezuela reconhece a jurisdi\u00e7\u00e3o da Corte Internacional de Justi\u00e7a sobre a disputa.<\/p>\n\n\n\n<h2 class=\"wp-block-heading\">Governo brasileiro<\/h2>\n\n\n\n<p>O governo brasileiro acompanha com preocupa\u00e7\u00e3o a situa\u00e7\u00e3o, segundo a secret\u00e1ria de Am\u00e9rica Latina e Caribe do Itamaraty, a embaixadora Gisela Padovan. &#8220;Temos acompanhado com aten\u00e7\u00e3o e conversado com alt\u00edssimo n\u00edvel &#8212; voc\u00eas se recordam que o embaixador Celso Amorim foi a Caracas se reunir com o governo &#8212; e n\u00f3s tamb\u00e9m estamos tendo conversas com a Guiana&#8221;.<\/p>\n\n\n\n<p>Amorim foi a Caracas h\u00e1 uma semana, a pedido do presidente Luiz In\u00e1cio Lula da Silva (PT), depois de uma avalia\u00e7\u00e3o brasileira de que a campanha venezuelana sobre a anexa\u00e7\u00e3o do Essequibo teria subido demais o tom, contou a Reuters uma fonte que acompanha as conversas.<\/p>\n\n\n\n<p>O governo brasileiro n\u00e3o pediu que o referendo venezuelano fosse cancelado, mas solicitou ao presidente da Venezuela, Nicol\u00e1s Maduro, que diminu\u00edsse o tom da campanha e buscasse uma solu\u00e7\u00e3o pac\u00edfica. Lula tamb\u00e9m recebeu um telefone do presidente da Guiana, Irfaan Ali, com quem tamb\u00e9m ter\u00e1 uma reuni\u00e3o bilateral na-feira sexta, \u00e0s margens da COP28, em Dubai.<\/p>\n\n\n\n<blockquote class=\"wp-block-quote is-layout-flow wp-block-quote-is-layout-flow\">\n<p>H\u00e1 uma vis\u00e3o no governo brasileiro de que a Venezuela n\u00e3o chegar\u00e1 &#8220;\u00e0s vias de fato&#8221;, apesar de mais de uma vez Maduro j\u00e1 ter amea\u00e7ado invadir o territ\u00f3rio da Guiana.<\/p>\n<\/blockquote>\n\n\n\n<p>Na semana passada, durante reuni\u00e3o da Organiza\u00e7\u00e3o do Tratado de Coopera\u00e7\u00e3o Amaz\u00f4nica (OTCA), em Bras\u00edlia, os representantes dos dois pa\u00edses trocaram provoca\u00e7\u00f5es e foi preciso a interfer\u00eancia de outros pa\u00edses para impedir uma escalada na discuss\u00e3o.<\/p>\n\n\n\n<p>&#8220;Semana passada os dois pa\u00edses sentaram&#8230; e devo dizer ali teve uma energia, uma linguagem um pouco mais elevada por parte da Venezuela, mas eles t\u00eam sentado sem qualquer problema na OTCA cooperando na quest\u00e3o da Amaz\u00f4nia sem qualquer problema&#8221;, disse a embaixadora.<\/p>\n\n\n\n<p>A expectativa do governo brasileiro \u00e9 que o &#8220;sim&#8221;, pela anexa\u00e7\u00e3o, ven\u00e7a o referendo, j\u00e1 que esse \u00e9 um dos poucos assuntos que une governo e oposi\u00e7\u00e3o na Venezuela, mas n\u00e3o se sabe o que Maduro pretende fazer com esse resultado. Elei\u00e7\u00f5es gerais est\u00e3o marcadas para acontecer em 2024 na Venezuela, e uma a\u00e7\u00e3o em rela\u00e7\u00e3o a Guiana pode virar arma eleitoral, avaliou uma fonte.<\/p>\n\n\n\n<figure class=\"wp-block-image\"><img data-recalc-dims=\"1\" decoding=\"async\" src=\"https:\/\/i0.wp.com\/s2-g1.glbimg.com\/gI0N4ejfcAahUFygn3PdABEJgCk%3D\/0x0%3A1024x683\/984x0\/smart\/filters%3Astrip_icc%28%29\/i.s3.glbimg.com\/v1\/AUTH_59edd422c0c84a879bd37670ae4f538a\/internal_photos\/bs\/2023\/g\/o\/AWT4pJSp6B3aoJDjtAAw\/ap23333728409640.jpg?w=800&#038;ssl=1\" alt=\"Homem caminha diante de muro com mensagem reivindicado a regi\u00e3o guianesa de Essequibo como venezuelana, em Caracas, em 29 de novembro de 2023. \u2014 Foto: Matias Delacroix\/ AP\"\/><\/figure>\n\n\n\n<p>Homem caminha diante de muro com mensagem reivindicado a regi\u00e3o guianesa de Essequibo como venezuelana, em Caracas, em 29 de novembro de 2023. \u2014 Foto: Matias Delacroix\/ AP<\/p>\n","protected":false},"excerpt":{"rendered":"<p>Os venezuelanos rejeitaram, em referendo neste domingo (3), a jurisdi\u00e7\u00e3o do Tribunal Internacional de Justi\u00e7a sobre a longa disputa territorial do pa\u00eds com a vizinha Guiana e apoiaram a cria\u00e7\u00e3o de um novo estado na regi\u00e3o de Essequibo. Segundo a autoridade eleitoral local, mais de 95% dos eleitores aprovaram as cinco quest\u00f5es elaboradas pelo governo. [&hellip;]<\/p>\n","protected":false},"author":2,"featured_media":4779,"comment_status":"open","ping_status":"open","sticky":false,"template":"","format":"standard","meta":{"_jetpack_memberships_contains_paid_content":false,"footnotes":""},"categories":[15],"tags":[],"class_list":["post-4777","post","type-post","status-publish","format-standard","has-post-thumbnail","hentry","category-mundo"],"aioseo_notices":[],"jetpack_featured_media_url":"https:\/\/i0.wp.com\/minutobahia24h.com.br\/wp-content\/uploads\/2023\/12\/Sem-titulo-17.jpg?fit=984%2C554&ssl=1","jetpack_sharing_enabled":true,"_links":{"self":[{"href":"https:\/\/minutobahia24h.com.br\/index.php?rest_route=\/wp\/v2\/posts\/4777","targetHints":{"allow":["GET"]}}],"collection":[{"href":"https:\/\/minutobahia24h.com.br\/index.php?rest_route=\/wp\/v2\/posts"}],"about":[{"href":"https:\/\/minutobahia24h.com.br\/index.php?rest_route=\/wp\/v2\/types\/post"}],"author":[{"embeddable":true,"href":"https:\/\/minutobahia24h.com.br\/index.php?rest_route=\/wp\/v2\/users\/2"}],"replies":[{"embeddable":true,"href":"https:\/\/minutobahia24h.com.br\/index.php?rest_route=%2Fwp%2Fv2%2Fcomments&post=4777"}],"version-history":[{"count":1,"href":"https:\/\/minutobahia24h.com.br\/index.php?rest_route=\/wp\/v2\/posts\/4777\/revisions"}],"predecessor-version":[{"id":4780,"href":"https:\/\/minutobahia24h.com.br\/index.php?rest_route=\/wp\/v2\/posts\/4777\/revisions\/4780"}],"wp:featuredmedia":[{"embeddable":true,"href":"https:\/\/minutobahia24h.com.br\/index.php?rest_route=\/wp\/v2\/media\/4779"}],"wp:attachment":[{"href":"https:\/\/minutobahia24h.com.br\/index.php?rest_route=%2Fwp%2Fv2%2Fmedia&parent=4777"}],"wp:term":[{"taxonomy":"category","embeddable":true,"href":"https:\/\/minutobahia24h.com.br\/index.php?rest_route=%2Fwp%2Fv2%2Fcategories&post=4777"},{"taxonomy":"post_tag","embeddable":true,"href":"https:\/\/minutobahia24h.com.br\/index.php?rest_route=%2Fwp%2Fv2%2Ftags&post=4777"}],"curies":[{"name":"wp","href":"https:\/\/api.w.org\/{rel}","templated":true}]}}