{"id":45799,"date":"2026-06-15T08:54:50","date_gmt":"2026-06-15T11:54:50","guid":{"rendered":"https:\/\/minutobahia24h.com.br\/?p=45799"},"modified":"2026-06-15T08:56:31","modified_gmt":"2026-06-15T11:56:31","slug":"ira-anuncia-exigencias-em-memorando-de-entendimento-com-eua-veja-lista","status":"publish","type":"post","link":"https:\/\/minutobahia24h.com.br\/?p=45799","title":{"rendered":"Ir\u00e3 anuncia exig\u00eancias em memorando de entendimento com EUA; veja lista"},"content":{"rendered":"<div class=\"wp-block-image\">\n<figure class=\"aligncenter size-full\"><img data-recalc-dims=\"1\" fetchpriority=\"high\" decoding=\"async\" width=\"800\" height=\"533\" src=\"https:\/\/i0.wp.com\/minutobahia24h.com.br\/wp-content\/uploads\/2026\/06\/Sem-titulo-177.jpg?resize=800%2C533&#038;ssl=1\" alt=\"\" class=\"wp-image-45800\" srcset=\"https:\/\/i0.wp.com\/minutobahia24h.com.br\/wp-content\/uploads\/2026\/06\/Sem-titulo-177.jpg?w=984&amp;ssl=1 984w, https:\/\/i0.wp.com\/minutobahia24h.com.br\/wp-content\/uploads\/2026\/06\/Sem-titulo-177.jpg?resize=300%2C200&amp;ssl=1 300w, https:\/\/i0.wp.com\/minutobahia24h.com.br\/wp-content\/uploads\/2026\/06\/Sem-titulo-177.jpg?resize=768%2C512&amp;ssl=1 768w, https:\/\/i0.wp.com\/minutobahia24h.com.br\/wp-content\/uploads\/2026\/06\/Sem-titulo-177.jpg?resize=750%2C500&amp;ssl=1 750w\" sizes=\"(max-width: 800px) 100vw, 800px\" \/><figcaption class=\"wp-element-caption\">Ilustra\u00e7\u00e3o mostra bandeira dos EUA e do Ir\u00e3 \u2014 Foto: REUTERS\/Dado Ruvic\/Ilustra\u00e7\u00e3o<br><br><\/figcaption><\/figure>\n<\/div>\n\n\n<p class=\"wp-block-paragraph\">O Ir\u00e3 apresentou uma lista com 14 exig\u00eancias para avan\u00e7ar em um acordo de paz com os&nbsp;<a class=\"\" href=\"https:\/\/g1.globo.com\/tudo-sobre\/estados-unidos\/\">Estados Unidos<\/a>, segundo informa\u00e7\u00f5es da ag\u00eancia estatal Mehr. Entre as condi\u00e7\u00f5es est\u00e3o a interrup\u00e7\u00e3o imediata dos conflitos, o compromisso dos EUA de n\u00e3o interferir em assuntos internos, a retirada de for\u00e7as americanas da regi\u00e3o, o fim das san\u00e7\u00f5es ao petr\u00f3leo do pa\u00eds e a&nbsp;<a class=\"\" href=\"https:\/\/g1.globo.com\/mundo\/noticia\/2026\/06\/14\/ira-fala-em-reabrir-estreito-de-ormuz-em-ate-30-dias-navios-do-mundo-liguem-os-motores-diz-trump.ghtml\">reabertura do Estreito de Ormuz em at\u00e9 30 dias<\/a>.<\/p>\n\n\n\n<p class=\"wp-block-paragraph\">Os Estados Unidos e o Ir\u00e3&nbsp;<a class=\"\" href=\"https:\/\/g1.globo.com\/mundo\/noticia\/2026\/06\/14\/eua-e-ira-chegam-a-acordo-de-paz-diz-primeiro-ministro-do-paquistao.ghtml\">chegaram a um&nbsp;<strong>acordo de paz<\/strong><\/a>, conforme informa\u00e7\u00f5es confirmadas por&nbsp;<a class=\"\" href=\"https:\/\/g1.globo.com\/tudo-sobre\/donald-trump\/\">Donald Trump<\/a>&nbsp;e o primeiro-ministro do Paquist\u00e3o, Shehbaz Sharif, na noite de domingo (14). O conflito entre os pa\u00edses dura quase quatro meses.<\/p>\n\n\n\n<p class=\"wp-block-paragraph\">Teer\u00e3 confirmou a informa\u00e7\u00e3o, mas imp\u00f4s condi\u00e7\u00f5es que abrangem diferentes \u00e1reas das rela\u00e7\u00f5es entre os dois pa\u00edses. Confira a lista:<\/p>\n\n\n\n<ol class=\"wp-block-list\">\n<li>Fim permanente e imediato da guerra em todas as frentes, incluindo o L\u00edbano.<\/li>\n\n\n\n<li>Compromisso dos Estados Unidos de n\u00e3o interferir em assuntos internos do Ir\u00e3 e de respeitar a soberania da Rep\u00fablica Isl\u00e2mica do Ir\u00e3.<\/li>\n\n\n\n<li>Suspens\u00e3o completa do bloqueio naval em at\u00e9 30 dias.<\/li>\n\n\n\n<li>Compromisso dos EUA de retirar suas for\u00e7as dos arredores do Ir\u00e3.<\/li>\n\n\n\n<li>Reabertura do Estreito de Ormuz em at\u00e9 30 dias, conforme os termos definidos pelo Ir\u00e3.<\/li>\n\n\n\n<li>Suspens\u00e3o das san\u00e7\u00f5es sobre a venda de petr\u00f3leo, produtos petroqu\u00edmicos e derivados, e acesso total do Ir\u00e3 aos seus recursos financeiros.<\/li>\n\n\n\n<li>Necessidade de os Estados Unidos e seus aliados apresentarem planos de reconstru\u00e7\u00e3o para o Ir\u00e3 no valor de pelo menos US$ 300 bilh\u00f5es.<\/li>\n\n\n\n<li>Realiza\u00e7\u00e3o de 60 dias de negocia\u00e7\u00f5es para alcan\u00e7ar um acordo final baseado em quest\u00f5es nucleares e na remo\u00e7\u00e3o completa das san\u00e7\u00f5es prim\u00e1rias e secund\u00e1rias dos EUA, bem como das resolu\u00e7\u00f5es do Conselho de Seguran\u00e7a da ONU e da Ag\u00eancia Internacional de Energia At\u00f4mica (AIEA).<\/li>\n\n\n\n<li>Reafirma\u00e7\u00e3o do compromisso do Ir\u00e3, nos termos do Tratado de N\u00e3o Prolifera\u00e7\u00e3o Nuclear (TNP), de n\u00e3o produzir armas nucleares.<\/li>\n\n\n\n<li>Durante o per\u00edodo de negocia\u00e7\u00f5es, os EUA se comprometem a n\u00e3o ampliar sua presen\u00e7a militar na regi\u00e3o nem impor novas san\u00e7\u00f5es.<\/li>\n\n\n\n<li>Libera\u00e7\u00e3o de US$ 24 bilh\u00f5es em recursos iranianos bloqueados durante os 60 dias de negocia\u00e7\u00f5es finais. Metade do valor dever\u00e1 ser disponibilizada antes do in\u00edcio das negocia\u00e7\u00f5es.<\/li>\n\n\n\n<li>Cria\u00e7\u00e3o de um mecanismo de supervis\u00e3o para implementar o acordo.<\/li>\n\n\n\n<li>O acordo final ser\u00e1 aprovado por meio de uma resolu\u00e7\u00e3o do Conselho de Seguran\u00e7a da ONU.<\/li>\n\n\n\n<li>As negocia\u00e7\u00f5es finais n\u00e3o come\u00e7ar\u00e3o antes da libera\u00e7\u00e3o de metade dos recursos bloqueados do Ir\u00e3, da suspens\u00e3o das san\u00e7\u00f5es ao petr\u00f3leo iraniano e do fim do bloqueio naval. Al\u00e9m disso, o acordo final tratar\u00e1 apenas do destino do material enriquecido e do enriquecimento nuclear, da suspens\u00e3o das san\u00e7\u00f5es e do plano de reconstru\u00e7\u00e3o econ\u00f4mica do Ir\u00e3. As discuss\u00f5es sobre o programa de m\u00edsseis iraniano e o apoio a grupos da chamada resist\u00eancia ser\u00e3o retiradas definitivamente da pauta.<\/li>\n<\/ol>\n\n\n\n<figure class=\"wp-block-image\"><img data-recalc-dims=\"1\" decoding=\"async\" src=\"https:\/\/i0.wp.com\/s2-g1.glbimg.com\/mBvdBePVDuRauX6a57eajNVD-NU%3D\/0x0%3A604x294\/984x0\/smart\/filters%3Astrip_icc%28%29\/i.s3.glbimg.com\/v1\/AUTH_59edd422c0c84a879bd37670ae4f538a\/internal_photos\/bs\/2026\/f\/B\/ySR3l9RBuO1qfldLo7dA\/tweet-trump.png?w=800&#038;ssl=1\" alt=\"Nas redes, Trump disse: &quot;O acordo com a Rep\u00fablica Isl\u00e2mica do Ir\u00e3 est\u00e1 agora conclu\u00eddo. Parab\u00e9ns a todos! Por meio desta, autorizo plenamente a abertura do Estreito de Ormuz sem cobran\u00e7a de ped\u00e1gios ou taxas e, simultaneamente, autorizo a remo\u00e7\u00e3o imediata do bloqueio naval dos Estados Unidos. Navios do mundo, liguem seus motores. Deixem o petr\u00f3leo fluir!&quot; \u2014 Foto: Reprodu\u00e7\u00e3o\/Redes Sociais\"\/><\/figure>\n\n\n\n<p class=\"wp-block-paragraph\">Nas redes, Trump disse: &#8220;O acordo com a Rep\u00fablica Isl\u00e2mica do Ir\u00e3 est\u00e1 agora conclu\u00eddo. Parab\u00e9ns a todos! Por meio desta, autorizo plenamente a abertura do Estreito de Ormuz sem cobran\u00e7a de ped\u00e1gios ou taxas e, simultaneamente, autorizo a remo\u00e7\u00e3o imediata do bloqueio naval dos Estados Unidos. Navios do mundo, liguem seus motores. Deixem o petr\u00f3leo fluir!&#8221; \u2014 Foto: Reprodu\u00e7\u00e3o\/Redes Sociais<\/p>\n\n\n\n<h2 class=\"wp-block-heading\">An\u00fancio do acordo<\/h2>\n\n\n\n<p class=\"wp-block-paragraph\">Autoridades dos Estados Unidos, do Ir\u00e3 e do Paquist\u00e3o confirmaram neste domingo (14) a conclus\u00e3o de um acordo de paz, ap\u00f3s meses de conflito e negocia\u00e7\u00f5es diplom\u00e1ticas.<\/p>\n\n\n\n<p class=\"wp-block-paragraph\">Em uma publica\u00e7\u00e3o na rede social X (antigo Twitter), o primeiro-ministro paquistan\u00eas&nbsp;declarou que &#8220;ambos os lados declararam o encerramento imediato e permanente das opera\u00e7\u00f5es militares em todas as frentes, incluindo no L\u00edbano&#8221;.<\/p>\n\n\n\n<p class=\"wp-block-paragraph\">Ainda segundo o premi\u00ea, a cerim\u00f4nia oficial de assinatura do tratado est\u00e1 marcada para o dia 19 de junho, na Su\u00ed\u00e7a. Donald Trump, presidente dos Estados Unidos, tamb\u00e9m publicou a informa\u00e7\u00e3o em uma postagem na rede Truth Social.<\/p>\n\n\n\n<p class=\"wp-block-paragraph\">&#8220;O acordo com a Rep\u00fablica Isl\u00e2mica do Ir\u00e3 est\u00e1 agora conclu\u00eddo. Parab\u00e9ns a todos!&#8221;, declarou Trump.<\/p>\n\n\n\n<p class=\"wp-block-paragraph\">No texto, ele tamb\u00e9m determinou a libera\u00e7\u00e3o da rota mar\u00edtima sem a cobran\u00e7a de ped\u00e1gios ou taxas e incentivou a retomada do transporte global de combust\u00edveis. O Estreito de Ormuz \u00e9 uma das vias mais importantes do mundo para o escoamento de petr\u00f3leo.<\/p>\n\n\n\n<p class=\"wp-block-paragraph\">&#8220;Autorizo a remo\u00e7\u00e3o imediata do bloqueio naval dos Estados Unidos. Navios do mundo, liguem seus motores. Deixem o petr\u00f3leo fluir!&#8221;, afirmou.<\/p>\n\n\n\n<p class=\"wp-block-paragraph\">O servi\u00e7o de not\u00edcias do Ir\u00e3 (Ag\u00eancia IRNA) tamb\u00e9m confirmou a informa\u00e7\u00e3o do acordo de paz, replicando mensagens de Donald Trump e de Shebaz Sharif.<\/p>\n\n\n\n<p class=\"wp-block-paragraph\">O vice-ministro das Rela\u00e7\u00f5es Exteriores do Ir\u00e3, Kazem Gharibabadi, afirmou \u00e0 TV estatal iraniana que o cessar-fogo entrar\u00e1 em vigor ainda nesta noite. Segundo ele, as negocia\u00e7\u00f5es para um acordo final durar\u00e3o 60 dias e devem incluir o fim das san\u00e7\u00f5es ao Ir\u00e3, mecanismos para a reconstru\u00e7\u00e3o do pa\u00eds e formas de monitorar o cumprimento dos compromissos pelas partes envolvidas.<\/p>\n\n\n\n<p class=\"wp-block-paragraph\">Gharibabadi acrescentou que Teer\u00e3 responder\u00e1 em caso de viola\u00e7\u00f5es do acordo. As informa\u00e7\u00f5es s\u00e3o da Reuters.<\/p>\n\n\n\n<h2 class=\"wp-block-heading\">Diverg\u00eancias sobre a assinatura<\/h2>\n\n\n\n<p class=\"wp-block-paragraph\">O presidente americano j\u00e1 havia dito que a assinatura do acordo de paz estava marcada para este domingo, em uma postagem na rede social Truth Social neste s\u00e1bado (13). Segundo o americano, o Estreito de Ormuz ser\u00e1 aberto imediatamente ap\u00f3s a assinatura.<\/p>\n\n\n\n<p class=\"wp-block-paragraph\">Trump disse esperar que o processo seja conduzido de forma r\u00e1pida, f\u00e1cil e tranquila:&nbsp;&#8220;Esperamos trabalhar em conjunto com Ir\u00e3 e todo o Oriente M\u00e9dio no futuro&#8221;, afirmou.&nbsp;Ele tamb\u00e9m afirmou que, &#8220;no momento apropriado e quando tudo estiver calmo&#8221;, os EUA ir\u00e3o recolher o res\u00edduo nuclear enterrado sob montanhas de granito e destru\u00ed-lo.<\/p>\n\n\n\n<p class=\"wp-block-paragraph\">Na manh\u00e3 de s\u00e1bado (13), o primeiro-ministro paquistan\u00eas, Shehbaz Sharif, disse que os EUA e o Ir\u00e3 concordaram com os termos para&nbsp;<a class=\"\" href=\"https:\/\/g1.globo.com\/mundo\/ao-vivo\/eua-ataque-ira.ghtml\">um acordo de paz que encerraria o conflito de meses no Oriente M\u00e9dio<\/a>:&nbsp;&#8220;Estamos mais perto de um acordo de paz do que nunca&#8221;,&nbsp;publicou Sharif na rede social X, postagem compartilhada por Donald Trump.<\/p>\n\n\n\n<p class=\"wp-block-paragraph\">Contudo, o porta-voz do Minist\u00e9rio das Rela\u00e7\u00f5es Exteriores do Ir\u00e3, Esmail Baghaei, afirmou que a assinatura de um memorando de paz n\u00e3o ocorreria neste domingo:&nbsp;&#8220;Teremos que esperar para ver a data exata da assinatura do memorando de entendimento, embora n\u00e3o deva ser amanh\u00e3&#8221;.<\/p>\n\n\n\n<figure class=\"wp-block-image\"><img data-recalc-dims=\"1\" decoding=\"async\" src=\"https:\/\/i0.wp.com\/s2-g1.glbimg.com\/dCNbkIa7xmYq0OjPflFwX8ry-CU%3D\/0x0%3A523x663\/984x0\/smart\/filters%3Astrip_icc%28%29\/i.s3.glbimg.com\/v1\/AUTH_59edd422c0c84a879bd37670ae4f538a\/internal_photos\/bs\/2026\/5\/k\/otKh2jTW667ZxLgXsJRQ\/donald-trump-truth-social-1306.jpg?w=800&#038;ssl=1\" alt=\"Donald Trump diz que acordo com Ir\u00e3 ser\u00e1 assinado domingo (14) \u2014 Foto: Reprodu\u00e7\u00e3o\/Redes sociais\"\/><\/figure>\n\n\n\n<p class=\"wp-block-paragraph\">Donald Trump diz que acordo com Ir\u00e3 ser\u00e1 assinado domingo (14) \u2014 Foto: Reprodu\u00e7\u00e3o\/Redes sociais<\/p>\n\n\n\n<p class=\"wp-block-paragraph\">Baghaei disse que a possibilidade da assinatura do memorando de Islamabad, capital do Paquist\u00e3o, nos pr\u00f3ximos dias n\u00e3o pode ser descartada, mas que &#8220;deve ser cauteloso&#8221; ao fazer qualquer coment\u00e1rio sobre a data da assinatura.<\/p>\n\n\n\n<p class=\"wp-block-paragraph\">Sharif acrescentou que o Paquist\u00e3o est\u00e1 agora se preparando para uma assinatura eletr\u00f4nica esperada dentro das pr\u00f3ximas 24 horas, seguida por negocia\u00e7\u00f5es de n\u00edvel t\u00e9cnico nas pr\u00f3ximas semana.<\/p>\n\n\n\n<blockquote class=\"wp-block-quote is-layout-flow wp-block-quote-is-layout-flow\">\n<p class=\"wp-block-paragraph\">&#8220;Gostar\u00edamos de agradecer aos Estados Unidos da Am\u00e9rica e \u00e0 Rep\u00fablica Isl\u00e2mica do Ir\u00e3 por seu compromisso cont\u00ednuo durante as negocia\u00e7\u00f5es e estendemos nosso sincero agradecimento aos nossos irm\u00e3os na regi\u00e3o por seu apoio. Estamos confiantes de que este acordo de paz hist\u00f3rico formar\u00e1 uma base s\u00f3lida para uma paz duradoura&#8221;, publicou Sharif.<\/p>\n<\/blockquote>\n\n\n\n<p class=\"wp-block-paragraph\">Um alto funcion\u00e1rio do governo americano disse \u00e0 Ag\u00eancia Reuters acreditar que h\u00e1 um &#8220;acordo s\u00f3lido com o Ir\u00e3&#8221;.<\/p>\n\n\n\n<h2 class=\"wp-block-heading\">Trump critica Ir\u00e3<\/h2>\n\n\n\n<p class=\"wp-block-paragraph\">Na manh\u00e3 de sexta (12), o presidente norte-americano chegou a dizer que os detalhes do acordo divulgados pela imprensa norte-americana s\u00e3o falsos e criticou o Ir\u00e3 por passar informa\u00e7\u00f5es a ve\u00edculos de comunica\u00e7\u00e3o. Trump tamb\u00e9m chamou os dirigentes iranianos de&nbsp;<strong>&#8220;pessoas muito desonrosas para se negociar&#8221;.<\/strong><\/p>\n\n\n\n<blockquote class=\"wp-block-quote is-layout-flow wp-block-quote-is-layout-flow\">\n<p class=\"wp-block-paragraph\">&#8220;Com eles, n\u00e3o existe negocia\u00e7\u00e3o de boa-f\u00e9. INCR\u00cdVEL! \u00c9 melhor eles se organizarem, e R\u00c1PIDO!&#8221;, escreveu Trump em sua rede social Truth Social.<\/p>\n<\/blockquote>\n\n\n\n<p class=\"wp-block-paragraph\">Horas depois, no entanto, Trump repostou uma mensagem do ministro das Rela\u00e7\u00f5es Exteriores do Ir\u00e3, Ab\u00e1s Araqchi. No texto, Araqchi afirma que um acordo entre seu pa\u00eds e os Estados Unidos<a class=\"\" href=\"https:\/\/g1.globo.com\/mundo\/noticia\/2026\/06\/12\/ira-diz-acordo-de-paz-com-eua-nunca-esteve-tao-proximo.ghtml\"><strong>&nbsp;&#8220;nunca esteve t\u00e3o perto&#8221;.<\/strong><\/a><\/p>\n\n\n<div class=\"wp-block-image\">\n<figure class=\"aligncenter\"><img data-recalc-dims=\"1\" decoding=\"async\" src=\"https:\/\/i0.wp.com\/s2-g1.glbimg.com\/mBrFL40F0DUReyysfOZePNgqNzg%3D\/0x0%3A5500x3667\/984x0\/smart\/filters%3Astrip_icc%28%29\/i.s3.glbimg.com\/v1\/AUTH_59edd422c0c84a879bd37670ae4f538a\/internal_photos\/bs\/2026\/H\/i\/tWxhzdRZ6cmr7WcS1EWQ\/2026-06-11t084134z-1101184355-rc2irlaz8w7y-rtrmadp-3-iran-crisis.jpg?w=800&#038;ssl=1\" alt=\"&quot;Um homem caminha ao lado de uma maquete simb\u00f3lica de um m\u00edssil iraniano, em uma rua em Teer\u00e3. \u2014 Foto: Majid Asgaripour\/WANA via Reuters\"\/><\/figure>\n<\/div>\n\n\n<p class=\"wp-block-paragraph\">&#8220;Um homem caminha ao lado de uma maquete simb\u00f3lica de um m\u00edssil iraniano, em uma rua em Teer\u00e3. \u2014 Foto: Majid Asgaripour\/WANA via Reuters<\/p>\n\n\n\n<h2 class=\"wp-block-heading\">Novos ataques<\/h2>\n\n\n\n<p class=\"wp-block-paragraph\">As indica\u00e7\u00f5es de um acordo ocorrem ap\u00f3s Estados Unidos e Ir\u00e3 voltaram a trocar ataques, mesmo sob cessar-fogo.<\/p>\n\n\n\n<p class=\"wp-block-paragraph\">A nova escalada come\u00e7ou ap\u00f3s a queda de um helic\u00f3ptero militar das for\u00e7as dos EUA durante um sobrevoo na regi\u00e3o do Estreito de Ormuz. Ap\u00f3s o epis\u00f3dio, Trump acusou o Ir\u00e3 de ter atacado a aeronave e disse que teria de revidar.<\/p>\n\n\n\n<p class=\"wp-block-paragraph\">Na mesma noite, os EUA bombardearam sistemas de defesa no territ\u00f3rio iraniano e radares em Ormuz. O Ir\u00e3 revidou com ataques a uma base norte-americana no Bahrein.<\/p>\n\n\n\n<p class=\"wp-block-paragraph\">Na quarta-feira (10), os EUA fizeram um novo ataque, respondido por Teer\u00e3 com m\u00edsseis lan\u00e7ados novamente a pa\u00edses do Golfo P\u00e9rsico.<\/p>\n\n\n\n<p class=\"wp-block-paragraph\">O Ir\u00e3 anunciou o fechamento do Estreito de Ormuz e disse que a escalada complicou ainda mais as conversas por um acordo de paz, al\u00e9m de tornar o cessar-fogo atualmente em vigor &#8220;sem sentido&#8221;.<\/p>\n\n\n<div class=\"wp-block-image\">\n<figure class=\"aligncenter\"><img data-recalc-dims=\"1\" decoding=\"async\" src=\"https:\/\/i0.wp.com\/s2-g1.glbimg.com\/Em0LSqp2Wa1CXe_fBVGNhGL1EKg%3D\/0x0%3A3744x2496\/984x0\/smart\/filters%3Astrip_icc%28%29\/i.s3.glbimg.com\/v1\/AUTH_59edd422c0c84a879bd37670ae4f538a\/internal_photos\/bs\/2026\/d\/A\/tSurNKRGWaxFFlirKOgQ\/2026-06-10t154602z-1918181058-rc23rla4p18q-rtrmadp-3-usa-trump.jpg?w=800&#038;ssl=1\" alt=\"Presidente Donald Trump no Sal\u00e3o Oval da Casa Branca em 10 de junho de 2026. \u2014 Foto: Reuters\/Evan Vucci\"\/><\/figure>\n<\/div>\n\n\n<p class=\"wp-block-paragraph\">Presidente Donald Trump no Sal\u00e3o Oval da Casa Branca em 10 de junho de 2026. \u2014 Foto: Reuters\/Evan Vucci<\/p>\n\n\n\n<h2 class=\"wp-block-heading\">Caminho para o acordo<\/h2>\n\n\n\n<p class=\"wp-block-paragraph\">A proximidade de um acordo entre os dois pa\u00edses foi anunciada pelo pr\u00f3prio Trump na quinta-feira (11).<\/p>\n\n\n\n<p class=\"wp-block-paragraph\">Ap\u00f3s anunciar uma terceira noite de ataques e dizer que pretendia controlar o petr\u00f3leo e o g\u00e1s do Ir\u00e3, Trump cancelou a ofensiva e afirmou que os negociadores chegaram a um consenso sobre &#8220;pontos finais&#8221; da proposta de paz.<\/p>\n\n\n\n<p class=\"wp-block-paragraph\">O presidente norte-americano disse ainda que um acordo definitivo com Teer\u00e3 &#8220;talvez seja assinado no fim de semana&#8221;. A assinatura ocorreria na Europa e contaria com a presen\u00e7a de seu vice, JD Vance, segundo Trump.<\/p>\n\n\n\n<p class=\"wp-block-paragraph\">Trump disse que o &#8220;memorando de entendimento&#8221; j\u00e1 foi aprovado &#8220;por todo mundo no Ir\u00e3&#8221;, inclusive o l\u00edder supremo do pa\u00eds, e que \u00e9 um \u00f3timo acordo, &#8220;pois o Ir\u00e3 jamais ter\u00e1 uma arma nuclear&#8221;.<\/p>\n\n\n\n<p class=\"wp-block-paragraph\">Minutos ap\u00f3s a fala de Trump, no entanto, o Ir\u00e3 afirmou que o pa\u00eds ainda n\u00e3o aprovou nenhum acordo. &#8220;Nenhum texto para o memorando de entendimento inicial com os Estados Unidos foi aprovado&#8221;, afirmou a ag\u00eancia estatal Fars.<\/p>\n\n\n\n<p class=\"wp-block-paragraph\"><\/p>\n","protected":false},"excerpt":{"rendered":"<p>O Ir\u00e3 apresentou uma lista com 14 exig\u00eancias para avan\u00e7ar em um acordo de paz com os&nbsp;Estados Unidos, segundo informa\u00e7\u00f5es da ag\u00eancia estatal Mehr. Entre as condi\u00e7\u00f5es est\u00e3o a interrup\u00e7\u00e3o imediata dos conflitos, o compromisso dos EUA de n\u00e3o interferir em assuntos internos, a retirada de for\u00e7as americanas da regi\u00e3o, o fim das san\u00e7\u00f5es ao [&hellip;]<\/p>\n","protected":false},"author":2,"featured_media":45800,"comment_status":"open","ping_status":"open","sticky":false,"template":"","format":"standard","meta":{"_jetpack_newsletter_access":"","_jetpack_dont_email_post_to_subs":false,"_jetpack_newsletter_tier_id":0,"_jetpack_memberships_contains_paywalled_content":false,"_jetpack_feature_clip_id":0,"_jetpack_memberships_contains_paid_content":false,"footnotes":"","jetpack_post_was_ever_published":false},"categories":[15],"tags":[],"class_list":["post-45799","post","type-post","status-publish","format-standard","has-post-thumbnail","hentry","category-mundo"],"aioseo_notices":[],"aioseo_head":"\n\t\t<!-- All in One SEO 5.0.1.1 - aioseo.com -->\n\t<meta name=\"description\" content=\"O Ir\u00e3 apresentou uma lista com 14 exig\u00eancias para avan\u00e7ar em um acordo de paz com os Estados Unidos, segundo informa\u00e7\u00f5es da ag\u00eancia estatal Mehr. Entre as condi\u00e7\u00f5es est\u00e3o a interrup\u00e7\u00e3o imediata dos conflitos, o compromisso dos EUA de n\u00e3o interferir em assuntos internos, a retirada de for\u00e7as americanas da regi\u00e3o, o fim das san\u00e7\u00f5es ao\" \/>\n\t<meta name=\"robots\" content=\"max-image-preview:large\" \/>\n\t<meta name=\"author\" content=\"andre\"\/>\n\t<link rel=\"canonical\" href=\"https:\/\/minutobahia24h.com.br\/?p=45799\" \/>\n\t<meta name=\"generator\" content=\"All in One SEO (AIOSEO) 5.0.1.1\" \/>\n\t\t<meta property=\"og:locale\" content=\"pt_BR\" \/>\n\t\t<meta property=\"og:site_name\" content=\"Minuto Bahia 24h - O seu portal de not\u00edcias\" \/>\n\t\t<meta property=\"og:type\" content=\"article\" \/>\n\t\t<meta property=\"og:title\" content=\"Ir\u00e3 anuncia exig\u00eancias em memorando de entendimento com EUA; veja lista - Minuto Bahia 24h\" \/>\n\t\t<meta property=\"og:description\" content=\"O Ir\u00e3 apresentou uma lista com 14 exig\u00eancias para avan\u00e7ar em um acordo de paz com os Estados Unidos, segundo informa\u00e7\u00f5es da ag\u00eancia estatal Mehr. Entre as condi\u00e7\u00f5es est\u00e3o a interrup\u00e7\u00e3o imediata dos conflitos, o compromisso dos EUA de n\u00e3o interferir em assuntos internos, a retirada de for\u00e7as americanas da regi\u00e3o, o fim das san\u00e7\u00f5es ao\" \/>\n\t\t<meta property=\"og:url\" content=\"https:\/\/minutobahia24h.com.br\/?p=45799\" \/>\n\t\t<meta property=\"og:image\" content=\"https:\/\/minutobahia24h.com.br\/wp-content\/uploads\/2026\/06\/Sem-titulo-177.jpg\" \/>\n\t\t<meta property=\"og:image:secure_url\" content=\"https:\/\/minutobahia24h.com.br\/wp-content\/uploads\/2026\/06\/Sem-titulo-177.jpg\" \/>\n\t\t<meta property=\"og:image:width\" content=\"984\" \/>\n\t\t<meta property=\"og:image:height\" content=\"656\" \/>\n\t\t<meta property=\"article:published_time\" content=\"2026-06-15T11:54:50+00:00\" \/>\n\t\t<meta property=\"article:modified_time\" content=\"2026-06-15T11:56:31+00:00\" \/>\n\t\t<meta name=\"twitter:card\" content=\"summary_large_image\" \/>\n\t\t<meta name=\"twitter:title\" content=\"Ir\u00e3 anuncia exig\u00eancias em memorando de entendimento com EUA; veja lista - Minuto Bahia 24h\" \/>\n\t\t<meta name=\"twitter:description\" content=\"O Ir\u00e3 apresentou uma lista com 14 exig\u00eancias para avan\u00e7ar em um acordo de paz com os Estados Unidos, segundo informa\u00e7\u00f5es da ag\u00eancia estatal Mehr. Entre as condi\u00e7\u00f5es est\u00e3o a interrup\u00e7\u00e3o imediata dos conflitos, o compromisso dos EUA de n\u00e3o interferir em assuntos internos, a retirada de for\u00e7as americanas da regi\u00e3o, o fim das san\u00e7\u00f5es ao\" \/>\n\t\t<meta name=\"twitter:image\" content=\"https:\/\/minutobahia24h.com.br\/wp-content\/uploads\/2026\/06\/Sem-titulo-177.jpg\" \/>\n\t\t<script type=\"application\/ld+json\" class=\"aioseo-schema\">\n\t\t\t{\"@context\":\"https:\\\/\\\/schema.org\",\"@graph\":[{\"@type\":\"BlogPosting\",\"@id\":\"https:\\\/\\\/minutobahia24h.com.br\\\/?p=45799#blogposting\",\"name\":\"Ir\\u00e3 anuncia exig\\u00eancias em memorando de entendimento com EUA; veja lista - Minuto Bahia 24h\",\"headline\":\"Ir\\u00e3 anuncia exig\\u00eancias em memorando de entendimento com EUA; veja lista\",\"author\":{\"@id\":\"https:\\\/\\\/minutobahia24h.com.br\\\/?author=2#author\"},\"publisher\":{\"@id\":\"https:\\\/\\\/minutobahia24h.com.br\\\/#organization\"},\"image\":{\"@type\":\"ImageObject\",\"url\":\"https:\\\/\\\/i0.wp.com\\\/minutobahia24h.com.br\\\/wp-content\\\/uploads\\\/2026\\\/06\\\/Sem-titulo-177.jpg?fit=984%2C656&ssl=1\",\"width\":984,\"height\":656},\"datePublished\":\"2026-06-15T08:54:50-03:00\",\"dateModified\":\"2026-06-15T08:56:31-03:00\",\"inLanguage\":\"pt-BR\",\"mainEntityOfPage\":{\"@id\":\"https:\\\/\\\/minutobahia24h.com.br\\\/?p=45799#webpage\"},\"isPartOf\":{\"@id\":\"https:\\\/\\\/minutobahia24h.com.br\\\/?p=45799#webpage\"},\"articleSection\":\"Mundo\"},{\"@type\":\"BreadcrumbList\",\"@id\":\"https:\\\/\\\/minutobahia24h.com.br\\\/?p=45799#breadcrumblist\",\"itemListElement\":[{\"@type\":\"ListItem\",\"@id\":\"https:\\\/\\\/minutobahia24h.com.br#listItem\",\"position\":1,\"name\":\"In\\u00edcio\",\"item\":\"https:\\\/\\\/minutobahia24h.com.br\",\"nextItem\":{\"@type\":\"ListItem\",\"@id\":\"https:\\\/\\\/minutobahia24h.com.br\\\/?cat=15#listItem\",\"name\":\"Mundo\"}},{\"@type\":\"ListItem\",\"@id\":\"https:\\\/\\\/minutobahia24h.com.br\\\/?cat=15#listItem\",\"position\":2,\"name\":\"Mundo\",\"item\":\"https:\\\/\\\/minutobahia24h.com.br\\\/?cat=15\",\"nextItem\":{\"@type\":\"ListItem\",\"@id\":\"https:\\\/\\\/minutobahia24h.com.br\\\/?p=45799#listItem\",\"name\":\"Ir\\u00e3 anuncia exig\\u00eancias em memorando de entendimento com EUA; veja lista\"},\"previousItem\":{\"@type\":\"ListItem\",\"@id\":\"https:\\\/\\\/minutobahia24h.com.br#listItem\",\"name\":\"In\\u00edcio\"}},{\"@type\":\"ListItem\",\"@id\":\"https:\\\/\\\/minutobahia24h.com.br\\\/?p=45799#listItem\",\"position\":3,\"name\":\"Ir\\u00e3 anuncia exig\\u00eancias em memorando de entendimento com EUA; veja lista\",\"previousItem\":{\"@type\":\"ListItem\",\"@id\":\"https:\\\/\\\/minutobahia24h.com.br\\\/?cat=15#listItem\",\"name\":\"Mundo\"}}]},{\"@type\":\"Organization\",\"@id\":\"https:\\\/\\\/minutobahia24h.com.br\\\/#organization\",\"name\":\"Minuto Bahia 24h\",\"description\":\"O seu portal de not\\u00edcias\",\"url\":\"https:\\\/\\\/minutobahia24h.com.br\\\/\",\"logo\":{\"@type\":\"ImageObject\",\"url\":\"https:\\\/\\\/i0.wp.com\\\/minutobahia24h.com.br\\\/wp-content\\\/uploads\\\/2023\\\/09\\\/cropped-minutoba.png?fit=457%2C119&ssl=1\",\"@id\":\"https:\\\/\\\/minutobahia24h.com.br\\\/?p=45799\\\/#organizationLogo\",\"width\":457,\"height\":119},\"image\":{\"@id\":\"https:\\\/\\\/minutobahia24h.com.br\\\/?p=45799\\\/#organizationLogo\"}},{\"@type\":\"Person\",\"@id\":\"https:\\\/\\\/minutobahia24h.com.br\\\/?author=2#author\",\"url\":\"https:\\\/\\\/minutobahia24h.com.br\\\/?author=2\",\"name\":\"andre\",\"image\":{\"@type\":\"ImageObject\",\"@id\":\"https:\\\/\\\/minutobahia24h.com.br\\\/?p=45799#authorImage\",\"url\":\"https:\\\/\\\/secure.gravatar.com\\\/avatar\\\/0ec5eafed5f3925c321625d79a680d589901b94bca787ae396a35f6c4a960922?s=96&d=mm&r=g\",\"width\":96,\"height\":96,\"caption\":\"andre\"}},{\"@type\":\"WebPage\",\"@id\":\"https:\\\/\\\/minutobahia24h.com.br\\\/?p=45799#webpage\",\"url\":\"https:\\\/\\\/minutobahia24h.com.br\\\/?p=45799\",\"name\":\"Ir\\u00e3 anuncia exig\\u00eancias em memorando de entendimento com EUA; veja lista - Minuto Bahia 24h\",\"description\":\"O Ir\\u00e3 apresentou uma lista com 14 exig\\u00eancias para avan\\u00e7ar em um acordo de paz com os Estados Unidos, segundo informa\\u00e7\\u00f5es da ag\\u00eancia estatal Mehr. Entre as condi\\u00e7\\u00f5es est\\u00e3o a interrup\\u00e7\\u00e3o imediata dos conflitos, o compromisso dos EUA de n\\u00e3o interferir em assuntos internos, a retirada de for\\u00e7as americanas da regi\\u00e3o, o fim das san\\u00e7\\u00f5es ao\",\"inLanguage\":\"pt-BR\",\"isPartOf\":{\"@id\":\"https:\\\/\\\/minutobahia24h.com.br\\\/#website\"},\"breadcrumb\":{\"@id\":\"https:\\\/\\\/minutobahia24h.com.br\\\/?p=45799#breadcrumblist\"},\"author\":{\"@id\":\"https:\\\/\\\/minutobahia24h.com.br\\\/?author=2#author\"},\"creator\":{\"@id\":\"https:\\\/\\\/minutobahia24h.com.br\\\/?author=2#author\"},\"image\":{\"@type\":\"ImageObject\",\"url\":\"https:\\\/\\\/i0.wp.com\\\/minutobahia24h.com.br\\\/wp-content\\\/uploads\\\/2026\\\/06\\\/Sem-titulo-177.jpg?fit=984%2C656&ssl=1\",\"@id\":\"https:\\\/\\\/minutobahia24h.com.br\\\/?p=45799\\\/#mainImage\",\"width\":984,\"height\":656},\"primaryImageOfPage\":{\"@id\":\"https:\\\/\\\/minutobahia24h.com.br\\\/?p=45799#mainImage\"},\"datePublished\":\"2026-06-15T08:54:50-03:00\",\"dateModified\":\"2026-06-15T08:56:31-03:00\"},{\"@type\":\"WebSite\",\"@id\":\"https:\\\/\\\/minutobahia24h.com.br\\\/#website\",\"url\":\"https:\\\/\\\/minutobahia24h.com.br\\\/\",\"name\":\"Minuto Bahia 24h\",\"description\":\"O seu portal de not\\u00edcias\",\"inLanguage\":\"pt-BR\",\"publisher\":{\"@id\":\"https:\\\/\\\/minutobahia24h.com.br\\\/#organization\"}}]}\n\t\t<\/script>\n\t\t<!-- All in One SEO -->\n\n","aioseo_head_json":{"title":"Ir\u00e3 anuncia exig\u00eancias em memorando de entendimento com EUA; veja lista - Minuto Bahia 24h","description":"O Ir\u00e3 apresentou uma lista com 14 exig\u00eancias para avan\u00e7ar em um acordo de paz com os Estados Unidos, segundo informa\u00e7\u00f5es da ag\u00eancia estatal Mehr. Entre as condi\u00e7\u00f5es est\u00e3o a interrup\u00e7\u00e3o imediata dos conflitos, o compromisso dos EUA de n\u00e3o interferir em assuntos internos, a retirada de for\u00e7as americanas da regi\u00e3o, o fim das san\u00e7\u00f5es ao","canonical_url":"https:\/\/minutobahia24h.com.br\/?p=45799","robots":"max-image-preview:large","keywords":"","webmasterTools":{"miscellaneous":""},"schema":{"@context":"https:\/\/schema.org","@graph":[{"@type":"BlogPosting","@id":"https:\/\/minutobahia24h.com.br\/?p=45799#blogposting","name":"Ir\u00e3 anuncia exig\u00eancias em memorando de entendimento com EUA; veja lista - Minuto Bahia 24h","headline":"Ir\u00e3 anuncia exig\u00eancias em memorando de entendimento com EUA; veja lista","author":{"@id":"https:\/\/minutobahia24h.com.br\/?author=2#author"},"publisher":{"@id":"https:\/\/minutobahia24h.com.br\/#organization"},"image":{"@type":"ImageObject","url":"https:\/\/i0.wp.com\/minutobahia24h.com.br\/wp-content\/uploads\/2026\/06\/Sem-titulo-177.jpg?fit=984%2C656&ssl=1","width":984,"height":656},"datePublished":"2026-06-15T08:54:50-03:00","dateModified":"2026-06-15T08:56:31-03:00","inLanguage":"pt-BR","mainEntityOfPage":{"@id":"https:\/\/minutobahia24h.com.br\/?p=45799#webpage"},"isPartOf":{"@id":"https:\/\/minutobahia24h.com.br\/?p=45799#webpage"},"articleSection":"Mundo"},{"@type":"BreadcrumbList","@id":"https:\/\/minutobahia24h.com.br\/?p=45799#breadcrumblist","itemListElement":[{"@type":"ListItem","@id":"https:\/\/minutobahia24h.com.br#listItem","position":1,"name":"In\u00edcio","item":"https:\/\/minutobahia24h.com.br","nextItem":{"@type":"ListItem","@id":"https:\/\/minutobahia24h.com.br\/?cat=15#listItem","name":"Mundo"}},{"@type":"ListItem","@id":"https:\/\/minutobahia24h.com.br\/?cat=15#listItem","position":2,"name":"Mundo","item":"https:\/\/minutobahia24h.com.br\/?cat=15","nextItem":{"@type":"ListItem","@id":"https:\/\/minutobahia24h.com.br\/?p=45799#listItem","name":"Ir\u00e3 anuncia exig\u00eancias em memorando de entendimento com EUA; veja lista"},"previousItem":{"@type":"ListItem","@id":"https:\/\/minutobahia24h.com.br#listItem","name":"In\u00edcio"}},{"@type":"ListItem","@id":"https:\/\/minutobahia24h.com.br\/?p=45799#listItem","position":3,"name":"Ir\u00e3 anuncia exig\u00eancias em memorando de entendimento com EUA; veja lista","previousItem":{"@type":"ListItem","@id":"https:\/\/minutobahia24h.com.br\/?cat=15#listItem","name":"Mundo"}}]},{"@type":"Organization","@id":"https:\/\/minutobahia24h.com.br\/#organization","name":"Minuto Bahia 24h","description":"O seu portal de not\u00edcias","url":"https:\/\/minutobahia24h.com.br\/","logo":{"@type":"ImageObject","url":"https:\/\/i0.wp.com\/minutobahia24h.com.br\/wp-content\/uploads\/2023\/09\/cropped-minutoba.png?fit=457%2C119&ssl=1","@id":"https:\/\/minutobahia24h.com.br\/?p=45799\/#organizationLogo","width":457,"height":119},"image":{"@id":"https:\/\/minutobahia24h.com.br\/?p=45799\/#organizationLogo"}},{"@type":"Person","@id":"https:\/\/minutobahia24h.com.br\/?author=2#author","url":"https:\/\/minutobahia24h.com.br\/?author=2","name":"andre","image":{"@type":"ImageObject","@id":"https:\/\/minutobahia24h.com.br\/?p=45799#authorImage","url":"https:\/\/secure.gravatar.com\/avatar\/0ec5eafed5f3925c321625d79a680d589901b94bca787ae396a35f6c4a960922?s=96&d=mm&r=g","width":96,"height":96,"caption":"andre"}},{"@type":"WebPage","@id":"https:\/\/minutobahia24h.com.br\/?p=45799#webpage","url":"https:\/\/minutobahia24h.com.br\/?p=45799","name":"Ir\u00e3 anuncia exig\u00eancias em memorando de entendimento com EUA; veja lista - Minuto Bahia 24h","description":"O Ir\u00e3 apresentou uma lista com 14 exig\u00eancias para avan\u00e7ar em um acordo de paz com os Estados Unidos, segundo informa\u00e7\u00f5es da ag\u00eancia estatal Mehr. Entre as condi\u00e7\u00f5es est\u00e3o a interrup\u00e7\u00e3o imediata dos conflitos, o compromisso dos EUA de n\u00e3o interferir em assuntos internos, a retirada de for\u00e7as americanas da regi\u00e3o, o fim das san\u00e7\u00f5es ao","inLanguage":"pt-BR","isPartOf":{"@id":"https:\/\/minutobahia24h.com.br\/#website"},"breadcrumb":{"@id":"https:\/\/minutobahia24h.com.br\/?p=45799#breadcrumblist"},"author":{"@id":"https:\/\/minutobahia24h.com.br\/?author=2#author"},"creator":{"@id":"https:\/\/minutobahia24h.com.br\/?author=2#author"},"image":{"@type":"ImageObject","url":"https:\/\/i0.wp.com\/minutobahia24h.com.br\/wp-content\/uploads\/2026\/06\/Sem-titulo-177.jpg?fit=984%2C656&ssl=1","@id":"https:\/\/minutobahia24h.com.br\/?p=45799\/#mainImage","width":984,"height":656},"primaryImageOfPage":{"@id":"https:\/\/minutobahia24h.com.br\/?p=45799#mainImage"},"datePublished":"2026-06-15T08:54:50-03:00","dateModified":"2026-06-15T08:56:31-03:00"},{"@type":"WebSite","@id":"https:\/\/minutobahia24h.com.br\/#website","url":"https:\/\/minutobahia24h.com.br\/","name":"Minuto Bahia 24h","description":"O seu portal de not\u00edcias","inLanguage":"pt-BR","publisher":{"@id":"https:\/\/minutobahia24h.com.br\/#organization"}}]},"og:locale":"pt_BR","og:site_name":"Minuto Bahia 24h - O seu portal de not\u00edcias","og:type":"article","og:title":"Ir\u00e3 anuncia exig\u00eancias em memorando de entendimento com EUA; veja lista - Minuto Bahia 24h","og:description":"O Ir\u00e3 apresentou uma lista com 14 exig\u00eancias para avan\u00e7ar em um acordo de paz com os Estados Unidos, segundo informa\u00e7\u00f5es da ag\u00eancia estatal Mehr. Entre as condi\u00e7\u00f5es est\u00e3o a interrup\u00e7\u00e3o imediata dos conflitos, o compromisso dos EUA de n\u00e3o interferir em assuntos internos, a retirada de for\u00e7as americanas da regi\u00e3o, o fim das san\u00e7\u00f5es ao","og:url":"https:\/\/minutobahia24h.com.br\/?p=45799","og:image":"https:\/\/minutobahia24h.com.br\/wp-content\/uploads\/2026\/06\/Sem-titulo-177.jpg","og:image:secure_url":"https:\/\/minutobahia24h.com.br\/wp-content\/uploads\/2026\/06\/Sem-titulo-177.jpg","og:image:width":984,"og:image:height":656,"article:published_time":"2026-06-15T11:54:50+00:00","article:modified_time":"2026-06-15T11:56:31+00:00","twitter:card":"summary_large_image","twitter:title":"Ir\u00e3 anuncia exig\u00eancias em memorando de entendimento com EUA; veja lista - Minuto Bahia 24h","twitter:description":"O Ir\u00e3 apresentou uma lista com 14 exig\u00eancias para avan\u00e7ar em um acordo de paz com os Estados Unidos, segundo informa\u00e7\u00f5es da ag\u00eancia estatal Mehr. Entre as condi\u00e7\u00f5es est\u00e3o a interrup\u00e7\u00e3o imediata dos conflitos, o compromisso dos EUA de n\u00e3o interferir em assuntos internos, a retirada de for\u00e7as americanas da regi\u00e3o, o fim das san\u00e7\u00f5es ao","twitter:image":"https:\/\/minutobahia24h.com.br\/wp-content\/uploads\/2026\/06\/Sem-titulo-177.jpg"},"aioseo_meta_data":{"post_id":"45799","title":null,"description":null,"keywords":null,"keyphrases":{"focus":{"keyphrase":"","score":0,"analysis":{"keyphraseInTitle":{"score":0,"maxScore":9,"error":1}}},"additional":[]},"primary_term":null,"canonical_url":null,"og_title":null,"og_description":null,"og_object_type":"default","og_image_type":"default","og_image_url":null,"og_image_width":null,"og_image_height":null,"og_image_custom_url":null,"og_image_custom_fields":null,"og_video":"","og_custom_url":null,"og_article_section":null,"og_article_tags":null,"twitter_use_og":true,"twitter_card":"default","twitter_image_type":"default","twitter_image_url":null,"twitter_image_custom_url":null,"twitter_image_custom_fields":null,"twitter_title":null,"twitter_description":null,"schema":{"blockGraphs":[],"customGraphs":[],"default":{"data":{"Article":[],"Course":[],"Dataset":[],"FAQPage":[],"Movie":[],"Person":[],"Product":[],"ProductReview":[],"Car":[],"Recipe":[],"Service":[],"SoftwareApplication":[],"WebPage":[]},"graphName":"BlogPosting","isEnabled":true},"graphs":[]},"schema_type":"default","schema_type_options":null,"pillar_content":false,"robots_default":true,"robots_noindex":false,"robots_noarchive":false,"robots_nosnippet":false,"robots_nofollow":false,"robots_noimageindex":false,"robots_noodp":false,"robots_notranslate":false,"robots_max_snippet":"-1","robots_max_videopreview":"-1","robots_max_imagepreview":"large","priority":null,"frequency":"default","local_seo":null,"breadcrumb_settings":null,"limit_modified_date":false,"ai":{"faqs":[],"keyPoints":[],"schemas":[],"titles":[],"descriptions":[],"socialPosts":{"email":[],"linkedin":[],"twitter":[],"facebook":[],"instagram":[]}},"created":"2026-06-15 11:54:52","updated":"2026-06-15 12:18:29","seo_analyzer_scan_date":null,"focus_keyword":null,"additional_keywords":null,"truseo_locale":null},"aioseo_breadcrumb":"<div class=\"aioseo-breadcrumbs\"><span class=\"aioseo-breadcrumb\">\n\t\t\t<a href=\"https:\/\/minutobahia24h.com.br\" title=\"In\u00edcio\">In\u00edcio<\/a>\n\t\t<\/span><span class=\"aioseo-breadcrumb-separator\">&raquo;<\/span><span class=\"aioseo-breadcrumb\">\n\t\t\t<a href=\"https:\/\/minutobahia24h.com.br\/?cat=15\" title=\"Mundo\">Mundo<\/a>\n\t\t<\/span><span class=\"aioseo-breadcrumb-separator\">&raquo;<\/span><span class=\"aioseo-breadcrumb\">\n\t\t\tIr\u00e3 anuncia exig\u00eancias em memorando de entendimento com EUA; veja lista\n\t\t<\/span><\/div>","aioseo_breadcrumb_json":[{"label":"In\u00edcio","link":"https:\/\/minutobahia24h.com.br"},{"label":"Mundo","link":"https:\/\/minutobahia24h.com.br\/?cat=15"},{"label":"Ir\u00e3 anuncia exig\u00eancias em memorando de entendimento com EUA; veja lista","link":"https:\/\/minutobahia24h.com.br\/?p=45799"}],"jetpack_sharing_enabled":true,"jetpack_featured_media_url":"https:\/\/i0.wp.com\/minutobahia24h.com.br\/wp-content\/uploads\/2026\/06\/Sem-titulo-177.jpg?fit=984%2C656&ssl=1","_links":{"self":[{"href":"https:\/\/minutobahia24h.com.br\/index.php?rest_route=\/wp\/v2\/posts\/45799","targetHints":{"allow":["GET"]}}],"collection":[{"href":"https:\/\/minutobahia24h.com.br\/index.php?rest_route=\/wp\/v2\/posts"}],"about":[{"href":"https:\/\/minutobahia24h.com.br\/index.php?rest_route=\/wp\/v2\/types\/post"}],"author":[{"embeddable":true,"href":"https:\/\/minutobahia24h.com.br\/index.php?rest_route=\/wp\/v2\/users\/2"}],"replies":[{"embeddable":true,"href":"https:\/\/minutobahia24h.com.br\/index.php?rest_route=%2Fwp%2Fv2%2Fcomments&post=45799"}],"version-history":[{"count":2,"href":"https:\/\/minutobahia24h.com.br\/index.php?rest_route=\/wp\/v2\/posts\/45799\/revisions"}],"predecessor-version":[{"id":45803,"href":"https:\/\/minutobahia24h.com.br\/index.php?rest_route=\/wp\/v2\/posts\/45799\/revisions\/45803"}],"wp:featuredmedia":[{"embeddable":true,"href":"https:\/\/minutobahia24h.com.br\/index.php?rest_route=\/wp\/v2\/media\/45800"}],"wp:attachment":[{"href":"https:\/\/minutobahia24h.com.br\/index.php?rest_route=%2Fwp%2Fv2%2Fmedia&parent=45799"}],"wp:term":[{"taxonomy":"category","embeddable":true,"href":"https:\/\/minutobahia24h.com.br\/index.php?rest_route=%2Fwp%2Fv2%2Fcategories&post=45799"},{"taxonomy":"post_tag","embeddable":true,"href":"https:\/\/minutobahia24h.com.br\/index.php?rest_route=%2Fwp%2Fv2%2Ftags&post=45799"}],"curies":[{"name":"wp","href":"https:\/\/api.w.org\/{rel}","templated":true}]}}