{"id":45750,"date":"2026-06-13T14:10:10","date_gmt":"2026-06-13T17:10:10","guid":{"rendered":"https:\/\/minutobahia24h.com.br\/?p=45750"},"modified":"2026-06-13T14:10:11","modified_gmt":"2026-06-13T17:10:11","slug":"tradicional-festa-de-sao-joao-batista-padroeiro-de-jaguarari-comeca-no-proximo-domingo-14","status":"publish","type":"post","link":"https:\/\/minutobahia24h.com.br\/?p=45750","title":{"rendered":"Tradicional festa de S\u00e3o Jo\u00e3o Batista, padroeiro de Jaguarari come\u00e7a no pr\u00f3ximo domingo (14)"},"content":{"rendered":"<div class=\"wp-block-image\">\n<figure class=\"aligncenter size-full\"><img data-recalc-dims=\"1\" fetchpriority=\"high\" decoding=\"async\" width=\"640\" height=\"563\" src=\"https:\/\/i0.wp.com\/minutobahia24h.com.br\/wp-content\/uploads\/2026\/06\/Sem-titulo-163.jpg?resize=640%2C563&#038;ssl=1\" alt=\"\" class=\"wp-image-45751\" srcset=\"https:\/\/i0.wp.com\/minutobahia24h.com.br\/wp-content\/uploads\/2026\/06\/Sem-titulo-163.jpg?w=640&amp;ssl=1 640w, https:\/\/i0.wp.com\/minutobahia24h.com.br\/wp-content\/uploads\/2026\/06\/Sem-titulo-163.jpg?resize=300%2C264&amp;ssl=1 300w\" sizes=\"(max-width: 640px) 100vw, 640px\" \/><figcaption class=\"wp-element-caption\">Imagem: Reprodu\u00e7\u00e3o<\/figcaption><\/figure>\n<\/div>\n\n\n<p class=\"wp-block-paragraph\">A tradicional festa de S\u00e3o Jo\u00e3o Batista, padroeiro de Jaguarari, ser\u00e1 realizada entre os dias 14 e 24 de junho, na Igreja matriz, na Pra\u00e7a Cust\u00f3dio Barbosa, com o tema: &#8220;Com S\u00e3o Jo\u00e3o Batista, tenhamos os mesmos sentimentos de Cristo&#8221;. A programa\u00e7\u00e3o reunir\u00e1 pastorais, movimentos e comunidades em onze dias de celebra\u00e7\u00f5es e atividades religiosas.&nbsp;<\/p>\n\n\n\n<p class=\"wp-block-paragraph\">Ao longo dos dias, a festividade contar\u00e1 com feira chique \u00e0s 16h e missas \u00e0s 19h promovendo momentos de f\u00e9 e confraterniza\u00e7\u00e3o entre os fi\u00e9is. A abertura oficial da festa ser\u00e1 conduzida pelo Padre Thiago Rafael, p\u00e1roco de Jaguarari, que celebrar\u00e1 a missa inaugural no dia 14. J\u00e1 no encerramento, marcado para o dia 24, uma prociss\u00e3o percorrer\u00e1 as ruas da cidade, culminando com a missa solene presidida pelo Padre Johnny Silva.<\/p>\n\n\n\n<p class=\"wp-block-paragraph\"><strong>Confira a programa\u00e7\u00e3o:<\/strong><\/p>\n\n\n\n<p class=\"wp-block-paragraph\"><strong>Dia 14\/06 &#8211; Domingo&nbsp;<\/strong><\/p>\n\n\n\n<p class=\"wp-block-paragraph\">ABERTURA DO NOVEN\u00c1RIO<\/p>\n\n\n\n<p class=\"wp-block-paragraph\">19h &#8211; Santa Missa<\/p>\n\n\n\n<p class=\"wp-block-paragraph\">LEMA: A compaix\u00e3o que cuida<\/p>\n\n\n\n<p class=\"wp-block-paragraph\">RESPONS\u00c1VEIS: Rede Mundial de Ora\u00e7\u00e3o do Papa e Comunidade Imaculada Concei\u00e7\u00e3o.<\/p>\n\n\n\n<p class=\"wp-block-paragraph\">N\u00daCLEO CONVIDADO: Catunis &#8211; Vanuza&nbsp;<\/p>\n\n\n\n<p class=\"wp-block-paragraph\">CELEBRANTE: Padre Thiago Rafael&nbsp;<\/p>\n\n\n\n<p class=\"wp-block-paragraph\"><strong>Dia 15\/06 &#8211; Segunda-feira<\/strong><\/p>\n\n\n\n<p class=\"wp-block-paragraph\">19h &#8211; Santa Missa<\/p>\n\n\n\n<p class=\"wp-block-paragraph\">LEMA: A mansid\u00e3o que consola<\/p>\n\n\n\n<p class=\"wp-block-paragraph\">RESPONS\u00c1VEIS: Pastoral Catequ\u00e9tica, Catequisandos e Comunidade de Santo Ant\u00f4nio<\/p>\n\n\n\n<p class=\"wp-block-paragraph\">N\u00daCLEO CONVIDADO: Juacema &#8211; Edna<\/p>\n\n\n\n<p class=\"wp-block-paragraph\"><strong>Dia 16\/06 &#8211; Ter\u00e7a-feira<\/strong><\/p>\n\n\n\n<p class=\"wp-block-paragraph\">19h &#8211; Santa Missa<\/p>\n\n\n\n<p class=\"wp-block-paragraph\">LEMA: A alegria do encontro<\/p>\n\n\n\n<p class=\"wp-block-paragraph\">RESPONS\u00c1VEIS: Pastoral do D\u00edzimo, Comerciantes e Feirantes<\/p>\n\n\n\n<p class=\"wp-block-paragraph\">N\u00daCLEO CONVIDADO: Serra dos Morgados &#8211; Bet\u00e2nia<\/p>\n\n\n\n<p class=\"wp-block-paragraph\"><strong>Dia 17\/06 &#8211; Quarta-feira<\/strong><\/p>\n\n\n\n<p class=\"wp-block-paragraph\">19h &#8211; Santa Missa<\/p>\n\n\n\n<p class=\"wp-block-paragraph\">LEMA: O amor que cura&nbsp;<\/p>\n\n\n\n<p class=\"wp-block-paragraph\">RESPONS\u00c1VEIS: Legi\u00e3o de Maria, Professores e Funcion\u00e1rios P\u00fablicos<\/p>\n\n\n\n<p class=\"wp-block-paragraph\">N\u00daCLEO CONVIDADO: Gameleira &#8211; Cl\u00e1udia<\/p>\n\n\n\n<p class=\"wp-block-paragraph\"><strong>Dia 18\/06 &#8211; Quinta-feira<\/strong><\/p>\n\n\n\n<p class=\"wp-block-paragraph\">19h &#8211; Santa Missa<\/p>\n\n\n\n<p class=\"wp-block-paragraph\">LEMA: A miseric\u00f3rdia que acolhe&nbsp;<\/p>\n\n\n\n<p class=\"wp-block-paragraph\">RESPONS\u00c1VEIS: Grupo de Ora\u00e7\u00e3o, Juventude e Artistas<\/p>\n\n\n\n<p class=\"wp-block-paragraph\">N\u00daCLEO CONVIDADO: Flamengo e S\u00edtio do Meio &#8211; Raimunda e Maria<\/p>\n\n\n\n<p class=\"wp-block-paragraph\"><strong>Dia 19\/06 &#8211; Sexta-feira<\/strong><\/p>\n\n\n\n<p class=\"wp-block-paragraph\">19h &#8211; Santa Missa<\/p>\n\n\n\n<p class=\"wp-block-paragraph\">LEMA: O cora\u00e7\u00e3o paterno&nbsp;<\/p>\n\n\n\n<p class=\"wp-block-paragraph\">RESPONS\u00c1VEIS: Cursilho da Cristandade, Motoristas, Motociclistas, Taxistas e Comunidade de S\u00e3o Crist\u00f3v\u00e3o<\/p>\n\n\n\n<p class=\"wp-block-paragraph\">N\u00daCLEO CONVIDADO: Jacun\u0103 &#8211; Francisca<\/p>\n\n\n\n<p class=\"wp-block-paragraph\"><strong>Dia 20\/06 &#8211; S\u00e1bado<\/strong><\/p>\n\n\n\n<p class=\"wp-block-paragraph\">19h &#8211; Santa Missa<\/p>\n\n\n\n<p class=\"wp-block-paragraph\">LEMA: A ternura com os pequenos<\/p>\n\n\n\n<p class=\"wp-block-paragraph\">RESPONS\u00c1VEIS: MESC, Coroinhas e Praesidium Nossa Senhora da Consolata<\/p>\n\n\n\n<p class=\"wp-block-paragraph\">N\u00daCLEO CONVIDADO: Concei\u00e7\u00e3o &#8211; Silmara<\/p>\n\n\n\n<p class=\"wp-block-paragraph\"><strong>Dia 21\/06 &#8211; Domingo<\/strong><\/p>\n\n\n\n<p class=\"wp-block-paragraph\">19h &#8211; Santa Missa<\/p>\n\n\n\n<p class=\"wp-block-paragraph\">LEMA: O amor que perdoa&nbsp;<\/p>\n\n\n\n<p class=\"wp-block-paragraph\">RESPONS\u00c1VEIS: Pastoral familiar e Vicentinos<\/p>\n\n\n\n<p class=\"wp-block-paragraph\">N\u00daCLEOS CONVIDADOS: Volta e Lagoa do Mateus &#8211; Mayra e Maria<\/p>\n\n\n\n<p class=\"wp-block-paragraph\"><strong>Dia 22\/06 &#8211; Segunda-feira<\/strong><\/p>\n\n\n\n<p class=\"wp-block-paragraph\">19h &#8211; Santa Missa<\/p>\n\n\n\n<p class=\"wp-block-paragraph\">LEMA: A predile\u00e7\u00e3o divina&nbsp;<\/p>\n\n\n\n<p class=\"wp-block-paragraph\">RESPONS\u00c1VEIS: Movimento do Ter\u00e7o dos Homens, Pisada de Ouro e Piemonte, Desportistas de Jaguarari, Bairro Mata Funda e Comunidade de Nossa Senhora Aparecida<\/p>\n\n\n\n<p class=\"wp-block-paragraph\">N\u00daCLEO CONVIDADO: Macambira &#8211; Gislainy<\/p>\n\n\n\n<p class=\"wp-block-paragraph\"><strong>Dia 23\/06 &#8211; Ter\u00e7a-feira<\/strong><\/p>\n\n\n\n<p class=\"wp-block-paragraph\">19h &#8211; Santa Missa<\/p>\n\n\n\n<p class=\"wp-block-paragraph\">Vig\u00edlia\/Solenidade&nbsp;<\/p>\n\n\n\n<p class=\"wp-block-paragraph\">RESPONS\u00c1VEIS: Matriz &#8211; Venilde, Suin\u00ea, In\u00eas e Cica<\/p>\n\n\n\n<p class=\"wp-block-paragraph\"><strong>Dia 24\/06 &#8211; Quarta-feira<\/strong><\/p>\n\n\n\n<p class=\"wp-block-paragraph\">SOLENIDADE de S\u00c3O JO\u00c3O BATISTA<\/p>\n\n\n\n<p class=\"wp-block-paragraph\">16h &#8211; Prociss\u00e3o e Missa Solene&nbsp;<\/p>\n\n\n\n<p class=\"wp-block-paragraph\">Tema geral: &#8220;Com S\u00e3o Jo\u00e3o Batista, tenhamos os mesmos sentimentos de Cristo&#8221;<\/p>\n\n\n\n<p class=\"wp-block-paragraph\">RESPONS\u00c1VEIS: Venilde, Suin\u00ea, Petinha e Patr\u00edcia<\/p>\n\n\n\n<p class=\"wp-block-paragraph\">CELEBRANTE: Padre Johnny Silva Borges<\/p>\n\n\n\n<p class=\"wp-block-paragraph\"><strong><em>Fonte: Portal Jaguarari&nbsp;<\/em><\/strong><\/p>\n","protected":false},"excerpt":{"rendered":"<p>A tradicional festa de S\u00e3o Jo\u00e3o Batista, padroeiro de Jaguarari, ser\u00e1 realizada entre os dias 14 e 24 de junho, na Igreja matriz, na Pra\u00e7a Cust\u00f3dio Barbosa, com o tema: &#8220;Com S\u00e3o Jo\u00e3o Batista, tenhamos os mesmos sentimentos de Cristo&#8221;. A programa\u00e7\u00e3o reunir\u00e1 pastorais, movimentos e comunidades em onze dias de celebra\u00e7\u00f5es e atividades religiosas.&nbsp; [&hellip;]<\/p>\n","protected":false},"author":2,"featured_media":45751,"comment_status":"open","ping_status":"open","sticky":false,"template":"","format":"standard","meta":{"_jetpack_newsletter_access":"","_jetpack_dont_email_post_to_subs":false,"_jetpack_newsletter_tier_id":0,"_jetpack_memberships_contains_paywalled_content":false,"_jetpack_feature_clip_id":0,"_jetpack_memberships_contains_paid_content":false,"footnotes":"","jetpack_post_was_ever_published":false},"categories":[3],"tags":[],"class_list":["post-45750","post","type-post","status-publish","format-standard","has-post-thumbnail","hentry","category-regional"],"aioseo_notices":[],"aioseo_head":"\n\t\t<!-- All in One SEO 5.0.1.1 - aioseo.com -->\n\t<meta name=\"description\" content=\"A tradicional festa de S\u00e3o Jo\u00e3o Batista, padroeiro de Jaguarari, ser\u00e1 realizada entre os dias 14 e 24 de junho, na Igreja matriz, na Pra\u00e7a Cust\u00f3dio Barbosa, com o tema: &quot;Com S\u00e3o Jo\u00e3o Batista, tenhamos os mesmos sentimentos de Cristo&quot;. A programa\u00e7\u00e3o reunir\u00e1 pastorais, movimentos e comunidades em onze dias de celebra\u00e7\u00f5es e atividades religiosas.\" \/>\n\t<meta name=\"robots\" content=\"max-image-preview:large\" \/>\n\t<meta name=\"author\" content=\"andre\"\/>\n\t<link rel=\"canonical\" href=\"https:\/\/minutobahia24h.com.br\/?p=45750\" \/>\n\t<meta name=\"generator\" content=\"All in One SEO (AIOSEO) 5.0.1.1\" \/>\n\t\t<meta property=\"og:locale\" content=\"pt_BR\" \/>\n\t\t<meta property=\"og:site_name\" content=\"Minuto Bahia 24h - O seu portal de not\u00edcias\" \/>\n\t\t<meta property=\"og:type\" content=\"article\" \/>\n\t\t<meta property=\"og:title\" content=\"Tradicional festa de S\u00e3o Jo\u00e3o Batista, padroeiro de Jaguarari come\u00e7a no pr\u00f3ximo domingo (14) - Minuto Bahia 24h\" \/>\n\t\t<meta property=\"og:description\" content=\"A tradicional festa de S\u00e3o Jo\u00e3o Batista, padroeiro de Jaguarari, ser\u00e1 realizada entre os dias 14 e 24 de junho, na Igreja matriz, na Pra\u00e7a Cust\u00f3dio Barbosa, com o tema: &quot;Com S\u00e3o Jo\u00e3o Batista, tenhamos os mesmos sentimentos de Cristo&quot;. A programa\u00e7\u00e3o reunir\u00e1 pastorais, movimentos e comunidades em onze dias de celebra\u00e7\u00f5es e atividades religiosas.\" \/>\n\t\t<meta property=\"og:url\" content=\"https:\/\/minutobahia24h.com.br\/?p=45750\" \/>\n\t\t<meta property=\"og:image\" content=\"https:\/\/minutobahia24h.com.br\/wp-content\/uploads\/2026\/06\/Sem-titulo-163.jpg\" \/>\n\t\t<meta property=\"og:image:secure_url\" content=\"https:\/\/minutobahia24h.com.br\/wp-content\/uploads\/2026\/06\/Sem-titulo-163.jpg\" \/>\n\t\t<meta property=\"og:image:width\" content=\"640\" \/>\n\t\t<meta property=\"og:image:height\" content=\"563\" \/>\n\t\t<meta property=\"article:published_time\" content=\"2026-06-13T17:10:10+00:00\" \/>\n\t\t<meta property=\"article:modified_time\" content=\"2026-06-13T17:10:11+00:00\" \/>\n\t\t<meta name=\"twitter:card\" content=\"summary_large_image\" \/>\n\t\t<meta name=\"twitter:title\" content=\"Tradicional festa de S\u00e3o Jo\u00e3o Batista, padroeiro de Jaguarari come\u00e7a no pr\u00f3ximo domingo (14) - Minuto Bahia 24h\" \/>\n\t\t<meta name=\"twitter:description\" content=\"A tradicional festa de S\u00e3o Jo\u00e3o Batista, padroeiro de Jaguarari, ser\u00e1 realizada entre os dias 14 e 24 de junho, na Igreja matriz, na Pra\u00e7a Cust\u00f3dio Barbosa, com o tema: &quot;Com S\u00e3o Jo\u00e3o Batista, tenhamos os mesmos sentimentos de Cristo&quot;. A programa\u00e7\u00e3o reunir\u00e1 pastorais, movimentos e comunidades em onze dias de celebra\u00e7\u00f5es e atividades religiosas.\" \/>\n\t\t<meta name=\"twitter:image\" content=\"https:\/\/minutobahia24h.com.br\/wp-content\/uploads\/2026\/06\/Sem-titulo-163.jpg\" \/>\n\t\t<script type=\"application\/ld+json\" class=\"aioseo-schema\">\n\t\t\t{\"@context\":\"https:\\\/\\\/schema.org\",\"@graph\":[{\"@type\":\"BlogPosting\",\"@id\":\"https:\\\/\\\/minutobahia24h.com.br\\\/?p=45750#blogposting\",\"name\":\"Tradicional festa de S\\u00e3o Jo\\u00e3o Batista, padroeiro de Jaguarari come\\u00e7a no pr\\u00f3ximo domingo (14) - Minuto Bahia 24h\",\"headline\":\"Tradicional festa de S\\u00e3o Jo\\u00e3o Batista, padroeiro de Jaguarari come\\u00e7a no pr\\u00f3ximo domingo (14)\",\"author\":{\"@id\":\"https:\\\/\\\/minutobahia24h.com.br\\\/?author=2#author\"},\"publisher\":{\"@id\":\"https:\\\/\\\/minutobahia24h.com.br\\\/#organization\"},\"image\":{\"@type\":\"ImageObject\",\"url\":\"https:\\\/\\\/i0.wp.com\\\/minutobahia24h.com.br\\\/wp-content\\\/uploads\\\/2026\\\/06\\\/Sem-titulo-163.jpg?fit=640%2C563&ssl=1\",\"width\":640,\"height\":563},\"datePublished\":\"2026-06-13T14:10:10-03:00\",\"dateModified\":\"2026-06-13T14:10:11-03:00\",\"inLanguage\":\"pt-BR\",\"mainEntityOfPage\":{\"@id\":\"https:\\\/\\\/minutobahia24h.com.br\\\/?p=45750#webpage\"},\"isPartOf\":{\"@id\":\"https:\\\/\\\/minutobahia24h.com.br\\\/?p=45750#webpage\"},\"articleSection\":\"Regional\"},{\"@type\":\"BreadcrumbList\",\"@id\":\"https:\\\/\\\/minutobahia24h.com.br\\\/?p=45750#breadcrumblist\",\"itemListElement\":[{\"@type\":\"ListItem\",\"@id\":\"https:\\\/\\\/minutobahia24h.com.br#listItem\",\"position\":1,\"name\":\"In\\u00edcio\",\"item\":\"https:\\\/\\\/minutobahia24h.com.br\",\"nextItem\":{\"@type\":\"ListItem\",\"@id\":\"https:\\\/\\\/minutobahia24h.com.br\\\/?cat=3#listItem\",\"name\":\"Regional\"}},{\"@type\":\"ListItem\",\"@id\":\"https:\\\/\\\/minutobahia24h.com.br\\\/?cat=3#listItem\",\"position\":2,\"name\":\"Regional\",\"item\":\"https:\\\/\\\/minutobahia24h.com.br\\\/?cat=3\",\"nextItem\":{\"@type\":\"ListItem\",\"@id\":\"https:\\\/\\\/minutobahia24h.com.br\\\/?p=45750#listItem\",\"name\":\"Tradicional festa de S\\u00e3o Jo\\u00e3o Batista, padroeiro de Jaguarari come\\u00e7a no pr\\u00f3ximo domingo (14)\"},\"previousItem\":{\"@type\":\"ListItem\",\"@id\":\"https:\\\/\\\/minutobahia24h.com.br#listItem\",\"name\":\"In\\u00edcio\"}},{\"@type\":\"ListItem\",\"@id\":\"https:\\\/\\\/minutobahia24h.com.br\\\/?p=45750#listItem\",\"position\":3,\"name\":\"Tradicional festa de S\\u00e3o Jo\\u00e3o Batista, padroeiro de Jaguarari come\\u00e7a no pr\\u00f3ximo domingo (14)\",\"previousItem\":{\"@type\":\"ListItem\",\"@id\":\"https:\\\/\\\/minutobahia24h.com.br\\\/?cat=3#listItem\",\"name\":\"Regional\"}}]},{\"@type\":\"Organization\",\"@id\":\"https:\\\/\\\/minutobahia24h.com.br\\\/#organization\",\"name\":\"Minuto Bahia 24h\",\"description\":\"O seu portal de not\\u00edcias\",\"url\":\"https:\\\/\\\/minutobahia24h.com.br\\\/\",\"logo\":{\"@type\":\"ImageObject\",\"url\":\"https:\\\/\\\/i0.wp.com\\\/minutobahia24h.com.br\\\/wp-content\\\/uploads\\\/2023\\\/09\\\/cropped-minutoba.png?fit=457%2C119&ssl=1\",\"@id\":\"https:\\\/\\\/minutobahia24h.com.br\\\/?p=45750\\\/#organizationLogo\",\"width\":457,\"height\":119},\"image\":{\"@id\":\"https:\\\/\\\/minutobahia24h.com.br\\\/?p=45750\\\/#organizationLogo\"}},{\"@type\":\"Person\",\"@id\":\"https:\\\/\\\/minutobahia24h.com.br\\\/?author=2#author\",\"url\":\"https:\\\/\\\/minutobahia24h.com.br\\\/?author=2\",\"name\":\"andre\",\"image\":{\"@type\":\"ImageObject\",\"@id\":\"https:\\\/\\\/minutobahia24h.com.br\\\/?p=45750#authorImage\",\"url\":\"https:\\\/\\\/secure.gravatar.com\\\/avatar\\\/0ec5eafed5f3925c321625d79a680d589901b94bca787ae396a35f6c4a960922?s=96&d=mm&r=g\",\"width\":96,\"height\":96,\"caption\":\"andre\"}},{\"@type\":\"WebPage\",\"@id\":\"https:\\\/\\\/minutobahia24h.com.br\\\/?p=45750#webpage\",\"url\":\"https:\\\/\\\/minutobahia24h.com.br\\\/?p=45750\",\"name\":\"Tradicional festa de S\\u00e3o Jo\\u00e3o Batista, padroeiro de Jaguarari come\\u00e7a no pr\\u00f3ximo domingo (14) - Minuto Bahia 24h\",\"description\":\"A tradicional festa de S\\u00e3o Jo\\u00e3o Batista, padroeiro de Jaguarari, ser\\u00e1 realizada entre os dias 14 e 24 de junho, na Igreja matriz, na Pra\\u00e7a Cust\\u00f3dio Barbosa, com o tema: \\\"Com S\\u00e3o Jo\\u00e3o Batista, tenhamos os mesmos sentimentos de Cristo\\\". A programa\\u00e7\\u00e3o reunir\\u00e1 pastorais, movimentos e comunidades em onze dias de celebra\\u00e7\\u00f5es e atividades religiosas.\",\"inLanguage\":\"pt-BR\",\"isPartOf\":{\"@id\":\"https:\\\/\\\/minutobahia24h.com.br\\\/#website\"},\"breadcrumb\":{\"@id\":\"https:\\\/\\\/minutobahia24h.com.br\\\/?p=45750#breadcrumblist\"},\"author\":{\"@id\":\"https:\\\/\\\/minutobahia24h.com.br\\\/?author=2#author\"},\"creator\":{\"@id\":\"https:\\\/\\\/minutobahia24h.com.br\\\/?author=2#author\"},\"image\":{\"@type\":\"ImageObject\",\"url\":\"https:\\\/\\\/i0.wp.com\\\/minutobahia24h.com.br\\\/wp-content\\\/uploads\\\/2026\\\/06\\\/Sem-titulo-163.jpg?fit=640%2C563&ssl=1\",\"@id\":\"https:\\\/\\\/minutobahia24h.com.br\\\/?p=45750\\\/#mainImage\",\"width\":640,\"height\":563},\"primaryImageOfPage\":{\"@id\":\"https:\\\/\\\/minutobahia24h.com.br\\\/?p=45750#mainImage\"},\"datePublished\":\"2026-06-13T14:10:10-03:00\",\"dateModified\":\"2026-06-13T14:10:11-03:00\"},{\"@type\":\"WebSite\",\"@id\":\"https:\\\/\\\/minutobahia24h.com.br\\\/#website\",\"url\":\"https:\\\/\\\/minutobahia24h.com.br\\\/\",\"name\":\"Minuto Bahia 24h\",\"description\":\"O seu portal de not\\u00edcias\",\"inLanguage\":\"pt-BR\",\"publisher\":{\"@id\":\"https:\\\/\\\/minutobahia24h.com.br\\\/#organization\"}}]}\n\t\t<\/script>\n\t\t<!-- All in One SEO -->\n\n","aioseo_head_json":{"title":"Tradicional festa de S\u00e3o Jo\u00e3o Batista, padroeiro de Jaguarari come\u00e7a no pr\u00f3ximo domingo (14) - Minuto Bahia 24h","description":"A tradicional festa de S\u00e3o Jo\u00e3o Batista, padroeiro de Jaguarari, ser\u00e1 realizada entre os dias 14 e 24 de junho, na Igreja matriz, na Pra\u00e7a Cust\u00f3dio Barbosa, com o tema: \"Com S\u00e3o Jo\u00e3o Batista, tenhamos os mesmos sentimentos de Cristo\". A programa\u00e7\u00e3o reunir\u00e1 pastorais, movimentos e comunidades em onze dias de celebra\u00e7\u00f5es e atividades religiosas.","canonical_url":"https:\/\/minutobahia24h.com.br\/?p=45750","robots":"max-image-preview:large","keywords":"","webmasterTools":{"miscellaneous":""},"schema":{"@context":"https:\/\/schema.org","@graph":[{"@type":"BlogPosting","@id":"https:\/\/minutobahia24h.com.br\/?p=45750#blogposting","name":"Tradicional festa de S\u00e3o Jo\u00e3o Batista, padroeiro de Jaguarari come\u00e7a no pr\u00f3ximo domingo (14) - Minuto Bahia 24h","headline":"Tradicional festa de S\u00e3o Jo\u00e3o Batista, padroeiro de Jaguarari come\u00e7a no pr\u00f3ximo domingo (14)","author":{"@id":"https:\/\/minutobahia24h.com.br\/?author=2#author"},"publisher":{"@id":"https:\/\/minutobahia24h.com.br\/#organization"},"image":{"@type":"ImageObject","url":"https:\/\/i0.wp.com\/minutobahia24h.com.br\/wp-content\/uploads\/2026\/06\/Sem-titulo-163.jpg?fit=640%2C563&ssl=1","width":640,"height":563},"datePublished":"2026-06-13T14:10:10-03:00","dateModified":"2026-06-13T14:10:11-03:00","inLanguage":"pt-BR","mainEntityOfPage":{"@id":"https:\/\/minutobahia24h.com.br\/?p=45750#webpage"},"isPartOf":{"@id":"https:\/\/minutobahia24h.com.br\/?p=45750#webpage"},"articleSection":"Regional"},{"@type":"BreadcrumbList","@id":"https:\/\/minutobahia24h.com.br\/?p=45750#breadcrumblist","itemListElement":[{"@type":"ListItem","@id":"https:\/\/minutobahia24h.com.br#listItem","position":1,"name":"In\u00edcio","item":"https:\/\/minutobahia24h.com.br","nextItem":{"@type":"ListItem","@id":"https:\/\/minutobahia24h.com.br\/?cat=3#listItem","name":"Regional"}},{"@type":"ListItem","@id":"https:\/\/minutobahia24h.com.br\/?cat=3#listItem","position":2,"name":"Regional","item":"https:\/\/minutobahia24h.com.br\/?cat=3","nextItem":{"@type":"ListItem","@id":"https:\/\/minutobahia24h.com.br\/?p=45750#listItem","name":"Tradicional festa de S\u00e3o Jo\u00e3o Batista, padroeiro de Jaguarari come\u00e7a no pr\u00f3ximo domingo (14)"},"previousItem":{"@type":"ListItem","@id":"https:\/\/minutobahia24h.com.br#listItem","name":"In\u00edcio"}},{"@type":"ListItem","@id":"https:\/\/minutobahia24h.com.br\/?p=45750#listItem","position":3,"name":"Tradicional festa de S\u00e3o Jo\u00e3o Batista, padroeiro de Jaguarari come\u00e7a no pr\u00f3ximo domingo (14)","previousItem":{"@type":"ListItem","@id":"https:\/\/minutobahia24h.com.br\/?cat=3#listItem","name":"Regional"}}]},{"@type":"Organization","@id":"https:\/\/minutobahia24h.com.br\/#organization","name":"Minuto Bahia 24h","description":"O seu portal de not\u00edcias","url":"https:\/\/minutobahia24h.com.br\/","logo":{"@type":"ImageObject","url":"https:\/\/i0.wp.com\/minutobahia24h.com.br\/wp-content\/uploads\/2023\/09\/cropped-minutoba.png?fit=457%2C119&ssl=1","@id":"https:\/\/minutobahia24h.com.br\/?p=45750\/#organizationLogo","width":457,"height":119},"image":{"@id":"https:\/\/minutobahia24h.com.br\/?p=45750\/#organizationLogo"}},{"@type":"Person","@id":"https:\/\/minutobahia24h.com.br\/?author=2#author","url":"https:\/\/minutobahia24h.com.br\/?author=2","name":"andre","image":{"@type":"ImageObject","@id":"https:\/\/minutobahia24h.com.br\/?p=45750#authorImage","url":"https:\/\/secure.gravatar.com\/avatar\/0ec5eafed5f3925c321625d79a680d589901b94bca787ae396a35f6c4a960922?s=96&d=mm&r=g","width":96,"height":96,"caption":"andre"}},{"@type":"WebPage","@id":"https:\/\/minutobahia24h.com.br\/?p=45750#webpage","url":"https:\/\/minutobahia24h.com.br\/?p=45750","name":"Tradicional festa de S\u00e3o Jo\u00e3o Batista, padroeiro de Jaguarari come\u00e7a no pr\u00f3ximo domingo (14) - Minuto Bahia 24h","description":"A tradicional festa de S\u00e3o Jo\u00e3o Batista, padroeiro de Jaguarari, ser\u00e1 realizada entre os dias 14 e 24 de junho, na Igreja matriz, na Pra\u00e7a Cust\u00f3dio Barbosa, com o tema: \"Com S\u00e3o Jo\u00e3o Batista, tenhamos os mesmos sentimentos de Cristo\". A programa\u00e7\u00e3o reunir\u00e1 pastorais, movimentos e comunidades em onze dias de celebra\u00e7\u00f5es e atividades religiosas.","inLanguage":"pt-BR","isPartOf":{"@id":"https:\/\/minutobahia24h.com.br\/#website"},"breadcrumb":{"@id":"https:\/\/minutobahia24h.com.br\/?p=45750#breadcrumblist"},"author":{"@id":"https:\/\/minutobahia24h.com.br\/?author=2#author"},"creator":{"@id":"https:\/\/minutobahia24h.com.br\/?author=2#author"},"image":{"@type":"ImageObject","url":"https:\/\/i0.wp.com\/minutobahia24h.com.br\/wp-content\/uploads\/2026\/06\/Sem-titulo-163.jpg?fit=640%2C563&ssl=1","@id":"https:\/\/minutobahia24h.com.br\/?p=45750\/#mainImage","width":640,"height":563},"primaryImageOfPage":{"@id":"https:\/\/minutobahia24h.com.br\/?p=45750#mainImage"},"datePublished":"2026-06-13T14:10:10-03:00","dateModified":"2026-06-13T14:10:11-03:00"},{"@type":"WebSite","@id":"https:\/\/minutobahia24h.com.br\/#website","url":"https:\/\/minutobahia24h.com.br\/","name":"Minuto Bahia 24h","description":"O seu portal de not\u00edcias","inLanguage":"pt-BR","publisher":{"@id":"https:\/\/minutobahia24h.com.br\/#organization"}}]},"og:locale":"pt_BR","og:site_name":"Minuto Bahia 24h - O seu portal de not\u00edcias","og:type":"article","og:title":"Tradicional festa de S\u00e3o Jo\u00e3o Batista, padroeiro de Jaguarari come\u00e7a no pr\u00f3ximo domingo (14) - Minuto Bahia 24h","og:description":"A tradicional festa de S\u00e3o Jo\u00e3o Batista, padroeiro de Jaguarari, ser\u00e1 realizada entre os dias 14 e 24 de junho, na Igreja matriz, na Pra\u00e7a Cust\u00f3dio Barbosa, com o tema: &quot;Com S\u00e3o Jo\u00e3o Batista, tenhamos os mesmos sentimentos de Cristo&quot;. A programa\u00e7\u00e3o reunir\u00e1 pastorais, movimentos e comunidades em onze dias de celebra\u00e7\u00f5es e atividades religiosas.","og:url":"https:\/\/minutobahia24h.com.br\/?p=45750","og:image":"https:\/\/minutobahia24h.com.br\/wp-content\/uploads\/2026\/06\/Sem-titulo-163.jpg","og:image:secure_url":"https:\/\/minutobahia24h.com.br\/wp-content\/uploads\/2026\/06\/Sem-titulo-163.jpg","og:image:width":640,"og:image:height":563,"article:published_time":"2026-06-13T17:10:10+00:00","article:modified_time":"2026-06-13T17:10:11+00:00","twitter:card":"summary_large_image","twitter:title":"Tradicional festa de S\u00e3o Jo\u00e3o Batista, padroeiro de Jaguarari come\u00e7a no pr\u00f3ximo domingo (14) - Minuto Bahia 24h","twitter:description":"A tradicional festa de S\u00e3o Jo\u00e3o Batista, padroeiro de Jaguarari, ser\u00e1 realizada entre os dias 14 e 24 de junho, na Igreja matriz, na Pra\u00e7a Cust\u00f3dio Barbosa, com o tema: &quot;Com S\u00e3o Jo\u00e3o Batista, tenhamos os mesmos sentimentos de Cristo&quot;. A programa\u00e7\u00e3o reunir\u00e1 pastorais, movimentos e comunidades em onze dias de celebra\u00e7\u00f5es e atividades religiosas.","twitter:image":"https:\/\/minutobahia24h.com.br\/wp-content\/uploads\/2026\/06\/Sem-titulo-163.jpg"},"aioseo_meta_data":{"post_id":"45750","title":null,"description":null,"keywords":null,"keyphrases":{"focus":{"keyphrase":"","score":0,"analysis":{"keyphraseInTitle":{"score":0,"maxScore":9,"error":1}}},"additional":[]},"primary_term":null,"canonical_url":null,"og_title":null,"og_description":null,"og_object_type":"default","og_image_type":"default","og_image_url":null,"og_image_width":null,"og_image_height":null,"og_image_custom_url":null,"og_image_custom_fields":null,"og_video":"","og_custom_url":null,"og_article_section":null,"og_article_tags":null,"twitter_use_og":true,"twitter_card":"default","twitter_image_type":"default","twitter_image_url":null,"twitter_image_custom_url":null,"twitter_image_custom_fields":null,"twitter_title":null,"twitter_description":null,"schema":{"blockGraphs":[],"customGraphs":[],"default":{"data":{"Article":[],"Course":[],"Dataset":[],"FAQPage":[],"Movie":[],"Person":[],"Product":[],"ProductReview":[],"Car":[],"Recipe":[],"Service":[],"SoftwareApplication":[],"WebPage":[]},"graphName":"BlogPosting","isEnabled":true},"graphs":[]},"schema_type":"default","schema_type_options":null,"pillar_content":false,"robots_default":true,"robots_noindex":false,"robots_noarchive":false,"robots_nosnippet":false,"robots_nofollow":false,"robots_noimageindex":false,"robots_noodp":false,"robots_notranslate":false,"robots_max_snippet":"-1","robots_max_videopreview":"-1","robots_max_imagepreview":"large","priority":null,"frequency":"default","local_seo":null,"breadcrumb_settings":null,"limit_modified_date":false,"ai":{"faqs":[],"keyPoints":[],"schemas":[],"titles":[],"descriptions":[],"socialPosts":{"email":[],"linkedin":[],"twitter":[],"facebook":[],"instagram":[]}},"created":"2026-06-13 17:10:11","updated":"2026-06-15 10:11:17","seo_analyzer_scan_date":null,"focus_keyword":null,"additional_keywords":null,"truseo_locale":null},"aioseo_breadcrumb":"<div class=\"aioseo-breadcrumbs\"><span class=\"aioseo-breadcrumb\">\n\t\t\t<a href=\"https:\/\/minutobahia24h.com.br\" title=\"In\u00edcio\">In\u00edcio<\/a>\n\t\t<\/span><span class=\"aioseo-breadcrumb-separator\">&raquo;<\/span><span class=\"aioseo-breadcrumb\">\n\t\t\t<a href=\"https:\/\/minutobahia24h.com.br\/?cat=3\" title=\"Regional\">Regional<\/a>\n\t\t<\/span><span class=\"aioseo-breadcrumb-separator\">&raquo;<\/span><span class=\"aioseo-breadcrumb\">\n\t\t\tTradicional festa de S\u00e3o Jo\u00e3o Batista, padroeiro de Jaguarari come\u00e7a no pr\u00f3ximo domingo (14)\n\t\t<\/span><\/div>","aioseo_breadcrumb_json":[{"label":"In\u00edcio","link":"https:\/\/minutobahia24h.com.br"},{"label":"Regional","link":"https:\/\/minutobahia24h.com.br\/?cat=3"},{"label":"Tradicional festa de S\u00e3o Jo\u00e3o Batista, padroeiro de Jaguarari come\u00e7a no pr\u00f3ximo domingo (14)","link":"https:\/\/minutobahia24h.com.br\/?p=45750"}],"jetpack_sharing_enabled":true,"jetpack_featured_media_url":"https:\/\/i0.wp.com\/minutobahia24h.com.br\/wp-content\/uploads\/2026\/06\/Sem-titulo-163.jpg?fit=640%2C563&ssl=1","_links":{"self":[{"href":"https:\/\/minutobahia24h.com.br\/index.php?rest_route=\/wp\/v2\/posts\/45750","targetHints":{"allow":["GET"]}}],"collection":[{"href":"https:\/\/minutobahia24h.com.br\/index.php?rest_route=\/wp\/v2\/posts"}],"about":[{"href":"https:\/\/minutobahia24h.com.br\/index.php?rest_route=\/wp\/v2\/types\/post"}],"author":[{"embeddable":true,"href":"https:\/\/minutobahia24h.com.br\/index.php?rest_route=\/wp\/v2\/users\/2"}],"replies":[{"embeddable":true,"href":"https:\/\/minutobahia24h.com.br\/index.php?rest_route=%2Fwp%2Fv2%2Fcomments&post=45750"}],"version-history":[{"count":1,"href":"https:\/\/minutobahia24h.com.br\/index.php?rest_route=\/wp\/v2\/posts\/45750\/revisions"}],"predecessor-version":[{"id":45752,"href":"https:\/\/minutobahia24h.com.br\/index.php?rest_route=\/wp\/v2\/posts\/45750\/revisions\/45752"}],"wp:featuredmedia":[{"embeddable":true,"href":"https:\/\/minutobahia24h.com.br\/index.php?rest_route=\/wp\/v2\/media\/45751"}],"wp:attachment":[{"href":"https:\/\/minutobahia24h.com.br\/index.php?rest_route=%2Fwp%2Fv2%2Fmedia&parent=45750"}],"wp:term":[{"taxonomy":"category","embeddable":true,"href":"https:\/\/minutobahia24h.com.br\/index.php?rest_route=%2Fwp%2Fv2%2Fcategories&post=45750"},{"taxonomy":"post_tag","embeddable":true,"href":"https:\/\/minutobahia24h.com.br\/index.php?rest_route=%2Fwp%2Fv2%2Ftags&post=45750"}],"curies":[{"name":"wp","href":"https:\/\/api.w.org\/{rel}","templated":true}]}}