{"id":45483,"date":"2026-06-09T17:29:33","date_gmt":"2026-06-09T20:29:33","guid":{"rendered":"https:\/\/minutobahia24h.com.br\/?p=45483"},"modified":"2026-06-09T17:29:35","modified_gmt":"2026-06-09T20:29:35","slug":"primeiro-transplante-duplo-do-interior-da-bahia-e-realizado-em-vitoria-da-conquista","status":"publish","type":"post","link":"https:\/\/minutobahia24h.com.br\/?p=45483","title":{"rendered":"Primeiro transplante duplo do interior da Bahia \u00e9\u00a0realizado em Vit\u00f3ria da Conquista"},"content":{"rendered":"\n<p class=\"wp-block-paragraph\"><\/p>\n\n\n<div class=\"wp-block-image\">\n<figure class=\"aligncenter size-large\"><img data-recalc-dims=\"1\" fetchpriority=\"high\" decoding=\"async\" width=\"800\" height=\"600\" src=\"https:\/\/i0.wp.com\/minutobahia24h.com.br\/wp-content\/uploads\/2026\/06\/Foto-Divulgacao-Hospital-Sao-Vicente-de-Paulo-2-1024x768.jpg?resize=800%2C600&#038;ssl=1\" alt=\"\" class=\"wp-image-45484\" srcset=\"https:\/\/i0.wp.com\/minutobahia24h.com.br\/wp-content\/uploads\/2026\/06\/Foto-Divulgacao-Hospital-Sao-Vicente-de-Paulo-2-scaled.jpg?resize=1024%2C768&amp;ssl=1 1024w, https:\/\/i0.wp.com\/minutobahia24h.com.br\/wp-content\/uploads\/2026\/06\/Foto-Divulgacao-Hospital-Sao-Vicente-de-Paulo-2-scaled.jpg?resize=300%2C225&amp;ssl=1 300w, https:\/\/i0.wp.com\/minutobahia24h.com.br\/wp-content\/uploads\/2026\/06\/Foto-Divulgacao-Hospital-Sao-Vicente-de-Paulo-2-scaled.jpg?resize=768%2C576&amp;ssl=1 768w, https:\/\/i0.wp.com\/minutobahia24h.com.br\/wp-content\/uploads\/2026\/06\/Foto-Divulgacao-Hospital-Sao-Vicente-de-Paulo-2-scaled.jpg?resize=1536%2C1152&amp;ssl=1 1536w, https:\/\/i0.wp.com\/minutobahia24h.com.br\/wp-content\/uploads\/2026\/06\/Foto-Divulgacao-Hospital-Sao-Vicente-de-Paulo-2-scaled.jpg?resize=2048%2C1536&amp;ssl=1 2048w, https:\/\/i0.wp.com\/minutobahia24h.com.br\/wp-content\/uploads\/2026\/06\/Foto-Divulgacao-Hospital-Sao-Vicente-de-Paulo-2-scaled.jpg?resize=750%2C563&amp;ssl=1 750w, https:\/\/i0.wp.com\/minutobahia24h.com.br\/wp-content\/uploads\/2026\/06\/Foto-Divulgacao-Hospital-Sao-Vicente-de-Paulo-2-scaled.jpg?resize=1140%2C855&amp;ssl=1 1140w, https:\/\/i0.wp.com\/minutobahia24h.com.br\/wp-content\/uploads\/2026\/06\/Foto-Divulgacao-Hospital-Sao-Vicente-de-Paulo-2-scaled.jpg?w=1600 1600w, https:\/\/i0.wp.com\/minutobahia24h.com.br\/wp-content\/uploads\/2026\/06\/Foto-Divulgacao-Hospital-Sao-Vicente-de-Paulo-2-scaled.jpg?w=2400 2400w\" sizes=\"(max-width: 800px) 100vw, 800px\" \/><figcaption class=\"wp-element-caption\"><em>Fotos: Divulga\u00e7\u00e3o \/ Hospital S\u00e3o Vicente de Paulo<\/em><\/figcaption><\/figure>\n<\/div>\n\n\n<p class=\"wp-block-paragraph\">Pela primeira vez na hist\u00f3ria, um transplante duplo de f\u00edgado e rim foi realizado por uma equipe m\u00e9dica do interior da Bahia atrav\u00e9s do Sistema \u00danico de Sa\u00fade (SUS).&nbsp;O&nbsp;procedimento&nbsp;aconteceu na \u00faltima semana, em Vit\u00f3ria da Conquista, e beneficiou um paciente de 55 anos, que teve alta hospitalar nesta segunda-feira (8).&nbsp;A a\u00e7\u00e3o foi conduzida&nbsp;pela Servi\u00e7o de Transplante Papa S\u00e3o Jo\u00e3o Paulo II&nbsp;do Hospital S\u00e3o Vicente.&nbsp;<\/p>\n\n\n\n<p class=\"wp-block-paragraph\">A doa\u00e7\u00e3o e a capta\u00e7\u00e3o dos \u00f3rg\u00e3os ocorreram no Hospital Prado Valadares, na cidade de Jequi\u00e9. J\u00e1 o transplante duplo foi realizado no Hospital S\u00e3o Vicente de Paulo, na Santa Casa de Vit\u00f3ria da Conquista. Os dois \u00f3rg\u00e3os foram&nbsp;utilizados&nbsp;em um mesmo paciente receptor que apresentava fal\u00eancia terminal irrevers\u00edvel tanto do f\u00edgado quanto do rim.&nbsp;<\/p>\n\n\n\n<p class=\"wp-block-paragraph\">Segundo o diagn\u00f3stico m\u00e9dico, ele possu\u00eda cirrose hep\u00e1tica gravemente descompensada associada a uma fal\u00eancia terminal do rim.&nbsp;Diante do&nbsp;quadro, ele passou&nbsp;a ser internado frequentemente,&nbsp;al\u00e9m de ter que se&nbsp;submeter a tr\u00eas sess\u00f5es de hemodi\u00e1lise todas as semanas.&nbsp;&nbsp;<\/p>\n\n\n\n<figure class=\"wp-block-gallery has-nested-images columns-default is-cropped wp-block-gallery-1 is-layout-flex wp-block-gallery-is-layout-flex\">\n<figure class=\"wp-block-image size-large\"><img data-recalc-dims=\"1\" decoding=\"async\" width=\"477\" height=\"429\" data-id=\"45486\" src=\"https:\/\/i0.wp.com\/minutobahia24h.com.br\/wp-content\/uploads\/2026\/06\/Foto-Divulgacao-Hospital-Sao-Vicente-de-Paulo-3.jpg?resize=477%2C429&#038;ssl=1\" alt=\"\" class=\"wp-image-45486\" srcset=\"https:\/\/i0.wp.com\/minutobahia24h.com.br\/wp-content\/uploads\/2026\/06\/Foto-Divulgacao-Hospital-Sao-Vicente-de-Paulo-3.jpg?w=477&amp;ssl=1 477w, https:\/\/i0.wp.com\/minutobahia24h.com.br\/wp-content\/uploads\/2026\/06\/Foto-Divulgacao-Hospital-Sao-Vicente-de-Paulo-3.jpg?resize=300%2C270&amp;ssl=1 300w\" sizes=\"(max-width: 477px) 100vw, 477px\" \/><\/figure>\n\n\n\n<figure class=\"wp-block-image size-large\"><img data-recalc-dims=\"1\" decoding=\"async\" width=\"800\" height=\"674\" data-id=\"45485\" src=\"https:\/\/i0.wp.com\/minutobahia24h.com.br\/wp-content\/uploads\/2026\/06\/Foto-Divulgacao-Hospital-Sao-Vicente-de-Paulo-4-1024x863.jpg?resize=800%2C674&#038;ssl=1\" alt=\"\" class=\"wp-image-45485\" srcset=\"https:\/\/i0.wp.com\/minutobahia24h.com.br\/wp-content\/uploads\/2026\/06\/Foto-Divulgacao-Hospital-Sao-Vicente-de-Paulo-4.jpg?resize=1024%2C863&amp;ssl=1 1024w, https:\/\/i0.wp.com\/minutobahia24h.com.br\/wp-content\/uploads\/2026\/06\/Foto-Divulgacao-Hospital-Sao-Vicente-de-Paulo-4.jpg?resize=300%2C253&amp;ssl=1 300w, https:\/\/i0.wp.com\/minutobahia24h.com.br\/wp-content\/uploads\/2026\/06\/Foto-Divulgacao-Hospital-Sao-Vicente-de-Paulo-4.jpg?resize=768%2C648&amp;ssl=1 768w, https:\/\/i0.wp.com\/minutobahia24h.com.br\/wp-content\/uploads\/2026\/06\/Foto-Divulgacao-Hospital-Sao-Vicente-de-Paulo-4.jpg?resize=750%2C632&amp;ssl=1 750w, https:\/\/i0.wp.com\/minutobahia24h.com.br\/wp-content\/uploads\/2026\/06\/Foto-Divulgacao-Hospital-Sao-Vicente-de-Paulo-4.jpg?resize=1140%2C961&amp;ssl=1 1140w, https:\/\/i0.wp.com\/minutobahia24h.com.br\/wp-content\/uploads\/2026\/06\/Foto-Divulgacao-Hospital-Sao-Vicente-de-Paulo-4.jpg?w=1192&amp;ssl=1 1192w\" sizes=\"(max-width: 800px) 100vw, 800px\" \/><\/figure>\n<\/figure>\n\n\n\n<p class=\"wp-block-paragraph\">Considerando&nbsp;o&nbsp;hist\u00f3rico&nbsp;do paciente&nbsp;e&nbsp;as caracter\u00edsticas do doador, a equipe m\u00e9dica da Santa Casa, com apoio da Casa Militar,&nbsp;deslocou tr\u00eas cirurgi\u00f5es e uma enfermeira&nbsp;de aeronave&nbsp;at\u00e9 Jequi\u00e9, onde o doador teve seus \u00f3rg\u00e3os avaliados e julgados vi\u00e1veis, realizando a capta\u00e7\u00e3o tanto do f\u00edgado quanto dos rins.&nbsp;<\/p>\n\n\n\n<p class=\"wp-block-paragraph\">O transplante de f\u00edgado foi realizado em quatro horas de cirurgia, e o de rim, em duas horas e meia. Ao final do procedimento, o paciente foi encaminhado j\u00e1 acordado e respirando espontaneamente. Participaram da opera\u00e7\u00e3o cinco cirurgi\u00f5es, um anestesista, dois instrumentadores cir\u00fargicos e dois enfermeiros.<\/p>\n\n\n\n<p class=\"wp-block-paragraph\">Para Luiz Fernando Veloso, cirurgi\u00e3o-geral e chefe de servi\u00e7o e respons\u00e1vel t\u00e9cnico do Servi\u00e7o de Transplante Papa S\u00e3o Jo\u00e3o Paulo II, o&nbsp;transplante duplo in\u00e9dito foi um sucesso&nbsp;e marca um avan\u00e7o sem precedentes na sa\u00fade do estado. \u201cUma pessoa teve sua vida recome\u00e7ada de um modo extraordin\u00e1rio,&nbsp;de um modo impens\u00e1vel para nossa cidade a pouco tempo.&nbsp;Com os transplantes dos dois \u00f3rg\u00e3os, a vida deste paciente tende a retornar ao estado normal restabelecendo a sua vida tanto em quantidade quanto em qualidade\u201d, destacou.&nbsp;<\/p>\n\n\n\n<p class=\"wp-block-paragraph\">O coordenador estadual do Sistema de Transplantes da Bahia, Eraldo Moura, ressaltou que&nbsp;o procedimento evidencia o compromisso estadual com a sa\u00fade dos baianos. \u201cH\u00e1 um empenho da Secretaria de Sa\u00fade do Estado em interiorizar os transplantes, ou seja, transplantar os pacientes pr\u00f3ximo de suas casas.&nbsp;Esse \u00e9 um projeto que, devido a extens\u00e3o territorial da Bahia, vem se consolidando cada vez mais\u201d, afirmou.&nbsp;<\/p>\n\n\n\n<p class=\"wp-block-paragraph\">Atualmente, a Bahia tem&nbsp;2.267 pessoas na fila do transplante de rim e 71 \u00e0 espera da doa\u00e7\u00e3o de f\u00edgado. Nos casos em que h\u00e1 possibilidade de doa\u00e7\u00e3o, o estado ainda possui alta de casos de negativa familiar, chegando a 68%&nbsp;\u2013&nbsp;taxa maior que a m\u00e9dia nacional, que gira em torno de 45%.&nbsp;Face a esse cen\u00e1rio, Eraldo Moura refor\u00e7a a&nbsp;import\u00e2ncia de que epis\u00f3dios de transplante duplo n\u00e3o sejam exce\u00e7\u00e3o, mas uma realidade poss\u00edvel atrav\u00e9s da doa\u00e7\u00e3o. &nbsp;\u201cQue essa seja uma oportunidade de mais pessoas entenderem que a doa\u00e7\u00e3o vem da sociedade. Por isso, \u00e9 muito importante informar para a fam\u00edlia se houver desejo de doar, porque a decis\u00e3o final \u00e9 dela\u201d,&nbsp;frisou.<\/p>\n\n\n\n<p class=\"wp-block-paragraph\">ASSESSORIA DE COMUNICA\u00c7\u00c3O<\/p>\n","protected":false},"excerpt":{"rendered":"<p>Pela primeira vez na hist\u00f3ria, um transplante duplo de f\u00edgado e rim foi realizado por uma equipe m\u00e9dica do interior da Bahia atrav\u00e9s do Sistema \u00danico de Sa\u00fade (SUS).&nbsp;O&nbsp;procedimento&nbsp;aconteceu na \u00faltima semana, em Vit\u00f3ria da Conquista, e beneficiou um paciente de 55 anos, que teve alta hospitalar nesta segunda-feira (8).&nbsp;A a\u00e7\u00e3o foi conduzida&nbsp;pela Servi\u00e7o de [&hellip;]<\/p>\n","protected":false},"author":2,"featured_media":45484,"comment_status":"open","ping_status":"open","sticky":false,"template":"","format":"standard","meta":{"_jetpack_newsletter_access":"","_jetpack_dont_email_post_to_subs":false,"_jetpack_newsletter_tier_id":0,"_jetpack_memberships_contains_paywalled_content":false,"_jetpack_feature_clip_id":0,"_jetpack_memberships_contains_paid_content":false,"footnotes":"","jetpack_post_was_ever_published":false},"categories":[21],"tags":[],"class_list":["post-45483","post","type-post","status-publish","format-standard","has-post-thumbnail","hentry","category-bahia"],"aioseo_notices":[],"aioseo_head":"\n\t\t<!-- All in One SEO 5.0.1.1 - aioseo.com -->\n\t<meta name=\"description\" content=\"Pela primeira vez na hist\u00f3ria, um transplante duplo de f\u00edgado e rim foi realizado por uma equipe m\u00e9dica do interior da Bahia atrav\u00e9s do Sistema \u00danico de Sa\u00fade (SUS). O procedimento aconteceu na \u00faltima semana, em Vit\u00f3ria da Conquista, e beneficiou um paciente de 55 anos, que teve alta hospitalar nesta segunda-feira (8). A a\u00e7\u00e3o foi conduzida pela Servi\u00e7o de\" \/>\n\t<meta name=\"robots\" content=\"max-image-preview:large\" \/>\n\t<meta name=\"author\" content=\"andre\"\/>\n\t<link rel=\"canonical\" href=\"https:\/\/minutobahia24h.com.br\/?p=45483\" \/>\n\t<meta name=\"generator\" content=\"All in One SEO (AIOSEO) 5.0.1.1\" \/>\n\t\t<meta property=\"og:locale\" content=\"pt_BR\" \/>\n\t\t<meta property=\"og:site_name\" content=\"Minuto Bahia 24h - O seu portal de not\u00edcias\" \/>\n\t\t<meta property=\"og:type\" content=\"article\" \/>\n\t\t<meta property=\"og:title\" content=\"Primeiro transplante duplo do interior da Bahia \u00e9 realizado em Vit\u00f3ria da Conquista - Minuto Bahia 24h\" \/>\n\t\t<meta property=\"og:description\" content=\"Pela primeira vez na hist\u00f3ria, um transplante duplo de f\u00edgado e rim foi realizado por uma equipe m\u00e9dica do interior da Bahia atrav\u00e9s do Sistema \u00danico de Sa\u00fade (SUS). O procedimento aconteceu na \u00faltima semana, em Vit\u00f3ria da Conquista, e beneficiou um paciente de 55 anos, que teve alta hospitalar nesta segunda-feira (8). A a\u00e7\u00e3o foi conduzida pela Servi\u00e7o de\" \/>\n\t\t<meta property=\"og:url\" content=\"https:\/\/minutobahia24h.com.br\/?p=45483\" \/>\n\t\t<meta property=\"og:image\" content=\"https:\/\/minutobahia24h.com.br\/wp-content\/uploads\/2026\/06\/Foto-Divulgacao-Hospital-Sao-Vicente-de-Paulo-2-scaled.jpg\" \/>\n\t\t<meta property=\"og:image:secure_url\" content=\"https:\/\/minutobahia24h.com.br\/wp-content\/uploads\/2026\/06\/Foto-Divulgacao-Hospital-Sao-Vicente-de-Paulo-2-scaled.jpg\" \/>\n\t\t<meta property=\"og:image:width\" content=\"2560\" \/>\n\t\t<meta property=\"og:image:height\" content=\"1920\" \/>\n\t\t<meta property=\"article:published_time\" content=\"2026-06-09T20:29:33+00:00\" \/>\n\t\t<meta property=\"article:modified_time\" content=\"2026-06-09T20:29:35+00:00\" \/>\n\t\t<meta name=\"twitter:card\" content=\"summary_large_image\" \/>\n\t\t<meta name=\"twitter:title\" content=\"Primeiro transplante duplo do interior da Bahia \u00e9 realizado em Vit\u00f3ria da Conquista - Minuto Bahia 24h\" \/>\n\t\t<meta name=\"twitter:description\" content=\"Pela primeira vez na hist\u00f3ria, um transplante duplo de f\u00edgado e rim foi realizado por uma equipe m\u00e9dica do interior da Bahia atrav\u00e9s do Sistema \u00danico de Sa\u00fade (SUS). O procedimento aconteceu na \u00faltima semana, em Vit\u00f3ria da Conquista, e beneficiou um paciente de 55 anos, que teve alta hospitalar nesta segunda-feira (8). A a\u00e7\u00e3o foi conduzida pela Servi\u00e7o de\" \/>\n\t\t<meta name=\"twitter:image\" content=\"https:\/\/minutobahia24h.com.br\/wp-content\/uploads\/2026\/06\/Foto-Divulgacao-Hospital-Sao-Vicente-de-Paulo-2-scaled.jpg\" \/>\n\t\t<script type=\"application\/ld+json\" class=\"aioseo-schema\">\n\t\t\t{\"@context\":\"https:\\\/\\\/schema.org\",\"@graph\":[{\"@type\":\"BlogPosting\",\"@id\":\"https:\\\/\\\/minutobahia24h.com.br\\\/?p=45483#blogposting\",\"name\":\"Primeiro transplante duplo do interior da Bahia \\u00e9 realizado em Vit\\u00f3ria da Conquista - Minuto Bahia 24h\",\"headline\":\"Primeiro transplante duplo do interior da Bahia \\u00e9\\u00a0realizado em Vit\\u00f3ria da Conquista\",\"author\":{\"@id\":\"https:\\\/\\\/minutobahia24h.com.br\\\/?author=2#author\"},\"publisher\":{\"@id\":\"https:\\\/\\\/minutobahia24h.com.br\\\/#organization\"},\"image\":{\"@type\":\"ImageObject\",\"url\":\"https:\\\/\\\/i0.wp.com\\\/minutobahia24h.com.br\\\/wp-content\\\/uploads\\\/2026\\\/06\\\/Foto-Divulgacao-Hospital-Sao-Vicente-de-Paulo-2-scaled.jpg?fit=2560%2C1920&ssl=1\",\"width\":2560,\"height\":1920},\"datePublished\":\"2026-06-09T17:29:33-03:00\",\"dateModified\":\"2026-06-09T17:29:35-03:00\",\"inLanguage\":\"pt-BR\",\"mainEntityOfPage\":{\"@id\":\"https:\\\/\\\/minutobahia24h.com.br\\\/?p=45483#webpage\"},\"isPartOf\":{\"@id\":\"https:\\\/\\\/minutobahia24h.com.br\\\/?p=45483#webpage\"},\"articleSection\":\"Bahia\"},{\"@type\":\"BreadcrumbList\",\"@id\":\"https:\\\/\\\/minutobahia24h.com.br\\\/?p=45483#breadcrumblist\",\"itemListElement\":[{\"@type\":\"ListItem\",\"@id\":\"https:\\\/\\\/minutobahia24h.com.br#listItem\",\"position\":1,\"name\":\"In\\u00edcio\",\"item\":\"https:\\\/\\\/minutobahia24h.com.br\",\"nextItem\":{\"@type\":\"ListItem\",\"@id\":\"https:\\\/\\\/minutobahia24h.com.br\\\/?cat=21#listItem\",\"name\":\"Bahia\"}},{\"@type\":\"ListItem\",\"@id\":\"https:\\\/\\\/minutobahia24h.com.br\\\/?cat=21#listItem\",\"position\":2,\"name\":\"Bahia\",\"item\":\"https:\\\/\\\/minutobahia24h.com.br\\\/?cat=21\",\"nextItem\":{\"@type\":\"ListItem\",\"@id\":\"https:\\\/\\\/minutobahia24h.com.br\\\/?p=45483#listItem\",\"name\":\"Primeiro transplante duplo do interior da Bahia \\u00e9\\u00a0realizado em Vit\\u00f3ria da Conquista\"},\"previousItem\":{\"@type\":\"ListItem\",\"@id\":\"https:\\\/\\\/minutobahia24h.com.br#listItem\",\"name\":\"In\\u00edcio\"}},{\"@type\":\"ListItem\",\"@id\":\"https:\\\/\\\/minutobahia24h.com.br\\\/?p=45483#listItem\",\"position\":3,\"name\":\"Primeiro transplante duplo do interior da Bahia \\u00e9\\u00a0realizado em Vit\\u00f3ria da Conquista\",\"previousItem\":{\"@type\":\"ListItem\",\"@id\":\"https:\\\/\\\/minutobahia24h.com.br\\\/?cat=21#listItem\",\"name\":\"Bahia\"}}]},{\"@type\":\"Organization\",\"@id\":\"https:\\\/\\\/minutobahia24h.com.br\\\/#organization\",\"name\":\"Minuto Bahia 24h\",\"description\":\"O seu portal de not\\u00edcias\",\"url\":\"https:\\\/\\\/minutobahia24h.com.br\\\/\",\"logo\":{\"@type\":\"ImageObject\",\"url\":\"https:\\\/\\\/i0.wp.com\\\/minutobahia24h.com.br\\\/wp-content\\\/uploads\\\/2023\\\/09\\\/cropped-minutoba.png?fit=457%2C119&ssl=1\",\"@id\":\"https:\\\/\\\/minutobahia24h.com.br\\\/?p=45483\\\/#organizationLogo\",\"width\":457,\"height\":119},\"image\":{\"@id\":\"https:\\\/\\\/minutobahia24h.com.br\\\/?p=45483\\\/#organizationLogo\"}},{\"@type\":\"Person\",\"@id\":\"https:\\\/\\\/minutobahia24h.com.br\\\/?author=2#author\",\"url\":\"https:\\\/\\\/minutobahia24h.com.br\\\/?author=2\",\"name\":\"andre\",\"image\":{\"@type\":\"ImageObject\",\"@id\":\"https:\\\/\\\/minutobahia24h.com.br\\\/?p=45483#authorImage\",\"url\":\"https:\\\/\\\/secure.gravatar.com\\\/avatar\\\/0ec5eafed5f3925c321625d79a680d589901b94bca787ae396a35f6c4a960922?s=96&d=mm&r=g\",\"width\":96,\"height\":96,\"caption\":\"andre\"}},{\"@type\":\"WebPage\",\"@id\":\"https:\\\/\\\/minutobahia24h.com.br\\\/?p=45483#webpage\",\"url\":\"https:\\\/\\\/minutobahia24h.com.br\\\/?p=45483\",\"name\":\"Primeiro transplante duplo do interior da Bahia \\u00e9 realizado em Vit\\u00f3ria da Conquista - Minuto Bahia 24h\",\"description\":\"Pela primeira vez na hist\\u00f3ria, um transplante duplo de f\\u00edgado e rim foi realizado por uma equipe m\\u00e9dica do interior da Bahia atrav\\u00e9s do Sistema \\u00danico de Sa\\u00fade (SUS). O procedimento aconteceu na \\u00faltima semana, em Vit\\u00f3ria da Conquista, e beneficiou um paciente de 55 anos, que teve alta hospitalar nesta segunda-feira (8). A a\\u00e7\\u00e3o foi conduzida pela Servi\\u00e7o de\",\"inLanguage\":\"pt-BR\",\"isPartOf\":{\"@id\":\"https:\\\/\\\/minutobahia24h.com.br\\\/#website\"},\"breadcrumb\":{\"@id\":\"https:\\\/\\\/minutobahia24h.com.br\\\/?p=45483#breadcrumblist\"},\"author\":{\"@id\":\"https:\\\/\\\/minutobahia24h.com.br\\\/?author=2#author\"},\"creator\":{\"@id\":\"https:\\\/\\\/minutobahia24h.com.br\\\/?author=2#author\"},\"image\":{\"@type\":\"ImageObject\",\"url\":\"https:\\\/\\\/i0.wp.com\\\/minutobahia24h.com.br\\\/wp-content\\\/uploads\\\/2026\\\/06\\\/Foto-Divulgacao-Hospital-Sao-Vicente-de-Paulo-2-scaled.jpg?fit=2560%2C1920&ssl=1\",\"@id\":\"https:\\\/\\\/minutobahia24h.com.br\\\/?p=45483\\\/#mainImage\",\"width\":2560,\"height\":1920},\"primaryImageOfPage\":{\"@id\":\"https:\\\/\\\/minutobahia24h.com.br\\\/?p=45483#mainImage\"},\"datePublished\":\"2026-06-09T17:29:33-03:00\",\"dateModified\":\"2026-06-09T17:29:35-03:00\"},{\"@type\":\"WebSite\",\"@id\":\"https:\\\/\\\/minutobahia24h.com.br\\\/#website\",\"url\":\"https:\\\/\\\/minutobahia24h.com.br\\\/\",\"name\":\"Minuto Bahia 24h\",\"description\":\"O seu portal de not\\u00edcias\",\"inLanguage\":\"pt-BR\",\"publisher\":{\"@id\":\"https:\\\/\\\/minutobahia24h.com.br\\\/#organization\"}}]}\n\t\t<\/script>\n\t\t<!-- All in One SEO -->\n\n","aioseo_head_json":{"title":"Primeiro transplante duplo do interior da Bahia \u00e9 realizado em Vit\u00f3ria da Conquista - Minuto Bahia 24h","description":"Pela primeira vez na hist\u00f3ria, um transplante duplo de f\u00edgado e rim foi realizado por uma equipe m\u00e9dica do interior da Bahia atrav\u00e9s do Sistema \u00danico de Sa\u00fade (SUS). O procedimento aconteceu na \u00faltima semana, em Vit\u00f3ria da Conquista, e beneficiou um paciente de 55 anos, que teve alta hospitalar nesta segunda-feira (8). A a\u00e7\u00e3o foi conduzida pela Servi\u00e7o de","canonical_url":"https:\/\/minutobahia24h.com.br\/?p=45483","robots":"max-image-preview:large","keywords":"","webmasterTools":{"miscellaneous":""},"schema":{"@context":"https:\/\/schema.org","@graph":[{"@type":"BlogPosting","@id":"https:\/\/minutobahia24h.com.br\/?p=45483#blogposting","name":"Primeiro transplante duplo do interior da Bahia \u00e9 realizado em Vit\u00f3ria da Conquista - Minuto Bahia 24h","headline":"Primeiro transplante duplo do interior da Bahia \u00e9\u00a0realizado em Vit\u00f3ria da Conquista","author":{"@id":"https:\/\/minutobahia24h.com.br\/?author=2#author"},"publisher":{"@id":"https:\/\/minutobahia24h.com.br\/#organization"},"image":{"@type":"ImageObject","url":"https:\/\/i0.wp.com\/minutobahia24h.com.br\/wp-content\/uploads\/2026\/06\/Foto-Divulgacao-Hospital-Sao-Vicente-de-Paulo-2-scaled.jpg?fit=2560%2C1920&ssl=1","width":2560,"height":1920},"datePublished":"2026-06-09T17:29:33-03:00","dateModified":"2026-06-09T17:29:35-03:00","inLanguage":"pt-BR","mainEntityOfPage":{"@id":"https:\/\/minutobahia24h.com.br\/?p=45483#webpage"},"isPartOf":{"@id":"https:\/\/minutobahia24h.com.br\/?p=45483#webpage"},"articleSection":"Bahia"},{"@type":"BreadcrumbList","@id":"https:\/\/minutobahia24h.com.br\/?p=45483#breadcrumblist","itemListElement":[{"@type":"ListItem","@id":"https:\/\/minutobahia24h.com.br#listItem","position":1,"name":"In\u00edcio","item":"https:\/\/minutobahia24h.com.br","nextItem":{"@type":"ListItem","@id":"https:\/\/minutobahia24h.com.br\/?cat=21#listItem","name":"Bahia"}},{"@type":"ListItem","@id":"https:\/\/minutobahia24h.com.br\/?cat=21#listItem","position":2,"name":"Bahia","item":"https:\/\/minutobahia24h.com.br\/?cat=21","nextItem":{"@type":"ListItem","@id":"https:\/\/minutobahia24h.com.br\/?p=45483#listItem","name":"Primeiro transplante duplo do interior da Bahia \u00e9\u00a0realizado em Vit\u00f3ria da Conquista"},"previousItem":{"@type":"ListItem","@id":"https:\/\/minutobahia24h.com.br#listItem","name":"In\u00edcio"}},{"@type":"ListItem","@id":"https:\/\/minutobahia24h.com.br\/?p=45483#listItem","position":3,"name":"Primeiro transplante duplo do interior da Bahia \u00e9\u00a0realizado em Vit\u00f3ria da Conquista","previousItem":{"@type":"ListItem","@id":"https:\/\/minutobahia24h.com.br\/?cat=21#listItem","name":"Bahia"}}]},{"@type":"Organization","@id":"https:\/\/minutobahia24h.com.br\/#organization","name":"Minuto Bahia 24h","description":"O seu portal de not\u00edcias","url":"https:\/\/minutobahia24h.com.br\/","logo":{"@type":"ImageObject","url":"https:\/\/i0.wp.com\/minutobahia24h.com.br\/wp-content\/uploads\/2023\/09\/cropped-minutoba.png?fit=457%2C119&ssl=1","@id":"https:\/\/minutobahia24h.com.br\/?p=45483\/#organizationLogo","width":457,"height":119},"image":{"@id":"https:\/\/minutobahia24h.com.br\/?p=45483\/#organizationLogo"}},{"@type":"Person","@id":"https:\/\/minutobahia24h.com.br\/?author=2#author","url":"https:\/\/minutobahia24h.com.br\/?author=2","name":"andre","image":{"@type":"ImageObject","@id":"https:\/\/minutobahia24h.com.br\/?p=45483#authorImage","url":"https:\/\/secure.gravatar.com\/avatar\/0ec5eafed5f3925c321625d79a680d589901b94bca787ae396a35f6c4a960922?s=96&d=mm&r=g","width":96,"height":96,"caption":"andre"}},{"@type":"WebPage","@id":"https:\/\/minutobahia24h.com.br\/?p=45483#webpage","url":"https:\/\/minutobahia24h.com.br\/?p=45483","name":"Primeiro transplante duplo do interior da Bahia \u00e9 realizado em Vit\u00f3ria da Conquista - Minuto Bahia 24h","description":"Pela primeira vez na hist\u00f3ria, um transplante duplo de f\u00edgado e rim foi realizado por uma equipe m\u00e9dica do interior da Bahia atrav\u00e9s do Sistema \u00danico de Sa\u00fade (SUS). O procedimento aconteceu na \u00faltima semana, em Vit\u00f3ria da Conquista, e beneficiou um paciente de 55 anos, que teve alta hospitalar nesta segunda-feira (8). A a\u00e7\u00e3o foi conduzida pela Servi\u00e7o de","inLanguage":"pt-BR","isPartOf":{"@id":"https:\/\/minutobahia24h.com.br\/#website"},"breadcrumb":{"@id":"https:\/\/minutobahia24h.com.br\/?p=45483#breadcrumblist"},"author":{"@id":"https:\/\/minutobahia24h.com.br\/?author=2#author"},"creator":{"@id":"https:\/\/minutobahia24h.com.br\/?author=2#author"},"image":{"@type":"ImageObject","url":"https:\/\/i0.wp.com\/minutobahia24h.com.br\/wp-content\/uploads\/2026\/06\/Foto-Divulgacao-Hospital-Sao-Vicente-de-Paulo-2-scaled.jpg?fit=2560%2C1920&ssl=1","@id":"https:\/\/minutobahia24h.com.br\/?p=45483\/#mainImage","width":2560,"height":1920},"primaryImageOfPage":{"@id":"https:\/\/minutobahia24h.com.br\/?p=45483#mainImage"},"datePublished":"2026-06-09T17:29:33-03:00","dateModified":"2026-06-09T17:29:35-03:00"},{"@type":"WebSite","@id":"https:\/\/minutobahia24h.com.br\/#website","url":"https:\/\/minutobahia24h.com.br\/","name":"Minuto Bahia 24h","description":"O seu portal de not\u00edcias","inLanguage":"pt-BR","publisher":{"@id":"https:\/\/minutobahia24h.com.br\/#organization"}}]},"og:locale":"pt_BR","og:site_name":"Minuto Bahia 24h - O seu portal de not\u00edcias","og:type":"article","og:title":"Primeiro transplante duplo do interior da Bahia \u00e9 realizado em Vit\u00f3ria da Conquista - Minuto Bahia 24h","og:description":"Pela primeira vez na hist\u00f3ria, um transplante duplo de f\u00edgado e rim foi realizado por uma equipe m\u00e9dica do interior da Bahia atrav\u00e9s do Sistema \u00danico de Sa\u00fade (SUS). O procedimento aconteceu na \u00faltima semana, em Vit\u00f3ria da Conquista, e beneficiou um paciente de 55 anos, que teve alta hospitalar nesta segunda-feira (8). A a\u00e7\u00e3o foi conduzida pela Servi\u00e7o de","og:url":"https:\/\/minutobahia24h.com.br\/?p=45483","og:image":"https:\/\/minutobahia24h.com.br\/wp-content\/uploads\/2026\/06\/Foto-Divulgacao-Hospital-Sao-Vicente-de-Paulo-2-scaled.jpg","og:image:secure_url":"https:\/\/minutobahia24h.com.br\/wp-content\/uploads\/2026\/06\/Foto-Divulgacao-Hospital-Sao-Vicente-de-Paulo-2-scaled.jpg","og:image:width":2560,"og:image:height":1920,"article:published_time":"2026-06-09T20:29:33+00:00","article:modified_time":"2026-06-09T20:29:35+00:00","twitter:card":"summary_large_image","twitter:title":"Primeiro transplante duplo do interior da Bahia \u00e9 realizado em Vit\u00f3ria da Conquista - Minuto Bahia 24h","twitter:description":"Pela primeira vez na hist\u00f3ria, um transplante duplo de f\u00edgado e rim foi realizado por uma equipe m\u00e9dica do interior da Bahia atrav\u00e9s do Sistema \u00danico de Sa\u00fade (SUS). O procedimento aconteceu na \u00faltima semana, em Vit\u00f3ria da Conquista, e beneficiou um paciente de 55 anos, que teve alta hospitalar nesta segunda-feira (8). A a\u00e7\u00e3o foi conduzida pela Servi\u00e7o de","twitter:image":"https:\/\/minutobahia24h.com.br\/wp-content\/uploads\/2026\/06\/Foto-Divulgacao-Hospital-Sao-Vicente-de-Paulo-2-scaled.jpg"},"aioseo_meta_data":{"post_id":"45483","title":null,"description":null,"keywords":null,"keyphrases":{"focus":{"keyphrase":"","score":0,"analysis":{"keyphraseInTitle":{"score":0,"maxScore":9,"error":1}}},"additional":[]},"primary_term":null,"canonical_url":null,"og_title":null,"og_description":null,"og_object_type":"default","og_image_type":"default","og_image_url":null,"og_image_width":null,"og_image_height":null,"og_image_custom_url":null,"og_image_custom_fields":null,"og_video":"","og_custom_url":null,"og_article_section":null,"og_article_tags":null,"twitter_use_og":true,"twitter_card":"default","twitter_image_type":"default","twitter_image_url":null,"twitter_image_custom_url":null,"twitter_image_custom_fields":null,"twitter_title":null,"twitter_description":null,"schema":{"blockGraphs":[],"customGraphs":[],"default":{"data":{"Article":[],"Course":[],"Dataset":[],"FAQPage":[],"Movie":[],"Person":[],"Product":[],"ProductReview":[],"Car":[],"Recipe":[],"Service":[],"SoftwareApplication":[],"WebPage":[]},"graphName":"BlogPosting","isEnabled":true},"graphs":[]},"schema_type":"default","schema_type_options":null,"pillar_content":false,"robots_default":true,"robots_noindex":false,"robots_noarchive":false,"robots_nosnippet":false,"robots_nofollow":false,"robots_noimageindex":false,"robots_noodp":false,"robots_notranslate":false,"robots_max_snippet":"-1","robots_max_videopreview":"-1","robots_max_imagepreview":"large","priority":null,"frequency":"default","local_seo":null,"breadcrumb_settings":null,"limit_modified_date":false,"ai":{"faqs":[],"keyPoints":[],"schemas":[],"titles":[],"descriptions":[],"socialPosts":{"email":[],"linkedin":[],"twitter":[],"facebook":[],"instagram":[]}},"created":"2026-06-09 20:29:35","updated":"2026-06-09 21:26:42","seo_analyzer_scan_date":null,"focus_keyword":null,"additional_keywords":null,"truseo_locale":null},"aioseo_breadcrumb":"<div class=\"aioseo-breadcrumbs\"><span class=\"aioseo-breadcrumb\">\n\t\t\t<a href=\"https:\/\/minutobahia24h.com.br\" title=\"In\u00edcio\">In\u00edcio<\/a>\n\t\t<\/span><span class=\"aioseo-breadcrumb-separator\">&raquo;<\/span><span class=\"aioseo-breadcrumb\">\n\t\t\t<a href=\"https:\/\/minutobahia24h.com.br\/?cat=21\" title=\"Bahia\">Bahia<\/a>\n\t\t<\/span><span class=\"aioseo-breadcrumb-separator\">&raquo;<\/span><span class=\"aioseo-breadcrumb\">\n\t\t\tPrimeiro transplante duplo do interior da Bahia \u00e9 realizado em Vit\u00f3ria da Conquista\n\t\t<\/span><\/div>","aioseo_breadcrumb_json":[{"label":"In\u00edcio","link":"https:\/\/minutobahia24h.com.br"},{"label":"Bahia","link":"https:\/\/minutobahia24h.com.br\/?cat=21"},{"label":"Primeiro transplante duplo do interior da Bahia \u00e9\u00a0realizado em Vit\u00f3ria da Conquista","link":"https:\/\/minutobahia24h.com.br\/?p=45483"}],"jetpack_sharing_enabled":true,"jetpack_featured_media_url":"https:\/\/i0.wp.com\/minutobahia24h.com.br\/wp-content\/uploads\/2026\/06\/Foto-Divulgacao-Hospital-Sao-Vicente-de-Paulo-2-scaled.jpg?fit=2560%2C1920&ssl=1","_links":{"self":[{"href":"https:\/\/minutobahia24h.com.br\/index.php?rest_route=\/wp\/v2\/posts\/45483","targetHints":{"allow":["GET"]}}],"collection":[{"href":"https:\/\/minutobahia24h.com.br\/index.php?rest_route=\/wp\/v2\/posts"}],"about":[{"href":"https:\/\/minutobahia24h.com.br\/index.php?rest_route=\/wp\/v2\/types\/post"}],"author":[{"embeddable":true,"href":"https:\/\/minutobahia24h.com.br\/index.php?rest_route=\/wp\/v2\/users\/2"}],"replies":[{"embeddable":true,"href":"https:\/\/minutobahia24h.com.br\/index.php?rest_route=%2Fwp%2Fv2%2Fcomments&post=45483"}],"version-history":[{"count":1,"href":"https:\/\/minutobahia24h.com.br\/index.php?rest_route=\/wp\/v2\/posts\/45483\/revisions"}],"predecessor-version":[{"id":45487,"href":"https:\/\/minutobahia24h.com.br\/index.php?rest_route=\/wp\/v2\/posts\/45483\/revisions\/45487"}],"wp:featuredmedia":[{"embeddable":true,"href":"https:\/\/minutobahia24h.com.br\/index.php?rest_route=\/wp\/v2\/media\/45484"}],"wp:attachment":[{"href":"https:\/\/minutobahia24h.com.br\/index.php?rest_route=%2Fwp%2Fv2%2Fmedia&parent=45483"}],"wp:term":[{"taxonomy":"category","embeddable":true,"href":"https:\/\/minutobahia24h.com.br\/index.php?rest_route=%2Fwp%2Fv2%2Fcategories&post=45483"},{"taxonomy":"post_tag","embeddable":true,"href":"https:\/\/minutobahia24h.com.br\/index.php?rest_route=%2Fwp%2Fv2%2Ftags&post=45483"}],"curies":[{"name":"wp","href":"https:\/\/api.w.org\/{rel}","templated":true}]}}