{"id":4539,"date":"2023-11-28T07:18:26","date_gmt":"2023-11-28T10:18:26","guid":{"rendered":"https:\/\/minutobahia24h.com.br\/?p=4539"},"modified":"2023-11-28T07:18:28","modified_gmt":"2023-11-28T10:18:28","slug":"sesab-tera-forte-acao-contra-onda-de-calor-no-verao-e-carnaval-da-bahia-orientacoes-serao-enviadas-aos-municipios","status":"publish","type":"post","link":"https:\/\/minutobahia24h.com.br\/?p=4539","title":{"rendered":"Sesab ter\u00e1 \u201cforte a\u00e7\u00e3o\u201d contra onda de calor no ver\u00e3o e Carnaval da Bahia; orienta\u00e7\u00f5es ser\u00e3o enviadas aos munic\u00edpios"},"content":{"rendered":"<div class=\"wp-block-image\">\n<figure class=\"aligncenter size-large\"><img data-recalc-dims=\"1\" fetchpriority=\"high\" decoding=\"async\" width=\"800\" height=\"420\" src=\"https:\/\/i0.wp.com\/minutobahia24h.com.br\/wp-content\/uploads\/2023\/11\/Sem-titulo1-12-1024x538.jpg?resize=800%2C420&#038;ssl=1\" alt=\"\" class=\"wp-image-4541\" srcset=\"https:\/\/i0.wp.com\/minutobahia24h.com.br\/wp-content\/uploads\/2023\/11\/Sem-titulo1-12.jpg?resize=1024%2C538&amp;ssl=1 1024w, https:\/\/i0.wp.com\/minutobahia24h.com.br\/wp-content\/uploads\/2023\/11\/Sem-titulo1-12.jpg?resize=300%2C158&amp;ssl=1 300w, https:\/\/i0.wp.com\/minutobahia24h.com.br\/wp-content\/uploads\/2023\/11\/Sem-titulo1-12.jpg?resize=768%2C403&amp;ssl=1 768w, https:\/\/i0.wp.com\/minutobahia24h.com.br\/wp-content\/uploads\/2023\/11\/Sem-titulo1-12.jpg?resize=750%2C394&amp;ssl=1 750w, https:\/\/i0.wp.com\/minutobahia24h.com.br\/wp-content\/uploads\/2023\/11\/Sem-titulo1-12.jpg?resize=1140%2C599&amp;ssl=1 1140w, https:\/\/i0.wp.com\/minutobahia24h.com.br\/wp-content\/uploads\/2023\/11\/Sem-titulo1-12.jpg?w=1200&amp;ssl=1 1200w\" sizes=\"(max-width: 800px) 100vw, 800px\" \/><figcaption class=\"wp-element-caption\">Foto: Amanda Oliveira\/ Reprodu\u00e7\u00e3o<br><\/figcaption><\/figure>\n<\/div>\n\n\n<p>A onda de calor extremo que atinge alguns estados e cidades brasileiras\u00a0j\u00e1 tem preocupado e gerado alerta entre especialistas e autoridades. Na semana passada, o prefeito de Salvador Bruno Reis e a secret\u00e1ria municipal de Sa\u00fade, Ana Paula Matos j\u00e1 tinham apontado que a\u00a0<a href=\"https:\/\/www.bahianoticias.com.br\/noticia\/286422-prefeitura-de-salvador-abrira-licitacoes-para-compra-de-aguas-e-protetor-solar-no-verao\" target=\"_blank\" rel=\"noreferrer noopener\">capital baiana<\/a>\u00a0iria ter um conjunto de a\u00e7\u00f5es para o enfrentamento das altas temperaturas.\u00a0<\/p>\n\n\n\n<p>Agora, a secret\u00e1ria estadual de Sa\u00fade da Bahia, Roberta Santana, tamb\u00e9m indicou que o estado deve passar por um conjunto de a\u00e7\u00f5es caso toda a Bahia passe por altas temperaturas.\u00a0Em entrevista ao Bahia Not\u00edcias nesta segunda-feira (27), a titular da Sesab informou que um grupo de vigil\u00e2ncia na pasta j\u00e1 acompanha a situa\u00e7\u00e3o do calor em cidades baianas e que o tema j\u00e1 faz parte do plano estadual da sa\u00fade, que conta com medidas e comiss\u00e3o de monitoramento.\u00a0<\/p>\n\n\n\n<p>\u201cA gente tem um grupo de vigil\u00e2ncia e de acompanhamento. \u00c9 um tema presente inclusive no Plano Estadual da Sa\u00fade. N\u00f3s temos medidas e uma comiss\u00e3o dentro do Cieps, que \u00e9 onde a gente faz acompanhamento de vigil\u00e2ncia e est\u00e1 cuidando disso. Ent\u00e3o a gente tem a\u00e7\u00f5es, as primeiras recomenda\u00e7\u00f5es e todo o estudo tudo tem sido feito para que a gente tome cuidado. Temos ainda a quest\u00e3o da previs\u00e3o do c\u00e2ncer de pele, estamos falando das queimadas no interior que trazem problemas \u00e0 sa\u00fade, ent\u00e3o h\u00e1 uma s\u00e9rie de impactos, de desastres naturais que t\u00eam acontecido, mas temos a\u00e7\u00f5es\u201d, explicou.&nbsp;<\/p>\n\n\n\n<p>Na ocasi\u00e3o, a secret\u00e1ria revelou ainda que o \u00f3rg\u00e3o deve promover uma \u201cforte a\u00e7\u00e3o\u201d para o enfrentamento do calor durante o ver\u00e3o, que come\u00e7a no pr\u00f3ximo dia 22 de dezembro e no Carnaval da Bahia.\u00a0Al\u00e9m disso, uma nota t\u00e9cnica deve ser elaborada pela pasta com o intuito de orientar as medidas necess\u00e1rias que os munic\u00edpios baianos devem adotar em situa\u00e7\u00f5es de forte calor.\u00a0<\/p>\n\n\n\n<p>\u201cVamos entrar com a\u00e7\u00e3o forte para o nosso ver\u00e3o, para o nosso Carnaval que tamb\u00e9m tem esse calor todo e essa luta de calor no interior do Estado tamb\u00e9m que avassala o povo. A gente tem que cuidar deles com muita hidrata\u00e7\u00e3o, muito cuidado e recomenda\u00e7\u00e3o. Sairemos com uma nota orientando todas as medidas necess\u00e1rias para o nosso munic\u00edpio\u201d, comentou.&nbsp;<\/p>\n\n\n\n<p><strong>ONDA QUENTE NO INTERIOR\u00a0<\/strong><\/p>\n\n\n\n<p>A Bahia j\u00e1 tinha entrado no m\u00eas de setembro, na&nbsp;<a href=\"https:\/\/www.bahianoticias.com.br\/noticia\/284604-inmet-bahia-entra-na-lista-de-estados-com-alerta-vermelho-para-calor-extremo\" target=\"_blank\" rel=\"noreferrer noopener\">lista de estados em \u201calerta vermelho\u201d&nbsp; do Instituto Nacional de Meteorologia (Inmet)&nbsp;<\/a>para a onda de calor que atinge o interior do pa\u00eds. O fen\u00f4meno atingiu 12 unidades federativas do Brasil na \u00e9poca. Ainda no mesmo m\u00eas, em meio \u00e0 onda de calor, o<a href=\"https:\/\/www.bahianoticias.com.br\/municipios\/noticia\/36108-oeste-baiano-tem-maximas-que-passam-de-40-nesta-terca-em-meio-a-onda-de-calor\" target=\"_blank\" rel=\"noreferrer noopener\">&nbsp;Oeste baiano<\/a>&nbsp;registrou m\u00e1ximas que passaram de 40\u00b0.&nbsp;<\/p>\n\n\n\n<p>Bom Jesus da Lapa, Ibotirama, Brejol\u00e2ndia, Morpar\u00e1, Cotegipe, Angical e Muqu\u00e9m do S\u00e3o Francisco registraram temperaturas entre 40\u00b0 e 41\u00ba. A onda quente tamb\u00e9m impactou Barreiras, Formosa do Rio Preto, Wanderley e Mansid\u00e3o, com m\u00e1xima de 39\u00b0.&nbsp;<\/p>\n\n\n\n<p>O calor foi tanto no interior da Bahia, que a prefeitura de Cariranha, na regi\u00e3o do Velho Chico, Oeste baiano, suspendeu\u00a0<a href=\"https:\/\/www.bahianoticias.com.br\/municipios\/noticia\/36117-prefeitura-do-oeste-baiano-suspende-aulas-devido-a-onda-de-calor-cidade-amanhece-com-maxima-de-41\" target=\"_blank\" rel=\"noreferrer noopener\">as atividades escolares da rede municipal<\/a>\u00a0devido ao aumento de temperatura na cidade. A medida durou cerca de tr\u00eas dias no munic\u00edpio baiano.\u00a0Mesmo essas cidades j\u00e1 sendo atingidas pelas fortes temperaturas, a Sesab ainda n\u00e3o detalhou quais ser\u00e3o as medidas e a\u00e7\u00f5es que ser\u00e3o tomadas para o enfrentamento da onda quente.\u00a0<\/p>\n\n\n\n<p>BN<\/p>\n","protected":false},"excerpt":{"rendered":"<p>A onda de calor extremo que atinge alguns estados e cidades brasileiras\u00a0j\u00e1 tem preocupado e gerado alerta entre especialistas e autoridades. Na semana passada, o prefeito de Salvador Bruno Reis e a secret\u00e1ria municipal de Sa\u00fade, Ana Paula Matos j\u00e1 tinham apontado que a\u00a0capital baiana\u00a0iria ter um conjunto de a\u00e7\u00f5es para o enfrentamento das altas [&hellip;]<\/p>\n","protected":false},"author":2,"featured_media":4541,"comment_status":"open","ping_status":"open","sticky":false,"template":"","format":"standard","meta":{"_jetpack_memberships_contains_paid_content":false,"footnotes":""},"categories":[21],"tags":[],"class_list":["post-4539","post","type-post","status-publish","format-standard","has-post-thumbnail","hentry","category-bahia"],"aioseo_notices":[],"jetpack_featured_media_url":"https:\/\/i0.wp.com\/minutobahia24h.com.br\/wp-content\/uploads\/2023\/11\/Sem-titulo1-12.jpg?fit=1200%2C630&ssl=1","jetpack_sharing_enabled":true,"_links":{"self":[{"href":"https:\/\/minutobahia24h.com.br\/index.php?rest_route=\/wp\/v2\/posts\/4539","targetHints":{"allow":["GET"]}}],"collection":[{"href":"https:\/\/minutobahia24h.com.br\/index.php?rest_route=\/wp\/v2\/posts"}],"about":[{"href":"https:\/\/minutobahia24h.com.br\/index.php?rest_route=\/wp\/v2\/types\/post"}],"author":[{"embeddable":true,"href":"https:\/\/minutobahia24h.com.br\/index.php?rest_route=\/wp\/v2\/users\/2"}],"replies":[{"embeddable":true,"href":"https:\/\/minutobahia24h.com.br\/index.php?rest_route=%2Fwp%2Fv2%2Fcomments&post=4539"}],"version-history":[{"count":1,"href":"https:\/\/minutobahia24h.com.br\/index.php?rest_route=\/wp\/v2\/posts\/4539\/revisions"}],"predecessor-version":[{"id":4542,"href":"https:\/\/minutobahia24h.com.br\/index.php?rest_route=\/wp\/v2\/posts\/4539\/revisions\/4542"}],"wp:featuredmedia":[{"embeddable":true,"href":"https:\/\/minutobahia24h.com.br\/index.php?rest_route=\/wp\/v2\/media\/4541"}],"wp:attachment":[{"href":"https:\/\/minutobahia24h.com.br\/index.php?rest_route=%2Fwp%2Fv2%2Fmedia&parent=4539"}],"wp:term":[{"taxonomy":"category","embeddable":true,"href":"https:\/\/minutobahia24h.com.br\/index.php?rest_route=%2Fwp%2Fv2%2Fcategories&post=4539"},{"taxonomy":"post_tag","embeddable":true,"href":"https:\/\/minutobahia24h.com.br\/index.php?rest_route=%2Fwp%2Fv2%2Ftags&post=4539"}],"curies":[{"name":"wp","href":"https:\/\/api.w.org\/{rel}","templated":true}]}}