{"id":4535,"date":"2023-11-28T07:16:16","date_gmt":"2023-11-28T10:16:16","guid":{"rendered":"https:\/\/minutobahia24h.com.br\/?p=4535"},"modified":"2023-11-28T07:16:18","modified_gmt":"2023-11-28T10:16:18","slug":"indicacoes-de-dino-e-gonet-sao-publicadas-em-edicao-extra-do-diario-oficial","status":"publish","type":"post","link":"https:\/\/minutobahia24h.com.br\/?p=4535","title":{"rendered":"Indica\u00e7\u00f5es de Dino e Gonet s\u00e3o publicadas em edi\u00e7\u00e3o extra do Di\u00e1rio Oficial"},"content":{"rendered":"<div class=\"wp-block-image\">\n<figure class=\"aligncenter size-full\"><img data-recalc-dims=\"1\" fetchpriority=\"high\" decoding=\"async\" width=\"596\" height=\"419\" src=\"https:\/\/i0.wp.com\/minutobahia24h.com.br\/wp-content\/uploads\/2023\/11\/Sem-titulo1-11.jpg?resize=596%2C419&#038;ssl=1\" alt=\"\" class=\"wp-image-4537\" srcset=\"https:\/\/i0.wp.com\/minutobahia24h.com.br\/wp-content\/uploads\/2023\/11\/Sem-titulo1-11.jpg?w=596&amp;ssl=1 596w, https:\/\/i0.wp.com\/minutobahia24h.com.br\/wp-content\/uploads\/2023\/11\/Sem-titulo1-11.jpg?resize=300%2C211&amp;ssl=1 300w\" sizes=\"(max-width: 596px) 100vw, 596px\" \/><figcaption class=\"wp-element-caption\">Foto: Fabio<\/figcaption><\/figure>\n<\/div>\n\n\n<p>O presidente Lu\u00edz In\u00e1cio Lula da Silva (PT) oficializou as indica\u00e7\u00f5es do ministro da Justi\u00e7a, Fl\u00e1vio Dino, ao cargo de ministro do Supremo Tribunal Federal (STF) e de Paulo Gonet Branco para o cargo de procurador-geral da Rep\u00fablica.<\/p>\n\n\n\n<p>Ap\u00f3s a confirma\u00e7\u00e3o dos nomes feita pelo presidente Luiz In\u00e1cio Lula da Silva (PT), as indica\u00e7\u00f5es de Dino e Gonet j\u00e1 foram encaminhados para o presidente do Senado, Rodrigo Pacheco (PSD-MG). O Senado \u00e9 respons\u00e1vel por analisar e referendar as indica\u00e7\u00f5es.<\/p>\n\n\n\n<p>Bahia.ba<\/p>\n","protected":false},"excerpt":{"rendered":"<p>O presidente Lu\u00edz In\u00e1cio Lula da Silva (PT) oficializou as indica\u00e7\u00f5es do ministro da Justi\u00e7a, Fl\u00e1vio Dino, ao cargo de ministro do Supremo Tribunal Federal (STF) e de Paulo Gonet Branco para o cargo de procurador-geral da Rep\u00fablica. Ap\u00f3s a confirma\u00e7\u00e3o dos nomes feita pelo presidente Luiz In\u00e1cio Lula da Silva (PT), as indica\u00e7\u00f5es de [&hellip;]<\/p>\n","protected":false},"author":2,"featured_media":4537,"comment_status":"open","ping_status":"open","sticky":false,"template":"","format":"standard","meta":{"_jetpack_memberships_contains_paid_content":false,"footnotes":""},"categories":[39],"tags":[],"class_list":["post-4535","post","type-post","status-publish","format-standard","has-post-thumbnail","hentry","category-politica"],"aioseo_notices":[],"jetpack_featured_media_url":"https:\/\/i0.wp.com\/minutobahia24h.com.br\/wp-content\/uploads\/2023\/11\/Sem-titulo1-11.jpg?fit=596%2C419&ssl=1","jetpack_sharing_enabled":true,"_links":{"self":[{"href":"https:\/\/minutobahia24h.com.br\/index.php?rest_route=\/wp\/v2\/posts\/4535","targetHints":{"allow":["GET"]}}],"collection":[{"href":"https:\/\/minutobahia24h.com.br\/index.php?rest_route=\/wp\/v2\/posts"}],"about":[{"href":"https:\/\/minutobahia24h.com.br\/index.php?rest_route=\/wp\/v2\/types\/post"}],"author":[{"embeddable":true,"href":"https:\/\/minutobahia24h.com.br\/index.php?rest_route=\/wp\/v2\/users\/2"}],"replies":[{"embeddable":true,"href":"https:\/\/minutobahia24h.com.br\/index.php?rest_route=%2Fwp%2Fv2%2Fcomments&post=4535"}],"version-history":[{"count":1,"href":"https:\/\/minutobahia24h.com.br\/index.php?rest_route=\/wp\/v2\/posts\/4535\/revisions"}],"predecessor-version":[{"id":4538,"href":"https:\/\/minutobahia24h.com.br\/index.php?rest_route=\/wp\/v2\/posts\/4535\/revisions\/4538"}],"wp:featuredmedia":[{"embeddable":true,"href":"https:\/\/minutobahia24h.com.br\/index.php?rest_route=\/wp\/v2\/media\/4537"}],"wp:attachment":[{"href":"https:\/\/minutobahia24h.com.br\/index.php?rest_route=%2Fwp%2Fv2%2Fmedia&parent=4535"}],"wp:term":[{"taxonomy":"category","embeddable":true,"href":"https:\/\/minutobahia24h.com.br\/index.php?rest_route=%2Fwp%2Fv2%2Fcategories&post=4535"},{"taxonomy":"post_tag","embeddable":true,"href":"https:\/\/minutobahia24h.com.br\/index.php?rest_route=%2Fwp%2Fv2%2Ftags&post=4535"}],"curies":[{"name":"wp","href":"https:\/\/api.w.org\/{rel}","templated":true}]}}