{"id":4527,"date":"2023-11-28T07:12:05","date_gmt":"2023-11-28T10:12:05","guid":{"rendered":"https:\/\/minutobahia24h.com.br\/?p=4527"},"modified":"2023-11-28T07:12:06","modified_gmt":"2023-11-28T10:12:06","slug":"terceirizados-de-prefeitura-reclamam-de-atraso-nos-pagamentos-e-recebem-ameacas-de-rh-sera-desligada","status":"publish","type":"post","link":"https:\/\/minutobahia24h.com.br\/?p=4527","title":{"rendered":"Terceirizados de prefeitura reclamam de atraso nos pagamentos e recebem amea\u00e7as de RH: &#8216;ser\u00e1 desligada&#8217;"},"content":{"rendered":"<div class=\"wp-block-image\">\n<figure class=\"aligncenter size-full\"><img data-recalc-dims=\"1\" fetchpriority=\"high\" decoding=\"async\" width=\"800\" height=\"533\" src=\"https:\/\/i0.wp.com\/minutobahia24h.com.br\/wp-content\/uploads\/2023\/11\/Sem-titulo1-9.jpg?resize=800%2C533&#038;ssl=1\" alt=\"\" class=\"wp-image-4529\" srcset=\"https:\/\/i0.wp.com\/minutobahia24h.com.br\/wp-content\/uploads\/2023\/11\/Sem-titulo1-9.jpg?w=984&amp;ssl=1 984w, https:\/\/i0.wp.com\/minutobahia24h.com.br\/wp-content\/uploads\/2023\/11\/Sem-titulo1-9.jpg?resize=300%2C200&amp;ssl=1 300w, https:\/\/i0.wp.com\/minutobahia24h.com.br\/wp-content\/uploads\/2023\/11\/Sem-titulo1-9.jpg?resize=768%2C512&amp;ssl=1 768w, https:\/\/i0.wp.com\/minutobahia24h.com.br\/wp-content\/uploads\/2023\/11\/Sem-titulo1-9.jpg?resize=750%2C500&amp;ssl=1 750w\" sizes=\"(max-width: 800px) 100vw, 800px\" \/><figcaption class=\"wp-element-caption\">Foto: Arquivo Pessoal<br><\/figcaption><\/figure>\n<\/div>\n\n\n<p class=\"has-text-align-justify\"><a class=\"\" href=\"https:\/\/g1.globo.com\/sp\/santos-regiao\/noticia\/2023\/10\/19\/rh-ameaca-trabalhadores-em-greve-por-falta-de-pagamento-no-litoral-de-sp-mercado-nao-esta-facil.ghtml\">Os funcion\u00e1rios que atuam na limpeza das escolas municipais de Peru\u00edbe, no litoral de S\u00e3o Paulo, est\u00e3o h\u00e1 tr\u00eas meses sofrendo amea\u00e7as ao cobrarem sal\u00e1rios e benef\u00edcios atrasados.\u00a0<\/a>Obtivemos, nesta ter\u00e7a-feira (28), prints de conversas de trabalhadores com um profissional de Recursos Humanos da terceirizada, que avisa: &#8220;ser\u00e1 desligada da empresa&#8221; e at\u00e9 manda &#8220;procurar um emprego melhor&#8221;. Os problemas come\u00e7aram em setembro, com uma semana de atraso no pagamento dos sal\u00e1rios e de um m\u00eas no vale-refei\u00e7\u00e3o. O benef\u00edcio recebido em outubro, inclusive, foi o \u00faltimo.<\/p>\n\n\n\n<p class=\"has-text-align-justify\">O mesmo problema come\u00e7ou a ocorrer com o vale-alimenta\u00e7\u00e3o &#8212; o de outubro demorou mais de um m\u00eas a cair, e o de novembro j\u00e1 est\u00e1 em aberto. Uma funcion\u00e1ria, que preferiu n\u00e3o se identificar por medo de repres\u00e1lias, disse que o \u00fanico benef\u00edcio que tem sido pago corretamente \u00e9 o vale-transporte. As conversas obtidas pela reportagem mostram o funcion\u00e1rio do RH dizendo que a empresa n\u00e3o recebeu da Prefeitura de\u00a0<a class=\"\" href=\"https:\/\/g1.globo.com\/sp\/santos-regiao\/cidade\/peruibe\/\">Peru\u00edbe<\/a>\u00a0e, por este motivo, n\u00e3o tem condi\u00e7\u00f5es de pagar os funcion\u00e1rios.<\/p>\n\n\n\n<p class=\"has-text-align-justify\">Quando receberam a explica\u00e7\u00e3o da empresa, uma trabalhadora disse que os profissionais come\u00e7aram a reclamar. O funcion\u00e1rio do RH, portanto, restringiu o envio de mensagens no grupo de WhatsApp aos administradores, o que causou revolta. &#8220;Me sinto desanimada. N\u00e3o temos motiva\u00e7\u00e3o para trabalhar. Eu mesmo amo meu trabalho, amo o que eu fa\u00e7o. S\u00e3o 16 anos trabalhando em escolas e nunca tivemos problema com isso. Fica dif\u00edcil trabalhar assim&#8221;, lamentou uma funcion\u00e1ria.<\/p>\n\n\n\n<p>A Prefeitura de Peru\u00edbe informou ao&nbsp;<strong>g1<\/strong>, em nota, que os repasses s\u00e3o feitos dentro do prazo acordado com a terceirizada. A administra\u00e7\u00e3o municipal ressaltou, ainda, j\u00e1 ter aberto um processo para tomar as medidas administrativas cab\u00edveis para punir a empresa.<\/p>\n\n\n\n<figure class=\"wp-block-image\"><img data-recalc-dims=\"1\" decoding=\"async\" src=\"https:\/\/i0.wp.com\/s2-g1.glbimg.com\/sTbScQv2D0rP3Z90vlEU1fAHKnE%3D\/0x0%3A1200x800\/984x0\/smart\/filters%3Astrip_icc%28%29\/i.s3.glbimg.com\/v1\/AUTH_59edd422c0c84a879bd37670ae4f538a\/internal_photos\/bs\/2023\/C\/w\/FVdTYlT1mCeTOb5VnDEA\/ameaca-rh-2.jpeg?w=800&#038;ssl=1\" alt=\"Trabalhadores sofrem com amea\u00e7as do RH e atraso nos pagamentos h\u00e1 meses em Peru\u00edbe (SP) \u2014 Foto: Arquivo Pessoal\"\/><\/figure>\n\n\n\n<p>Trabalhadores sofrem com amea\u00e7as do RH e atraso nos pagamentos h\u00e1 meses em Peru\u00edbe (SP) \u2014 Foto: Arquivo Pessoal<\/p>\n\n\n\n<p>Com as restri\u00e7\u00f5es no grupo de WhatsApp, o funcion\u00e1rio do RH passou a receber mensagens dos trabalhadores. Em uma dessas conversas, o representante do setor de Recursos Humanos da terceirizada amea\u00e7ou demitir uma funcion\u00e1ria se ela continuasse reclamando.<\/p>\n\n\n\n<p>Em outro trecho diz que manda que abra a pr\u00f3pria empresa ou encontrar outro trabalho: &#8220;Administra melhor ent\u00e3o, ao inv\u00e9s de ficar aqui ofendendo todos [&#8230;]. Se para voc\u00ea n\u00e3o est\u00e1 bom, vai procurar um emprego melhor e para de ficar aqui batendo boca&#8221;, disse.<\/p>\n\n\n\n<p>O&nbsp;<strong>g1&nbsp;<\/strong>entrou em contato com a empresa de RH que presta servi\u00e7o para as escolas municipais de Peru\u00edbe (SP), mas n\u00e3o teve retorno at\u00e9 a \u00faltima atualiza\u00e7\u00e3o desta reportagem.<\/p>\n\n\n\n<figure class=\"wp-block-image\"><img data-recalc-dims=\"1\" decoding=\"async\" src=\"https:\/\/i0.wp.com\/s2-g1.glbimg.com\/ZBVYVeOusHG6vlsip2p1jD777RY%3D\/0x0%3A1200x800\/984x0\/smart\/filters%3Astrip_icc%28%29\/i.s3.glbimg.com\/v1\/AUTH_59edd422c0c84a879bd37670ae4f538a\/internal_photos\/bs\/2023\/i\/B\/2gTmHZRBmV3VVfKmHkOA\/ameaca-rh-3.jpeg?w=800&#038;ssl=1\" alt=\"Trabalhadores de empresa terceirizada que presta servi\u00e7o de limpeza para as escolas municipais de Peru\u00edbe (SP) reclamam de atraso nos pagamentos \u2014 Foto: Arquivo Pessoal\"\/><\/figure>\n\n\n\n<p>Trabalhadores de empresa terceirizada que presta servi\u00e7o de limpeza para as escolas municipais de Peru\u00edbe (SP) reclamam de atraso nos pagamentos \u2014 Foto: Arquivo Pessoal<\/p>\n\n\n\n<p class=\"has-text-align-justify\"><a class=\"\" href=\"https:\/\/g1.globo.com\/sp\/santos-regiao\/noticia\/2023\/10\/19\/rh-ameaca-trabalhadores-em-greve-por-falta-de-pagamento-no-litoral-de-sp-mercado-nao-esta-facil.ghtml\">Em outubro, os funcion\u00e1rios fizeram uma paralisa\u00e7\u00e3o por conta da falta de pagamentos.\u00a0<\/a>Na ocasi\u00e3o, alunos da Escola Municipal de Ensino Fundamental (EMEF) Prefeito Jos\u00e9 Roberto Preto limparam a unidade\u00a0<em>(veja o v\u00eddeo acima).<\/em>\u00a0Segundo apurado pela reportagem na \u00e9poca, outras escolas chegaram a ser limpas por professores, diretores e estagi\u00e1rios. Desta vez, a funcion\u00e1ria explicou que n\u00e3o far\u00e3o paralisa\u00e7\u00e3o, j\u00e1 que o ano letivo est\u00e1 no fim. Ela ressaltou ainda que os colaboradores est\u00e3o com medo de n\u00e3o conseguirem outro emprego.<\/p>\n","protected":false},"excerpt":{"rendered":"<p>Os funcion\u00e1rios que atuam na limpeza das escolas municipais de Peru\u00edbe, no litoral de S\u00e3o Paulo, est\u00e3o h\u00e1 tr\u00eas meses sofrendo amea\u00e7as ao cobrarem sal\u00e1rios e benef\u00edcios atrasados.\u00a0Obtivemos, nesta ter\u00e7a-feira (28), prints de conversas de trabalhadores com um profissional de Recursos Humanos da terceirizada, que avisa: &#8220;ser\u00e1 desligada da empresa&#8221; e at\u00e9 manda &#8220;procurar um [&hellip;]<\/p>\n","protected":false},"author":2,"featured_media":4529,"comment_status":"open","ping_status":"open","sticky":false,"template":"","format":"standard","meta":{"_jetpack_memberships_contains_paid_content":false,"footnotes":""},"categories":[46],"tags":[],"class_list":["post-4527","post","type-post","status-publish","format-standard","has-post-thumbnail","hentry","category-noticia"],"aioseo_notices":[],"jetpack_featured_media_url":"https:\/\/i0.wp.com\/minutobahia24h.com.br\/wp-content\/uploads\/2023\/11\/Sem-titulo1-9.jpg?fit=984%2C656&ssl=1","jetpack_sharing_enabled":true,"_links":{"self":[{"href":"https:\/\/minutobahia24h.com.br\/index.php?rest_route=\/wp\/v2\/posts\/4527","targetHints":{"allow":["GET"]}}],"collection":[{"href":"https:\/\/minutobahia24h.com.br\/index.php?rest_route=\/wp\/v2\/posts"}],"about":[{"href":"https:\/\/minutobahia24h.com.br\/index.php?rest_route=\/wp\/v2\/types\/post"}],"author":[{"embeddable":true,"href":"https:\/\/minutobahia24h.com.br\/index.php?rest_route=\/wp\/v2\/users\/2"}],"replies":[{"embeddable":true,"href":"https:\/\/minutobahia24h.com.br\/index.php?rest_route=%2Fwp%2Fv2%2Fcomments&post=4527"}],"version-history":[{"count":1,"href":"https:\/\/minutobahia24h.com.br\/index.php?rest_route=\/wp\/v2\/posts\/4527\/revisions"}],"predecessor-version":[{"id":4530,"href":"https:\/\/minutobahia24h.com.br\/index.php?rest_route=\/wp\/v2\/posts\/4527\/revisions\/4530"}],"wp:featuredmedia":[{"embeddable":true,"href":"https:\/\/minutobahia24h.com.br\/index.php?rest_route=\/wp\/v2\/media\/4529"}],"wp:attachment":[{"href":"https:\/\/minutobahia24h.com.br\/index.php?rest_route=%2Fwp%2Fv2%2Fmedia&parent=4527"}],"wp:term":[{"taxonomy":"category","embeddable":true,"href":"https:\/\/minutobahia24h.com.br\/index.php?rest_route=%2Fwp%2Fv2%2Fcategories&post=4527"},{"taxonomy":"post_tag","embeddable":true,"href":"https:\/\/minutobahia24h.com.br\/index.php?rest_route=%2Fwp%2Fv2%2Ftags&post=4527"}],"curies":[{"name":"wp","href":"https:\/\/api.w.org\/{rel}","templated":true}]}}