{"id":45068,"date":"2026-05-28T10:37:24","date_gmt":"2026-05-28T13:37:24","guid":{"rendered":"https:\/\/minutobahia24h.com.br\/?p=45068"},"modified":"2026-05-28T10:37:25","modified_gmt":"2026-05-28T13:37:25","slug":"camara-aprova-em-dois-turnos-a-pec-pelo-fim-da-escala-6x1","status":"publish","type":"post","link":"https:\/\/minutobahia24h.com.br\/?p=45068","title":{"rendered":"C\u00e2mara aprova, em dois turnos, a PEC pelo fim da escala 6\u00d71"},"content":{"rendered":"<div class=\"wp-block-image\">\n<figure class=\"aligncenter size-full\"><img data-recalc-dims=\"1\" fetchpriority=\"high\" decoding=\"async\" width=\"800\" height=\"394\" src=\"https:\/\/i0.wp.com\/minutobahia24h.com.br\/wp-content\/uploads\/2026\/05\/Sem-titulo-247.jpg?resize=800%2C394&#038;ssl=1\" alt=\"\" class=\"wp-image-45069\" srcset=\"https:\/\/i0.wp.com\/minutobahia24h.com.br\/wp-content\/uploads\/2026\/05\/Sem-titulo-247.jpg?w=1023&amp;ssl=1 1023w, https:\/\/i0.wp.com\/minutobahia24h.com.br\/wp-content\/uploads\/2026\/05\/Sem-titulo-247.jpg?resize=300%2C148&amp;ssl=1 300w, https:\/\/i0.wp.com\/minutobahia24h.com.br\/wp-content\/uploads\/2026\/05\/Sem-titulo-247.jpg?resize=768%2C378&amp;ssl=1 768w, https:\/\/i0.wp.com\/minutobahia24h.com.br\/wp-content\/uploads\/2026\/05\/Sem-titulo-247.jpg?resize=750%2C370&amp;ssl=1 750w\" sizes=\"(max-width: 800px) 100vw, 800px\" \/><\/figure>\n<\/div>\n\n\n<p class=\"wp-block-paragraph\"><strong>A C\u00e2mara dos Deputados aprovou na noite desta quarta-feira&nbsp;(27), em dois&nbsp;turnos, a proposta de Emenda \u00e0 Constitui\u00e7\u00e3o (PEC) 221\/19 que acaba com a escala de trabalho 6\u00d71. Foram 461 votos favor\u00e1veis e 19&nbsp;contr\u00e1rios, no segundo turno.<\/strong><img data-recalc-dims=\"1\" decoding=\"async\" data-src=\"https:\/\/i0.wp.com\/agenciabrasil.ebc.com.br\/ebc.png?w=800&#038;ssl=1\" src=\"data:image\/gif;base64,R0lGODlhAQABAAAAACH5BAEKAAEALAAAAAABAAEAAAICTAEAOw==\" class=\"lazyload\"><noscript><img data-recalc-dims=\"1\" decoding=\"async\" src=\"https:\/\/i0.wp.com\/agenciabrasil.ebc.com.br\/ebc.png?w=800&#038;ssl=1\"><\/noscript><img data-recalc-dims=\"1\" decoding=\"async\" data-src=\"https:\/\/i0.wp.com\/agenciabrasil.ebc.com.br\/ebc.gif?w=800&#038;ssl=1\" src=\"data:image\/gif;base64,R0lGODlhAQABAAAAACH5BAEKAAEALAAAAAABAAEAAAICTAEAOw==\" class=\"lazyload\"><noscript><img data-recalc-dims=\"1\" decoding=\"async\" src=\"https:\/\/i0.wp.com\/agenciabrasil.ebc.com.br\/ebc.gif?w=800&#038;ssl=1\"><\/noscript><\/p>\n\n\n\n<p class=\"wp-block-paragraph\"><strong>O texto segue para vota\u00e7\u00e3o no Senado.<\/strong><\/p>\n\n\n\n<p class=\"wp-block-paragraph\">A PEC determina a redu\u00e7\u00e3o da jornada de trabalho de 44 para 40 horas semanais,&nbsp;sem perda&nbsp;salarial. A proposta ainda garante&nbsp;duas folgas semanais, sendo&nbsp;uma preferencialmente aos domingos. As mudan\u00e7as&nbsp;entrar\u00e3o&nbsp;em vigor 60 dias ap\u00f3s a promulga\u00e7\u00e3o do texto.<\/p>\n\n\n\n<p class=\"wp-block-paragraph\">O texto aprovado hoje foi apresentado pelo&nbsp;relator, Leo Prates (Republicanos-BA), para duas propostas de emenda \u00e0 Constitui\u00e7\u00e3o que j\u00e1 tramitavam:&nbsp;a PEC 221\/19, do deputado Reginaldo Lopes (PT-MG), que estabelecia 36 horas semanais ap\u00f3s um per\u00edodo de 10 anos, e a PEC 8\/25, da deputada Erika Hilton (Psol-SP), que introduzia a escala 4\u00d73 (quatro dias de trabalho e tr\u00eas de descanso), com limite de 36 horas semanais, depois de um ano.<\/p>\n\n\n\n<p class=\"wp-block-paragraph\">Ap\u00f3s o fim do primeiro turno de vota\u00e7\u00e3o, o presidente da C\u00e2mara, Hugo Motta (Republicanos-PB), disse que a Casa deu um passo importante para \u201cuma mudan\u00e7a fundamental para os trabalhadores e trabalhadoras do pa\u00eds desde a Constitui\u00e7\u00e3o de 1988\u201d.<\/p>\n\n\n\n<p class=\"wp-block-paragraph\">\u201cAssumi esta condu\u00e7\u00e3o com todo o equil\u00edbrio, responsabilidade e, principalmente, compromisso com os brasileiros. Por isso, j\u00e1 no in\u00edcio do debate, tratei tr\u00eas pilares como inegoci\u00e1veis para esta Casa e para o governo federal: a redu\u00e7\u00e3o da jornada para 40 horas semanais, dois dias de descanso e a manuten\u00e7\u00e3o dos sal\u00e1rios dos trabalhadores\u201d, disse Motta.&nbsp;<\/p>\n\n\n\n<blockquote class=\"wp-block-quote is-layout-flow wp-block-quote-is-layout-flow\">\n<p class=\"wp-block-paragraph\">\u201cEssa aprova\u00e7\u00e3o ficar\u00e1 registrada na hist\u00f3ria desta legislatura e na trajet\u00f3ria de cada parlamentar, que compreendeu que desenvolvimento econ\u00f4mico e dignidade humana precisam caminhar juntos\u201d, completou.<\/p>\n<\/blockquote>\n\n\n\n<h2 class=\"wp-block-heading\">Transi\u00e7\u00e3o<\/h2>\n\n\n\n<p class=\"wp-block-paragraph\">De acordo com o texto aprovado, ap\u00f3s 60 dias, a jornada ser\u00e1 reduzida de&nbsp;42 horas semanais para 40 horas. Doze meses ap\u00f3s a entrada em vigor das&nbsp;42 horas, a dura\u00e7\u00e3o do trabalho ser\u00e1 reduzida para&nbsp;40 horas semanais, com o m\u00e1ximo de 8 horas di\u00e1rias de trabalho.<\/p>\n\n\n\n<p class=\"wp-block-paragraph\">A transi\u00e7\u00e3o foi inclu\u00edda ap\u00f3s um&nbsp;<a href=\"https:\/\/agenciabrasil.ebc.com.br\/politica\/noticia\/2026-05\/acordo-preve-regra-de-transicao-de-60-dias-para-fim-da-escala-6x1\" target=\"_blank\" rel=\"noreferrer noopener\">acordo&nbsp;do governo com o presidente da C\u00e2mara dos Deputados<\/a>.<\/p>\n\n\n\n<p class=\"wp-block-paragraph\">Depois do prazo de 60 dias e dentro do per\u00edodo de redu\u00e7\u00e3o da jornada, o texto prev\u00ea&nbsp;a possibilidade de ampliar a dura\u00e7\u00e3o di\u00e1ria do trabalho normal.&nbsp;Essa amplia\u00e7\u00e3o dever\u00e1 ser feita por negocia\u00e7\u00e3o em conven\u00e7\u00e3o ou acordo coletivo de trabalho.<\/p>\n\n\n\n<p class=\"wp-block-paragraph\"><strong>&gt;&gt; Veja as regras de transi\u00e7\u00e3o da PEC que acaba com a escala 6\u00d71:<\/strong><\/p>\n\n\n\n<p class=\"wp-block-paragraph\">\u2013 escala de 5 dias de trabalho com 2 dias de descanso (ap\u00f3s 60 dias);&nbsp;<br>\u2013 redu\u00e7\u00e3o da jornada&nbsp;de 44 horas para 42 horas semanais (ap\u00f3s 60 dias)<br>\u2013&nbsp;jornada de 42 horas para 40 horas semanais, mantida a escala 5\u00d72 (em 14 meses).&nbsp;<\/p>\n\n\n\n<p class=\"wp-block-paragraph\">Antes da vota\u00e7\u00e3o em plen\u00e1rio, o texto foi aprovado&nbsp;<a href=\"https:\/\/agenciabrasil.ebc.com.br\/politica\/noticia\/2026-05\/comissao-aprova-relatorio-de-pec-que-acaba-com-escala-6x1\" target=\"_blank\" rel=\"noreferrer noopener\">na comiss\u00e3o especial que analisou a mat\u00e9ria<\/a>. Pela manh\u00e3, Motta realizou uma sess\u00e3o protocolar de oito minutos para que fosse liberada a vota\u00e7\u00e3o do texto na comiss\u00e3o especial. Dos 38 membros da comiss\u00e3o, 34 votaram a favor e 4, contra.&nbsp;Na sequ\u00eancia, a PEC foi inclu\u00edda na Ordem do Dia da C\u00e2mara, ou seja, na pauta de vota\u00e7\u00f5es no plen\u00e1rio.<\/p>\n\n\n\n<p class=\"wp-block-paragraph\">A aprova\u00e7\u00e3o da PEC foi comemorada pelos parlamentares da base governista e criticada pela oposi\u00e7\u00e3o.<\/p>\n\n\n\n<blockquote class=\"wp-block-quote is-layout-flow wp-block-quote-is-layout-flow\">\n<p class=\"wp-block-paragraph\">\u201cVamos fazer hist\u00f3ria mostrando em que lado n\u00f3s estamos. N\u00f3s estamos do lado do povo mais sofrido, das pessoas que mais precisam\u201d, comemorou o l\u00edder do governo na C\u00e2mara, Paulo Pimenta (PT-RS).&nbsp;<\/p>\n<\/blockquote>\n\n\n\n<p class=\"wp-block-paragraph\">A deputada Dandara (PT-MG), que trabalhou como caixa de loja de departamento em escala 6\u00d71, recordou a rotina desgastante e afirmou que a redu\u00e7\u00e3o vai dar tempo para os trabalhadores poderem viver.<\/p>\n\n\n\n<p class=\"wp-block-paragraph\">\u201cEu conhe\u00e7o o barulho do bus\u00e3o [sic] lotado \u00e0s 5h, o caf\u00e9 corrido, o uniforme vestido ainda no escuro. Eu conhe\u00e7o o p\u00e9 inchado de tanto ficar em p\u00e9: oito, 10, 12 horas. Eu conhe\u00e7o porque eu vivi. Eu sei que a escala 6\u00d71 n\u00e3o cabe no calend\u00e1rio. N\u00e3o cabe, porque n\u00e3o \u00e9 sobre tempo, somente, \u00e9 sobre a vida\u201d, disse.<\/p>\n\n\n\n<p class=\"wp-block-paragraph\">A deputada Alice Portugal (PCdoB-BA) lembrou que a iniciativa \u00e9 uma pauta de v\u00e1rias centrais sindicais.<\/p>\n\n\n\n<p class=\"wp-block-paragraph\">\u201cEssa \u00e9 uma luta que come\u00e7ou h\u00e1 muito tempo. Mas, no Brasil, essa batalha n\u00e3o evoluiu, a cultura escravocrata, a vis\u00e3o colonialista, a vis\u00e3o racista, prevaleceu, mas n\u00f3s vamos derrubar a escala seis por um. Hoje, aqui, vamos fazer hist\u00f3ria\u201d, afirmou.&nbsp;<\/p>\n\n\n\n<p class=\"wp-block-paragraph\">Durante a sess\u00e3o, deputados da oposi\u00e7\u00e3o se posicionaram contra a redu\u00e7\u00e3o da jornada de trabalho.<\/p>\n\n\n\n<p class=\"wp-block-paragraph\">O deputado Kim Kataguiri (Miss\u00e3o-SP) afirmou que a proposta n\u00e3o vai melhorar a vida do trabalhador.<\/p>\n\n\n\n<blockquote class=\"wp-block-quote is-layout-flow wp-block-quote-is-layout-flow\">\n<p class=\"wp-block-paragraph\">\u201cEu n\u00e3o vou mentir para o trabalhador dizendo para ele que com a aprova\u00e7\u00e3o dessa PEC vai acabar a escala 6\u00d71\u201d, disse.&nbsp;<\/p>\n<\/blockquote>\n\n\n\n<p class=\"wp-block-paragraph\">O deputado S\u00e9rgio Turra (PP-RS) chamou a proposta do governo de eleitoreira. \u201cEstamos tratando do futuro de um pa\u00eds e da dignidade dos trabalhadores\u201d, afirmou.<\/p>\n\n\n\n<p class=\"wp-block-paragraph\"><strong>&gt;&gt; Entenda&nbsp;mais pontos da PEC pelo fim da escala 6\u00d71:<\/strong><\/p>\n\n\n\n<p class=\"wp-block-paragraph\">.- Jornada de trabalho n\u00e3o dever\u00e1 ser superior a oito horas di\u00e1rias e 40 horas semanais, podendo haver compensa\u00e7\u00e3o e redu\u00e7\u00e3o de jornada&nbsp;mediante acordo ou conven\u00e7\u00e3o coletiva de trabalho.<\/p>\n\n\n\n<p class=\"wp-block-paragraph\">\u2013 Lei&nbsp;ordin\u00e1ria ir\u00e1 tratar da jornada e descanso de regimes diferenciados, como trabalhadores com seis horas di\u00e1rias de trabalho.<\/p>\n\n\n\n<p class=\"wp-block-paragraph\">\u2013 Nova regra n\u00e3o se aplica: a quem tem jornada&nbsp;igual ou inferior a 40 horas semanais, a&nbsp;empregados com&nbsp;n\u00edvel superior e com&nbsp;remunera\u00e7\u00e3o mensal igual ou superior a R$ 8.475,55 (equivalente a duas vezes e meia o limite m\u00e1ximo dos benef\u00edcios do INSS)<\/p>\n\n\n\n<p class=\"wp-block-paragraph\">\u2013 Lei complementar poder\u00e1 adotar medidas de transi\u00e7\u00e3o para os microempreendedores individuais, as microempresas e as empresas de pequeno porte.<\/p>\n\n\n\n<p class=\"wp-block-paragraph\"><a href=\"https:\/\/agenciabrasil.ebc.com.br\/politica\/noticia\/2026-05\/camara-aprova-em-dois-turnos-pec-pelo-fim-da-escala-6x1\">Fonte: Ag\u00eancia Brasil<\/a><\/p>\n","protected":false},"excerpt":{"rendered":"<p>A C\u00e2mara dos Deputados aprovou na noite desta quarta-feira&nbsp;(27), em dois&nbsp;turnos, a proposta de Emenda \u00e0 Constitui\u00e7\u00e3o (PEC) 221\/19 que acaba com a escala de trabalho 6\u00d71. Foram 461 votos favor\u00e1veis e 19&nbsp;contr\u00e1rios, no segundo turno. O texto segue para vota\u00e7\u00e3o no Senado. A PEC determina a redu\u00e7\u00e3o da jornada de trabalho de 44 para [&hellip;]<\/p>\n","protected":false},"author":2,"featured_media":45069,"comment_status":"open","ping_status":"open","sticky":false,"template":"","format":"standard","meta":{"_jetpack_newsletter_access":"","_jetpack_dont_email_post_to_subs":false,"_jetpack_newsletter_tier_id":0,"_jetpack_memberships_contains_paywalled_content":false,"_jetpack_feature_clip_id":0,"_jetpack_memberships_contains_paid_content":false,"footnotes":"","jetpack_post_was_ever_published":false},"categories":[39],"tags":[],"class_list":["post-45068","post","type-post","status-publish","format-standard","has-post-thumbnail","hentry","category-politica"],"aioseo_notices":[],"aioseo_head":"\n\t\t<!-- All in One SEO 5.0.1.1 - aioseo.com -->\n\t<meta name=\"description\" content=\"A C\u00e2mara dos Deputados aprovou na noite desta quarta-feira (27), em dois turnos, a proposta de Emenda \u00e0 Constitui\u00e7\u00e3o (PEC) 221\/19 que acaba com a escala de trabalho 6\u00d71. Foram 461 votos favor\u00e1veis e 19 contr\u00e1rios, no segundo turno. O texto segue para vota\u00e7\u00e3o no Senado. A PEC determina a redu\u00e7\u00e3o da jornada de trabalho de 44 para\" \/>\n\t<meta name=\"robots\" content=\"max-image-preview:large\" \/>\n\t<meta name=\"author\" content=\"andre\"\/>\n\t<link rel=\"canonical\" href=\"https:\/\/minutobahia24h.com.br\/?p=45068\" \/>\n\t<meta name=\"generator\" content=\"All in One SEO (AIOSEO) 5.0.1.1\" \/>\n\t\t<meta property=\"og:locale\" content=\"pt_BR\" \/>\n\t\t<meta property=\"og:site_name\" content=\"Minuto Bahia 24h - O seu portal de not\u00edcias\" \/>\n\t\t<meta property=\"og:type\" content=\"article\" \/>\n\t\t<meta property=\"og:title\" content=\"C\u00e2mara aprova, em dois turnos, a PEC pelo fim da escala 6\u00d71 - Minuto Bahia 24h\" \/>\n\t\t<meta property=\"og:description\" content=\"A C\u00e2mara dos Deputados aprovou na noite desta quarta-feira (27), em dois turnos, a proposta de Emenda \u00e0 Constitui\u00e7\u00e3o (PEC) 221\/19 que acaba com a escala de trabalho 6\u00d71. Foram 461 votos favor\u00e1veis e 19 contr\u00e1rios, no segundo turno. O texto segue para vota\u00e7\u00e3o no Senado. A PEC determina a redu\u00e7\u00e3o da jornada de trabalho de 44 para\" \/>\n\t\t<meta property=\"og:url\" content=\"https:\/\/minutobahia24h.com.br\/?p=45068\" \/>\n\t\t<meta property=\"og:image\" content=\"https:\/\/minutobahia24h.com.br\/wp-content\/uploads\/2026\/05\/Sem-titulo-247.jpg\" \/>\n\t\t<meta property=\"og:image:secure_url\" content=\"https:\/\/minutobahia24h.com.br\/wp-content\/uploads\/2026\/05\/Sem-titulo-247.jpg\" \/>\n\t\t<meta property=\"og:image:width\" content=\"1023\" \/>\n\t\t<meta property=\"og:image:height\" content=\"504\" \/>\n\t\t<meta property=\"article:published_time\" content=\"2026-05-28T13:37:24+00:00\" \/>\n\t\t<meta property=\"article:modified_time\" content=\"2026-05-28T13:37:25+00:00\" \/>\n\t\t<meta name=\"twitter:card\" content=\"summary_large_image\" \/>\n\t\t<meta name=\"twitter:title\" content=\"C\u00e2mara aprova, em dois turnos, a PEC pelo fim da escala 6\u00d71 - Minuto Bahia 24h\" \/>\n\t\t<meta name=\"twitter:description\" content=\"A C\u00e2mara dos Deputados aprovou na noite desta quarta-feira (27), em dois turnos, a proposta de Emenda \u00e0 Constitui\u00e7\u00e3o (PEC) 221\/19 que acaba com a escala de trabalho 6\u00d71. Foram 461 votos favor\u00e1veis e 19 contr\u00e1rios, no segundo turno. O texto segue para vota\u00e7\u00e3o no Senado. A PEC determina a redu\u00e7\u00e3o da jornada de trabalho de 44 para\" \/>\n\t\t<meta name=\"twitter:image\" content=\"https:\/\/minutobahia24h.com.br\/wp-content\/uploads\/2026\/05\/Sem-titulo-247.jpg\" \/>\n\t\t<script type=\"application\/ld+json\" class=\"aioseo-schema\">\n\t\t\t{\"@context\":\"https:\\\/\\\/schema.org\",\"@graph\":[{\"@type\":\"BlogPosting\",\"@id\":\"https:\\\/\\\/minutobahia24h.com.br\\\/?p=45068#blogposting\",\"name\":\"C\\u00e2mara aprova, em dois turnos, a PEC pelo fim da escala 6\\u00d71 - Minuto Bahia 24h\",\"headline\":\"C\\u00e2mara aprova, em dois turnos, a PEC pelo fim da escala 6\\u00d71\",\"author\":{\"@id\":\"https:\\\/\\\/minutobahia24h.com.br\\\/?author=2#author\"},\"publisher\":{\"@id\":\"https:\\\/\\\/minutobahia24h.com.br\\\/#organization\"},\"image\":{\"@type\":\"ImageObject\",\"url\":\"https:\\\/\\\/i0.wp.com\\\/minutobahia24h.com.br\\\/wp-content\\\/uploads\\\/2026\\\/05\\\/Sem-titulo-247.jpg?fit=1023%2C504&ssl=1\",\"width\":1023,\"height\":504},\"datePublished\":\"2026-05-28T10:37:24-03:00\",\"dateModified\":\"2026-05-28T10:37:25-03:00\",\"inLanguage\":\"pt-BR\",\"mainEntityOfPage\":{\"@id\":\"https:\\\/\\\/minutobahia24h.com.br\\\/?p=45068#webpage\"},\"isPartOf\":{\"@id\":\"https:\\\/\\\/minutobahia24h.com.br\\\/?p=45068#webpage\"},\"articleSection\":\"Pol\\u00edtica\"},{\"@type\":\"BreadcrumbList\",\"@id\":\"https:\\\/\\\/minutobahia24h.com.br\\\/?p=45068#breadcrumblist\",\"itemListElement\":[{\"@type\":\"ListItem\",\"@id\":\"https:\\\/\\\/minutobahia24h.com.br#listItem\",\"position\":1,\"name\":\"In\\u00edcio\",\"item\":\"https:\\\/\\\/minutobahia24h.com.br\",\"nextItem\":{\"@type\":\"ListItem\",\"@id\":\"https:\\\/\\\/minutobahia24h.com.br\\\/?cat=39#listItem\",\"name\":\"Pol\\u00edtica\"}},{\"@type\":\"ListItem\",\"@id\":\"https:\\\/\\\/minutobahia24h.com.br\\\/?cat=39#listItem\",\"position\":2,\"name\":\"Pol\\u00edtica\",\"item\":\"https:\\\/\\\/minutobahia24h.com.br\\\/?cat=39\",\"nextItem\":{\"@type\":\"ListItem\",\"@id\":\"https:\\\/\\\/minutobahia24h.com.br\\\/?p=45068#listItem\",\"name\":\"C\\u00e2mara aprova, em dois turnos, a PEC pelo fim da escala 6\\u00d71\"},\"previousItem\":{\"@type\":\"ListItem\",\"@id\":\"https:\\\/\\\/minutobahia24h.com.br#listItem\",\"name\":\"In\\u00edcio\"}},{\"@type\":\"ListItem\",\"@id\":\"https:\\\/\\\/minutobahia24h.com.br\\\/?p=45068#listItem\",\"position\":3,\"name\":\"C\\u00e2mara aprova, em dois turnos, a PEC pelo fim da escala 6\\u00d71\",\"previousItem\":{\"@type\":\"ListItem\",\"@id\":\"https:\\\/\\\/minutobahia24h.com.br\\\/?cat=39#listItem\",\"name\":\"Pol\\u00edtica\"}}]},{\"@type\":\"Organization\",\"@id\":\"https:\\\/\\\/minutobahia24h.com.br\\\/#organization\",\"name\":\"Minuto Bahia 24h\",\"description\":\"O seu portal de not\\u00edcias\",\"url\":\"https:\\\/\\\/minutobahia24h.com.br\\\/\",\"logo\":{\"@type\":\"ImageObject\",\"url\":\"https:\\\/\\\/i0.wp.com\\\/minutobahia24h.com.br\\\/wp-content\\\/uploads\\\/2023\\\/09\\\/cropped-minutoba.png?fit=457%2C119&ssl=1\",\"@id\":\"https:\\\/\\\/minutobahia24h.com.br\\\/?p=45068\\\/#organizationLogo\",\"width\":457,\"height\":119},\"image\":{\"@id\":\"https:\\\/\\\/minutobahia24h.com.br\\\/?p=45068\\\/#organizationLogo\"}},{\"@type\":\"Person\",\"@id\":\"https:\\\/\\\/minutobahia24h.com.br\\\/?author=2#author\",\"url\":\"https:\\\/\\\/minutobahia24h.com.br\\\/?author=2\",\"name\":\"andre\",\"image\":{\"@type\":\"ImageObject\",\"@id\":\"https:\\\/\\\/minutobahia24h.com.br\\\/?p=45068#authorImage\",\"url\":\"https:\\\/\\\/secure.gravatar.com\\\/avatar\\\/0ec5eafed5f3925c321625d79a680d589901b94bca787ae396a35f6c4a960922?s=96&d=mm&r=g\",\"width\":96,\"height\":96,\"caption\":\"andre\"}},{\"@type\":\"WebPage\",\"@id\":\"https:\\\/\\\/minutobahia24h.com.br\\\/?p=45068#webpage\",\"url\":\"https:\\\/\\\/minutobahia24h.com.br\\\/?p=45068\",\"name\":\"C\\u00e2mara aprova, em dois turnos, a PEC pelo fim da escala 6\\u00d71 - Minuto Bahia 24h\",\"description\":\"A C\\u00e2mara dos Deputados aprovou na noite desta quarta-feira (27), em dois turnos, a proposta de Emenda \\u00e0 Constitui\\u00e7\\u00e3o (PEC) 221\\\/19 que acaba com a escala de trabalho 6\\u00d71. Foram 461 votos favor\\u00e1veis e 19 contr\\u00e1rios, no segundo turno. O texto segue para vota\\u00e7\\u00e3o no Senado. A PEC determina a redu\\u00e7\\u00e3o da jornada de trabalho de 44 para\",\"inLanguage\":\"pt-BR\",\"isPartOf\":{\"@id\":\"https:\\\/\\\/minutobahia24h.com.br\\\/#website\"},\"breadcrumb\":{\"@id\":\"https:\\\/\\\/minutobahia24h.com.br\\\/?p=45068#breadcrumblist\"},\"author\":{\"@id\":\"https:\\\/\\\/minutobahia24h.com.br\\\/?author=2#author\"},\"creator\":{\"@id\":\"https:\\\/\\\/minutobahia24h.com.br\\\/?author=2#author\"},\"image\":{\"@type\":\"ImageObject\",\"url\":\"https:\\\/\\\/i0.wp.com\\\/minutobahia24h.com.br\\\/wp-content\\\/uploads\\\/2026\\\/05\\\/Sem-titulo-247.jpg?fit=1023%2C504&ssl=1\",\"@id\":\"https:\\\/\\\/minutobahia24h.com.br\\\/?p=45068\\\/#mainImage\",\"width\":1023,\"height\":504},\"primaryImageOfPage\":{\"@id\":\"https:\\\/\\\/minutobahia24h.com.br\\\/?p=45068#mainImage\"},\"datePublished\":\"2026-05-28T10:37:24-03:00\",\"dateModified\":\"2026-05-28T10:37:25-03:00\"},{\"@type\":\"WebSite\",\"@id\":\"https:\\\/\\\/minutobahia24h.com.br\\\/#website\",\"url\":\"https:\\\/\\\/minutobahia24h.com.br\\\/\",\"name\":\"Minuto Bahia 24h\",\"description\":\"O seu portal de not\\u00edcias\",\"inLanguage\":\"pt-BR\",\"publisher\":{\"@id\":\"https:\\\/\\\/minutobahia24h.com.br\\\/#organization\"}}]}\n\t\t<\/script>\n\t\t<!-- All in One SEO -->\n\n","aioseo_head_json":{"title":"C\u00e2mara aprova, em dois turnos, a PEC pelo fim da escala 6\u00d71 - Minuto Bahia 24h","description":"A C\u00e2mara dos Deputados aprovou na noite desta quarta-feira (27), em dois turnos, a proposta de Emenda \u00e0 Constitui\u00e7\u00e3o (PEC) 221\/19 que acaba com a escala de trabalho 6\u00d71. Foram 461 votos favor\u00e1veis e 19 contr\u00e1rios, no segundo turno. O texto segue para vota\u00e7\u00e3o no Senado. A PEC determina a redu\u00e7\u00e3o da jornada de trabalho de 44 para","canonical_url":"https:\/\/minutobahia24h.com.br\/?p=45068","robots":"max-image-preview:large","keywords":"","webmasterTools":{"miscellaneous":""},"schema":{"@context":"https:\/\/schema.org","@graph":[{"@type":"BlogPosting","@id":"https:\/\/minutobahia24h.com.br\/?p=45068#blogposting","name":"C\u00e2mara aprova, em dois turnos, a PEC pelo fim da escala 6\u00d71 - Minuto Bahia 24h","headline":"C\u00e2mara aprova, em dois turnos, a PEC pelo fim da escala 6\u00d71","author":{"@id":"https:\/\/minutobahia24h.com.br\/?author=2#author"},"publisher":{"@id":"https:\/\/minutobahia24h.com.br\/#organization"},"image":{"@type":"ImageObject","url":"https:\/\/i0.wp.com\/minutobahia24h.com.br\/wp-content\/uploads\/2026\/05\/Sem-titulo-247.jpg?fit=1023%2C504&ssl=1","width":1023,"height":504},"datePublished":"2026-05-28T10:37:24-03:00","dateModified":"2026-05-28T10:37:25-03:00","inLanguage":"pt-BR","mainEntityOfPage":{"@id":"https:\/\/minutobahia24h.com.br\/?p=45068#webpage"},"isPartOf":{"@id":"https:\/\/minutobahia24h.com.br\/?p=45068#webpage"},"articleSection":"Pol\u00edtica"},{"@type":"BreadcrumbList","@id":"https:\/\/minutobahia24h.com.br\/?p=45068#breadcrumblist","itemListElement":[{"@type":"ListItem","@id":"https:\/\/minutobahia24h.com.br#listItem","position":1,"name":"In\u00edcio","item":"https:\/\/minutobahia24h.com.br","nextItem":{"@type":"ListItem","@id":"https:\/\/minutobahia24h.com.br\/?cat=39#listItem","name":"Pol\u00edtica"}},{"@type":"ListItem","@id":"https:\/\/minutobahia24h.com.br\/?cat=39#listItem","position":2,"name":"Pol\u00edtica","item":"https:\/\/minutobahia24h.com.br\/?cat=39","nextItem":{"@type":"ListItem","@id":"https:\/\/minutobahia24h.com.br\/?p=45068#listItem","name":"C\u00e2mara aprova, em dois turnos, a PEC pelo fim da escala 6\u00d71"},"previousItem":{"@type":"ListItem","@id":"https:\/\/minutobahia24h.com.br#listItem","name":"In\u00edcio"}},{"@type":"ListItem","@id":"https:\/\/minutobahia24h.com.br\/?p=45068#listItem","position":3,"name":"C\u00e2mara aprova, em dois turnos, a PEC pelo fim da escala 6\u00d71","previousItem":{"@type":"ListItem","@id":"https:\/\/minutobahia24h.com.br\/?cat=39#listItem","name":"Pol\u00edtica"}}]},{"@type":"Organization","@id":"https:\/\/minutobahia24h.com.br\/#organization","name":"Minuto Bahia 24h","description":"O seu portal de not\u00edcias","url":"https:\/\/minutobahia24h.com.br\/","logo":{"@type":"ImageObject","url":"https:\/\/i0.wp.com\/minutobahia24h.com.br\/wp-content\/uploads\/2023\/09\/cropped-minutoba.png?fit=457%2C119&ssl=1","@id":"https:\/\/minutobahia24h.com.br\/?p=45068\/#organizationLogo","width":457,"height":119},"image":{"@id":"https:\/\/minutobahia24h.com.br\/?p=45068\/#organizationLogo"}},{"@type":"Person","@id":"https:\/\/minutobahia24h.com.br\/?author=2#author","url":"https:\/\/minutobahia24h.com.br\/?author=2","name":"andre","image":{"@type":"ImageObject","@id":"https:\/\/minutobahia24h.com.br\/?p=45068#authorImage","url":"https:\/\/secure.gravatar.com\/avatar\/0ec5eafed5f3925c321625d79a680d589901b94bca787ae396a35f6c4a960922?s=96&d=mm&r=g","width":96,"height":96,"caption":"andre"}},{"@type":"WebPage","@id":"https:\/\/minutobahia24h.com.br\/?p=45068#webpage","url":"https:\/\/minutobahia24h.com.br\/?p=45068","name":"C\u00e2mara aprova, em dois turnos, a PEC pelo fim da escala 6\u00d71 - Minuto Bahia 24h","description":"A C\u00e2mara dos Deputados aprovou na noite desta quarta-feira (27), em dois turnos, a proposta de Emenda \u00e0 Constitui\u00e7\u00e3o (PEC) 221\/19 que acaba com a escala de trabalho 6\u00d71. Foram 461 votos favor\u00e1veis e 19 contr\u00e1rios, no segundo turno. O texto segue para vota\u00e7\u00e3o no Senado. A PEC determina a redu\u00e7\u00e3o da jornada de trabalho de 44 para","inLanguage":"pt-BR","isPartOf":{"@id":"https:\/\/minutobahia24h.com.br\/#website"},"breadcrumb":{"@id":"https:\/\/minutobahia24h.com.br\/?p=45068#breadcrumblist"},"author":{"@id":"https:\/\/minutobahia24h.com.br\/?author=2#author"},"creator":{"@id":"https:\/\/minutobahia24h.com.br\/?author=2#author"},"image":{"@type":"ImageObject","url":"https:\/\/i0.wp.com\/minutobahia24h.com.br\/wp-content\/uploads\/2026\/05\/Sem-titulo-247.jpg?fit=1023%2C504&ssl=1","@id":"https:\/\/minutobahia24h.com.br\/?p=45068\/#mainImage","width":1023,"height":504},"primaryImageOfPage":{"@id":"https:\/\/minutobahia24h.com.br\/?p=45068#mainImage"},"datePublished":"2026-05-28T10:37:24-03:00","dateModified":"2026-05-28T10:37:25-03:00"},{"@type":"WebSite","@id":"https:\/\/minutobahia24h.com.br\/#website","url":"https:\/\/minutobahia24h.com.br\/","name":"Minuto Bahia 24h","description":"O seu portal de not\u00edcias","inLanguage":"pt-BR","publisher":{"@id":"https:\/\/minutobahia24h.com.br\/#organization"}}]},"og:locale":"pt_BR","og:site_name":"Minuto Bahia 24h - O seu portal de not\u00edcias","og:type":"article","og:title":"C\u00e2mara aprova, em dois turnos, a PEC pelo fim da escala 6\u00d71 - Minuto Bahia 24h","og:description":"A C\u00e2mara dos Deputados aprovou na noite desta quarta-feira (27), em dois turnos, a proposta de Emenda \u00e0 Constitui\u00e7\u00e3o (PEC) 221\/19 que acaba com a escala de trabalho 6\u00d71. Foram 461 votos favor\u00e1veis e 19 contr\u00e1rios, no segundo turno. O texto segue para vota\u00e7\u00e3o no Senado. A PEC determina a redu\u00e7\u00e3o da jornada de trabalho de 44 para","og:url":"https:\/\/minutobahia24h.com.br\/?p=45068","og:image":"https:\/\/minutobahia24h.com.br\/wp-content\/uploads\/2026\/05\/Sem-titulo-247.jpg","og:image:secure_url":"https:\/\/minutobahia24h.com.br\/wp-content\/uploads\/2026\/05\/Sem-titulo-247.jpg","og:image:width":1023,"og:image:height":504,"article:published_time":"2026-05-28T13:37:24+00:00","article:modified_time":"2026-05-28T13:37:25+00:00","twitter:card":"summary_large_image","twitter:title":"C\u00e2mara aprova, em dois turnos, a PEC pelo fim da escala 6\u00d71 - Minuto Bahia 24h","twitter:description":"A C\u00e2mara dos Deputados aprovou na noite desta quarta-feira (27), em dois turnos, a proposta de Emenda \u00e0 Constitui\u00e7\u00e3o (PEC) 221\/19 que acaba com a escala de trabalho 6\u00d71. Foram 461 votos favor\u00e1veis e 19 contr\u00e1rios, no segundo turno. O texto segue para vota\u00e7\u00e3o no Senado. A PEC determina a redu\u00e7\u00e3o da jornada de trabalho de 44 para","twitter:image":"https:\/\/minutobahia24h.com.br\/wp-content\/uploads\/2026\/05\/Sem-titulo-247.jpg"},"aioseo_meta_data":{"post_id":"45068","title":null,"description":null,"keywords":null,"keyphrases":{"focus":{"keyphrase":"","score":0,"analysis":{"keyphraseInTitle":{"score":0,"maxScore":9,"error":1}}},"additional":[]},"primary_term":null,"canonical_url":null,"og_title":null,"og_description":null,"og_object_type":"default","og_image_type":"default","og_image_url":null,"og_image_width":null,"og_image_height":null,"og_image_custom_url":null,"og_image_custom_fields":null,"og_video":"","og_custom_url":null,"og_article_section":null,"og_article_tags":null,"twitter_use_og":true,"twitter_card":"default","twitter_image_type":"default","twitter_image_url":null,"twitter_image_custom_url":null,"twitter_image_custom_fields":null,"twitter_title":null,"twitter_description":null,"schema":{"blockGraphs":[],"customGraphs":[],"default":{"data":{"Article":[],"Course":[],"Dataset":[],"FAQPage":[],"Movie":[],"Person":[],"Product":[],"ProductReview":[],"Car":[],"Recipe":[],"Service":[],"SoftwareApplication":[],"WebPage":[]},"graphName":"BlogPosting","isEnabled":true},"graphs":[]},"schema_type":"default","schema_type_options":null,"pillar_content":false,"robots_default":true,"robots_noindex":false,"robots_noarchive":false,"robots_nosnippet":false,"robots_nofollow":false,"robots_noimageindex":false,"robots_noodp":false,"robots_notranslate":false,"robots_max_snippet":"-1","robots_max_videopreview":"-1","robots_max_imagepreview":"large","priority":null,"frequency":"default","local_seo":null,"breadcrumb_settings":null,"limit_modified_date":false,"ai":{"faqs":[],"keyPoints":[],"schemas":[],"titles":[],"descriptions":[],"socialPosts":{"email":[],"linkedin":[],"twitter":[],"facebook":[],"instagram":[]}},"created":"2026-05-28 13:37:25","updated":"2026-05-28 23:03:57","seo_analyzer_scan_date":null,"focus_keyword":null,"additional_keywords":null,"truseo_locale":null},"aioseo_breadcrumb":"<div class=\"aioseo-breadcrumbs\"><span class=\"aioseo-breadcrumb\">\n\t\t\t<a href=\"https:\/\/minutobahia24h.com.br\" title=\"In\u00edcio\">In\u00edcio<\/a>\n\t\t<\/span><span class=\"aioseo-breadcrumb-separator\">&raquo;<\/span><span class=\"aioseo-breadcrumb\">\n\t\t\t<a href=\"https:\/\/minutobahia24h.com.br\/?cat=39\" title=\"Pol\u00edtica\">Pol\u00edtica<\/a>\n\t\t<\/span><span class=\"aioseo-breadcrumb-separator\">&raquo;<\/span><span class=\"aioseo-breadcrumb\">\n\t\t\tC\u00e2mara aprova, em dois turnos, a PEC pelo fim da escala 6\u00d71\n\t\t<\/span><\/div>","aioseo_breadcrumb_json":[{"label":"In\u00edcio","link":"https:\/\/minutobahia24h.com.br"},{"label":"Pol\u00edtica","link":"https:\/\/minutobahia24h.com.br\/?cat=39"},{"label":"C\u00e2mara aprova, em dois turnos, a PEC pelo fim da escala 6\u00d71","link":"https:\/\/minutobahia24h.com.br\/?p=45068"}],"jetpack_sharing_enabled":true,"jetpack_featured_media_url":"https:\/\/i0.wp.com\/minutobahia24h.com.br\/wp-content\/uploads\/2026\/05\/Sem-titulo-247.jpg?fit=1023%2C504&ssl=1","_links":{"self":[{"href":"https:\/\/minutobahia24h.com.br\/index.php?rest_route=\/wp\/v2\/posts\/45068","targetHints":{"allow":["GET"]}}],"collection":[{"href":"https:\/\/minutobahia24h.com.br\/index.php?rest_route=\/wp\/v2\/posts"}],"about":[{"href":"https:\/\/minutobahia24h.com.br\/index.php?rest_route=\/wp\/v2\/types\/post"}],"author":[{"embeddable":true,"href":"https:\/\/minutobahia24h.com.br\/index.php?rest_route=\/wp\/v2\/users\/2"}],"replies":[{"embeddable":true,"href":"https:\/\/minutobahia24h.com.br\/index.php?rest_route=%2Fwp%2Fv2%2Fcomments&post=45068"}],"version-history":[{"count":2,"href":"https:\/\/minutobahia24h.com.br\/index.php?rest_route=\/wp\/v2\/posts\/45068\/revisions"}],"predecessor-version":[{"id":45071,"href":"https:\/\/minutobahia24h.com.br\/index.php?rest_route=\/wp\/v2\/posts\/45068\/revisions\/45071"}],"wp:featuredmedia":[{"embeddable":true,"href":"https:\/\/minutobahia24h.com.br\/index.php?rest_route=\/wp\/v2\/media\/45069"}],"wp:attachment":[{"href":"https:\/\/minutobahia24h.com.br\/index.php?rest_route=%2Fwp%2Fv2%2Fmedia&parent=45068"}],"wp:term":[{"taxonomy":"category","embeddable":true,"href":"https:\/\/minutobahia24h.com.br\/index.php?rest_route=%2Fwp%2Fv2%2Fcategories&post=45068"},{"taxonomy":"post_tag","embeddable":true,"href":"https:\/\/minutobahia24h.com.br\/index.php?rest_route=%2Fwp%2Fv2%2Ftags&post=45068"}],"curies":[{"name":"wp","href":"https:\/\/api.w.org\/{rel}","templated":true}]}}