{"id":4506,"date":"2023-11-27T07:46:55","date_gmt":"2023-11-27T10:46:55","guid":{"rendered":"https:\/\/minutobahia24h.com.br\/?p=4506"},"modified":"2023-11-27T07:46:57","modified_gmt":"2023-11-27T10:46:57","slug":"calor-doencas-poluicao-atmosferica-como-as-alteracoes-climaticas-afetam-a-saude","status":"publish","type":"post","link":"https:\/\/minutobahia24h.com.br\/?p=4506","title":{"rendered":"Calor, doen\u00e7as, polui\u00e7\u00e3o atmosf\u00e9rica: como as altera\u00e7\u00f5es clim\u00e1ticas afetam a sa\u00fade"},"content":{"rendered":"<div class=\"wp-block-image\">\n<figure class=\"aligncenter size-full\"><img data-recalc-dims=\"1\" fetchpriority=\"high\" decoding=\"async\" width=\"800\" height=\"531\" src=\"https:\/\/i0.wp.com\/minutobahia24h.com.br\/wp-content\/uploads\/2023\/11\/Sem-titulo-293.jpg?resize=800%2C531&#038;ssl=1\" alt=\"\" class=\"wp-image-4508\" srcset=\"https:\/\/i0.wp.com\/minutobahia24h.com.br\/wp-content\/uploads\/2023\/11\/Sem-titulo-293.jpg?w=889&amp;ssl=1 889w, https:\/\/i0.wp.com\/minutobahia24h.com.br\/wp-content\/uploads\/2023\/11\/Sem-titulo-293.jpg?resize=300%2C199&amp;ssl=1 300w, https:\/\/i0.wp.com\/minutobahia24h.com.br\/wp-content\/uploads\/2023\/11\/Sem-titulo-293.jpg?resize=768%2C510&amp;ssl=1 768w, https:\/\/i0.wp.com\/minutobahia24h.com.br\/wp-content\/uploads\/2023\/11\/Sem-titulo-293.jpg?resize=750%2C498&amp;ssl=1 750w\" sizes=\"(max-width: 800px) 100vw, 800px\" \/><figcaption class=\"wp-element-caption\">A ansiedade dos jovens sobre o futuro piorou por conta das mudan\u00e7as clim\u00e1ticas e da pandemia \u2014 Foto: Freepik<br><\/figcaption><\/figure>\n<\/div>\n\n\n<p>O calor extremo, a polui\u00e7\u00e3o atmosf\u00e9rica e a crescente propaga\u00e7\u00e3o de doen\u00e7as infecciosas mortais s\u00e3o apenas algumas das raz\u00f5es pelas quais a Organiza\u00e7\u00e3o Mundial de Sa\u00fade (OMS) classificou as altera\u00e7\u00f5es clim\u00e1ticas como a maior amea\u00e7a \u00e0 sa\u00fade que a humanidade enfrenta. O aquecimento global deve ser limitado \u00e0 meta do Acordo de Paris de 1,5 graus Celsius &#8220;para evitar impactos catastr\u00f3ficos na sa\u00fade e prevenir milh\u00f5es de mortes relacionadas com as altera\u00e7\u00f5es clim\u00e1ticas&#8221;, segundo a OMS.<\/p>\n\n\n\n<p>No entanto, de acordo com os atuais planos nacionais de redu\u00e7\u00e3o de carbono, o mundo est\u00e1 no caminho certo para aquecer at\u00e9 2,9\u00baC neste s\u00e9culo, afirmou a ONU esta semana.<\/p>\n\n\n\n<p>Embora ningu\u00e9m esteja completamente a salvo dos efeitos das altera\u00e7\u00f5es clim\u00e1ticas, os especialistas esperam que os maiores riscos est\u00e3o em crian\u00e7as, mulheres, idosos, migrantes e pessoas de pa\u00edses menos desenvolvidos que emitiram os gases do efeito estufa que menos provocam o aquecimento do planeta.<\/p>\n\n\n\n<p>No dia 3 de dezembro, as negocia\u00e7\u00f5es da COP28 em Dubai sediar\u00e3o o primeiro \u201cdia da sa\u00fade\u201d j\u00e1 realizado nas negocia\u00e7\u00f5es clim\u00e1ticas.<\/p>\n\n\n\n<h2 class=\"wp-block-heading\">Calor extremo<\/h2>\n\n\n\n<p>Espera-se que este ano seja o mais quente j\u00e1 registrado na Hist\u00f3ria. E \u00e0 medida que o mundo continua aquecendo, a expectativa \u00e9 que as ondas de calor sejam ainda mais frequentes e intensas. Acredita-se que o calor tenha causado mais de 70 mil mortes na Europa durante o ver\u00e3o de 2022, disseram pesquisadores esta semana, revisando o n\u00famero anterior de 62 mil.<\/p>\n\n\n\n<p>Em todo o mundo, as pessoas foram expostas a uma m\u00e9dia de 86 dias de temperaturas potencialmente fatais no ano passado, de acordo com o relat\u00f3rio Lancet Countdown. O n\u00famero de indiv\u00edduos com mais de 65 anos que morreram devido ao calor aumentou 85% entre 1991-2000 e 2013-2022, acrescentou o documento.<\/p>\n\n\n\n<p>At\u00e9 2050, mais de cinco vezes mais pessoas morrer\u00e3o devido ao calor todos os anos num cen\u00e1rio de aquecimento de 2\u00baC, previu o Lancet Countdown.<\/p>\n\n\n\n<p>Mais secas tamb\u00e9m ir\u00e3o provocar o aumento da fome. No cen\u00e1rio de aquecimento de 2\u00b0C at\u00e9 ao final do s\u00e9culo, mais 520 milh\u00f5es de pessoas sofrer\u00e3o de inseguran\u00e7a alimentar moderada ou grave at\u00e9 2050. Entretanto, outros fen\u00f4menos clim\u00e1ticos extremos, como tempestades, inunda\u00e7\u00f5es e inc\u00eandios, continuar\u00e3o a amea\u00e7ar a sa\u00fade em todo o mundo.<\/p>\n\n\n\n<h2 class=\"wp-block-heading\">Polui\u00e7\u00e3o do ar<\/h2>\n\n\n\n<p>Quase 99% da popula\u00e7\u00e3o mundial respira um ar que excede as diretrizes da OMS para a polui\u00e7\u00e3o atmosf\u00e9rica. A polui\u00e7\u00e3o atmosf\u00e9rica exterior, causada pelas emiss\u00f5es de combust\u00edveis f\u00f3sseis, mata mais de quatro milh\u00f5es de pessoas todos os anos, segundo a organiza\u00e7\u00e3o.<\/p>\n\n\n\n<p>Isso aumenta o risco de doen\u00e7as respirat\u00f3rias, acidentes vasculares cerebrais, doen\u00e7as card\u00edacas, c\u00e2ncer de pulm\u00e3o, diabetes e outros problemas de sa\u00fade, representando uma amea\u00e7a que tem sido comparada ao tabaco.<\/p>\n\n\n\n<p>Os danos s\u00e3o causados \u200b\u200bem parte por micropart\u00edculas PM2,5, provenientes principalmente de combust\u00edveis f\u00f3sseis. Essas pequenas part\u00edculas v\u00e3o para os pulm\u00f5es, onde podem entrar na corrente sangu\u00ednea.<\/p>\n\n\n\n<p>Embora os picos de polui\u00e7\u00e3o atmosf\u00e9rica, como os observados na capital da \u00cdndia, Nova Deli, no in\u00edcio deste m\u00eas, desencadeiem problemas respirat\u00f3rios e alergias, acredita-se que a exposi\u00e7\u00e3o a longo prazo seja ainda mais prejudicial. Contudo, nem tudo s\u00e3o m\u00e1s not\u00edcias.<\/p>\n\n\n\n<p>O relat\u00f3rio Lancet Countdown concluiu que as mortes por polui\u00e7\u00e3o do ar causada por combust\u00edveis f\u00f3sseis diminu\u00edram 16% desde 2005, principalmente devido aos esfor\u00e7os para reduzir o impacto da queima de carv\u00e3o.<\/p>\n\n\n\n<h2 class=\"wp-block-heading\">Doen\u00e7as infecciosas<\/h2>\n\n\n\n<p>A mudan\u00e7a clim\u00e1tica significa que os mosquitos, as aves e os mam\u00edferos ir\u00e3o vagar para al\u00e9m dos seus habitats anteriores, aumentando a amea\u00e7a de que possam espalhar doen\u00e7as infecciosas com eles.<\/p>\n\n\n\n<p>As enfermidades transmitidas por mosquitos que apresentam maior risco de propaga\u00e7\u00e3o devido \u00e0s altera\u00e7\u00f5es clim\u00e1ticas incluem dengue, chikungunya, zika, v\u00edrus do Nilo Ocidental e mal\u00e1ria. O potencial de transmiss\u00e3o apenas da dengue aumentar\u00e1 36% com o aquecimento de 2\u00baC, alertou o relat\u00f3rio Lancet Countdown.<\/p>\n\n\n\n<p>Tempestades e inunda\u00e7\u00f5es criam \u00e1guas estagnadas que s\u00e3o criadouros de mosquitos e tamb\u00e9m aumentam o risco de doen\u00e7as transmitidas pela \u00e1gua, como c\u00f3lera, febre tif\u00f3ide e diarreia.<\/p>\n\n\n\n<p>Os cientistas tamb\u00e9m temem que os mam\u00edferos que se deslocam para novas \u00e1reas possam partilhar doen\u00e7as entre si, criando potencialmente novos v\u00edrus que poder\u00e3o, ent\u00e3o, passar para os humanos.<\/p>\n\n\n\n<h2 class=\"wp-block-heading\">Sa\u00fade mental<\/h2>\n\n\n\n<p>A preocupa\u00e7\u00e3o com o presente e o futuro do planeta em aquecimento tamb\u00e9m provocou o aumento da ansiedade, da depress\u00e3o e at\u00e9 do stress p\u00f3s-traum\u00e1tico \u2013 especialmente para aqueles que j\u00e1 lutam com estas doen\u00e7as, alertaram os psic\u00f3logos.<\/p>\n\n\n\n<p>Nos primeiros 10 meses do ano, as pessoas pesquisaram online o termo \u201cansiedade clim\u00e1tica\u201d 27 vezes mais do que durante o mesmo per\u00edodo de 2017, segundo dados do Google Trends citados pela BBC esta semana.<\/p>\n\n\n\n<p><\/p>\n","protected":false},"excerpt":{"rendered":"<p>O calor extremo, a polui\u00e7\u00e3o atmosf\u00e9rica e a crescente propaga\u00e7\u00e3o de doen\u00e7as infecciosas mortais s\u00e3o apenas algumas das raz\u00f5es pelas quais a Organiza\u00e7\u00e3o Mundial de Sa\u00fade (OMS) classificou as altera\u00e7\u00f5es clim\u00e1ticas como a maior amea\u00e7a \u00e0 sa\u00fade que a humanidade enfrenta. O aquecimento global deve ser limitado \u00e0 meta do Acordo de Paris de 1,5 [&hellip;]<\/p>\n","protected":false},"author":2,"featured_media":4508,"comment_status":"open","ping_status":"open","sticky":false,"template":"","format":"standard","meta":{"_jetpack_memberships_contains_paid_content":false,"footnotes":""},"categories":[18],"tags":[],"class_list":["post-4506","post","type-post","status-publish","format-standard","has-post-thumbnail","hentry","category-saude"],"aioseo_notices":[],"jetpack_featured_media_url":"https:\/\/i0.wp.com\/minutobahia24h.com.br\/wp-content\/uploads\/2023\/11\/Sem-titulo-293.jpg?fit=889%2C590&ssl=1","jetpack_sharing_enabled":true,"_links":{"self":[{"href":"https:\/\/minutobahia24h.com.br\/index.php?rest_route=\/wp\/v2\/posts\/4506","targetHints":{"allow":["GET"]}}],"collection":[{"href":"https:\/\/minutobahia24h.com.br\/index.php?rest_route=\/wp\/v2\/posts"}],"about":[{"href":"https:\/\/minutobahia24h.com.br\/index.php?rest_route=\/wp\/v2\/types\/post"}],"author":[{"embeddable":true,"href":"https:\/\/minutobahia24h.com.br\/index.php?rest_route=\/wp\/v2\/users\/2"}],"replies":[{"embeddable":true,"href":"https:\/\/minutobahia24h.com.br\/index.php?rest_route=%2Fwp%2Fv2%2Fcomments&post=4506"}],"version-history":[{"count":1,"href":"https:\/\/minutobahia24h.com.br\/index.php?rest_route=\/wp\/v2\/posts\/4506\/revisions"}],"predecessor-version":[{"id":4509,"href":"https:\/\/minutobahia24h.com.br\/index.php?rest_route=\/wp\/v2\/posts\/4506\/revisions\/4509"}],"wp:featuredmedia":[{"embeddable":true,"href":"https:\/\/minutobahia24h.com.br\/index.php?rest_route=\/wp\/v2\/media\/4508"}],"wp:attachment":[{"href":"https:\/\/minutobahia24h.com.br\/index.php?rest_route=%2Fwp%2Fv2%2Fmedia&parent=4506"}],"wp:term":[{"taxonomy":"category","embeddable":true,"href":"https:\/\/minutobahia24h.com.br\/index.php?rest_route=%2Fwp%2Fv2%2Fcategories&post=4506"},{"taxonomy":"post_tag","embeddable":true,"href":"https:\/\/minutobahia24h.com.br\/index.php?rest_route=%2Fwp%2Fv2%2Ftags&post=4506"}],"curies":[{"name":"wp","href":"https:\/\/api.w.org\/{rel}","templated":true}]}}