{"id":4482,"date":"2023-11-27T07:32:32","date_gmt":"2023-11-27T10:32:32","guid":{"rendered":"https:\/\/minutobahia24h.com.br\/?p=4482"},"modified":"2023-11-27T07:32:34","modified_gmt":"2023-11-27T10:32:34","slug":"janones-e-acusado-de-rachadinha-em-audio-deputado-cobra-salario-de-assessores","status":"publish","type":"post","link":"https:\/\/minutobahia24h.com.br\/?p=4482","title":{"rendered":"Janones \u00e9 acusado de \u2018rachadinha\u2019; em \u00e1udio, deputado cobra sal\u00e1rio de assessores"},"content":{"rendered":"<div class=\"wp-block-image\">\n<figure class=\"aligncenter size-full\"><img data-recalc-dims=\"1\" fetchpriority=\"high\" decoding=\"async\" width=\"599\" height=\"420\" src=\"https:\/\/i0.wp.com\/minutobahia24h.com.br\/wp-content\/uploads\/2023\/11\/Sem-titulo-287.jpg?resize=599%2C420&#038;ssl=1\" alt=\"\" class=\"wp-image-4484\" srcset=\"https:\/\/i0.wp.com\/minutobahia24h.com.br\/wp-content\/uploads\/2023\/11\/Sem-titulo-287.jpg?w=599&amp;ssl=1 599w, https:\/\/i0.wp.com\/minutobahia24h.com.br\/wp-content\/uploads\/2023\/11\/Sem-titulo-287.jpg?resize=300%2C210&amp;ssl=1 300w\" sizes=\"(max-width: 599px) 100vw, 599px\" \/><figcaption class=\"wp-element-caption\">Foto: Reprodu\u00e7\u00e3o \/ Facebook<br><\/figcaption><\/figure>\n<\/div>\n\n\n<p>O deputado federal Andr\u00e9 Janones (Avante), que recebeu 238 mil votos e foi o segundo parlamentar mais votado de Minas Gerais em 2022, cobrou que assessores da C\u00e2mara lotados em seu gabinete usassem parte dos sal\u00e1rios para pagar suas despesas pessoais. Conhecida como rachadinha, a pr\u00e1tica configura enriquecimento il\u00edcito, dano ao patrim\u00f4nio p\u00fablico e \u00e9 pass\u00edvel de inelegibilidade segundo entendimento do Tribunal Superior Eleitoral (TSE).<\/p>\n\n\n\n<p>Sem saber que estava sendo gravado, Janones, conforme o Metr\u00f3poles, n\u00e3o fez cerim\u00f4nia ao dizer como pretendia gastar o recurso oriundo da remunera\u00e7\u00e3o de servidores p\u00fablicos: \u201cCasa, carro, poupan\u00e7a e previd\u00eancia\u201d, revelou, em \u00e1udio obtido pela coluna de Paulo Cappelli.<\/p>\n\n\n\n<p>A reuni\u00e3o com assessores ocorreu na pr\u00f3pria C\u00e2mara dos Deputados, na sala de reuni\u00f5es do Avante. Antes de pedir os sal\u00e1rios de sua equipe, o deputado tentou sensibilizar os servidores.<\/p>\n\n\n\n<p>\u201cAlgumas pessoas aqui, que eu ainda vou conversar em particular depois, v\u00e3o receber um pouco de sal\u00e1rio a mais. E elas v\u00e3o me ajudar a pagar as contas do que ficou da minha campanha de prefeito.&nbsp;Porque eu perdi R$ 675 mil na campanha. \u2018Ah isso \u00e9 devolver sal\u00e1rio e voc\u00ea t\u00e1 chamando de outro nome\u2019. N\u00e3o \u00e9. Porque eu devolver sal\u00e1rio, voc\u00ea manda na minha conta e eu fa\u00e7o o que eu quiser\u201d, tentou convencer Janones.<\/p>\n\n\n\n<p>Segundo ele, o seu patrim\u00f4nio teria sido \u2018dilapidado\u2019.<\/p>\n\n\n\n<p>\u201cEu perdi uma casa de R$ 380 mil, um carro, uma poupan\u00e7a de R$ 200 mil e uma previd\u00eancia de R$ 70 (mil). Eu acho justo que essas pessoas tamb\u00e9m participem comigo da reconstru\u00e7\u00e3o disso. Ent\u00e3o, n\u00e3o considero isso uma corrup\u00e7\u00e3o\u201d, afirmou.<\/p>\n\n\n\n<p>Em seguida, Janones alegou que n\u00e3o seria justo assessores permanecerem com 100% de seus sal\u00e1rios: \u201cPor exemplo, o M\u00e1rio vai ganhar R$ 10 mil [por m\u00eas]. Eu vou ganhar R$ 25 mil l\u00edquido. S\u00f3 que o M\u00e1rio, os R$ 10 mil \u00e9 dele l\u00edquido. E eu, dos R$ 25 mil, R$ 15 mil eu vou usar para as d\u00edvidas que ficou [sic] de 2016. N\u00e3o \u00e9 justo, entendeu?\u201d.<\/p>\n\n\n\n<p>Em 2016, Janones foi candidato a prefeito da cidade mineira de Ituiutaba e ficou em segundo lugar, com 13 mil votos.<\/p>\n\n\n\n<p>Ao mesmo tempo que tentava dar ares de legalidade \u00e0 rachadinha, Janones demonstrou saber que a revela\u00e7\u00e3o da pr\u00e1tica poderia p\u00f4r em risco o seu mandato como deputado federal. Em sua fala, o parlamentar buscou passar a impress\u00e3o de que pouco se importaria caso fosse denunciado.<\/p>\n\n\n\n<p>\u201cE se eu tiver que ser colocado contra a parede, eu n\u00e3o t\u00f4 fazendo nenhuma quest\u00e3o desse mandato. Para mim, renunciar hoje seria uma coisa t\u00e3o natural. Se amanh\u00e3 vier uma decis\u00e3o da Justi\u00e7a: \u2018o Andr\u00e9 perdeu o mandato\u2019, voc\u00ea sabe o que \u00e9 eu n\u00e3o me entristecer um mil\u00edmetro?\u201d, disse, numa tentativa de desmobilizar qualquer tentativa de a equipe de denunciar.<\/p>\n\n\n\n<p>O \u00e1udio foi gravado pelo jornalista Cefas Luiz, ex-assessor de Janones, em fevereiro de 2019, ap\u00f3s o parlamentar se eleger pela primeira vez. Ele afirma que levar\u00e1 a grava\u00e7\u00e3o \u00e0 Pol\u00edcia Federal juntamente com outras provas de supostas irregularidades que teriam ocorrido no gabinete do deputado.<\/p>\n\n\n\n<p>Procurada, a assessoria de Janones disse ter conhecimento de que um ex-assessor gravou o deputado. Contudo, afirmou que os \u00e1udios s\u00e3o \u201ctirados de contexto\u201d. O parlamentar n\u00e3o se manifestou sobre o assunto.<\/p>\n\n\n\n<p>Bahia.ba<\/p>\n","protected":false},"excerpt":{"rendered":"<p>O deputado federal Andr\u00e9 Janones (Avante), que recebeu 238 mil votos e foi o segundo parlamentar mais votado de Minas Gerais em 2022, cobrou que assessores da C\u00e2mara lotados em seu gabinete usassem parte dos sal\u00e1rios para pagar suas despesas pessoais. Conhecida como rachadinha, a pr\u00e1tica configura enriquecimento il\u00edcito, dano ao patrim\u00f4nio p\u00fablico e \u00e9 [&hellip;]<\/p>\n","protected":false},"author":2,"featured_media":4484,"comment_status":"open","ping_status":"open","sticky":false,"template":"","format":"standard","meta":{"_jetpack_memberships_contains_paid_content":false,"footnotes":""},"categories":[39],"tags":[],"class_list":["post-4482","post","type-post","status-publish","format-standard","has-post-thumbnail","hentry","category-politica"],"aioseo_notices":[],"jetpack_featured_media_url":"https:\/\/i0.wp.com\/minutobahia24h.com.br\/wp-content\/uploads\/2023\/11\/Sem-titulo-287.jpg?fit=599%2C420&ssl=1","jetpack_sharing_enabled":true,"_links":{"self":[{"href":"https:\/\/minutobahia24h.com.br\/index.php?rest_route=\/wp\/v2\/posts\/4482","targetHints":{"allow":["GET"]}}],"collection":[{"href":"https:\/\/minutobahia24h.com.br\/index.php?rest_route=\/wp\/v2\/posts"}],"about":[{"href":"https:\/\/minutobahia24h.com.br\/index.php?rest_route=\/wp\/v2\/types\/post"}],"author":[{"embeddable":true,"href":"https:\/\/minutobahia24h.com.br\/index.php?rest_route=\/wp\/v2\/users\/2"}],"replies":[{"embeddable":true,"href":"https:\/\/minutobahia24h.com.br\/index.php?rest_route=%2Fwp%2Fv2%2Fcomments&post=4482"}],"version-history":[{"count":1,"href":"https:\/\/minutobahia24h.com.br\/index.php?rest_route=\/wp\/v2\/posts\/4482\/revisions"}],"predecessor-version":[{"id":4485,"href":"https:\/\/minutobahia24h.com.br\/index.php?rest_route=\/wp\/v2\/posts\/4482\/revisions\/4485"}],"wp:featuredmedia":[{"embeddable":true,"href":"https:\/\/minutobahia24h.com.br\/index.php?rest_route=\/wp\/v2\/media\/4484"}],"wp:attachment":[{"href":"https:\/\/minutobahia24h.com.br\/index.php?rest_route=%2Fwp%2Fv2%2Fmedia&parent=4482"}],"wp:term":[{"taxonomy":"category","embeddable":true,"href":"https:\/\/minutobahia24h.com.br\/index.php?rest_route=%2Fwp%2Fv2%2Fcategories&post=4482"},{"taxonomy":"post_tag","embeddable":true,"href":"https:\/\/minutobahia24h.com.br\/index.php?rest_route=%2Fwp%2Fv2%2Ftags&post=4482"}],"curies":[{"name":"wp","href":"https:\/\/api.w.org\/{rel}","templated":true}]}}