{"id":4474,"date":"2023-11-27T07:28:04","date_gmt":"2023-11-27T10:28:04","guid":{"rendered":"https:\/\/minutobahia24h.com.br\/?p=4474"},"modified":"2023-11-27T07:28:05","modified_gmt":"2023-11-27T10:28:05","slug":"ana-hickmann-quebra-o-silencio-sobre-agressao-de-alexandre-correa-e-o-define-como-canalha","status":"publish","type":"post","link":"https:\/\/minutobahia24h.com.br\/?p=4474","title":{"rendered":"Ana Hickmann quebra o sil\u00eancio sobre agress\u00e3o de Alexandre Correa e o define como &#8216;canalha&#8217;"},"content":{"rendered":"<div class=\"wp-block-image\">\n<figure class=\"aligncenter size-full\"><img data-recalc-dims=\"1\" fetchpriority=\"high\" decoding=\"async\" width=\"800\" height=\"548\" src=\"https:\/\/i0.wp.com\/minutobahia24h.com.br\/wp-content\/uploads\/2023\/11\/Sem-titulo-285.jpg?resize=800%2C548&#038;ssl=1\" alt=\"\" class=\"wp-image-4476\" srcset=\"https:\/\/i0.wp.com\/minutobahia24h.com.br\/wp-content\/uploads\/2023\/11\/Sem-titulo-285.jpg?w=882&amp;ssl=1 882w, https:\/\/i0.wp.com\/minutobahia24h.com.br\/wp-content\/uploads\/2023\/11\/Sem-titulo-285.jpg?resize=300%2C205&amp;ssl=1 300w, https:\/\/i0.wp.com\/minutobahia24h.com.br\/wp-content\/uploads\/2023\/11\/Sem-titulo-285.jpg?resize=768%2C526&amp;ssl=1 768w, https:\/\/i0.wp.com\/minutobahia24h.com.br\/wp-content\/uploads\/2023\/11\/Sem-titulo-285.jpg?resize=750%2C514&amp;ssl=1 750w\" sizes=\"(max-width: 800px) 100vw, 800px\" \/><figcaption class=\"wp-element-caption\">Ana Hickmann chorou ao falar sobre a agress\u00e3o que sofreu de Alexandre Correa \u2014 Foto: Reprodu\u00e7\u00e3o\/Instagram<br><\/figcaption><\/figure>\n<\/div>\n\n\n<p><a class=\"\" href=\"https:\/\/revistaquem.globo.com\/famoso\/ana-hickmann\/\">Ana Hickmann<\/a>, de 42 anos, falou pela primeira vez neste domingo (26) sobre a den\u00fancia de agress\u00e3o que fez contra\u00a0<a class=\"\" href=\"https:\/\/revistaquem.globo.com\/entrevistas\/noticia\/2023\/11\/alexandre-correa-revela-que-ana-hickmann-estava-alcoolizada-no-dia-da-briga.ghtml\"><strong>Alexandre Correa<\/strong><\/a>, de 52. O caso aconteceu no \u00faltimo dia 11 de novembro. A apresentadora chamou o empres\u00e1rio de \u201ccovarde\u201d, \u201ccanalha\u201d e \u201cagressor\u201d e afirmou que deseja que esse pesadelo acabe logo. Ela tamb\u00e9m confirmou que pediu o div\u00f3rcio.<\/p>\n\n\n\n<p>Assim como\u00a0<a class=\"\" href=\"https:\/\/revistaquem.globo.com\/noticias\/noticia\/2023\/11\/alexandre-correa-divulga-depoimento-de-cozinheira-sobre-caso-de-agressao-a-ana-hickmann.ghtml\">citado pela cozinheira do casal em depoimento \u00e0 pol\u00edcia<\/a>, a briga come\u00e7ou porque Alexandre n\u00e3o gostou de ouvir Ana falando sobre os problemas financeiros que eles est\u00e3o enfrentando para o filho,\u00a0<strong>Alezinho<\/strong>, de nove anos. \u201cA gente precisa preparar o Alezinho, porque muita coisa vai mudar\u201d, disse a apresentadora ao ent\u00e3o marido na ocasi\u00e3o. O empres\u00e1rio ficou agressivo e, segundo Ana, come\u00e7ou a dizer para o menino que a m\u00e3e dele era \u201clouca\u201d e que estava mentindo.<\/p>\n\n\n\n<p>A apresentadora disse ao\u00a0<em>Domingo Espetacular<\/em>\u00a0que o filho presenciou parte da briga. \u201cA hora que ele [Alexandre] fechou a porta no meu bra\u00e7o n\u00e3o, mas antes, sim\u201d, contou. Quando a discuss\u00e3o ficou mais acalorada, o empres\u00e1rio foi para cima de Ana. \u201cEle veio sim para me dar uma cabe\u00e7ada. Ele n\u00e3o me acertou porque ele me esquivei\u201d. A artista conseguiu escapar, pegou o celular e disse que ia chamar a pol\u00edcia. \u201cGritei muito\u201d, relembrou. \u201cFiquei com medo dele\u201d.<\/p>\n\n\n\n<figure class=\"wp-block-image\"><img data-recalc-dims=\"1\" decoding=\"async\" src=\"https:\/\/i0.wp.com\/s2-quem.glbimg.com\/s7XPWyXWZJN4V56K9MmfMCRAmMo%3D\/0x0%3A1440x1800\/984x0\/smart\/filters%3Astrip_icc%28%29\/i.s3.glbimg.com\/v1\/AUTH_b0f0e84207c948ab8b8777be5a6a4395\/internal_photos\/bs\/2023\/g\/O\/WAPUAYRxaEOpJFJltBew\/ahickmann-403787284-693522549178306-7195229995164941373-n.jpg?w=800&#038;ssl=1\" alt=\"Ana Hickmann \u2014 Foto: Reprodu\u00e7\u00e3o \/ Instagram\"\/><figcaption class=\"wp-element-caption\">Ana Hickmann \u2014 Foto: Reprodu\u00e7\u00e3o \/ Instagram<\/figcaption><\/figure>\n\n\n\n<p>Ao sair do c\u00f4modo em que estava com o celular na m\u00e3o, Alexandre fechou a porta no bra\u00e7o da apresentadora, que se machucou e ficou com hematomas. Nesse momento, quem a ajudou foi seu cachorro, que ao comando de Ana, avan\u00e7ou no empres\u00e1rio. \u201cFicou bem inchado [meu bra\u00e7o]. N\u00e3o conseguia mais ter movimento.\u201d<\/p>\n\n\n\n<h2 class=\"wp-block-heading\">Rela\u00e7\u00e3o desgastada<\/h2>\n\n\n\n<p>O caso foi o estopim para Ana colocar um fim no relacionamento de 25 anos.\u00a0<a class=\"\" href=\"https:\/\/revistaquem.globo.com\/noticias\/noticia\/2023\/11\/ana-hickmann-entrou-com-pedido-de-divorcio-com-base-na-lei-maria-da-penha.ghtml\">Ela entrou com o pedido de div\u00f3rcio na \u00faltima quarta-feira (22) pela Lei Maria da Penha<\/a>, o que torna todo o processo mais r\u00e1pido. \u201cTentei me desvencilhar dessa rela\u00e7\u00e3o algumas vezes\u201d, disse a apresentadora, que foi desencorajada pelas pessoas que estavam \u00e0 sua volta. &#8220;Todo mundo ao meu redor me fazia acreditar que eu era a errada&#8221;. Por muitas vezes, ela disse que ouviu que Alexandre estava apenas tentando proteg\u00ea-la.<\/p>\n\n\n\n<figure class=\"wp-block-image\"><img data-recalc-dims=\"1\" decoding=\"async\" src=\"https:\/\/i0.wp.com\/s2-quem.glbimg.com\/bvUNko_uT-likaMRHPxfTPy6788%3D\/0x0%3A1080x1343\/984x0\/smart\/filters%3Astrip_icc%28%29\/i.s3.glbimg.com\/v1\/AUTH_b0f0e84207c948ab8b8777be5a6a4395\/internal_photos\/bs\/2023\/b\/A\/38I7VwRUCm5KHN1yVqrA\/casal-2-.jpg?w=800&#038;ssl=1\" alt=\"Alexandre Correa e Ana Hickmann \u2014 Foto: Reprodu\u00e7\u00e3o\/Instagram\"\/><\/figure>\n\n\n\n<p>Alexandre Correa e Ana Hickmann \u2014 Foto: Reprodu\u00e7\u00e3o\/Instagram<\/p>\n\n\n\n<p>A artista tamb\u00e9m falou que o empres\u00e1rio sempre teve um comportamento agressivo e o chamou de preconceituoso. Ela revelou ainda que era depreciada pelo marido, que sinalizava que ela estava ficando \u201cgorda\u201d, que ningu\u00e9m queria uma Ana Hickmann \u201cvelha\u201d e que ela precisava fazer cirurgia pl\u00e1stica.<\/p>\n\n\n\n<p>\u201cN\u00e3o existia mais amor, era um grande neg\u00f3cio\u201d, declarou a apresentadora, que n\u00e3o se sentia respeitada na rela\u00e7\u00e3o. \u201cO Alexandre me afastou de tudo e de todos. Ele colocava medo nas pessoas. Ele me colocou dentro de uma redoma. Eu n\u00e3o tinha s\u00e1bado e domingo, ele n\u00e3o se compadecia quando eu estava doente, j\u00e1 trabalhei com 40\u00b0C de febre\u201d.<\/p>\n\n\n\n<h2 class=\"wp-block-heading\">Problemas financeiros<\/h2>\n\n\n\n<p>Ana confirmou durante a entrevista que ela e Alexandre est\u00e3o, sim, com d\u00edvidas relacionadas \u00e0 empresa que possuem juntos, mas ela n\u00e3o sabe ainda o real valor, pois nunca se envolveu na parte administrativa do neg\u00f3cio. \u201cDias antes [de sofrer a viol\u00eancia dom\u00e9stica], eu achei coisas no escrit\u00f3rio\u201d, contou. \u201cComecei a achar mais coisas e foi a\u00ed que ele n\u00e3o gostou\u201d.<\/p>\n\n\n\n<p>De acordo com a apresentadora, ela encontrou documentos e cheques suspeitos e tamb\u00e9m c\u00f3pias da sua assinatura. &#8220;Nunca devi nada para ningu\u00e9m, agora estou devendo para banco&#8221;. Por uma quest\u00e3o legal, ela disse que ainda n\u00e3o pode entrar em detalhes, mas falou que o caso das d\u00edvidas envolve fraude, desvio e falsidade ideol\u00f3gica.<\/p>\n\n\n\n<h2 class=\"wp-block-heading\">Pai agressor<\/h2>\n\n\n\n<p>Visivelmente emocionada, Ana falou ainda sobre o seu passado e, pela primeira vez, exp\u00f4s seus problemas com o pai, Jo\u00e3o. A apresentadora revelou que a viol\u00eancia dom\u00e9stica era presente na sua casa e, por isso, prometeu a si mesma que nunca aceitaria isso na sua vida. \u201cMeu pai era um agressor. Meu pai bateu muito na minha m\u00e3e\u201d, falou a artista, que por vezes precisou ir com a m\u00e3e,&nbsp;<strong>Reni Saath<\/strong>, ao hospital. Ana mostrou uma cicatriz que possui na m\u00e3o e contou que se feriu quando era crian\u00e7a ao chegar da escola e tentar impedir o pai de bater na sua m\u00e3e.<\/p>\n\n\n\n<figure class=\"wp-block-image\"><img data-recalc-dims=\"1\" decoding=\"async\" src=\"https:\/\/i0.wp.com\/s2-quem.glbimg.com\/11QAQ-df1Dn5YlRglmtf6IDntfY%3D\/0x0%3A1080x1343\/984x0\/smart\/filters%3Astrip_icc%28%29\/i.s3.glbimg.com\/v1\/AUTH_b0f0e84207c948ab8b8777be5a6a4395\/internal_photos\/bs\/2023\/j\/L\/gWQisMTvKiKAKtmhCATg\/ana-alexandre-8-.jpg?w=800&#038;ssl=1\" alt=\"Ana Hickmann e Alexandre Correa com o filho \u2014 Foto: Reprodu\u00e7\u00e3o\/Instagram\"\/><figcaption class=\"wp-element-caption\">Ana Hickmann e Alexandre Correa com o filho \u2014 Foto: Reprodu\u00e7\u00e3o\/Instagram<\/figcaption><\/figure>\n","protected":false},"excerpt":{"rendered":"<p>Ana Hickmann, de 42 anos, falou pela primeira vez neste domingo (26) sobre a den\u00fancia de agress\u00e3o que fez contra\u00a0Alexandre Correa, de 52. O caso aconteceu no \u00faltimo dia 11 de novembro. A apresentadora chamou o empres\u00e1rio de \u201ccovarde\u201d, \u201ccanalha\u201d e \u201cagressor\u201d e afirmou que deseja que esse pesadelo acabe logo. Ela tamb\u00e9m confirmou que [&hellip;]<\/p>\n","protected":false},"author":2,"featured_media":4476,"comment_status":"open","ping_status":"open","sticky":false,"template":"","format":"standard","meta":{"_jetpack_memberships_contains_paid_content":false,"footnotes":""},"categories":[46],"tags":[],"class_list":["post-4474","post","type-post","status-publish","format-standard","has-post-thumbnail","hentry","category-noticia"],"aioseo_notices":[],"jetpack_featured_media_url":"https:\/\/i0.wp.com\/minutobahia24h.com.br\/wp-content\/uploads\/2023\/11\/Sem-titulo-285.jpg?fit=882%2C604&ssl=1","jetpack_sharing_enabled":true,"_links":{"self":[{"href":"https:\/\/minutobahia24h.com.br\/index.php?rest_route=\/wp\/v2\/posts\/4474","targetHints":{"allow":["GET"]}}],"collection":[{"href":"https:\/\/minutobahia24h.com.br\/index.php?rest_route=\/wp\/v2\/posts"}],"about":[{"href":"https:\/\/minutobahia24h.com.br\/index.php?rest_route=\/wp\/v2\/types\/post"}],"author":[{"embeddable":true,"href":"https:\/\/minutobahia24h.com.br\/index.php?rest_route=\/wp\/v2\/users\/2"}],"replies":[{"embeddable":true,"href":"https:\/\/minutobahia24h.com.br\/index.php?rest_route=%2Fwp%2Fv2%2Fcomments&post=4474"}],"version-history":[{"count":1,"href":"https:\/\/minutobahia24h.com.br\/index.php?rest_route=\/wp\/v2\/posts\/4474\/revisions"}],"predecessor-version":[{"id":4477,"href":"https:\/\/minutobahia24h.com.br\/index.php?rest_route=\/wp\/v2\/posts\/4474\/revisions\/4477"}],"wp:featuredmedia":[{"embeddable":true,"href":"https:\/\/minutobahia24h.com.br\/index.php?rest_route=\/wp\/v2\/media\/4476"}],"wp:attachment":[{"href":"https:\/\/minutobahia24h.com.br\/index.php?rest_route=%2Fwp%2Fv2%2Fmedia&parent=4474"}],"wp:term":[{"taxonomy":"category","embeddable":true,"href":"https:\/\/minutobahia24h.com.br\/index.php?rest_route=%2Fwp%2Fv2%2Fcategories&post=4474"},{"taxonomy":"post_tag","embeddable":true,"href":"https:\/\/minutobahia24h.com.br\/index.php?rest_route=%2Fwp%2Fv2%2Ftags&post=4474"}],"curies":[{"name":"wp","href":"https:\/\/api.w.org\/{rel}","templated":true}]}}