{"id":44069,"date":"2026-04-30T08:26:08","date_gmt":"2026-04-30T11:26:08","guid":{"rendered":"https:\/\/minutobahia24h.com.br\/?p=44069"},"modified":"2026-04-30T08:26:10","modified_gmt":"2026-04-30T11:26:10","slug":"congresso-analisa-veto-de-pl-da-dosimetria-em-meio-a-crise-com-governo","status":"publish","type":"post","link":"https:\/\/minutobahia24h.com.br\/?p=44069","title":{"rendered":"Congresso analisa veto de PL da Dosimetria em meio \u00e0 crise com governo"},"content":{"rendered":"<div class=\"wp-block-image\">\n<figure class=\"aligncenter size-full\"><img data-recalc-dims=\"1\" fetchpriority=\"high\" decoding=\"async\" width=\"800\" height=\"419\" src=\"https:\/\/i0.wp.com\/minutobahia24h.com.br\/wp-content\/uploads\/2026\/04\/1-13.jpg?resize=800%2C419&#038;ssl=1\" alt=\"\" class=\"wp-image-44070\" srcset=\"https:\/\/i0.wp.com\/minutobahia24h.com.br\/wp-content\/uploads\/2026\/04\/1-13.jpg?w=984&amp;ssl=1 984w, https:\/\/i0.wp.com\/minutobahia24h.com.br\/wp-content\/uploads\/2026\/04\/1-13.jpg?resize=300%2C157&amp;ssl=1 300w, https:\/\/i0.wp.com\/minutobahia24h.com.br\/wp-content\/uploads\/2026\/04\/1-13.jpg?resize=768%2C402&amp;ssl=1 768w, https:\/\/i0.wp.com\/minutobahia24h.com.br\/wp-content\/uploads\/2026\/04\/1-13.jpg?resize=750%2C393&amp;ssl=1 750w\" sizes=\"(max-width: 800px) 100vw, 800px\" \/><figcaption class=\"wp-element-caption\">Segundo a PGR, acusados e condenados por trama golpista tiveram responsabilidade pelos atos do 8 de janeiro de 2023 \u2014 Foto: Reuters via BBC<br><br><\/figcaption><\/figure>\n<\/div>\n\n\n<p>O Congresso vota, nesta quinta-feira (30),&nbsp;um veto (rejei\u00e7\u00e3o) do presidente Lula (PT) ao projeto que reduz penas de condenados pelos ataques aos Tr\u00eas Poderes, em 8 de janeiro de 2023. Ao menos 280 pessoas ser\u00e3o beneficiadas, inclusive o ex-presidente Jair Bolsonaro.<\/p>\n\n\n\n<p><strong>Esta vota\u00e7\u00e3o ocorre um dia ap\u00f3s uma derrota do governo no parlamento, j\u00e1 que o Senado rejeitou nesta ter\u00e7a (29) a<\/strong><a class=\"\" href=\"https:\/\/g1.globo.com\/politica\/noticia\/2026\/04\/29\/senado-rejeita-indicacao-de-jorge-messias-para-o-stf.ghtml\"><strong>&nbsp;indica\u00e7\u00e3o, feita por Lula, de Jorge Messias<\/strong><\/a><strong>, atual advogado-geral da Uni\u00e3o (AGU)<\/strong>, para ser ministro do Supremo Tribunal Federal (STF).<\/p>\n\n\n\n<p>O Congresso aprovou o que ficou&nbsp;<a class=\"\" href=\"https:\/\/g1.globo.com\/politica\/noticia\/2026\/04\/30\/congresso-analisa-veto-do-presidente-ao-pl-da-dosimetria-saiba-o-que-diz-a-proposta.ghtml\">conhecido como PL da Dosimetria<\/a>&nbsp;em dezembro do ano passado. Imediatamente, o presidente&nbsp;<a class=\"\" href=\"https:\/\/g1.globo.com\/politica\/noticia\/2026\/01\/08\/lula-veta-pl-que-reduz-penas-de-condenados-por-atos-golpistas-durante-evento-em-alusao-ao-8-de-janeiro.ghtml\">Lula prometeu que vetaria a medida<\/a>, o que fez em 8 de janeiro deste ano- dois anos ap\u00f3s os atos de vandalismo. Agora, o parlamento tem a prerrogativa de negar a decis\u00e3o de Lula, ou seja, derrubar o veto e possibilitar que a diminui\u00e7\u00e3o das puni\u00e7\u00f5es vire lei.<\/p>\n\n\n\n<p><strong>Para derrubada do veto, ser\u00e3o necess\u00e1rios 257 votos de deputados e mais 41 votos de senadores.<\/strong>&nbsp;A tend\u00eancia \u00e9 que a oposi\u00e7\u00e3o ao governo Lula atinja o n\u00famero suficiente para tornar lei a redu\u00e7\u00e3o das penas. Pois, na aprova\u00e7\u00e3o original do projeto, a C\u00e2mara registrou 291 votos a favor e 148 votos contra, al\u00e9m de 1 absten\u00e7\u00e3o; e o Senado 48 votos favor\u00e1veis, 25 contr\u00e1rios e um senador se absteve.<\/p>\n\n\n\n<p>Bolsonaro est\u00e1 h\u00e1 pouco mais de um m\u00eas em pris\u00e3o domiciliar por quest\u00f5es de sa\u00fade. Mas, em tese, segue em regime fechado, pois foi condenado a 27 anos e tr\u00eas meses de pris\u00e3o por tentativa de golpe. Segundo a Vara de Execu\u00e7\u00f5es Penais do Distrito Federal, ele s\u00f3 poder\u00e1 passar do regime fechado para o semiaberto dentro de sete anos, em 2033.<\/p>\n\n\n\n<p><strong>Especialistas estimam que, se o PL da Dosimetria virar lei, o ex-presidente tem chance de migrar de regime num prazo que varia entre dois e quatro anos.<\/strong><\/p>\n\n\n\n<p>Isso porque o texto impede a soma de dois crimes:<\/p>\n\n\n\n<ul class=\"wp-block-list\">\n<li>aboli\u00e7\u00e3o violenta do Estado Democr\u00e1tico de Direito, com pena de 4 a 8 anos de pris\u00e3o;<\/li>\n\n\n\n<li>golpe de Estado, com pena de 4 a 12 anos.<\/li>\n<\/ul>\n\n\n\n<p>Pela medida, vale a pena do crime mais grave- golpe de estado-, acrescida de um sexto at\u00e9 a metade. O projeto tamb\u00e9m prev\u00ea redu\u00e7\u00e3o da pena de um a dois ter\u00e7os quando os crimes ocorrerem em contexto de multid\u00e3o, desde que o r\u00e9u n\u00e3o tenha financiado os atos nem exercido papel de lideran\u00e7a.<\/p>\n\n\n\n<p><strong>Caber\u00e1 ao STF recalcular as puni\u00e7\u00f5es de cada um dos r\u00e9us.<\/strong>&nbsp;Para isso, a corte precisar\u00e1 ser provocada, por exemplo, pela defesa de algum dos condenados, pelo Minist\u00e9rio P\u00fablico ou at\u00e9 por um ministro da corte, que seja relator de um dos casos da tentativa de golpe.&nbsp;Portanto, a redu\u00e7\u00e3o de pena n\u00e3o ser\u00e1 autom\u00e1tica.<\/p>\n\n\n\n<h2 class=\"wp-block-heading\">Outros crimes<\/h2>\n\n\n\n<figure class=\"wp-block-image\"><img data-recalc-dims=\"1\" decoding=\"async\" src=\"https:\/\/i0.wp.com\/s2-g1.glbimg.com\/zq6cUzNF7MrusHiMC9ftyLEpVVY%3D\/0x0%3A2048x1365\/984x0\/smart\/filters%3Astrip_icc%28%29\/i.s3.glbimg.com\/v1\/AUTH_59edd422c0c84a879bd37670ae4f538a\/internal_photos\/bs\/2026\/Y\/w\/yyaOkAQW25DRCNEHnA6Q\/55151361284-ed773cbdf3-k.jpg?w=800&#038;ssl=1\" alt=\"Fachada do Congresso Nacional \u2014 Foto: Saulo Cruz\/Ag\u00eancia Senado\"\/><\/figure>\n\n\n\n<p>Fachada do Congresso Nacional \u2014 Foto: Saulo Cruz\/Ag\u00eancia Senado<\/p>\n\n\n\n<p>Parlamentares da oposi\u00e7\u00e3o e do<a class=\"\" href=\"https:\/\/g1.globo.com\/politica\/noticia\/2026\/04\/29\/oposicao-cogita-desmembrar-veto-de-lula-ao-pl-da-dosimetria-para-nao-afetar-pl-antifaccao.ghtml\">&nbsp;Centr\u00e3o est\u00e3o cogitando &#8220;desmembrar&#8221;<\/a>&nbsp;o veto para impedir que haja redu\u00e7\u00e3o da pena para sentenciados por outros crimes, que n\u00e3o os contra a democracia, como o feminic\u00eddio.<\/p>\n\n\n\n<p>Desta maneira, trechos da proposta original seriam invalidados, fazendo valer apenas parcialmente o veto de Lula. Isso ter\u00e1 por objetivo n\u00e3o contradizer a Lei Antifac\u00e7\u00e3o.<\/p>\n\n\n\n<ul class=\"wp-block-list\">\n<li>\ud83d\udd0eA\u00a0<a class=\"\" href=\"https:\/\/g1.globo.com\/politica\/noticia\/2026\/03\/24\/lula-sanciona-lei-contra-faccoes-criminosas-com-veto-apos-pressao-e-divergencias-no-congresso.ghtml\">Lei Antifac\u00e7\u00e3o<\/a>\u00a0(sancionada em mar\u00e7o de 2026) \u00e9 um novo marco legal no Brasil, projetado para fortalecer o combate \u00e0s organiza\u00e7\u00f5es criminosas e mil\u00edcias, endurecendo penas e facilitando a asfixia financeira desses grupos. Mas ela foi sancionada ap\u00f3s a aprova\u00e7\u00e3o do PL da Dosimetria pelo Congresso e o veto integral do texto pelo presidente Lula. Com isso, criou-se um imbr\u00f3glio jur\u00eddico.<\/li>\n<\/ul>\n\n\n\n<h2 class=\"wp-block-heading\">Rela\u00e7\u00e3o entre governo e Congresso<\/h2>\n\n\n\n<p>Nesta ter\u00e7a, o Senado derrotou o nome de Jorge Messias, indicado por Lula para ser ministro do STF. Essa \u00e9 a primeira vez desde 1894 que os senadores rejeitam uma indica\u00e7\u00e3o do presidente da Rep\u00fablica ao Supremo.<\/p>\n\n\n\n<figure class=\"wp-block-image\"><img data-recalc-dims=\"1\" decoding=\"async\" src=\"https:\/\/i0.wp.com\/s2-g1.glbimg.com\/PIe4iXLhsOqFW-6N3400946eZBA%3D\/0x0%3A4032x2688\/984x0\/smart\/filters%3Astrip_icc%28%29\/i.s3.glbimg.com\/v1\/AUTH_59edd422c0c84a879bd37670ae4f538a\/internal_photos\/bs\/2026\/g\/u\/kcBDhDT1Wk3VtJiJvWYQ\/55238958793-4663f23a08-o.jpg?w=800&#038;ssl=1\" alt=\"Jorge Messias tem nome rejeitado no Senado \u2014 Foto: Geraldo Magela\/Ag\u00eancia Senado\"\/><\/figure>\n\n\n\n<p>Jorge Messias tem nome rejeitado no Senado \u2014 Foto: Geraldo Magela\/Ag\u00eancia Senado<\/p>\n\n\n\n<p>A escolha de Lula por Messias em novembro de 2025 deflagrou uma&nbsp;<a class=\"\" href=\"https:\/\/g1.globo.com\/politica\/blog\/natuza-nery\/noticia\/2026\/04\/29\/alcolumbre-articula-sabatina-messias.ghtml\">crise com o Alcolumbre<\/a>, que buscava emplacar o colega e aliado de primeira hora, Rodrigo Pacheco (PSB-MG). O movimento do amapaense pela rejei\u00e7\u00e3o fez o governo adiar o envio da mensagem formalizando a indica\u00e7\u00e3o, o que s\u00f3 ocorreu no in\u00edcio do m\u00eas.<\/p>\n\n\n\n<p>Ap\u00f3s a indica\u00e7\u00e3o em novembro do ano passado, Alcolumbre chegou a anunciar que a sabatina ocorreria em duas semanas, para evitar que Messias visitasse os senadores e n\u00e3o conseguisse os votos. Em abril deste ano, ap\u00f3s o an\u00fancio do calend\u00e1rio para a sabatina, Alcolumbre se recusou a receber Messias em uma audi\u00eancia oficial.<\/p>\n\n\n\n<p>Segundo&nbsp;<a class=\"\" href=\"https:\/\/g1.globo.com\/politica\/blog\/andreia-sadi\/post\/2026\/04\/28\/messias-alcolumbre-encontro.ghtml\">o blog da Andreia Sadi<\/a>, o presidente do Senado e Messias se encontraram na semana passada e conversaram sobre a sabatina. O encontro, no entanto, ocorreu fora da agenda na casa do ministro do Supremo Tribunal Federal, Cristiano Zanin.<\/p>\n\n\n\n<p>O&nbsp;<a class=\"\" href=\"https:\/\/g1.globo.com\/politica\/blog\/valdo-cruz\/post\/2026\/04\/30\/numero-de-votos-contra-messias-surpreendeu-governo-oposicao-fala-em-recado-ao-planalto-e-ao-stf.ghtml\">blog do Valdo Cruz informou<\/a>&nbsp;que, nesta ter\u00e7a, ap\u00f3s a rejei\u00e7\u00e3o do nome do AGU, oposicionistas admitiram, nos bastidores, que o resultado s\u00f3 foi poss\u00edvel gra\u00e7as \u00e0&nbsp;<a class=\"\" href=\"https:\/\/g1.globo.com\/politica\/blog\/andreia-sadi\/post\/2026\/04\/30\/pressao-de-alcolumbre-traicoes-clima-eleitoral-e-caso-master-impuseram-derrota-a-lula-e-messias-no-senado.ghtml\">atua\u00e7\u00e3o intensa de Alcolumbre<\/a>, que teria trabalhado fortemente ao longo do dia contra os interesses do governo.<\/p>\n","protected":false},"excerpt":{"rendered":"<p>O Congresso vota, nesta quinta-feira (30),&nbsp;um veto (rejei\u00e7\u00e3o) do presidente Lula (PT) ao projeto que reduz penas de condenados pelos ataques aos Tr\u00eas Poderes, em 8 de janeiro de 2023. Ao menos 280 pessoas ser\u00e3o beneficiadas, inclusive o ex-presidente Jair Bolsonaro. Esta vota\u00e7\u00e3o ocorre um dia ap\u00f3s uma derrota do governo no parlamento, j\u00e1 que [&hellip;]<\/p>\n","protected":false},"author":2,"featured_media":44070,"comment_status":"open","ping_status":"open","sticky":false,"template":"","format":"standard","meta":{"_jetpack_memberships_contains_paid_content":false,"footnotes":""},"categories":[39],"tags":[],"class_list":["post-44069","post","type-post","status-publish","format-standard","has-post-thumbnail","hentry","category-politica"],"aioseo_notices":[],"jetpack_featured_media_url":"https:\/\/i0.wp.com\/minutobahia24h.com.br\/wp-content\/uploads\/2026\/04\/1-13.jpg?fit=984%2C515&ssl=1","jetpack_sharing_enabled":true,"_links":{"self":[{"href":"https:\/\/minutobahia24h.com.br\/index.php?rest_route=\/wp\/v2\/posts\/44069","targetHints":{"allow":["GET"]}}],"collection":[{"href":"https:\/\/minutobahia24h.com.br\/index.php?rest_route=\/wp\/v2\/posts"}],"about":[{"href":"https:\/\/minutobahia24h.com.br\/index.php?rest_route=\/wp\/v2\/types\/post"}],"author":[{"embeddable":true,"href":"https:\/\/minutobahia24h.com.br\/index.php?rest_route=\/wp\/v2\/users\/2"}],"replies":[{"embeddable":true,"href":"https:\/\/minutobahia24h.com.br\/index.php?rest_route=%2Fwp%2Fv2%2Fcomments&post=44069"}],"version-history":[{"count":1,"href":"https:\/\/minutobahia24h.com.br\/index.php?rest_route=\/wp\/v2\/posts\/44069\/revisions"}],"predecessor-version":[{"id":44071,"href":"https:\/\/minutobahia24h.com.br\/index.php?rest_route=\/wp\/v2\/posts\/44069\/revisions\/44071"}],"wp:featuredmedia":[{"embeddable":true,"href":"https:\/\/minutobahia24h.com.br\/index.php?rest_route=\/wp\/v2\/media\/44070"}],"wp:attachment":[{"href":"https:\/\/minutobahia24h.com.br\/index.php?rest_route=%2Fwp%2Fv2%2Fmedia&parent=44069"}],"wp:term":[{"taxonomy":"category","embeddable":true,"href":"https:\/\/minutobahia24h.com.br\/index.php?rest_route=%2Fwp%2Fv2%2Fcategories&post=44069"},{"taxonomy":"post_tag","embeddable":true,"href":"https:\/\/minutobahia24h.com.br\/index.php?rest_route=%2Fwp%2Fv2%2Ftags&post=44069"}],"curies":[{"name":"wp","href":"https:\/\/api.w.org\/{rel}","templated":true}]}}