{"id":44058,"date":"2026-04-30T08:16:31","date_gmt":"2026-04-30T11:16:31","guid":{"rendered":"https:\/\/minutobahia24h.com.br\/?p=44058"},"modified":"2026-04-30T08:16:32","modified_gmt":"2026-04-30T11:16:32","slug":"stf-se-manifesta-sobre-decisao-do-senado-de-nao-aprovar-jorge-messias-e-aguarda-nova-indicacao","status":"publish","type":"post","link":"https:\/\/minutobahia24h.com.br\/?p=44058","title":{"rendered":"STF se manifesta sobre decis\u00e3o do Senado de n\u00e3o aprovar Jorge Messias e aguarda nova indica\u00e7\u00e3o"},"content":{"rendered":"<div class=\"wp-block-image\">\n<figure class=\"aligncenter size-large\"><img data-recalc-dims=\"1\" fetchpriority=\"high\" decoding=\"async\" width=\"800\" height=\"420\" src=\"https:\/\/i0.wp.com\/minutobahia24h.com.br\/wp-content\/uploads\/2026\/04\/1-10-1024x538.jpg?resize=800%2C420&#038;ssl=1\" alt=\"\" class=\"wp-image-44059\" srcset=\"https:\/\/i0.wp.com\/minutobahia24h.com.br\/wp-content\/uploads\/2026\/04\/1-10.jpg?resize=1024%2C538&amp;ssl=1 1024w, https:\/\/i0.wp.com\/minutobahia24h.com.br\/wp-content\/uploads\/2026\/04\/1-10.jpg?resize=300%2C158&amp;ssl=1 300w, https:\/\/i0.wp.com\/minutobahia24h.com.br\/wp-content\/uploads\/2026\/04\/1-10.jpg?resize=768%2C403&amp;ssl=1 768w, https:\/\/i0.wp.com\/minutobahia24h.com.br\/wp-content\/uploads\/2026\/04\/1-10.jpg?resize=750%2C394&amp;ssl=1 750w, https:\/\/i0.wp.com\/minutobahia24h.com.br\/wp-content\/uploads\/2026\/04\/1-10.jpg?resize=1140%2C599&amp;ssl=1 1140w, https:\/\/i0.wp.com\/minutobahia24h.com.br\/wp-content\/uploads\/2026\/04\/1-10.jpg?w=1200&amp;ssl=1 1200w\" sizes=\"(max-width: 800px) 100vw, 800px\" \/><figcaption class=\"wp-element-caption\">Foto: Andressa Anholete \/ STF<br><\/figcaption><\/figure>\n<\/div>\n\n\n<p>O Supremo Tribunal Federal (STF) se manifestou acerca\u00a0da decis\u00e3o do Senado Federal de rejeitar, em sess\u00e3o plen\u00e1ria, a indica\u00e7\u00e3o do advogado Jorge Messias para o preenchimento da vaga aberta na Corte, na quarta-feira (29).<\/p>\n\n\n\n<p>Em comunicado oficial, o presidente do STF afirmou que o tribunal respeita a prerrogativa constitucional do Senado de aprovar ou n\u00e3o os nomes enviados pelo Poder Executivo para compor a mais alta inst\u00e2ncia do Judici\u00e1rio.<\/p>\n\n\n\n<p>A nota do STF tamb\u00e9m reitera o respeito \u00e0 hist\u00f3ria pessoal e institucional de todos os agentes p\u00fablicos envolvidos no processo, incluindo o pr\u00f3prio indicado, destacando que &#8220;a vida republicana se fortalece quando diverg\u00eancias s\u00e3o tratadas com eleva\u00e7\u00e3o, urbanidade e responsabilidade p\u00fablica&#8221;. A manifesta\u00e7\u00e3o \u00e9 vista como um gesto de cortesia institucional em meio \u00e0 rejei\u00e7\u00e3o de um nome que contava com apoio do governo.<\/p>\n\n\n\n<p>Com a negativa do Senado, a vaga permanece em aberto. O Supremo afirmou que aguarda, &#8220;com a serenidade e o senso de responsabilidade institucional&#8221;, as provid\u00eancias cab\u00edveis para o oportuno preenchimento do cargo, que depender\u00e1 de uma nova indica\u00e7\u00e3o pelo presidente da Rep\u00fablica e de novo escrut\u00ednio no Parlamento.<\/p>\n\n\n\n<p><strong>Leia nota na \u00edntegra:<\/strong><\/p>\n\n\n\n<p><em>A Presid\u00eancia do Supremo Tribunal Federal toma conhecimento da decis\u00e3o do Senado Federal de n\u00e3o aprovar, em sess\u00e3o plen\u00e1ria realizada nesta data, a indica\u00e7\u00e3o submetida para o preenchimento de vaga nesta Corte.<\/em><\/p>\n\n\n\n<p><em>O Supremo Tribunal Federal reafirma seu respeito \u00e0 prerrogativa constitucional do Senado Federal.<\/em><\/p>\n\n\n\n<p><em>Reitera, igualmente, o respeito \u00e0 hist\u00f3ria pessoal e institucional de todos os agentes p\u00fablicos envolvidos no processo, reconhecendo que a vida republicana se fortalece quando diverg\u00eancias s\u00e3o tratadas com eleva\u00e7\u00e3o, urbanidade e responsabilidade p\u00fablica.<\/em><\/p>\n\n\n\n<p><em>A Corte aguarda, com a serenidade e o senso de responsabilidade institucional, as provid\u00eancias constitucionais cab\u00edveis para o oportuno preenchimento da vaga em aberto.<\/em><\/p>\n\n\n\n<p><em>Bras\u00edlia, 29 de abril de 2026.<br>Edson Fachin<br>Presidente do Supremo Tribunal Federal<\/em><\/p>\n\n\n\n<p>BN<\/p>\n","protected":false},"excerpt":{"rendered":"<p>O Supremo Tribunal Federal (STF) se manifestou acerca\u00a0da decis\u00e3o do Senado Federal de rejeitar, em sess\u00e3o plen\u00e1ria, a indica\u00e7\u00e3o do advogado Jorge Messias para o preenchimento da vaga aberta na Corte, na quarta-feira (29). Em comunicado oficial, o presidente do STF afirmou que o tribunal respeita a prerrogativa constitucional do Senado de aprovar ou n\u00e3o [&hellip;]<\/p>\n","protected":false},"author":2,"featured_media":44059,"comment_status":"open","ping_status":"open","sticky":false,"template":"","format":"standard","meta":{"_jetpack_memberships_contains_paid_content":false,"footnotes":""},"categories":[23],"tags":[],"class_list":["post-44058","post","type-post","status-publish","format-standard","has-post-thumbnail","hentry","category-justica"],"aioseo_notices":[],"jetpack_featured_media_url":"https:\/\/i0.wp.com\/minutobahia24h.com.br\/wp-content\/uploads\/2026\/04\/1-10.jpg?fit=1200%2C630&ssl=1","jetpack_sharing_enabled":true,"_links":{"self":[{"href":"https:\/\/minutobahia24h.com.br\/index.php?rest_route=\/wp\/v2\/posts\/44058","targetHints":{"allow":["GET"]}}],"collection":[{"href":"https:\/\/minutobahia24h.com.br\/index.php?rest_route=\/wp\/v2\/posts"}],"about":[{"href":"https:\/\/minutobahia24h.com.br\/index.php?rest_route=\/wp\/v2\/types\/post"}],"author":[{"embeddable":true,"href":"https:\/\/minutobahia24h.com.br\/index.php?rest_route=\/wp\/v2\/users\/2"}],"replies":[{"embeddable":true,"href":"https:\/\/minutobahia24h.com.br\/index.php?rest_route=%2Fwp%2Fv2%2Fcomments&post=44058"}],"version-history":[{"count":1,"href":"https:\/\/minutobahia24h.com.br\/index.php?rest_route=\/wp\/v2\/posts\/44058\/revisions"}],"predecessor-version":[{"id":44060,"href":"https:\/\/minutobahia24h.com.br\/index.php?rest_route=\/wp\/v2\/posts\/44058\/revisions\/44060"}],"wp:featuredmedia":[{"embeddable":true,"href":"https:\/\/minutobahia24h.com.br\/index.php?rest_route=\/wp\/v2\/media\/44059"}],"wp:attachment":[{"href":"https:\/\/minutobahia24h.com.br\/index.php?rest_route=%2Fwp%2Fv2%2Fmedia&parent=44058"}],"wp:term":[{"taxonomy":"category","embeddable":true,"href":"https:\/\/minutobahia24h.com.br\/index.php?rest_route=%2Fwp%2Fv2%2Fcategories&post=44058"},{"taxonomy":"post_tag","embeddable":true,"href":"https:\/\/minutobahia24h.com.br\/index.php?rest_route=%2Fwp%2Fv2%2Ftags&post=44058"}],"curies":[{"name":"wp","href":"https:\/\/api.w.org\/{rel}","templated":true}]}}