{"id":44031,"date":"2026-04-30T07:15:08","date_gmt":"2026-04-30T10:15:08","guid":{"rendered":"https:\/\/minutobahia24h.com.br\/?p=44031"},"modified":"2026-04-30T07:15:10","modified_gmt":"2026-04-30T10:15:10","slug":"com-15-dias-de-festa-sao-joao-de-feira-de-santana-2026-e-lancado-com-tema-a-alegria-entra-em-campo","status":"publish","type":"post","link":"https:\/\/minutobahia24h.com.br\/?p=44031","title":{"rendered":"Com 15 dias de festa, S\u00e3o Jo\u00e3o de Feira de Santana 2026 \u00e9 lan\u00e7ado com tema \u201cA alegria entra em campo\u201d"},"content":{"rendered":"<div class=\"wp-block-image\">\n<figure class=\"aligncenter size-full\"><img data-recalc-dims=\"1\" fetchpriority=\"high\" decoding=\"async\" width=\"478\" height=\"640\" src=\"https:\/\/i0.wp.com\/minutobahia24h.com.br\/wp-content\/uploads\/2026\/04\/1-2.jpg?resize=478%2C640&#038;ssl=1\" alt=\"\" class=\"wp-image-44032\" srcset=\"https:\/\/i0.wp.com\/minutobahia24h.com.br\/wp-content\/uploads\/2026\/04\/1-2.jpg?w=478&amp;ssl=1 478w, https:\/\/i0.wp.com\/minutobahia24h.com.br\/wp-content\/uploads\/2026\/04\/1-2.jpg?resize=224%2C300&amp;ssl=1 224w\" sizes=\"(max-width: 478px) 100vw, 478px\" \/><figcaption class=\"wp-element-caption\">Foto: Divulga\u00e7\u00e3o\/PMFS<br><\/figcaption><\/figure>\n<\/div>\n\n\n<p>A Prefeitura de Feira de Santana lan\u00e7ou oficialmente, na tarde desta quarta-feira (29), a programa\u00e7\u00e3o do S\u00e3o Jo\u00e3o 2026, em evento realizado no p\u00e1tio da sede do Executivo municipal. A solenidade contou com a presen\u00e7a do prefeito Jos\u00e9 Ronaldo de Carvalho, al\u00e9m de jornalistas, convidados, autoridades e representantes da cultura local, em um ambiente j\u00e1 tomado pelo clima junino. Com o tema \u201cA alegria entra em campo\u201d, o lan\u00e7amento trouxe uma pr\u00e9via do que o p\u00fablico pode esperar para os festejos, com direito a tenda tem\u00e1tica, decora\u00e7\u00e3o t\u00edpica, comidas tradicionais e apresenta\u00e7\u00e3o da banda Os Bambas do Nordeste, que animou os presentes e refor\u00e7ou o clima de S\u00e3o Jo\u00e3o j\u00e1 no an\u00fancio oficial.<\/p>\n\n\n\n<p>Ao todo, ser\u00e3o 15 dias de programa\u00e7\u00e3o, entre os dias 20 de junho e 4 de julho, contemplando diferentes distritos do munic\u00edpio com festas de S\u00e3o Jo\u00e3o e S\u00e3o Pedro, mantendo a tradi\u00e7\u00e3o descentralizada que marca o calend\u00e1rio junino de Feira de Santana. No distrito de Maria Quit\u00e9ria, os festejos acontecem de 20 a 23 de junho, com apresenta\u00e7\u00f5es de Ra\u00ed Saia Rodada e Caviar com Rapadura no dia 20, Paula Fernandes e Filho do Piseiro no dia 21, Alceu Valen\u00e7a e Forroz\u00e3o das Antigas no dia 22, al\u00e9m de Lim\u00e3o com Mel e Caninana no dia 23. Em Jaguara, a programa\u00e7\u00e3o ser\u00e1 realizada nos dias 20 e 21 de junho, com shows de Acaraj\u00e9 com Camar\u00e3o no primeiro dia e Filomena Bagaceira no segundo.<\/p>\n\n\n\n<p>J\u00e1 em Bonfim de Feira, o S\u00e3o Pedro ser\u00e1 celebrado nos dias 27 e 28 de junho, com apresenta\u00e7\u00f5es de Fl\u00e1vio Jos\u00e9 e Raio da Silibrina no dia 27, e Tayrone e Colher de Pau no dia 28. No distrito de Humildes, os festejos acontecem de 26 a 28 de junho, reunindo Luan Estilizado e Mastruz com Leite no dia 26, Unha Pintada e Adelmario Coelho no dia 27, al\u00e9m de Ra\u00e7a Negra e Buscap\u00e9 Arreio de Ouro no dia 28. Encerrando a programa\u00e7\u00e3o, o distrito de Ja\u00edba recebe o S\u00e3o Pedro nos dias 3 e 4 de julho, com shows de Alcymar Monteiro no primeiro dia e Solange Almeida no segundo.<\/p>\n\n\n\n<p>Reconhecido como um dos maiores e mais tradicionais festejos juninos da Bahia, o S\u00e3o Jo\u00e3o de Feira deve atrair milhares de pessoas entre moradores e turistas, com impacto direto na economia local, especialmente nos setores de com\u00e9rcio, turismo e servi\u00e7os. Al\u00e9m das atra\u00e7\u00f5es musicais, a festa mant\u00e9m elementos tradicionais como quadrilhas, culin\u00e1ria t\u00edpica e ambienta\u00e7\u00e3o tem\u00e1tica, proporcionando uma experi\u00eancia completa ao p\u00fablico.l \u201cFeira de Santana tem uma rela\u00e7\u00e3o muito forte com o S\u00e3o Jo\u00e3o. \u00c9 um per\u00edodo em que a cidade se transforma, a cultura ganha ainda mais for\u00e7a e as pessoas vivem isso de perto. A gente est\u00e1 preparando uma festa organizada, levando programa\u00e7\u00e3o para os distritos e respeitando essa tradi\u00e7\u00e3o que \u00e9 t\u00e3o importante para o nosso povo\u201d, destacou o prefeito Jos\u00e9 Ronaldo de Carvalho.<\/p>\n\n\n\n<p><strong><em>Ascom<\/em><\/strong>&nbsp;<\/p>\n","protected":false},"excerpt":{"rendered":"<p>A Prefeitura de Feira de Santana lan\u00e7ou oficialmente, na tarde desta quarta-feira (29), a programa\u00e7\u00e3o do S\u00e3o Jo\u00e3o 2026, em evento realizado no p\u00e1tio da sede do Executivo municipal. A solenidade contou com a presen\u00e7a do prefeito Jos\u00e9 Ronaldo de Carvalho, al\u00e9m de jornalistas, convidados, autoridades e representantes da cultura local, em um ambiente j\u00e1 [&hellip;]<\/p>\n","protected":false},"author":2,"featured_media":44032,"comment_status":"open","ping_status":"open","sticky":false,"template":"","format":"standard","meta":{"_jetpack_memberships_contains_paid_content":false,"footnotes":""},"categories":[3],"tags":[],"class_list":["post-44031","post","type-post","status-publish","format-standard","has-post-thumbnail","hentry","category-regional"],"aioseo_notices":[],"jetpack_featured_media_url":"https:\/\/i0.wp.com\/minutobahia24h.com.br\/wp-content\/uploads\/2026\/04\/1-2.jpg?fit=478%2C640&ssl=1","jetpack_sharing_enabled":true,"_links":{"self":[{"href":"https:\/\/minutobahia24h.com.br\/index.php?rest_route=\/wp\/v2\/posts\/44031","targetHints":{"allow":["GET"]}}],"collection":[{"href":"https:\/\/minutobahia24h.com.br\/index.php?rest_route=\/wp\/v2\/posts"}],"about":[{"href":"https:\/\/minutobahia24h.com.br\/index.php?rest_route=\/wp\/v2\/types\/post"}],"author":[{"embeddable":true,"href":"https:\/\/minutobahia24h.com.br\/index.php?rest_route=\/wp\/v2\/users\/2"}],"replies":[{"embeddable":true,"href":"https:\/\/minutobahia24h.com.br\/index.php?rest_route=%2Fwp%2Fv2%2Fcomments&post=44031"}],"version-history":[{"count":1,"href":"https:\/\/minutobahia24h.com.br\/index.php?rest_route=\/wp\/v2\/posts\/44031\/revisions"}],"predecessor-version":[{"id":44033,"href":"https:\/\/minutobahia24h.com.br\/index.php?rest_route=\/wp\/v2\/posts\/44031\/revisions\/44033"}],"wp:featuredmedia":[{"embeddable":true,"href":"https:\/\/minutobahia24h.com.br\/index.php?rest_route=\/wp\/v2\/media\/44032"}],"wp:attachment":[{"href":"https:\/\/minutobahia24h.com.br\/index.php?rest_route=%2Fwp%2Fv2%2Fmedia&parent=44031"}],"wp:term":[{"taxonomy":"category","embeddable":true,"href":"https:\/\/minutobahia24h.com.br\/index.php?rest_route=%2Fwp%2Fv2%2Fcategories&post=44031"},{"taxonomy":"post_tag","embeddable":true,"href":"https:\/\/minutobahia24h.com.br\/index.php?rest_route=%2Fwp%2Fv2%2Ftags&post=44031"}],"curies":[{"name":"wp","href":"https:\/\/api.w.org\/{rel}","templated":true}]}}