{"id":44025,"date":"2026-04-30T07:08:38","date_gmt":"2026-04-30T10:08:38","guid":{"rendered":"https:\/\/minutobahia24h.com.br\/?p=44025"},"modified":"2026-04-30T07:08:40","modified_gmt":"2026-04-30T10:08:40","slug":"juazeiro-prefeitura-repudia-ato-de-vandalismo-contra-centro-pop","status":"publish","type":"post","link":"https:\/\/minutobahia24h.com.br\/?p=44025","title":{"rendered":"Juazeiro: Prefeitura repudia ato de vandalismo contra Centro POP"},"content":{"rendered":"<div class=\"wp-block-image\">\n<figure class=\"aligncenter size-full\"><img data-recalc-dims=\"1\" fetchpriority=\"high\" decoding=\"async\" width=\"768\" height=\"433\" src=\"https:\/\/i0.wp.com\/minutobahia24h.com.br\/wp-content\/uploads\/2026\/04\/1.jpg?resize=768%2C433&#038;ssl=1\" alt=\"\" class=\"wp-image-44026\" srcset=\"https:\/\/i0.wp.com\/minutobahia24h.com.br\/wp-content\/uploads\/2026\/04\/1.jpg?w=768&amp;ssl=1 768w, https:\/\/i0.wp.com\/minutobahia24h.com.br\/wp-content\/uploads\/2026\/04\/1.jpg?resize=300%2C169&amp;ssl=1 300w, https:\/\/i0.wp.com\/minutobahia24h.com.br\/wp-content\/uploads\/2026\/04\/1.jpg?resize=750%2C423&amp;ssl=1 750w\" sizes=\"(max-width: 768px) 100vw, 768px\" \/><\/figure>\n<\/div>\n\n\n<p>Por meio de nota, a Secretaria de Desenvolvimento Social, Diversidade, Igualdade Racial e Combate \u00e0 Fome (SEDES) repudiou veementemente o ato de vandalismo registrado na madrugada de quarta-feira (29) contra o Centro de Refer\u00eancia Especializado para Popula\u00e7\u00e3o em Situa\u00e7\u00e3o de Rua de Juazeiro (Centro POP), localizado \u00e0 Rua Elizabeth Safira, n\u00ba 172, no Bairro Maria Gorete.<\/p>\n\n\n\n<p>\u201c<em>O Centro POP \u00e9 um equipamento p\u00fablico essencial para a garantia de direitos, dignidade, cidadania e prote\u00e7\u00e3o social de pessoas em situa\u00e7\u00e3o de rua. A unidade oferece acolhimento diurno, acesso \u00e0 higiene, alimenta\u00e7\u00e3o, emiss\u00e3o de documentos, atendimento psicossocial e suporte para a reconstru\u00e7\u00e3o de v\u00ednculos familiares e sociais<\/em>\u201d, frisou a nota.<\/p>\n\n\n\n<p>\u201c<em>Atos contra espa\u00e7os p\u00fablicos que prestam servi\u00e7os fundamentais \u00e0 popula\u00e7\u00e3o atingem n\u00e3o apenas o patrim\u00f4nio municipal, mas tamb\u00e9m a rede de prote\u00e7\u00e3o social e as pessoas que mais precisam do apoio do poder p\u00fablico<\/em>\u201d, continuou. A prefeitura informou j\u00e1 ter registrado Boletim de Ocorr\u00eancia (BO) e adotar\u00e1 as medidas cab\u00edveis para apura\u00e7\u00e3o do caso. \u201c<em>A gest\u00e3o municipal refor\u00e7a o compromisso com a manuten\u00e7\u00e3o dos servi\u00e7os socioassistenciais e com a prote\u00e7\u00e3o das pessoas em situa\u00e7\u00e3o de rua em Juazeiro<\/em>\u201d, completou a nota.<\/p>\n\n\n\n<p>carlosbritto<\/p>\n","protected":false},"excerpt":{"rendered":"<p>Por meio de nota, a Secretaria de Desenvolvimento Social, Diversidade, Igualdade Racial e Combate \u00e0 Fome (SEDES) repudiou veementemente o ato de vandalismo registrado na madrugada de quarta-feira (29) contra o Centro de Refer\u00eancia Especializado para Popula\u00e7\u00e3o em Situa\u00e7\u00e3o de Rua de Juazeiro (Centro POP), localizado \u00e0 Rua Elizabeth Safira, n\u00ba 172, no Bairro Maria [&hellip;]<\/p>\n","protected":false},"author":2,"featured_media":44026,"comment_status":"open","ping_status":"open","sticky":false,"template":"","format":"standard","meta":{"_jetpack_memberships_contains_paid_content":false,"footnotes":""},"categories":[3],"tags":[],"class_list":["post-44025","post","type-post","status-publish","format-standard","has-post-thumbnail","hentry","category-regional"],"aioseo_notices":[],"jetpack_featured_media_url":"https:\/\/i0.wp.com\/minutobahia24h.com.br\/wp-content\/uploads\/2026\/04\/1.jpg?fit=768%2C433&ssl=1","jetpack_sharing_enabled":true,"_links":{"self":[{"href":"https:\/\/minutobahia24h.com.br\/index.php?rest_route=\/wp\/v2\/posts\/44025","targetHints":{"allow":["GET"]}}],"collection":[{"href":"https:\/\/minutobahia24h.com.br\/index.php?rest_route=\/wp\/v2\/posts"}],"about":[{"href":"https:\/\/minutobahia24h.com.br\/index.php?rest_route=\/wp\/v2\/types\/post"}],"author":[{"embeddable":true,"href":"https:\/\/minutobahia24h.com.br\/index.php?rest_route=\/wp\/v2\/users\/2"}],"replies":[{"embeddable":true,"href":"https:\/\/minutobahia24h.com.br\/index.php?rest_route=%2Fwp%2Fv2%2Fcomments&post=44025"}],"version-history":[{"count":1,"href":"https:\/\/minutobahia24h.com.br\/index.php?rest_route=\/wp\/v2\/posts\/44025\/revisions"}],"predecessor-version":[{"id":44027,"href":"https:\/\/minutobahia24h.com.br\/index.php?rest_route=\/wp\/v2\/posts\/44025\/revisions\/44027"}],"wp:featuredmedia":[{"embeddable":true,"href":"https:\/\/minutobahia24h.com.br\/index.php?rest_route=\/wp\/v2\/media\/44026"}],"wp:attachment":[{"href":"https:\/\/minutobahia24h.com.br\/index.php?rest_route=%2Fwp%2Fv2%2Fmedia&parent=44025"}],"wp:term":[{"taxonomy":"category","embeddable":true,"href":"https:\/\/minutobahia24h.com.br\/index.php?rest_route=%2Fwp%2Fv2%2Fcategories&post=44025"},{"taxonomy":"post_tag","embeddable":true,"href":"https:\/\/minutobahia24h.com.br\/index.php?rest_route=%2Fwp%2Fv2%2Ftags&post=44025"}],"curies":[{"name":"wp","href":"https:\/\/api.w.org\/{rel}","templated":true}]}}