{"id":44012,"date":"2026-04-29T08:16:08","date_gmt":"2026-04-29T11:16:08","guid":{"rendered":"https:\/\/minutobahia24h.com.br\/?p=44012"},"modified":"2026-04-29T08:16:10","modified_gmt":"2026-04-29T11:16:10","slug":"bagagem-sem-fiscalizacao-entenda-investigacao-da-pf-sobre-malas-por-fora-do-raio-x-em-voo-com-ciro-nogueira-e-motta","status":"publish","type":"post","link":"https:\/\/minutobahia24h.com.br\/?p=44012","title":{"rendered":"Bagagem sem fiscaliza\u00e7\u00e3o: entenda investiga\u00e7\u00e3o da PF sobre malas por fora do raio-X em voo com Ciro Nogueira e Motta"},"content":{"rendered":"\n<p>A entrada de bagagens no Brasil sem fiscaliza\u00e7\u00e3o acendeu alerta da Pol\u00edcia Federal,&nbsp;que abriu uma investiga\u00e7\u00e3o para apurar o que aconteceu no aeroporto S\u00e3o Paulo Catarina Aeroporto Executivo Internacional, situado em S\u00e3o Roque, no interior de S\u00e3o Paulo, em 20 de abril.<\/p>\n\n\n\n<p>O avi\u00e3o particular tinha como passageiros figuras conhecidas, como o empres\u00e1rio Fernando Oliveira Lima, dono da aeronave e conhecido como Fernandin OIG, o presidente da C\u00e2mara dos Deputados, Hugo Motta (Republicanos-PB), e o senador Ciro Nogueira (PP-PI).<\/p>\n\n\n\n<p>O avi\u00e3o retornava da ilha S\u00e3o Martinho, que fica no Mar do Caribe.<\/p>\n\n\n\n<p><strong>O que aconteceu no aeroporto?<\/strong><\/p>\n\n\n<div class=\"wp-block-image\">\n<figure class=\"aligncenter size-full\"><img data-recalc-dims=\"1\" fetchpriority=\"high\" decoding=\"async\" width=\"800\" height=\"451\" src=\"https:\/\/i0.wp.com\/minutobahia24h.com.br\/wp-content\/uploads\/2026\/04\/Sem-titulo-297.jpg?resize=800%2C451&#038;ssl=1\" alt=\"\" class=\"wp-image-44013\" srcset=\"https:\/\/i0.wp.com\/minutobahia24h.com.br\/wp-content\/uploads\/2026\/04\/Sem-titulo-297.jpg?w=984&amp;ssl=1 984w, https:\/\/i0.wp.com\/minutobahia24h.com.br\/wp-content\/uploads\/2026\/04\/Sem-titulo-297.jpg?resize=300%2C169&amp;ssl=1 300w, https:\/\/i0.wp.com\/minutobahia24h.com.br\/wp-content\/uploads\/2026\/04\/Sem-titulo-297.jpg?resize=768%2C433&amp;ssl=1 768w, https:\/\/i0.wp.com\/minutobahia24h.com.br\/wp-content\/uploads\/2026\/04\/Sem-titulo-297.jpg?resize=750%2C423&amp;ssl=1 750w\" sizes=\"(max-width: 800px) 100vw, 800px\" \/><figcaption class=\"wp-element-caption\">PF investiga entrada de bagagens sem fiscaliza\u00e7\u00e3o em voo com Motta e Ciro Nogueira \u2014 Foto: Reprodu\u00e7\u00e3o<br><br><\/figcaption><\/figure>\n<\/div>\n\n\n<p>Segundo a investiga\u00e7\u00e3o da PF,&nbsp;<strong>o auditor fiscal Marco Ant\u00f4nio Canella teria permitido que o piloto Jos\u00e9 Jorge de Oliveira J\u00fanior passasse pela \u00e1rea de fiscaliza\u00e7\u00e3o com as bagagens por fora da m\u00e1quina de raio-X&nbsp;<\/strong>ao chegar em S\u00e3o Paulo no dia 20 de abril de 2025.<\/p>\n\n\n\n<p>Segundo a PF,<strong>&nbsp;o piloto Jos\u00e9 Jorge de Oliveira Junior passou pelo ponto de fiscaliza\u00e7\u00e3o duas vezes<\/strong>. Na primeira, o piloto submete duas bagagens pela m\u00e1quina de raio-X.<\/p>\n\n\n\n<p>Minutos depois, ele retorna ao ponto de fiscaliza\u00e7\u00e3o&nbsp;com cinco volumes a mais&nbsp;&#8211; al\u00e9m das bagagens que j\u00e1 estavam carregando anteriormente &#8211; e nenhuma delas passa por fiscaliza\u00e7\u00e3o.<\/p>\n\n\n\n<p>As imagens do circuito de seguran\u00e7a do S\u00e3o Paulo Catarina Aeroporto Executivo Internacional, em S\u00e3o Roque (SP), analisadas pela PF, mostram a sequ\u00eancia:<\/p>\n\n\n\n<ul class=\"wp-block-list\">\n<li><strong>\u00e0s 21:31, Jos\u00e9 Jorge de Oliveira Junior passa pela fiscaliza\u00e7\u00e3o com duas bagagens;<\/strong><\/li>\n<\/ul>\n\n\n\n<figure class=\"wp-block-image\"><img data-recalc-dims=\"1\" decoding=\"async\" src=\"https:\/\/i0.wp.com\/s2-g1.glbimg.com\/pFGXj4HBC82S38E-wto7qvE6pjY%3D\/0x0%3A481x263\/984x0\/smart\/filters%3Astrip_icc%28%29\/i.s3.glbimg.com\/v1\/AUTH_59edd422c0c84a879bd37670ae4f538a\/internal_photos\/bs\/2026\/q\/A\/if6sCHR2WN7deoiJWfjg\/captura-de-tela-2026-04-28-195310.png?w=800&#038;ssl=1\" alt=\"Imagens do desembarque do piloto Jos\u00e9 Jorge de Oliveira Junior no aeroporto S\u00e3o Paulo Catarina Aeroporto Executivo Internacional, situado em S\u00e3o Roque\/SP \u2014 Foto: Reprodu\u00e7\u00e3o\"\/><\/figure>\n\n\n\n<p>Imagens do desembarque do piloto Jos\u00e9 Jorge de Oliveira Junior no aeroporto S\u00e3o Paulo Catarina Aeroporto Executivo Internacional, situado em S\u00e3o Roque\/SP \u2014 Foto: Reprodu\u00e7\u00e3o<\/p>\n\n\n\n<ul class=\"wp-block-list\">\n<li><strong>\u00e0s 21:40, o piloto retorna ao ponto de fiscaliza\u00e7\u00e3o carregando cinco volumes a mais sem passar pela fiscaliza\u00e7\u00e3o.<\/strong><\/li>\n<\/ul>\n\n\n\n<figure class=\"wp-block-image\"><img data-recalc-dims=\"1\" decoding=\"async\" src=\"https:\/\/i0.wp.com\/s2-g1.glbimg.com\/6sbQMeeLudUuZF9f-hYL8zAqTiA%3D\/0x0%3A484x250\/984x0\/smart\/filters%3Astrip_icc%28%29\/i.s3.glbimg.com\/v1\/AUTH_59edd422c0c84a879bd37670ae4f538a\/internal_photos\/bs\/2026\/U\/K\/hzyf83SjOwNKefBUEDFA\/captura-de-tela-2026-04-28-192207.png?w=800&#038;ssl=1\" alt=\"Imagens do desembarque do piloto Jos\u00e9 Jorge de Oliveira Junior no aeroporto S\u00e3o Paulo Catarina Aeroporto Executivo Internacional, situado em S\u00e3o Roque\/SP \u2014 Foto: Reprodu\u00e7\u00e3o\"\/><\/figure>\n\n\n\n<p>Imagens do desembarque do piloto Jos\u00e9 Jorge de Oliveira Junior no aeroporto S\u00e3o Paulo Catarina Aeroporto Executivo Internacional, situado em S\u00e3o Roque\/SP \u2014 Foto: Reprodu\u00e7\u00e3o<\/p>\n\n\n\n<figure class=\"wp-block-image\"><img data-recalc-dims=\"1\" decoding=\"async\" src=\"https:\/\/i0.wp.com\/s2-g1.glbimg.com\/h15ns9KrjBGkZsxiP2_Om7939hQ%3D\/0x0%3A530x529\/984x0\/smart\/filters%3Astrip_icc%28%29\/i.s3.glbimg.com\/v1\/AUTH_59edd422c0c84a879bd37670ae4f538a\/internal_photos\/bs\/2026\/a\/F\/Py3EtzT163NJ6ZqMk6Kg\/captura-de-tela-2026-04-28-200638.png?w=800&#038;ssl=1\" alt=\"Imagens do desembarque do piloto Jos\u00e9 Jorge de Oliveira Junior no aeroporto S\u00e3o Paulo Catarina Aeroporto Executivo Internacional, situado em S\u00e3o Roque\/SP \u2014 Foto: Reprodu\u00e7\u00e3o\"\/><\/figure>\n\n\n\n<p>Imagens do desembarque do piloto Jos\u00e9 Jorge de Oliveira Junior no aeroporto S\u00e3o Paulo Catarina Aeroporto Executivo Internacional, situado em S\u00e3o Roque\/SP \u2014 Foto: Reprodu\u00e7\u00e3o<\/p>\n\n\n\n<p>Segundo a PF, os itens correspondem a:<\/p>\n\n\n\n<ol class=\"wp-block-list\">\n<li>Sacola pl\u00e1stica;<\/li>\n\n\n\n<li>Aparentemente uma caixa de papel;<\/li>\n\n\n\n<li>Sacola de papel;<\/li>\n\n\n\n<li>Edredom;<\/li>\n\n\n\n<li>Mala de viagem;<\/li>\n\n\n\n<li>Aparentemente uma caixa;<\/li>\n\n\n\n<li>Mochila.<\/li>\n<\/ol>\n\n\n\n<p>O relat\u00f3rio da pol\u00edcia aponta que os itens 5 e 7, mala de viagem e mochila, foram os itens submetidos ao raio-X anteriormente.<\/p>\n\n\n\n<p>As imagens indicam que o auditor fiscal acompanhou a movimenta\u00e7\u00e3o e permitiu a passagem dos volumes \u201csem a devida fiscaliza\u00e7\u00e3o\u201d.<\/p>\n\n\n\n<p>Segundo o relat\u00f3rio, no momento em que o piloto passa pelo ponto de fiscaliza\u00e7\u00e3o com as bagagens n\u00e3o inspecionadas, ele &#8220;troca olhares e breves palavras com o tripulante e, ap\u00f3s este passar pelo ponto de fiscaliza\u00e7\u00e3o, a Operadora de Raio-X questiona o Auditor Fiscal, que gesticula com as m\u00e3os expressando banalidade e irrelev\u00e2ncia&#8221;.<\/p>\n\n\n\n<blockquote class=\"wp-block-quote is-layout-flow wp-block-quote-is-layout-flow\">\n<p>&#8220;\u00c9 poss\u00edvel constatar que o Auditor Fiscal da Receita Federal permite passar sete volumes sem a devida fiscaliza\u00e7\u00e3o&#8221;, diz o documento.<\/p>\n<\/blockquote>\n\n\n\n<p><a class=\"\" href=\"https:\/\/g1.globo.com\/politica\/noticia\/2026\/04\/28\/bagagem-sem-fiscalizacao-entenda-investigacao-da-pf-sobre-malas-por-fora-do-raio-x-em-voo-com-ciro-nogueira-e-motta.ghtml#menu\"><em>Volte ao \u00edndice.<\/em><\/a><\/p>\n\n\n\n<h2 class=\"wp-block-heading\">Quem estava no avi\u00e3o?<\/h2>\n\n\n\n<ul class=\"wp-block-list\">\n<li><strong>Fernandin OIG<\/strong><\/li>\n<\/ul>\n\n\n\n<figure class=\"wp-block-image\"><img data-recalc-dims=\"1\" decoding=\"async\" src=\"https:\/\/i0.wp.com\/s2-g1.glbimg.com\/RKs6wtG1QSYcVjHjTxuFn_H43qA%3D\/0x0%3A860x570\/984x0\/smart\/filters%3Astrip_icc%28%29\/i.s3.glbimg.com\/v1\/AUTH_59edd422c0c84a879bd37670ae4f538a\/internal_photos\/bs\/2026\/Y\/j\/4ugT44S5i5aEjDtBxHWA\/imagem-materia.jpg?w=800&#038;ssl=1\" alt=\"Na CPI das Bets, Fernando Oliveira Lima, o Fernandin OIG, disse controlar uma holding de empresas de jogos on-line. \u2014 Foto: Edilson Rodrigues\/Ag\u00eancia Senado\"\/><\/figure>\n\n\n\n<p>Na CPI das Bets, Fernando Oliveira Lima, o Fernandin OIG, disse controlar uma holding de empresas de jogos on-line. \u2014 Foto: Edilson Rodrigues\/Ag\u00eancia Senado<\/p>\n\n\n\n<p>O avi\u00e3o particular que trouxe os pol\u00edticos de volta para o Brasil pertence ao empres\u00e1rio piauiense Fernando Oliveira Lima, conhecido como Fernandin OIG. Ele foi alvo da Comiss\u00e3o Parlamentar de Inqu\u00e9rito (CPI) do Senado que investigava Bets.<\/p>\n\n\n\n<p>Na \u00e9poca, Fernando foi indicado como representante do &#8220;Fortune Tiger&#8221;, um aplicativo de apostas famoso no Brasil, conhecido como Jogo do Tigrinho. Ele teve que comparecer \u00e0 CPI das Bets, que apurou irregularidades e lavagem de dinheiro em sites de aposta.<\/p>\n\n\n\n<p>No depoimento, Fernando OIG negou ser o dono da plataforma. Segundo a fala dele na comiss\u00e3o, o jogo \u00e9 de uma empresa estrangeira e \u00e9 disponibilizado em seu site por meio de um agregador de jogos contratado por ele.<\/p>\n\n\n\n<ul class=\"wp-block-list\">\n<li><strong>Hugo Motta<\/strong><\/li>\n<\/ul>\n\n\n\n<figure class=\"wp-block-image\"><img data-recalc-dims=\"1\" decoding=\"async\" src=\"https:\/\/i0.wp.com\/s2-g1.glbimg.com\/Y4KJ65HIGjk-OBxvSLMmOkQ_usI%3D\/0x0%3A1984x1223\/984x0\/smart\/filters%3Astrip_icc%28%29\/i.s3.glbimg.com\/v1\/AUTH_59edd422c0c84a879bd37670ae4f538a\/internal_photos\/bs\/2026\/J\/d\/MAjkzeT3atY1aNiWMUIw\/img20260423161251084.jpg?w=800&#038;ssl=1\" alt=\"Presidente da C\u00e2mara dos Deputados, Hugo Motta concede entrevista \u2014 Foto: Vinicius Loures\/C\u00e2mara dos Deputados\"\/><\/figure>\n\n\n\n<p>Presidente da C\u00e2mara dos Deputados, Hugo Motta concede entrevista \u2014 Foto: Vinicius Loures\/C\u00e2mara dos Deputados<\/p>\n\n\n\n<p>Hugo Motta (Republicanos) \u00e9 deputado federal pela Para\u00edba e Presidente da C\u00e2mara dos Deputados desde fevereiro de 2025.<\/p>\n\n\n\n<p>Procurado pelo&nbsp;<strong>g1<\/strong>, o presidente da C\u00e2mara afirmou que &#8220;ao desembarcar no aeroporto, cumpriu todos os protocolos e determina\u00e7\u00f5es estabelecidas na legisla\u00e7\u00e3o aduaneira&#8221; e que vai aguardar a manifesta\u00e7\u00e3o da PGR.<\/p>\n\n\n\n<ul class=\"wp-block-list\">\n<li><strong>Ciro Nogueira<\/strong><\/li>\n<\/ul>\n\n\n\n<figure class=\"wp-block-image\"><img data-recalc-dims=\"1\" decoding=\"async\" src=\"https:\/\/i0.wp.com\/s2-g1.glbimg.com\/gtypuFyieXgIDVJkayr3EqPhAls%3D\/0x0%3A4464x2976\/984x0\/smart\/filters%3Astrip_icc%28%29\/i.s3.glbimg.com\/v1\/AUTH_59edd422c0c84a879bd37670ae4f538a\/internal_photos\/bs\/2026\/I\/V\/HoVs3ySPCl99NDqimTag\/ascom-ciro-nogueira.jpg?w=800&#038;ssl=1\" alt=\"Ciro Nogueira, senador do Progressistas pelo Piau\u00ed \u2014 Foto: Ascom Ciro Nogueira\"\/><\/figure>\n\n\n\n<p>Ciro Nogueira, senador do Progressistas pelo Piau\u00ed \u2014 Foto: Ascom Ciro Nogueira<\/p>\n\n\n\n<p>Ciro Nogueira Lima Filho (PP) \u00e9 senador pelo Piau\u00ed e presidente nacional do Progressistas, consolidado como figura central na pol\u00edtica brasileira. Foi ministro da Casa Civil no governo Bolsonaro entre 2021 e 2022.<\/p>\n\n\n\n<p>O&nbsp;<strong>g1<\/strong>&nbsp;procurou pelo senador, mas ele n\u00e3o se manifestou sobre o caso.<\/p>\n\n\n\n<ul class=\"wp-block-list\">\n<li><strong>Doutor Luizinho<\/strong><\/li>\n<\/ul>\n\n\n\n<figure class=\"wp-block-image\"><img data-recalc-dims=\"1\" decoding=\"async\" src=\"https:\/\/i0.wp.com\/s2-g1.glbimg.com\/yFbGsiIYC72scFHgdtcQ8-g8jh4%3D\/0x0%3A1000x616\/984x0\/smart\/filters%3Astrip_icc%28%29\/i.s3.glbimg.com\/v1\/AUTH_59edd422c0c84a879bd37670ae4f538a\/internal_photos\/bs\/2026\/W\/I\/DHzqwzRxAUTSTGfeue3g\/img20260226114421198med.jpg?w=800&#038;ssl=1\" alt=\"Deputado Doutor Luizinho. \u2014 Foto: Marina Ramos \/ C\u00e2mara dos Deputados\"\/><\/figure>\n\n\n\n<p>Deputado Doutor Luizinho. \u2014 Foto: Marina Ramos \/ C\u00e2mara dos Deputados<\/p>\n\n\n\n<p>Luiz Ant\u00f4nio de Souza Teixeira J\u00fanior (PP), mais conhecido como Doutor Luizinho, \u00e9 um m\u00e9dico e pol\u00edtico brasileiro filiado ao Progressistas. Atualmente \u00e9 deputado federal pelo Rio de Janeiro, onde por duas vezes foi secret\u00e1rio estadual de sa\u00fade.<\/p>\n\n\n\n<p>O&nbsp;<strong>g1<\/strong>&nbsp;procurou deputado, mas ele n\u00e3o se manifestou sobre o caso.<\/p>\n\n\n\n<ul class=\"wp-block-list\">\n<li><strong>Isnaldo Bulh\u00f5es<\/strong><\/li>\n<\/ul>\n\n\n\n<figure class=\"wp-block-image\"><img data-recalc-dims=\"1\" decoding=\"async\" src=\"https:\/\/i0.wp.com\/s2-g1.glbimg.com\/Kn82DtghsG3QtZm99aCSU58Dmjo%3D\/0x0%3A1000x616\/984x0\/smart\/filters%3Astrip_icc%28%29\/i.s3.glbimg.com\/v1\/AUTH_59edd422c0c84a879bd37670ae4f538a\/internal_photos\/bs\/2025\/E\/u\/2HHJ6dSoitH83xIQfSZg\/vinicius-loures-camara.jpg?w=800&#038;ssl=1\" alt=\"O deputado Isnaldo Bulh\u00f5es (MDB-AL). \u2014 Foto: Vinicius Loures\/C\u00e2mara dos Deputados\"\/><\/figure>\n\n\n\n<p>O deputado Isnaldo Bulh\u00f5es (MDB-AL). \u2014 Foto: Vinicius Loures\/C\u00e2mara dos Deputados<\/p>\n\n\n\n<p>Isnaldo Bulh\u00f5es Barros Junior (MDB), \u00e9 um advogado e pol\u00edtico brasileiro filiado ao Movimento Democr\u00e1tico Brasileiro (MDB). Nas elei\u00e7\u00f5es de 2018, foi eleito pela primeira vez como deputado federal por Alagoas e reeleito em 2022. Isnaldo \u00e9 o l\u00edder do MDB na C\u00e2mara.<\/p>\n\n\n\n<p>O&nbsp;<strong>g1&nbsp;<\/strong>procurou deputado, mas ele n\u00e3o se manifestou sobre o caso. Os demais citados n\u00e3o foram localizados.<\/p>\n\n\n\n<p><a class=\"\" href=\"https:\/\/g1.globo.com\/politica\/noticia\/2026\/04\/28\/bagagem-sem-fiscalizacao-entenda-investigacao-da-pf-sobre-malas-por-fora-do-raio-x-em-voo-com-ciro-nogueira-e-motta.ghtml#menu\"><em>Volte ao \u00edndice<\/em><\/a><em>.<\/em><\/p>\n\n\n\n<h2 class=\"wp-block-heading\">O que est\u00e1 sendo investigado?<\/h2>\n\n\n\n<p><strong>A Pol\u00edcia Federal investiga a entrada no Brasil sem fiscaliza\u00e7\u00e3o de cinco bagagens<\/strong>&nbsp;trazidas em um voo que teve como passageiros o presidente da C\u00e2mara dos Deputados, Hugo Motta (Republicanos-PB), e o senador Ciro Nogueira (PP-PI).<\/p>\n\n\n\n<p>Segundo a investiga\u00e7\u00e3o da PF, o auditor fiscal Marco Ant\u00f4nio Canella teria permitido que o piloto Jos\u00e9 Jorge de Oliveira J\u00fanior passasse pela \u00e1rea de fiscaliza\u00e7\u00e3o com as bagagens por fora da m\u00e1quina de raio-X ao chegar a S\u00e3o Paulo no dia 20 de abril de 2025.<\/p>\n\n\n\n<p><strong>A pol\u00edcia apura os crimes de prevarica\u00e7\u00e3o e facilita\u00e7\u00e3o de contrabando ou descaminho ao permitir que as bagagens entrassem no Brasil sem fiscaliza\u00e7\u00e3o.<\/strong><\/p>\n\n\n\n<p><a class=\"\" href=\"https:\/\/g1.globo.com\/politica\/noticia\/2026\/04\/28\/bagagem-sem-fiscalizacao-entenda-investigacao-da-pf-sobre-malas-por-fora-do-raio-x-em-voo-com-ciro-nogueira-e-motta.ghtml#menu\"><em>Volte ao \u00edndice.<\/em><\/a><\/p>\n\n\n\n<h2 class=\"wp-block-heading\">Por que caso foi para o STF?<\/h2>\n\n\n\n<figure class=\"wp-block-image\"><img data-recalc-dims=\"1\" decoding=\"async\" src=\"https:\/\/i0.wp.com\/s2-g1.glbimg.com\/NYJKrD5nrLNSnlDjxeKPsK658Ls%3D\/0x0%3A799x533\/984x0\/smart\/filters%3Astrip_icc%28%29\/i.s3.glbimg.com\/v1\/AUTH_59edd422c0c84a879bd37670ae4f538a\/internal_photos\/bs\/2026\/1\/s\/FJmH1mQhAuv2Wt2uhXeQ\/alexandre-de-moraes-luiz-silveira-stf-.jpg?w=800&#038;ssl=1\" alt=\"Ministro do STF Alexandre de Moraes \u2014 Foto: Luiz Silveira\/STF\"\/><\/figure>\n\n\n\n<p>Ministro do STF Alexandre de Moraes \u2014 Foto: Luiz Silveira\/STF<\/p>\n\n\n\n<p>O caso chegou no Supremo Tribunal Federal (STF) ap\u00f3s a PF<strong>&nbsp;identificar a presen\u00e7a de parlamentares com foro na Corte na lista de passageiros<\/strong>&nbsp;&#8211; portanto s\u00f3 podem ser investigados com aval do STF.<\/p>\n\n\n\n<p>O documento foi despachado para o ministro Alexandre de Moraes, que pediu que a Procuradoria-Geral da Rep\u00fablica (PGR) se manifeste sobre a investiga\u00e7\u00e3o.<\/p>\n\n\n\n<p><strong>A PGR vai avaliar se os ind\u00edcios justificam uma abertura de apura\u00e7\u00e3o contra os parlamentares<\/strong>, se h\u00e1 necessidade de mais dilig\u00eancias para aprofundar o caso antes de uma an\u00e1lise sobre a investiga\u00e7\u00e3o ou se ser\u00e1 apenas o caso de devolver a investiga\u00e7\u00e3o para a primeira inst\u00e2ncia, se identificar que n\u00e3o h\u00e1 elementos suficientes contra os parlamentares.<\/p>\n\n\n\n<p>A informa\u00e7\u00e3o foi divulgada inicialmente pelo jornal Folha de S.Paulo. O&nbsp;<strong>g1<\/strong>&nbsp;teve acesso ao relat\u00f3rio produzido pela PF.<\/p>\n\n\n\n<p><strong>A PF diz que ainda n\u00e3o \u00e9 poss\u00edvel dizer de quem eram os volumes ou se h\u00e1 envolvimento de autoridades com foro.<\/strong><\/p>\n\n\n\n<p>O Minist\u00e9rio P\u00fablico Federal de S\u00e3o Paulo tamb\u00e9m entendeu que era o caso de encaminhar para o STF avaliar.<\/p>\n\n\n\n<blockquote class=\"wp-block-quote is-layout-flow wp-block-quote-is-layout-flow\">\n<p>\u201cN\u00e3o h\u00e1, portanto, como descartar a possibilidade de envolvimento de um ou mais passageiros detentores de prerrogativa de foro [&#8230;] nos delitos sob apura\u00e7\u00e3o nos presentes autos ou em outras pr\u00e1ticas delitivas que porventura vierem a ser reveladas no curso das investiga\u00e7\u00f5es\u201d.<\/p>\n<\/blockquote>\n\n\n\n<p><a class=\"\" href=\"https:\/\/g1.globo.com\/politica\/noticia\/2026\/04\/28\/bagagem-sem-fiscalizacao-entenda-investigacao-da-pf-sobre-malas-por-fora-do-raio-x-em-voo-com-ciro-nogueira-e-motta.ghtml#menu\"><em>Volte ao \u00edndice.<\/em><\/a><\/p>\n\n\n\n<p><em>*Com informa\u00e7\u00f5es da Ag\u00eancia Senado.<\/em><\/p>\n","protected":false},"excerpt":{"rendered":"<p>A entrada de bagagens no Brasil sem fiscaliza\u00e7\u00e3o acendeu alerta da Pol\u00edcia Federal,&nbsp;que abriu uma investiga\u00e7\u00e3o para apurar o que aconteceu no aeroporto S\u00e3o Paulo Catarina Aeroporto Executivo Internacional, situado em S\u00e3o Roque, no interior de S\u00e3o Paulo, em 20 de abril. O avi\u00e3o particular tinha como passageiros figuras conhecidas, como o empres\u00e1rio Fernando Oliveira [&hellip;]<\/p>\n","protected":false},"author":2,"featured_media":44013,"comment_status":"open","ping_status":"open","sticky":false,"template":"","format":"standard","meta":{"_jetpack_memberships_contains_paid_content":false,"footnotes":""},"categories":[39],"tags":[],"class_list":["post-44012","post","type-post","status-publish","format-standard","has-post-thumbnail","hentry","category-politica"],"aioseo_notices":[],"jetpack_featured_media_url":"https:\/\/i0.wp.com\/minutobahia24h.com.br\/wp-content\/uploads\/2026\/04\/Sem-titulo-297.jpg?fit=984%2C555&ssl=1","jetpack_sharing_enabled":true,"_links":{"self":[{"href":"https:\/\/minutobahia24h.com.br\/index.php?rest_route=\/wp\/v2\/posts\/44012","targetHints":{"allow":["GET"]}}],"collection":[{"href":"https:\/\/minutobahia24h.com.br\/index.php?rest_route=\/wp\/v2\/posts"}],"about":[{"href":"https:\/\/minutobahia24h.com.br\/index.php?rest_route=\/wp\/v2\/types\/post"}],"author":[{"embeddable":true,"href":"https:\/\/minutobahia24h.com.br\/index.php?rest_route=\/wp\/v2\/users\/2"}],"replies":[{"embeddable":true,"href":"https:\/\/minutobahia24h.com.br\/index.php?rest_route=%2Fwp%2Fv2%2Fcomments&post=44012"}],"version-history":[{"count":1,"href":"https:\/\/minutobahia24h.com.br\/index.php?rest_route=\/wp\/v2\/posts\/44012\/revisions"}],"predecessor-version":[{"id":44014,"href":"https:\/\/minutobahia24h.com.br\/index.php?rest_route=\/wp\/v2\/posts\/44012\/revisions\/44014"}],"wp:featuredmedia":[{"embeddable":true,"href":"https:\/\/minutobahia24h.com.br\/index.php?rest_route=\/wp\/v2\/media\/44013"}],"wp:attachment":[{"href":"https:\/\/minutobahia24h.com.br\/index.php?rest_route=%2Fwp%2Fv2%2Fmedia&parent=44012"}],"wp:term":[{"taxonomy":"category","embeddable":true,"href":"https:\/\/minutobahia24h.com.br\/index.php?rest_route=%2Fwp%2Fv2%2Fcategories&post=44012"},{"taxonomy":"post_tag","embeddable":true,"href":"https:\/\/minutobahia24h.com.br\/index.php?rest_route=%2Fwp%2Fv2%2Ftags&post=44012"}],"curies":[{"name":"wp","href":"https:\/\/api.w.org\/{rel}","templated":true}]}}