{"id":44006,"date":"2026-04-29T08:09:53","date_gmt":"2026-04-29T11:09:53","guid":{"rendered":"https:\/\/minutobahia24h.com.br\/?p=44006"},"modified":"2026-04-29T08:09:55","modified_gmt":"2026-04-29T11:09:55","slug":"egua-que-relinchou-ao-ver-tutor-em-caixao-foi-levada-ao-velorio-a-pedido-da-filha-dele-em-sc-muito-emocionante","status":"publish","type":"post","link":"https:\/\/minutobahia24h.com.br\/?p=44006","title":{"rendered":"\u00c9gua que relinchou ao ver tutor em caix\u00e3o foi levada ao vel\u00f3rio a pedido da filha dele em SC: &#8216;Muito emocionante&#8217;"},"content":{"rendered":"<div class=\"wp-block-image\">\n<figure class=\"aligncenter size-full\"><img data-recalc-dims=\"1\" fetchpriority=\"high\" decoding=\"async\" width=\"800\" height=\"450\" src=\"https:\/\/i0.wp.com\/minutobahia24h.com.br\/wp-content\/uploads\/2026\/04\/Sem-titulo-295.jpg?resize=800%2C450&#038;ssl=1\" alt=\"\" class=\"wp-image-44007\" srcset=\"https:\/\/i0.wp.com\/minutobahia24h.com.br\/wp-content\/uploads\/2026\/04\/Sem-titulo-295.jpg?w=984&amp;ssl=1 984w, https:\/\/i0.wp.com\/minutobahia24h.com.br\/wp-content\/uploads\/2026\/04\/Sem-titulo-295.jpg?resize=300%2C169&amp;ssl=1 300w, https:\/\/i0.wp.com\/minutobahia24h.com.br\/wp-content\/uploads\/2026\/04\/Sem-titulo-295.jpg?resize=768%2C432&amp;ssl=1 768w, https:\/\/i0.wp.com\/minutobahia24h.com.br\/wp-content\/uploads\/2026\/04\/Sem-titulo-295.jpg?resize=750%2C422&amp;ssl=1 750w\" sizes=\"(max-width: 800px) 100vw, 800px\" \/><figcaption class=\"wp-element-caption\">\u00c9gua relincha no vel\u00f3rio do tutor em Blumenau \u2014 Foto: Reprodu\u00e7\u00e3o\/Redes sociais<br><\/figcaption><\/figure>\n<\/div>\n\n\n<p>Quando pediu para levar<a class=\"\" href=\"https:\/\/g1.globo.com\/sc\/santa-catarina\/noticia\/2026\/04\/28\/video-egua-velorio-blumenau.ghtml\">&nbsp;a \u00e9gua Nina para o vel\u00f3rio do pai<\/a>&nbsp;em&nbsp;<a class=\"\" href=\"https:\/\/g1.globo.com\/sc\/santa-catarina\/cidade\/blumenau\/\">Blumenau<\/a>&nbsp;(SC), Daiane Krug Palmeira queria que o animal se despedisse do tutor, Pedro Krug, de 70 anos. Quando o equino relinchou a v\u00ea-lo no caix\u00e3o, toda a fam\u00edlia se emocionou.<\/p>\n\n\n\n<blockquote class=\"wp-block-quote is-layout-flow wp-block-quote-is-layout-flow\">\n<p>&#8220;Ensinou a dar a pata e pedia para ela deitar no ombro dele e ela deitava a cabe\u00e7a. Enfim, ele tinha uma rela\u00e7\u00e3o de muito amor com ela. Ele sempre foi apaixonado por animais&#8221;, contou Daiane.<\/p>\n<\/blockquote>\n\n\n\n<p>O vel\u00f3rio ocorreu na segunda-feira (27) e o momento em que o animal foi levado para se despedir do tutor foi filmado. \u00c9 poss\u00edvel ver que a \u00e9gua \u00e9 puxada at\u00e9 perto do caix\u00e3o e, ao se aproximar do corpo do tutor, ela relincha. O equino continua perto do dono, enquanto recebe carinho de outras pessoas.<\/p>\n\n\n\n<p>Ao&nbsp;<a class=\"\" href=\"https:\/\/g1.globo.com\/\">g1<\/a>, Daiane contou que seu pai era tutor da \u00e9gua Nina h\u00e1 oito anos. Segundo ela, o pai domou e deixou o equino manso.<\/p>\n\n\n\n<blockquote class=\"wp-block-quote is-layout-flow wp-block-quote-is-layout-flow\">\n<p>&#8220;Uma das alegrias dele era colocar as crian\u00e7as para andar nela. Fazia a alegria da crian\u00e7ada, outra paix\u00e3o dele&#8221;, disse a filha.<\/p>\n<\/blockquote>\n\n\n<div class=\"wp-block-image\">\n<figure class=\"aligncenter\"><img data-recalc-dims=\"1\" decoding=\"async\" src=\"https:\/\/i0.wp.com\/s2-g1.glbimg.com\/WT02JuPBm5IRrUg-A6SyRbU4Te0%3D\/0x0%3A1920x1080\/984x0\/smart\/filters%3Astrip_icc%28%29\/i.s3.glbimg.com\/v1\/AUTH_59edd422c0c84a879bd37670ae4f538a\/internal_photos\/bs\/2026\/r\/W\/BBQTXFQ5mnVRPUtU7MRw\/pedro-e-nina-1.jpg?w=800&#038;ssl=1\" alt=\"Pedro Krug com a \u00e9gua Nina \u2014 Foto: Daiane Cristina Krug Palmeira\/Arquivo pessoal\"\/><\/figure>\n<\/div>\n\n\n<p>Pedro Krug com a \u00e9gua Nina \u2014 Foto: Daiane Cristina Krug Palmeira\/Arquivo pessoal<\/p>\n\n\n\n<h2 class=\"wp-block-heading\">Tutor teve tr\u00eas tumores cerebrais<\/h2>\n\n\n\n<p>A filha contou que a \u00e9gua ficava em uma baia na entrada da casa de Pedro e costumava ir todos os dias a um espa\u00e7o onde podia pastar. Nos \u00faltimos meses, por\u00e9m, ele passou a enfrentar problemas de sa\u00fade e deixou de ver o animal diariamente.<\/p>\n\n\n\n<blockquote class=\"wp-block-quote is-layout-flow wp-block-quote-is-layout-flow\">\n<p>\u201cDesde que descobriu que estava com tr\u00eas tumores cerebrais, em novembro de 2025, ficou sem ver a Nina todos os dias\u201d, resumiu a filha.<\/p>\n<\/blockquote>\n\n\n\n<p>Ap\u00f3s sair do hospital, Pedro passou a morar com Daiane, onde recebeu os cuidados da fam\u00edlia. Como o local ficava distante da casa dele, ele passou cerca de um m\u00eas e meio sem ver a \u00e9gua \u2014 entre 17 de novembro e 1\u00ba de janeiro de 2026.<\/p>\n\n\n\n<p>No primeiro dia do ano, Pedro foi at\u00e9 o rancho onde Nina estava sendo cuidada para visit\u00e1-la.<\/p>\n\n\n\n<blockquote class=\"wp-block-quote is-layout-flow wp-block-quote-is-layout-flow\">\n<p>\u201cDepois desse dia, ele a viu mais duas vezes. Uma delas foi na semana passada, quando j\u00e1 estava bem debilitado\u201d, contou.<\/p>\n<\/blockquote>\n\n\n\n<p>Antes de Nina, Pedro teve o cavalo Pingo por 33 anos. O animal foi enterrado em frente \u00e0 casa dele.<\/p>\n","protected":false},"excerpt":{"rendered":"<p>Quando pediu para levar&nbsp;a \u00e9gua Nina para o vel\u00f3rio do pai&nbsp;em&nbsp;Blumenau&nbsp;(SC), Daiane Krug Palmeira queria que o animal se despedisse do tutor, Pedro Krug, de 70 anos. Quando o equino relinchou a v\u00ea-lo no caix\u00e3o, toda a fam\u00edlia se emocionou. &#8220;Ensinou a dar a pata e pedia para ela deitar no ombro dele e ela [&hellip;]<\/p>\n","protected":false},"author":2,"featured_media":44007,"comment_status":"open","ping_status":"open","sticky":false,"template":"","format":"standard","meta":{"_jetpack_memberships_contains_paid_content":false,"footnotes":""},"categories":[46],"tags":[],"class_list":["post-44006","post","type-post","status-publish","format-standard","has-post-thumbnail","hentry","category-noticia"],"aioseo_notices":[],"jetpack_featured_media_url":"https:\/\/i0.wp.com\/minutobahia24h.com.br\/wp-content\/uploads\/2026\/04\/Sem-titulo-295.jpg?fit=984%2C554&ssl=1","jetpack_sharing_enabled":true,"_links":{"self":[{"href":"https:\/\/minutobahia24h.com.br\/index.php?rest_route=\/wp\/v2\/posts\/44006","targetHints":{"allow":["GET"]}}],"collection":[{"href":"https:\/\/minutobahia24h.com.br\/index.php?rest_route=\/wp\/v2\/posts"}],"about":[{"href":"https:\/\/minutobahia24h.com.br\/index.php?rest_route=\/wp\/v2\/types\/post"}],"author":[{"embeddable":true,"href":"https:\/\/minutobahia24h.com.br\/index.php?rest_route=\/wp\/v2\/users\/2"}],"replies":[{"embeddable":true,"href":"https:\/\/minutobahia24h.com.br\/index.php?rest_route=%2Fwp%2Fv2%2Fcomments&post=44006"}],"version-history":[{"count":1,"href":"https:\/\/minutobahia24h.com.br\/index.php?rest_route=\/wp\/v2\/posts\/44006\/revisions"}],"predecessor-version":[{"id":44008,"href":"https:\/\/minutobahia24h.com.br\/index.php?rest_route=\/wp\/v2\/posts\/44006\/revisions\/44008"}],"wp:featuredmedia":[{"embeddable":true,"href":"https:\/\/minutobahia24h.com.br\/index.php?rest_route=\/wp\/v2\/media\/44007"}],"wp:attachment":[{"href":"https:\/\/minutobahia24h.com.br\/index.php?rest_route=%2Fwp%2Fv2%2Fmedia&parent=44006"}],"wp:term":[{"taxonomy":"category","embeddable":true,"href":"https:\/\/minutobahia24h.com.br\/index.php?rest_route=%2Fwp%2Fv2%2Fcategories&post=44006"},{"taxonomy":"post_tag","embeddable":true,"href":"https:\/\/minutobahia24h.com.br\/index.php?rest_route=%2Fwp%2Fv2%2Ftags&post=44006"}],"curies":[{"name":"wp","href":"https:\/\/api.w.org\/{rel}","templated":true}]}}