{"id":43994,"date":"2026-04-29T07:25:15","date_gmt":"2026-04-29T10:25:15","guid":{"rendered":"https:\/\/minutobahia24h.com.br\/?p=43994"},"modified":"2026-04-29T07:25:16","modified_gmt":"2026-04-29T10:25:16","slug":"adolescentes-sao-apreendidos-por-atos-analogos-abuso-sexual-infantil-em-salvador","status":"publish","type":"post","link":"https:\/\/minutobahia24h.com.br\/?p=43994","title":{"rendered":"Adolescentes s\u00e3o apreendidos por atos an\u00e1logos abuso sexual infantil em Salvador"},"content":{"rendered":"<div class=\"wp-block-image\">\n<figure class=\"aligncenter size-full\"><img data-recalc-dims=\"1\" fetchpriority=\"high\" decoding=\"async\" width=\"473\" height=\"460\" src=\"https:\/\/i0.wp.com\/minutobahia24h.com.br\/wp-content\/uploads\/2026\/04\/Sem-titulo-291.jpg?resize=473%2C460&#038;ssl=1\" alt=\"\" class=\"wp-image-43995\" srcset=\"https:\/\/i0.wp.com\/minutobahia24h.com.br\/wp-content\/uploads\/2026\/04\/Sem-titulo-291.jpg?w=473&amp;ssl=1 473w, https:\/\/i0.wp.com\/minutobahia24h.com.br\/wp-content\/uploads\/2026\/04\/Sem-titulo-291.jpg?resize=300%2C292&amp;ssl=1 300w\" sizes=\"(max-width: 473px) 100vw, 473px\" \/><\/figure>\n<\/div>\n\n\n<p>Dois adolescentes foram apreendidos pela Pol\u00edcia Civil da Bahia, nesta ter\u00e7a-feira (28), por envolvimento em atos infracionais an\u00e1logos ao abuso sexual infantil, em Salvador. A a\u00e7\u00e3o fez parte da Opera\u00e7\u00e3o Nacional Prote\u00e7\u00e3o Integral IV, coordenada pela Pol\u00edcia Federal, e foi realizada por equipes da Delegacia para o Adolescente Infrator (DAI).<\/p>\n\n\n\n<p>Durante o cumprimento das ordens judiciais, na resid\u00eancia de um dos investigados, foram apreendidos diversos aparelhos eletr\u00f4nicos, al\u00e9m de arquivos relacionados a abuso sexual infantil e materiais contendo v\u00edtimas em situa\u00e7\u00e3o de automutila\u00e7\u00e3o. Em ato cont\u00ednuo, tamb\u00e9m foram identificados perfis digitais utilizados pelos adolescentes para a pr\u00e1tica dos delitos.<a><\/a><\/p>\n\n\n\n<p>Ap\u00f3s o cumprimento das ordens judiciais, foram adotadas as provid\u00eancias legais, incluindo a comunica\u00e7\u00e3o \u00e0 2\u00aa Vara da Inf\u00e2ncia e Juventude da Comarca de Salvador e o encaminhamento dos adolescentes ao Pronto Atendimento (PA), onde passaram pelos procedimentos legais cab\u00edveis.<\/p>\n\n\n\n<p>A opera\u00e7\u00e3o integra um conjunto de a\u00e7\u00f5es que t\u00eam como finalidade combater crimes de abuso sexual infantil no ambiente f\u00edsico e digital, al\u00e9m de identificar e responsabilizar autores, resgatar v\u00edtimas e conscientizar a sociedade acerca da gravidade dessas pr\u00e1ticas criminosas.<\/p>\n\n\n\n<p>abahiaacontece<\/p>\n","protected":false},"excerpt":{"rendered":"<p>Dois adolescentes foram apreendidos pela Pol\u00edcia Civil da Bahia, nesta ter\u00e7a-feira (28), por envolvimento em atos infracionais an\u00e1logos ao abuso sexual infantil, em Salvador. A a\u00e7\u00e3o fez parte da Opera\u00e7\u00e3o Nacional Prote\u00e7\u00e3o Integral IV, coordenada pela Pol\u00edcia Federal, e foi realizada por equipes da Delegacia para o Adolescente Infrator (DAI). Durante o cumprimento das ordens [&hellip;]<\/p>\n","protected":false},"author":2,"featured_media":43995,"comment_status":"open","ping_status":"open","sticky":false,"template":"","format":"standard","meta":{"_jetpack_memberships_contains_paid_content":false,"footnotes":""},"categories":[3],"tags":[],"class_list":["post-43994","post","type-post","status-publish","format-standard","has-post-thumbnail","hentry","category-regional"],"aioseo_notices":[],"jetpack_featured_media_url":"https:\/\/i0.wp.com\/minutobahia24h.com.br\/wp-content\/uploads\/2026\/04\/Sem-titulo-291.jpg?fit=473%2C460&ssl=1","jetpack_sharing_enabled":true,"_links":{"self":[{"href":"https:\/\/minutobahia24h.com.br\/index.php?rest_route=\/wp\/v2\/posts\/43994","targetHints":{"allow":["GET"]}}],"collection":[{"href":"https:\/\/minutobahia24h.com.br\/index.php?rest_route=\/wp\/v2\/posts"}],"about":[{"href":"https:\/\/minutobahia24h.com.br\/index.php?rest_route=\/wp\/v2\/types\/post"}],"author":[{"embeddable":true,"href":"https:\/\/minutobahia24h.com.br\/index.php?rest_route=\/wp\/v2\/users\/2"}],"replies":[{"embeddable":true,"href":"https:\/\/minutobahia24h.com.br\/index.php?rest_route=%2Fwp%2Fv2%2Fcomments&post=43994"}],"version-history":[{"count":1,"href":"https:\/\/minutobahia24h.com.br\/index.php?rest_route=\/wp\/v2\/posts\/43994\/revisions"}],"predecessor-version":[{"id":43996,"href":"https:\/\/minutobahia24h.com.br\/index.php?rest_route=\/wp\/v2\/posts\/43994\/revisions\/43996"}],"wp:featuredmedia":[{"embeddable":true,"href":"https:\/\/minutobahia24h.com.br\/index.php?rest_route=\/wp\/v2\/media\/43995"}],"wp:attachment":[{"href":"https:\/\/minutobahia24h.com.br\/index.php?rest_route=%2Fwp%2Fv2%2Fmedia&parent=43994"}],"wp:term":[{"taxonomy":"category","embeddable":true,"href":"https:\/\/minutobahia24h.com.br\/index.php?rest_route=%2Fwp%2Fv2%2Fcategories&post=43994"},{"taxonomy":"post_tag","embeddable":true,"href":"https:\/\/minutobahia24h.com.br\/index.php?rest_route=%2Fwp%2Fv2%2Ftags&post=43994"}],"curies":[{"name":"wp","href":"https:\/\/api.w.org\/{rel}","templated":true}]}}