{"id":43982,"date":"2026-04-29T07:07:29","date_gmt":"2026-04-29T10:07:29","guid":{"rendered":"https:\/\/minutobahia24h.com.br\/?p=43982"},"modified":"2026-04-29T07:07:31","modified_gmt":"2026-04-29T10:07:31","slug":"estudante-de-15-anos-e-morto-a-tiros-apos-deixar-escola","status":"publish","type":"post","link":"https:\/\/minutobahia24h.com.br\/?p=43982","title":{"rendered":"Estudante de 15 anos \u00e9 morto a tiros ap\u00f3s deixar escola"},"content":{"rendered":"<div class=\"wp-block-image\">\n<figure class=\"aligncenter size-full\"><img data-recalc-dims=\"1\" fetchpriority=\"high\" decoding=\"async\" width=\"640\" height=\"356\" src=\"https:\/\/i0.wp.com\/minutobahia24h.com.br\/wp-content\/uploads\/2026\/04\/Sem-titulo-287.jpg?resize=640%2C356&#038;ssl=1\" alt=\"\" class=\"wp-image-43983\" srcset=\"https:\/\/i0.wp.com\/minutobahia24h.com.br\/wp-content\/uploads\/2026\/04\/Sem-titulo-287.jpg?w=640&amp;ssl=1 640w, https:\/\/i0.wp.com\/minutobahia24h.com.br\/wp-content\/uploads\/2026\/04\/Sem-titulo-287.jpg?resize=300%2C167&amp;ssl=1 300w\" sizes=\"(max-width: 640px) 100vw, 640px\" \/><figcaption class=\"wp-element-caption\">Redes sociais<br><\/figcaption><\/figure>\n<\/div>\n\n\n<p>Um crime chocou os moradores do bairro Sobradinho, em Feira de Santana, no fim da manh\u00e3 desta ter\u00e7a-feira (28). Daniel L\u00f4bo de Jesus, um estudante de 15 anos, foi assassinado a tiros a cerca de 100 metros do Col\u00e9gio Estadual Assis Chateaubriand, onde estudava. O crime aconteceu nas proximidades de uma pra\u00e7a e do antigo m\u00f3dulo policial.<\/p>\n\n\n\n<p>Segundo informa\u00e7\u00f5es preliminares, o adolescente estava na pra\u00e7a acompanhado de um colega quando foi abordado por indiv\u00edduos armados que se aproximaram a p\u00e9. Ao perceber a amea\u00e7a, o menor tentou correr e buscou ref\u00fagio dentro de um estabelecimento comercial na Rua Arivaldo de Carvalho , mas foi atingido por disparos no cotovelo e nas costas. Ele n\u00e3o resistiu aos ferimentos e morreu no local.<\/p>\n\n\n\n<p>Um segundo jovem que acompanhava a v\u00edtima tamb\u00e9m foi baleado. Ele foi socorrido e encaminhado \u00e0 Policl\u00ednica do George Am\u00e9rico e, de acordo com as \u00faltimas atualiza\u00e7\u00f5es, n\u00e3o corre risco de morte.<\/p>\n\n\n\n<p>A delegada Fernanda Gabriela presidiu o levantamento cadav\u00e9rico. Equipes do Departamento de Pol\u00edcia T\u00e9cnica (DPT) realizaram a per\u00edcia no local, enquanto a Pol\u00edcia Civil deu in\u00edcio \u00e0s investiga\u00e7\u00f5es.<\/p>\n\n\n\n<p>At\u00e9 o momento, a autoria e a motiva\u00e7\u00e3o do crime permanecem desconhecidas. A Delegacia de Homic\u00eddios e Prote\u00e7\u00e3o \u00e0 Pessoa (DHPP) (DHPP) segue trabalhando para identificar os respons\u00e1veis pelo homic\u00eddio e pela tentativa de morte.<\/p>\n\n\n\n<p>CN | Fonte: Blog Central de Pol\u00edcia, com informa\u00e7\u00f5es do programa Ronda Policial\/ Sotero Filho<\/p>\n","protected":false},"excerpt":{"rendered":"<p>Um crime chocou os moradores do bairro Sobradinho, em Feira de Santana, no fim da manh\u00e3 desta ter\u00e7a-feira (28). Daniel L\u00f4bo de Jesus, um estudante de 15 anos, foi assassinado a tiros a cerca de 100 metros do Col\u00e9gio Estadual Assis Chateaubriand, onde estudava. O crime aconteceu nas proximidades de uma pra\u00e7a e do antigo [&hellip;]<\/p>\n","protected":false},"author":2,"featured_media":43983,"comment_status":"open","ping_status":"open","sticky":false,"template":"","format":"standard","meta":{"_jetpack_memberships_contains_paid_content":false,"footnotes":""},"categories":[3],"tags":[],"class_list":["post-43982","post","type-post","status-publish","format-standard","has-post-thumbnail","hentry","category-regional"],"aioseo_notices":[],"jetpack_featured_media_url":"https:\/\/i0.wp.com\/minutobahia24h.com.br\/wp-content\/uploads\/2026\/04\/Sem-titulo-287.jpg?fit=640%2C356&ssl=1","jetpack_sharing_enabled":true,"_links":{"self":[{"href":"https:\/\/minutobahia24h.com.br\/index.php?rest_route=\/wp\/v2\/posts\/43982","targetHints":{"allow":["GET"]}}],"collection":[{"href":"https:\/\/minutobahia24h.com.br\/index.php?rest_route=\/wp\/v2\/posts"}],"about":[{"href":"https:\/\/minutobahia24h.com.br\/index.php?rest_route=\/wp\/v2\/types\/post"}],"author":[{"embeddable":true,"href":"https:\/\/minutobahia24h.com.br\/index.php?rest_route=\/wp\/v2\/users\/2"}],"replies":[{"embeddable":true,"href":"https:\/\/minutobahia24h.com.br\/index.php?rest_route=%2Fwp%2Fv2%2Fcomments&post=43982"}],"version-history":[{"count":1,"href":"https:\/\/minutobahia24h.com.br\/index.php?rest_route=\/wp\/v2\/posts\/43982\/revisions"}],"predecessor-version":[{"id":43984,"href":"https:\/\/minutobahia24h.com.br\/index.php?rest_route=\/wp\/v2\/posts\/43982\/revisions\/43984"}],"wp:featuredmedia":[{"embeddable":true,"href":"https:\/\/minutobahia24h.com.br\/index.php?rest_route=\/wp\/v2\/media\/43983"}],"wp:attachment":[{"href":"https:\/\/minutobahia24h.com.br\/index.php?rest_route=%2Fwp%2Fv2%2Fmedia&parent=43982"}],"wp:term":[{"taxonomy":"category","embeddable":true,"href":"https:\/\/minutobahia24h.com.br\/index.php?rest_route=%2Fwp%2Fv2%2Fcategories&post=43982"},{"taxonomy":"post_tag","embeddable":true,"href":"https:\/\/minutobahia24h.com.br\/index.php?rest_route=%2Fwp%2Fv2%2Ftags&post=43982"}],"curies":[{"name":"wp","href":"https:\/\/api.w.org\/{rel}","templated":true}]}}